{"id":603,"date":"2021-03-17T09:41:00","date_gmt":"2021-03-17T08:41:00","guid":{"rendered":"https:\/\/lavoiedessansvoix.fr\/lavoie\/2021\/03\/17\/archive-apprendre-a-dire-non-oui\/"},"modified":"2026-04-26T20:56:20","modified_gmt":"2026-04-26T18:56:20","slug":"archive-apprendre-a-dire-non-oui","status":"publish","type":"post","link":"https:\/\/lavoiedessansvoix.fr\/lavoie\/2021\/03\/17\/archive-apprendre-a-dire-non-oui\/","title":{"rendered":"APPRENDRE A DIRE NON?&#8230;OUI !"},"content":{"rendered":"<p>APPRENDRE A DIRE NON?\u2026OUI  !J\u2019ai d\u00e9couvert le texte ci-dessous gr\u00e2ce \u00e0 sa publication sur la page Facebook de notre amie H\u00e9l\u00e8ne. Imm\u00e9diatement, dans un \u00e9lan d\u2019enthousiasme j\u2019ai \u00e9crit en commentaire : \u00ab  Bravo. Ce texte est clair, fort, et presque parfait. Je le partage \u00e0 98 %. Je le publierai aujourd&rsquo;hui sur mon Site web \u00ab\u00a0lavoiedessansvoix.fr\u00a0\u00bb. \u00bb Apr\u00e8s une deuxi\u00e8me lecture je dois toutefois \u00e9mettre quelques r\u00e9serves ; Je les publierai demain dans un article ind\u00e9pendant, \u0153uvre de ma seule plume. Pour aujourd\u2019hui je vous laisse savourer ce \u00ab manifeste \u00bb, qui nonobstant mes r\u00e9serves que vous d\u00e9couvrirez demain, n\u2019en est pas moins magnifique de perspicacit\u00e9, de profondeur et de clart\u00e9.Patrick Seignon. 16 mars 2021.(Excuses \u00e0 mes lecteurs. Je n&rsquo;ai pas publi\u00e9 ce texte imm\u00e9diatement comme promis. Des circonstances inattendues m&rsquo;en ont emp\u00each\u00e9. Les commentaires promis en sont d&rsquo;autant retard\u00e9s. P.S. 17\/3\/2021.)Cerveaux non disponibles \tDE QUOI AVONS-NOUS PEUR ?  Un texte de :Yannis Youlountas \u2013 philosophe et cin\u00e9asteKaddour Haddadi alias HK \u2013 chanteur et \u00e9crivainFr\u00e9d\u00e9ric Grimaud \u2013 enseignant et militant de l\u2019\u00c9ducation Populaire.\u00a0\u00bbUn an apr\u00e8s le premier confinement, la soci\u00e9t\u00e9 toute enti\u00e8re semble paralys\u00e9e et condamn\u00e9e au pire. Et pourtant !Face \u00e0 la crise sanitaire que nous traversons et face \u00e0 sa gestion politique, il y a tant \u00e0 dire, tant \u00e0 faire, tant \u00e0 combattre, tant \u00e0 cr\u00e9er, tant \u00e0 proposer\u2026 Mais alors, pourquoi tant de silence ? Tant de discr\u00e9tion ? Pourquoi tant de passivit\u00e9 ?Nous, femmes et hommes du camp social, pour la d\u00e9fense des opprim\u00e9, des libert\u00e9s individuelles et collectives ; de celles et de ceux qui se battent depuis des ann\u00e9es, des d\u00e9cennies pour une d\u00e9mocratie r\u00e9elle, la d\u00e9fense du bien commun, une soci\u00e9t\u00e9 plus juste et une solidarit\u00e9 sans fronti\u00e8re ; face au camp de celles et ceux qui veulent privatiser nos vies, nous vendre s\u2019ils le pouvaient jusqu\u2019\u00e0 l\u2019air qu\u2019on respire, qui pr\u00e9parent un monde o\u00f9 plus rien n\u2019\u00e9chapperait au grand march\u00e9 mondial, qui souhaitent nous contr\u00f4ler jusque dans notre vie priv\u00e9e et qui nous dressent sans cesse les uns contre les autres pour nous d\u00e9tourner des vrais responsables de la d\u00e9gradation de nos vies et de la destruction de la plan\u00e8te. De quoi avons-nous peur aujourd\u2019hui ?Avons-nous peur d\u2019\u00e9lever la voix face \u00e0 la banalisation des lois d\u2019exception, quand l\u2019\u00e9tat d\u2019urgence, qu\u2019il soit sanitaire ou d\u2019autre nature, permet en toute tranquillit\u00e9 de contourner jusqu\u2019aux r\u00e8gles d\u00e9mocratiques les plus fondamentales ? Avons-nous peur de d\u00e9noncer les d\u00e9rives s\u00e9curitaires, cette sorte de dictature de la peur qui paralyse nos soci\u00e9t\u00e9s, nous emp\u00eache de faire preuve de raison et nous prive de vrais d\u00e9bats d\u00e9mocratiques ? Avons-nous peur d\u2019\u00eatre d\u00e9nigr\u00e9 de fa\u00e7on malhonn\u00eate par le gouvernement et les m\u00e9dias \u00e0 sa solde ? Apr\u00e8s avoir \u00e9t\u00e9 qualifi\u00e9 de \u00ab fain\u00e9ants \u00bb, de cyniques, d\u2019extr\u00eames, de r\u00e9fractaires, d\u2019inadapt\u00e9 au changement, de non-essentiel et maintenant d\u2019islamo-gauchistes, (et complotiste) avons-nous peur du prochain n\u00e9ologisme de perlimpinpin sorti d\u2019on ne sait quel chapeau pour tenter de nous discr\u00e9diter ?\u00c9pouvantail du s\u00e9paratisme, r\u00e9alit\u00e9 de la s\u00e9parationAlors m\u00eame que le gouvernement brandit l\u2019\u00e9pouvantail du s\u00e9paratisme, c\u2019est lui le premier qui organise la s\u00e9paration profonde qui nous frappe, nous isole, nous oppose. Si le pouvoir a toujours eu pour m\u00e9thode de diviser pour mieux r\u00e9gner, il est aujourd\u2019hui pass\u00e9 \u00e0 une forme que nous n\u2019aurions jamais imagin\u00e9e, sinon dans des romans du si\u00e8cle dernier. Nous sommes divis\u00e9, isol\u00e9, surveill\u00e9 comme jamais dans l\u2019Histoire, et c\u2019est parti pour continuer.Jusqu\u2019ici, nous \u00e9tions sans doute dans \u00ab Le meilleur des mondes \u00bb, une dystopie romanc\u00e9e par Aldous Huxley d\u00e8s 1931, dans laquelle beaucoup des citoyennes et citoyens assoupis vivaient dans l\u2019illusion d\u2019un monde prolifique, digne de la corne d\u2019abondance pour celles et ceux qui avaient les moyens de remplir leur caddie au supermarch\u00e9 et de se payer des voyages \u00ab all inclusive \u00bb au bout du monde. L\u2019illusion de l\u2019alternance d\u00e9mocratique, de la libert\u00e9 de penser et d\u2019agir, except\u00e9 pour quelques r\u00e2leuses ou r\u00e2leurs qui d\u00e9non\u00e7aient le bourrage de cr\u00e2ne m\u00e9diatique, les in\u00e9galit\u00e9s sociales et le saccage de la plan\u00e8te.Mais aujourd\u2019hui, nous avons manifestement chang\u00e9 de dystopie. Nous sommes en train de glisser du \u00ab Meilleur des mondes \u00bb \u00e0 \u00ab 1984 \u00bb, ce roman de George Orwell, \u00e9crit en 1949. Un roman dans lequel le pouvoir, Big Brother, contr\u00f4le totalement nos vies, nous surveille partout et \u00e9l\u00e8ve des murs autour de nous pour mieux nous s\u00e9parer, nous isoler, nous emp\u00eacher de nous concerter pour comprendre ce qui nous arrive et de nous unir pour r\u00e9sister.Le s\u00e9paratisme n\u2019est pas tant dans l\u2019\u00e9pouvantail de quelques ph\u00e9nom\u00e8nes socio-culturels ultra minoritaires que dans la r\u00e9alit\u00e9 de la s\u00e9paration qu\u2019op\u00e8re quotidiennement le pouvoir entre nous et autour de nous, au sein d\u2019une soci\u00e9t\u00e9 r\u00e9duite au repli sur soi. Faire soci\u00e9t\u00e9, vivre ensemble, mettre en pratique les mots libert\u00e9, \u00e9galit\u00e9 et fraternit\u00e9, c\u2019est tout le contraire de cette existence comprim\u00e9e, \u00e9go\u00efste et obs\u00e9d\u00e9e par la peur de l\u2019autre.Ce qui nous est essentiel !Nous ne nions \u00e9videmment pas la r\u00e9alit\u00e9 d\u2019une maladie potentiellement mortelle, comme tant d\u2019autres, ni de quelques criminels fanatis\u00e9s par des gourous qui pr\u00e9tendent interpr\u00e9ter une religion. Les probl\u00e8mes sont l\u00e0, ils existent, bien s\u00fbr. Mais les prenons-nous par le bon bout en semant la peur panique partout autour de nous ? Si le virus touche essentiellement les personnes \u00e2g\u00e9es, ses cons\u00e9quences sociales, \u00e9cologiques, psychologiques ou \u00e9conomiques nous impactent toutes et tous, les plus pr\u00e9caires en premier. En mars 2020, le temps de confinement nous a pris au d\u00e9pourvu. Malgr\u00e9 tout, des dynamiques d\u2019entraides ont vu le jour, r\u00e9v\u00e9lant le meilleur de l\u2019\u00eatre humain. Partout aussi, un consensus s\u2019est form\u00e9 sur ce qui est essentiel pour nous: la solidarit\u00e9, la sant\u00e9, l\u2019\u00e9ducation, la joie de vivre ensemble sur une plan\u00e8te pr\u00e9serv\u00e9e. Un an apr\u00e8s, les gouvernants naviguent \u00e0 vue, d\u00e9cident pour nous dans le secret et nous imposent leur incomp\u00e9tence. Pire, ce qui serait ou ne serait pas \u00ab essentiel \u00bb dans ce monde est d\u00e9cid\u00e9 sans nous !Les commerces de proximit\u00e9 sont ferm\u00e9s ? Qu\u2019\u00e0 cela ne tienne, Amazon vous livre chez vous. Des algorithmes pistent vos d\u00e9sirs latents et vous inondent de publicit\u00e9 pour que vous continuiez \u00e0 consommer.Les lieux culturels sont ferm\u00e9s ? Pas d\u2019inqui\u00e9tude, Netflix vous proposera des s\u00e9ries selon vos crit\u00e8res. Et si votre lyc\u00e9e ou votre universit\u00e9 est ferm\u00e9e, sachez que le ministre de l\u2019Education r\u00eave pour vous d\u2019un \u00ab grand Netflix p\u00e9dagogique \u00bb.Le resto du coin est ferm\u00e9 ? Quelle importance, Uber-eats vous apporte \u00e0 domicile un petit plat \u00e0 d\u00e9guster devant la t\u00e9l\u00e9vision. Les livreuses et les livreurs sont faits pour \u00e7a non ?Vous ne pouvez plus sortir apr\u00e8s 18 heures ? A quoi bon, de toute fa\u00e7on tout se passe d\u00e9sormais sur votre smartphone : votre famille est sur Facebook, vos coll\u00e8gues de travail sur Whatsapp et vos amis vous suivent sur Instagram.Voil\u00e0 le monde de demain qui se met en place pendant cette crise sanitaire. Le monde Amazon \u2013 Netflix \u2013 Uber \u2013 Smartphone ; A.N.U.S, une belle anagramme (Ce n\u2019est pas une anagramme, c\u2019est un \u00ab acronyme \u00bb) pour une soci\u00e9t\u00e9 de merde, non ? Voici donc la forme moderne du pain et des jeux, la s\u00e9paration en plus, car c\u2019est isol\u00e9s qu\u2019on sombre progressivement dans cette soci\u00e9t\u00e9 o\u00f9 le commun se vit chacun de son c\u00f4t\u00e9.Le totalitarisme, voie royale vers le fascismeCette s\u00e9paration accol\u00e9e \u00e0 la surveillance accrue dans tous les domaines de nos vies porte un nom : le totalitarisme. \u00c0 travers le contr\u00f4le total de nos vies, le pouvoir peut d\u2019un jour \u00e0 l\u2019autre basculer dans l\u2019\u00e9tape suivante: le fascisme. Ceci ne veut pas dire que le fascisme n\u2019est pas d\u00e9j\u00e0 pr\u00e9sent dans la soci\u00e9t\u00e9, sous diff\u00e9rentes formes : dans le couple, dans l\u2019\u00e9ducation, dans le monde du travail, dans la comp\u00e9tition \u00e9conomique, mais c\u2019est autre chose encore quand toute la soci\u00e9t\u00e9 chavire dans ce mod\u00e8le sous l\u2019\u00e9gide d\u2019un pouvoir encore plus autoritaire et violent.Dans une d\u00e9mocratie bourgeoise, qui n\u2019a de d\u00e9mocratique que le nom, on tue au quotidien des milliers de pauvres par la mis\u00e8re, la maladie, les accidents du travail, la d\u00e9pression, les drames familiaux, etc. Sous un r\u00e9gime fasciste, on va jusqu\u2019\u00e0 tuer les opposant politiques et les boucs-\u00e9missaires du moment, non pas un ou deux de temps \u00e0 autre dans de soi-disant bavures, mais par centaines, par milliers, en secret ou notoirement selon les lieux et les \u00e9poques. On passe de l\u2019illusion de la d\u00e9mocratie \u00e0 la fin flagrante de celle-ci, autrement dit du \u00ab meilleur des mondes \u00bb \u00e0 \u00ab 1984 \u00bb. Ou comme disait Coluche : \u00ab La d\u00e9mocratie, c\u2019est cause toujours ! La dictature, c\u2019est ferme ta gueule ! \u00bbLe renforcement tous azimuts du contr\u00f4le social et l\u2019exigence croissante d\u2019ob\u00e9issance jusque dans les domaines les plus intimes de nos vies ouvrent la voie royale \u00e0 l\u2019utilisation fasciste d\u2019un tel dispositif. C\u2019est aussi \u00e0 travers ce probl\u00e8me que Macron est une aubaine pour Le Pen et pour son entourage. Non seulement par la haine qu\u2019il a accumul\u00e9 du fait de son attitude et de sa politique, mais aussi par l\u2019h\u00e9ritage s\u00e9curitaire qu\u2019il l\u00e8guera \u00e0 celle ou celui qui suivra : d\u2019innombrables fiches de surveillance, des dizaines de lois liberticides et un entrainement \u00e0 la r\u00e9duction brutale de nos droits quel que soit le motif.R\u00e9apprendre \u00e0 dire non\u00c0 Macron et sa clique, nous disons que nous refusons de nous auto-enfermer, plus question d\u2019ob\u00e9ir \u00e0 des d\u00e9cisions arbitraires et incomp\u00e9tentes sur ce qui serait essentiel ou pas, dangereux ou pas. \u00c0 l\u2019extr\u00eame-droite qui pr\u00e9tend d\u00e9fendre la libert\u00e9, nous disons que nous ne sommes pas dupes, nous connaissons bien son histoire et son pedigree. Nous ne voulons ni du n\u00e9olib\u00e9ralisme autoritaire ni des sir\u00e8nes menant au fascisme, les deux faces d\u2019une m\u00eame pi\u00e8ce \u2014 les sir\u00e8nes qui proposent de venir en aide aux marins d\u00e9sorient\u00e9s ne les attirent-elles pas pour les d\u00e9vorer ?Beaucoup d\u2019entre nous sont encore sous le choc de la crise sanitaire et des bouleversements qu\u2019elle a entra\u00een\u00e9 dans nos vies, mais nous ne voulons pas pour autant renoncer \u00e0 b\u00e2tir une autre soci\u00e9t\u00e9, bas\u00e9e sur l\u2019\u00e9change et la solidarit\u00e9, sur les liens interpersonnels et sur la culture partag\u00e9e. Pour cela, sans attendre, nous devons r\u00e9affirmer ensemble, militants, intellectuels, artistes, notre capacit\u00e9 \u00e0 d\u00e9cider nous-m\u00eames de ce qui est essentiel. Nous devons sortir au plus vite, ensemble, de l\u2019impasse mortif\u00e8re dans laquelle nous nous enfon\u00e7ons. Nous devons r\u00e9apprendre \u00e0 dire non.Notre libert\u00e9 se d\u00e9cide et se construit en dehors des logiques de domination et d\u2019exploitation. Il est temps de la prendre en main !\u00a0\u00bbYannis YoulountasHK- Fr\u00e9d\u00e9ric GrimaudPatrick SeignonAdminBravo. Ce texte est clair, fort, et presque parfait. Je le partage \u00e0 98 %. Je le publierai aujourd&rsquo;hui sur mon Site web \u00ab\u00a0lavoiedessansvoix.fr\u00a0\u00bb.<\/p>\n","protected":false},"excerpt":{"rendered":"<p>APPRENDRE A DIRE NON?\u2026OUI !J\u2019ai d\u00e9couvert le texte ci-dessous gr\u00e2ce \u00e0 sa publication sur la page Facebook de notre amie [&hellip;]<\/p>\n","protected":false},"author":1,"featured_media":4187,"comment_status":"open","ping_status":"open","sticky":false,"template":"","format":"standard","meta":{"sfsi_plus_gutenberg_text_before_share":"","sfsi_plus_gutenberg_show_text_before_share":"","sfsi_plus_gutenberg_icon_type":"","sfsi_plus_gutenberg_icon_alignemt":"","sfsi_plus_gutenburg_max_per_row":"","site-sidebar-layout":"default","site-content-layout":"","ast-site-content-layout":"default","site-content-style":"default","site-sidebar-style":"default","ast-global-header-display":"","ast-banner-title-visibility":"","ast-main-header-display":"","ast-hfb-above-header-display":"","ast-hfb-below-header-display":"","ast-hfb-mobile-header-display":"","site-post-title":"","ast-breadcrumbs-content":"","ast-featured-img":"","footer-sml-layout":"","ast-disable-related-posts":"","theme-transparent-header-meta":"","adv-header-id-meta":"","stick-header-meta":"","header-above-stick-meta":"","header-main-stick-meta":"","header-below-stick-meta":"","astra-migrate-meta-layouts":"default","ast-page-background-enabled":"default","ast-page-background-meta":{"desktop":{"background-color":"var(--ast-global-color-4)","background-image":"","background-repeat":"repeat","background-position":"center center","background-size":"auto","background-attachment":"scroll","background-type":"","background-media":"","overlay-type":"","overlay-color":"","overlay-opacity":"","overlay-gradient":""},"tablet":{"background-color":"","background-image":"","background-repeat":"repeat","background-position":"center center","background-size":"auto","background-attachment":"scroll","background-type":"","background-media":"","overlay-type":"","overlay-color":"","overlay-opacity":"","overlay-gradient":""},"mobile":{"background-color":"","background-image":"","background-repeat":"repeat","background-position":"center center","background-size":"auto","background-attachment":"scroll","background-type":"","background-media":"","overlay-type":"","overlay-color":"","overlay-opacity":"","overlay-gradient":""}},"ast-content-background-meta":{"desktop":{"background-color":"var(--ast-global-color-5)","background-image":"","background-repeat":"repeat","background-position":"center center","background-size":"auto","background-attachment":"scroll","background-type":"","background-media":"","overlay-type":"","overlay-color":"","overlay-opacity":"","overlay-gradient":""},"tablet":{"background-color":"var(--ast-global-color-5)","background-image":"","background-repeat":"repeat","background-position":"center center","background-size":"auto","background-attachment":"scroll","background-type":"","background-media":"","overlay-type":"","overlay-color":"","overlay-opacity":"","overlay-gradient":""},"mobile":{"background-color":"var(--ast-global-color-5)","background-image":"","background-repeat":"repeat","background-position":"center center","background-size":"auto","background-attachment":"scroll","background-type":"","background-media":"","overlay-type":"","overlay-color":"","overlay-opacity":"","overlay-gradient":""}},"footnotes":""},"categories":[16],"tags":[],"class_list":["post-603","post","type-post","status-publish","format-standard","has-post-thumbnail","hentry","category-archives-cms"],"_links":{"self":[{"href":"https:\/\/lavoiedessansvoix.fr\/lavoie\/wp-json\/wp\/v2\/posts\/603","targetHints":{"allow":["GET"]}}],"collection":[{"href":"https:\/\/lavoiedessansvoix.fr\/lavoie\/wp-json\/wp\/v2\/posts"}],"about":[{"href":"https:\/\/lavoiedessansvoix.fr\/lavoie\/wp-json\/wp\/v2\/types\/post"}],"author":[{"embeddable":true,"href":"https:\/\/lavoiedessansvoix.fr\/lavoie\/wp-json\/wp\/v2\/users\/1"}],"replies":[{"embeddable":true,"href":"https:\/\/lavoiedessansvoix.fr\/lavoie\/wp-json\/wp\/v2\/comments?post=603"}],"version-history":[{"count":1,"href":"https:\/\/lavoiedessansvoix.fr\/lavoie\/wp-json\/wp\/v2\/posts\/603\/revisions"}],"predecessor-version":[{"id":3225,"href":"https:\/\/lavoiedessansvoix.fr\/lavoie\/wp-json\/wp\/v2\/posts\/603\/revisions\/3225"}],"wp:featuredmedia":[{"embeddable":true,"href":"https:\/\/lavoiedessansvoix.fr\/lavoie\/wp-json\/wp\/v2\/media\/4187"}],"wp:attachment":[{"href":"https:\/\/lavoiedessansvoix.fr\/lavoie\/wp-json\/wp\/v2\/media?parent=603"}],"wp:term":[{"taxonomy":"category","embeddable":true,"href":"https:\/\/lavoiedessansvoix.fr\/lavoie\/wp-json\/wp\/v2\/categories?post=603"},{"taxonomy":"post_tag","embeddable":true,"href":"https:\/\/lavoiedessansvoix.fr\/lavoie\/wp-json\/wp\/v2\/tags?post=603"}],"curies":[{"name":"wp","href":"https:\/\/api.w.org\/{rel}","templated":true}]}}