{"id":602,"date":"2021-03-18T06:31:00","date_gmt":"2021-03-18T05:31:00","guid":{"rendered":"https:\/\/lavoiedessansvoix.fr\/lavoie\/2021\/03\/18\/archive-peur-de-rien-reserves-et-discussions-a-propos-de-l-article-de-quoi-avons-nous-pe\/"},"modified":"2026-04-26T20:56:12","modified_gmt":"2026-04-26T18:56:12","slug":"archive-peur-de-rien-reserves-et-discussions-a-propos-de-l-article-de-quoi-avons-nous-pe","status":"publish","type":"post","link":"https:\/\/lavoiedessansvoix.fr\/lavoie\/2021\/03\/18\/archive-peur-de-rien-reserves-et-discussions-a-propos-de-l-article-de-quoi-avons-nous-pe\/","title":{"rendered":"PEUR DE RIEN  (R\u00e9serves et discussions \u00e0 propos de l\u2019article \u00ab De quoi avons-nous peur ? \u00bb De Yannis Youlountas \u2013 Kaddour Haddadi alias HK \u2013  Fr\u00e9d\u00e9ric Grimaud.)"},"content":{"rendered":"<p>PEUR DE RIEN(R\u00e9serves et discussions \u00e0 propos de l\u2019article \u00ab De quoi avons-nous peur ? \u00bb De Yannis Youlountas \u2013 Kaddour Haddadi alias HK \u2013 Fr\u00e9d\u00e9ric Grimaud.)Vous avez \u00e9crit : \u00ab Apr\u00e8s avoir \u00e9t\u00e9 qualifi\u00e9 de \u00ab fain\u00e9ants \u00bb, de cyniques, d\u2019extr\u00eames, de r\u00e9fractaires, d\u2019inadapt\u00e9 au changement, de non-essentiel et maintenant d\u2019islamo-gauchistes, \u00bb Vous avez oubli\u00e9 l\u2019un des derniers et le plus r\u00e9pandu pourtant : celui de \u00ab complotiste \u00bb J\u2019esp\u00e8re qu\u2019il ne s\u2019agit l\u00e0 que d\u2019un oubli.Vous \u00e9crivez ceci aussi : \u00ab Nous ne nions \u00e9videmment pas la r\u00e9alit\u00e9 d\u2019une maladie\u2026\u2026\u2026\u2026\u2026\u2026. ni de quelques criminels fanatis\u00e9s par des gourous qui pr\u00e9tendent interpr\u00e9ter une religion. \u00bb  J\u2019ai de fortes r\u00e9serves \u00e0 \u00e9mettre quand \u00e0 cette fa\u00e7on de dire cette chose-l\u00e0. Elle est r\u00e9ductrice en effet car elle est pi\u00e9g\u00e9e par l\u2019interpr\u00e9tation officielle des caciques de l\u2019occidentalo-imp\u00e9rialisme \u00bb. L\u2019islamisme politique, (dit aussi radical) est un produit engendr\u00e9 par plus d\u2019un si\u00e8cle d\u2019humiliation du monde arabo-musulman. Alors on peut certes caract\u00e9riser de \u00ab criminels fanatis\u00e9s \u00bb ceux qui se livrent \u00e0 des actes odieux, mais l\u2019action des gourous qui pr\u00e9tendent interpr\u00e9ter une religion ne s\u2019explique pas uniquement par \u00ab une d\u00e9viance religieuse bien que r\u00e9elle. Ses fondements et son effectivit\u00e9 s\u2019expliquent par l\u2019Histoire et la politique. Des hommes qui ressentent l\u2019humiliation cumul\u00e9es de leurs peuple, leurs nations, leurs cultures, leur religion, r\u00e9agissent en en appelant \u00e0 un sursaut identitaire autour du drapeau de l\u2019Islam. C\u2019est plus un probl\u00e8me politique que religieux.Vous \u00e9crivez encore : \u00ab Si le virus touche essentiellement les personnes \u00e2g\u00e9es, ses cons\u00e9quences sociales, \u00e9cologiques, psychologiques ou \u00e9conomiques nous impactent toutes et tous \u00bb. Je trouve qu\u2019il y a une maladresse dans la mani\u00e8re d\u2019exprimer ceci. \u00ab Les cons\u00e9quences sociales, \u00e9cologiques, psychologiques, ou \u00e9conomiques \u00bb actuelles, ne sont pas le fait du virus mais des mesures d\u2019accompagnement prises par le (les) gouvernements, qui ne sont pas des mesures sanitaires mais \u00ab POLITIQUES \u00bb. L\u2019importance de cette clarification ne peut \u00e9chapper \u00e0 personne, car \u00e0 l\u2019heure \u00ab des bilans \u00bb le gouvernement dira pr\u00e9cis\u00e9ment : \u00ab responsable mais pas coupable, le seul coupable c\u2019est le virus. \u00bb \u00ab \u00c0 travers le contr\u00f4le total de nos vies, le pouvoir peut d\u2019un jour \u00e0 l\u2019autre basculer dans l\u2019\u00e9tape suivante: le fascisme. \u00bb Ecrivez-vous &#038;galement. Or la distinction que vous faites entre \u00ab totalitarisme \u00bb et \u00ab fascisme \u00bb n\u2019est pas pertinente. \u00ab Ceci ne veut pas dire que le fascisme n\u2019est pas d\u00e9j\u00e0 pr\u00e9sent dans la soci\u00e9t\u00e9, sous diff\u00e9rentes formes : dans le couple, dans l\u2019\u00e9ducation, dans le monde du travail, dans la comp\u00e9tition \u00e9conomique, mais c\u2019est autre chose encore quand toute la soci\u00e9t\u00e9 chavire dans ce mod\u00e8le sous l\u2019\u00e9gide d\u2019un pouvoir encore plus autoritaire et violent. \u00bb \u00ab La d\u00e9mocratie bourgeoise, qui n\u2019a de d\u00e9mocratique que le nom \u00bb ou le \u00ab totalitarisme \u00bb, r\u00e9gime de parti et de pens\u00e9e unique, ne se distingueraient donc du fascisme que par le degr\u00e9 de violence. Ce n\u2019est pas exact. On tue aussi des opposants dans les r\u00e9gimes totalitaires. Le fascisme, r\u00e9gime violent certes, a aussi une caract\u00e9risation politique. C\u2019est un syst\u00e8me politique de sauvegarde, au b\u00e9n\u00e9fice des classes dominantes qui s\u2019appuient dans leur lutte contre le peuple laborieux sur \u00ab les classes moyennes \u00bb \u2018non aux sens journalistique actuel mais au sens scientifique sociaux \u00e9conomique) et sur \u00ab les d\u00e9class\u00e9s en col\u00e8res \u00bb (que l\u2019on appelait autrefois \u00ab lumpenprol\u00e9tariat \u00bb).Vous \u00e9crivez enfin : \u00ab \u00c0 l\u2019extr\u00eame-droite qui pr\u00e9tend d\u00e9fendre la libert\u00e9, nous disons que nous ne sommes pas dupes, nous connaissons bien son histoire et son pedigree. \u00bbJe con\u00e7ois bien vos pr\u00e9occupations et vos craintes. Pas plus que vous je ne veux \u00ab ni du n\u00e9olib\u00e9ralisme autoritaire ni des sir\u00e8nes menant au fascisme. \u00bb, et si vous avez certes raison de dire que \u00ab Macron est une aubaine pour Le Pen \u00bb, il ne faudrait pas que, l\u2019opinion encore une fois d\u00e9rout\u00e9 par le chant des sir\u00e8nes de \u00ab la gauche socialisante \u00bb qui a exploit\u00e9 le filon depuis plus de 30 ans, Le Pen deviennent \u00e0 nouveau \u00ab une aubaine pour Macron (ou son alter ego) ? C\u2019est pourquoi je pense qu\u2019il faut aborder l\u2019exploitation de la question des libert\u00e9s, certes d\u00e9magogique \u00bb, par la \u00ab droite Lep\u00e9niste (ou \u00e9quivalente), d\u2019une fa\u00e7on diff\u00e9rente que vous ne le faites. Sinon le moment venu, en 2022 peut-\u00eatre, on fera encore une fois \u00e9lire Macron aux Fran\u00e7ais, pour faire barrage \u00e0 Le Pen qui serait la pire ennemis des libert\u00e9s que Macron nous a d\u00e9j\u00e0 pourtant \u00ab confisqu\u00e9 \u00bb.Jean Castex a dit r\u00e9cemment que l\u2019\u00e9lection de Marine Le Pen en 2022 serait une catastrophe pour le pays. Il a d\u2019autant plus raison que celle de Macron en 2017 en ayant \u00e9t\u00e9 d\u00e9j\u00e0 une, dont on n\u2019a pas fini de mesurer les m\u00e9faits, une nouvelle catastrophe rel\u00e8verai de la calamit\u00e9.Voil\u00e0 comment, pour ma part, je vois les choses : \u00bb. La droite Nationale\/radicale d\u00e9fend les libert\u00e9s ? Tant mieux !\u2026 Nous sommes preneurs m\u00eame si nous savons qu\u2019elle ne sera pas cons\u00e9quente jusqu\u2019au bout. Et cela ne nous emp\u00eache nullement de la combattre sur les autres terrains de son action et de son id\u00e9ologie.Merci pour votre texte, qui nonobstant les pr\u00e9sentes controverses, n\u2019en est pas moins, fort et de grande qualit\u00e9. Bien amicalement \u00e0 vous dont je partage l\u2019indignation et le combat, qui ne voulez \u00ab pas pour autant renoncer \u00e0 b\u00e2tir une autre soci\u00e9t\u00e9, bas\u00e9e sur l\u2019\u00e9change et la solidarit\u00e9, sur les liens interpersonnels et sur la culture partag\u00e9e. \u00bb Patrick Seignon. \u00ab lavoiedessansvoix.fr \u00bb. Jeudi 18 mars 2020.<\/p>\n","protected":false},"excerpt":{"rendered":"<p>PEUR DE RIEN(R\u00e9serves et discussions \u00e0 propos de l\u2019article \u00ab De quoi avons-nous peur ? \u00bb De Yannis Youlountas \u2013 [&hellip;]<\/p>\n","protected":false},"author":1,"featured_media":4186,"comment_status":"open","ping_status":"open","sticky":false,"template":"","format":"standard","meta":{"sfsi_plus_gutenberg_text_before_share":"","sfsi_plus_gutenberg_show_text_before_share":"","sfsi_plus_gutenberg_icon_type":"","sfsi_plus_gutenberg_icon_alignemt":"","sfsi_plus_gutenburg_max_per_row":"","site-sidebar-layout":"default","site-content-layout":"","ast-site-content-layout":"default","site-content-style":"default","site-sidebar-style":"default","ast-global-header-display":"","ast-banner-title-visibility":"","ast-main-header-display":"","ast-hfb-above-header-display":"","ast-hfb-below-header-display":"","ast-hfb-mobile-header-display":"","site-post-title":"","ast-breadcrumbs-content":"","ast-featured-img":"","footer-sml-layout":"","ast-disable-related-posts":"","theme-transparent-header-meta":"","adv-header-id-meta":"","stick-header-meta":"","header-above-stick-meta":"","header-main-stick-meta":"","header-below-stick-meta":"","astra-migrate-meta-layouts":"default","ast-page-background-enabled":"default","ast-page-background-meta":{"desktop":{"background-color":"var(--ast-global-color-4)","background-image":"","background-repeat":"repeat","background-position":"center center","background-size":"auto","background-attachment":"scroll","background-type":"","background-media":"","overlay-type":"","overlay-color":"","overlay-opacity":"","overlay-gradient":""},"tablet":{"background-color":"","background-image":"","background-repeat":"repeat","background-position":"center center","background-size":"auto","background-attachment":"scroll","background-type":"","background-media":"","overlay-type":"","overlay-color":"","overlay-opacity":"","overlay-gradient":""},"mobile":{"background-color":"","background-image":"","background-repeat":"repeat","background-position":"center center","background-size":"auto","background-attachment":"scroll","background-type":"","background-media":"","overlay-type":"","overlay-color":"","overlay-opacity":"","overlay-gradient":""}},"ast-content-background-meta":{"desktop":{"background-color":"var(--ast-global-color-5)","background-image":"","background-repeat":"repeat","background-position":"center center","background-size":"auto","background-attachment":"scroll","background-type":"","background-media":"","overlay-type":"","overlay-color":"","overlay-opacity":"","overlay-gradient":""},"tablet":{"background-color":"var(--ast-global-color-5)","background-image":"","background-repeat":"repeat","background-position":"center center","background-size":"auto","background-attachment":"scroll","background-type":"","background-media":"","overlay-type":"","overlay-color":"","overlay-opacity":"","overlay-gradient":""},"mobile":{"background-color":"var(--ast-global-color-5)","background-image":"","background-repeat":"repeat","background-position":"center center","background-size":"auto","background-attachment":"scroll","background-type":"","background-media":"","overlay-type":"","overlay-color":"","overlay-opacity":"","overlay-gradient":""}},"footnotes":""},"categories":[16],"tags":[],"class_list":["post-602","post","type-post","status-publish","format-standard","has-post-thumbnail","hentry","category-archives-cms"],"_links":{"self":[{"href":"https:\/\/lavoiedessansvoix.fr\/lavoie\/wp-json\/wp\/v2\/posts\/602","targetHints":{"allow":["GET"]}}],"collection":[{"href":"https:\/\/lavoiedessansvoix.fr\/lavoie\/wp-json\/wp\/v2\/posts"}],"about":[{"href":"https:\/\/lavoiedessansvoix.fr\/lavoie\/wp-json\/wp\/v2\/types\/post"}],"author":[{"embeddable":true,"href":"https:\/\/lavoiedessansvoix.fr\/lavoie\/wp-json\/wp\/v2\/users\/1"}],"replies":[{"embeddable":true,"href":"https:\/\/lavoiedessansvoix.fr\/lavoie\/wp-json\/wp\/v2\/comments?post=602"}],"version-history":[{"count":1,"href":"https:\/\/lavoiedessansvoix.fr\/lavoie\/wp-json\/wp\/v2\/posts\/602\/revisions"}],"predecessor-version":[{"id":3223,"href":"https:\/\/lavoiedessansvoix.fr\/lavoie\/wp-json\/wp\/v2\/posts\/602\/revisions\/3223"}],"wp:featuredmedia":[{"embeddable":true,"href":"https:\/\/lavoiedessansvoix.fr\/lavoie\/wp-json\/wp\/v2\/media\/4186"}],"wp:attachment":[{"href":"https:\/\/lavoiedessansvoix.fr\/lavoie\/wp-json\/wp\/v2\/media?parent=602"}],"wp:term":[{"taxonomy":"category","embeddable":true,"href":"https:\/\/lavoiedessansvoix.fr\/lavoie\/wp-json\/wp\/v2\/categories?post=602"},{"taxonomy":"post_tag","embeddable":true,"href":"https:\/\/lavoiedessansvoix.fr\/lavoie\/wp-json\/wp\/v2\/tags?post=602"}],"curies":[{"name":"wp","href":"https:\/\/api.w.org\/{rel}","templated":true}]}}