{"id":601,"date":"2021-03-18T08:28:00","date_gmt":"2021-03-18T07:28:00","guid":{"rendered":"https:\/\/lavoiedessansvoix.fr\/lavoie\/2021\/03\/18\/archive-covid-19-ca-part-en-live\/"},"modified":"2026-04-26T20:56:03","modified_gmt":"2026-04-26T18:56:03","slug":"archive-covid-19-ca-part-en-live","status":"publish","type":"post","link":"https:\/\/lavoiedessansvoix.fr\/lavoie\/2021\/03\/18\/archive-covid-19-ca-part-en-live\/","title":{"rendered":"COVID 19,\u2026CA PART EN LIVE"},"content":{"rendered":"<p>COVID 19,\u2026CA PART EN LIVEIl y a quatre jours le Premier-ministre, Jean Castex affirmait que la France n\u2019avait pas de raison de suspendre la vaccination avec le produit \u00ab d\u2019Astra-Zeneca \u00bb. Le lendemain elle le suspendait. Qu\u2019elle coh\u00e9rence, qu\u2019elle clownerie ? Et ils voudraient encore ces clowns grotesques que l\u2019on est confiance en eux.Mais il y a pire !\u2026 Mais il y a plus !\u2026. Lisez plut\u00f4t.La prestigieuse revue m\u00e9dicale \u00ab The lancet \u00bb, qui s\u2019est rendu c\u00e9l\u00e8bre au  public profane en publiant il y a quelque mois une \u00e9tude bidouill\u00e9e expr\u00e8s pour disqualifier la chloroquine et nuire au professeur Raoult, publiait il y a quatre jours un article sign\u00e9 par le professeur Delfraissy , Pr\u00e9sident du Conseil scientifique fran\u00e7ais  et quatre autres membres de celui-ci. Un article dis-je ? Un coup de tonnerre plut\u00f4t\u2026Ces messieurs qui ont, d\u2019une mani\u00e8re quelconque, par leur implication, cautionn\u00e9, sinon justifi\u00e9 par leurs avis, les prises de d\u00e9cisions du pouvoir politique concernant la gestion de la crise sanitaire, paraissent vouloir se d\u00e9marquer, se r\u00e9tracter pourquoi pas, peut-\u00eatre m\u00eame \u00ab se d\u00e9filer.Monsieur Delfraissy lui-m\u00eame plaidait il y a quelque jours encore pour un troisi\u00e8me confinement, et voil\u00e0 qu\u2019il co\u00e9crit ceci dans cet article : \u00ab Par cons\u00e9quent, il est temps d&rsquo;abandonner les approches fond\u00e9es sur la peur, fond\u00e9es sur un confinement g\u00e9n\u00e9ralis\u00e9 apparemment al\u00e9atoire et stop-start comme principale r\u00e9ponse \u00e0 la pand\u00e9mie; des approches qui attendent des citoyens qu&rsquo;ils attendent (soulign\u00e9 par moi. P.S.) patiemment jusqu&rsquo;\u00e0 ce que les unit\u00e9s de soins intensifs soient renforc\u00e9es, que la vaccination compl\u00e8te soit r\u00e9alis\u00e9e et que l&rsquo;immunit\u00e9 du troupeau soit atteinte. \u00bb\u00ab Les populations ont jusqu&rsquo;\u00e0 pr\u00e9sent \u00e9t\u00e9 relativement satisfaites, mais leurs doutes et leur m\u00e9fiance sont visibles dans les mouvements de protestation dans plusieurs pays. L&rsquo;impact de l&rsquo;enfermement g\u00e9n\u00e9ral sur des \u00e9conomies enti\u00e8res a \u00e9t\u00e9 d\u00e9vastateur, le pire \u00e0 venir \u00e9tant le taux de ch\u00f4mage et la dette nationale. (Soulign\u00e9 par moi. P.S.)Les cons\u00e9quences sociales et sanitaires (y compris la sant\u00e9 mentale) sont \u00e9galement colossales, en particulier pour les jeunes g\u00e9n\u00e9rations, bien qu&rsquo;elles soient \u00e0 faible risque en termes de morbidit\u00e9 et de mortalit\u00e9 par infection par le SRAS-CoV-2.Autant de choses que nous avons dites  \u00e0 longueur d\u2019articles et d\u00e8s les premiers jours du premier confinement, nous qui ne sommes ni m\u00e9decin ni scientifique, mais quelque peu avis\u00e9, semble-t-il tout de m\u00eame, sur les questions sociales \u00e9conomiques et politiques.  Car il \u00e9tait clair d\u00e8s l\u2019origine, que ces d\u00e9cisions, quand bien m\u00eame elles s\u2019adossaient \u00e0 des avis m\u00e9dicaux et scientifiques, \u00e9taient des d\u00e9cisions politiques dont les finalit\u00e9s n\u2019avaient rien \u00e0 voir avec la sant\u00e9 publique.Alors que veut dire vraiment ce quintet de \u00ab conseillers scientifiques f\u00e9lons \u00bb ? Ils \u00e9crivent en conclusion : \u00ab Nous, scientifiques qui travaillons contre le COVID-19, devons avoir le courage de nous adresser \u00e0 ceux qui sont au pouvoir, qui portent la responsabilit\u00e9 ultime des politiques choisies et de leurs cons\u00e9quences. Si cette responsabilit\u00e9 est esquiv\u00e9e ou retard\u00e9e, le jour in\u00e9vitable du calcul pourrait \u00eatre terrible. \u00bbTroublant non ? Ils doivent avoir le courage de s\u2019adresser \u00e0 ceux qui ont le pouvoir \u00bb ; Mais n\u2019\u00e9tait-ce pas pr\u00e9cis\u00e9ment leur r\u00f4le eux qui sont \u00ab les conseillers scientifiques du pouvoir ? Qu\u2019est-ce alors \u00e0 dire vraiment ?Cela peut pouvoir dire l\u2019une des diverses choses suivantes :1)\t Qu\u2019ils ont donn\u00e9 des avis et que le \u00ab pouvoir \u00bb (le dictateur, n\u2019en a fait qu\u2019\u00e0 sa t\u00eate.2)\tQu\u2019ils ont \u00e9t\u00e9 manipul\u00e9s par \u00ab le pouvoir \u00bb, et qu\u2019ils n\u2019ont en v\u00e9rit\u00e9 servit personnellement que de \u00ab caution \u00bb et leurs avis de \u00ab couverture \u00bb \u00e0 des d\u00e9cisions politiques \u00e9trang\u00e8res au soucis de la sant\u00e9 publique.  ;3)\tQu\u2019ils veulent de la sorte att\u00e9nuer leur responsabilit\u00e9 propre, pour mieux se d\u00e9filer \u00e0 l\u2019heure du jugement dernier.Dans tous les cas cela prouve que la qualit\u00e9 de scientifiques dont ils se pr\u00e9valent et l\u2019autorit\u00e9 morale qu\u2019ils en tirent est totalement surfaite ou usurp\u00e9.. Pour juger de d\u00e9cision politique (et non sanitaire) il fallait d\u2019avantage de bon sens et d\u2019honn\u00eatet\u00e9 politique que de comp\u00e9tence scientifiques.D\u2019autant plus qu\u2019\u00e9crivant : \u00ab Si une \u00e9vasion immunitaire importante se produit, les vaccins actuels offriront probablement encore un certain b\u00e9n\u00e9fice aux individus. Au niveau de la population, cependant, ils pourraient induire une s\u00e9lection virale et une fuite, rendant de plus en plus \u00e9loign\u00e9e la perspective d&rsquo;obtenir une immunit\u00e9 collective. Donnent ainsi de la force au scepticisme populaire qui entache la campagne vaccinale. Eux qui voulaient vacciner l\u2019humanit\u00e9 enti\u00e8re paraissent ne plus \u00eatre tr\u00e8s s\u00fbr de rien..Or les m\u00eames qui viennent ainsi de faire \u00e9clater leur incurie et leur incomp\u00e9tence \u00e0 la face du monde, s\u2019accrochant encore \u00e0 leur qualit\u00e9 \u00ab d\u2019experts \u00bb en sant\u00e9 publique, s\u2019avisent de donner de nouveaux conseils. :\u00ab  Dans le cadre de ce contrat social, les jeunes g\u00e9n\u00e9rations pourraient accepter la contrainte des mesures de pr\u00e9vention (ex: masques, distanciation physique) \u00e0 condition que les groupes plus \u00e2g\u00e9s et les plus vuln\u00e9rables adoptent non seulement ces mesures, mais aussi des mesures plus sp\u00e9cifiques (ex: auto-isolement volontaire selon des crit\u00e8res de vuln\u00e9rabilit\u00e9Leurs conseils et avis ils peuvent se les garder, et m\u00eame se les mettre\u2026\u2026\u2026\u2026\u2026\u2026\u2026\u2026.)Car nous avons une bonne raison de contester leur comp\u00e9tence et m\u00eame leur droit \u00e0 pr\u00e9tendre encore influencer la d\u00e9cision publique. C\u2019est qu\u2019aujourd\u2019hui comme hier ils oublient d\u2019inclure dans leurs propos et raisonnements la m\u00e9decine de soins. Le fond du probl\u00e8me est l\u00e0 ; Si l\u2019on ne renvoie pas les gens chez eux avec du Doliprane comme toute prescription en attendant que cela aille si mal qu\u2019on est oblig\u00e9 de les intuber, si on les soignent : traitements prophylactiques, pr\u00e9coces, et., alors cette maladie n\u2019est pas si terrible que cela et la vaccination, sauf dans certains cas sp\u00e9cifiques, ne s\u2019impose nullementMais croyez-vous que cet oubli est innocent ? Ces \u00ab grands m\u00e9decins et scientifiques \u00bb souffriraient ils donc collectivement de la maladie d\u2019Alzheimer ?  Ou bien craindraient-ils plut\u00f4t s\u2019ils en parlent de lever le li\u00e8vre \u00e9norme de cet imbroglio \u00ab sanitaro-politico-financier \u00bb ?La dr\u00f4le d\u2019histoire o\u00f9 s\u2019est fourvoy\u00e9 l\u2019imminente revue \u00ab the Lancet \u00bb  en \u2026\u2026.. 2020, en atteste. Il fallait \u00e0 tout prix interdire aux m\u00e9decins de soigner les gens enfin d\u2019une part de d\u00e9montrer la grande dangerosit\u00e9 de la maladie et de prouver d\u2019autre part qu\u2019il n\u2019existait pas d\u2019autres moyens d\u2019en sortir qu\u2019une campagne vaccinale plan\u00e9taire et oh combien fructueuse.L\u00e0 est l\u2019origine du probl\u00e8me et le \u00ab crime \u00bb,  je p\u00e8se bien mes mots, qui pourrait demain, \u00e0 l\u2019heure des bilans, leur retomber droit sur la t\u00eate.Patrick Seignon. \u00ab lavoiedessansvoix.fr \u00bb. Jeudi 18 mars 2021.<\/p>\n","protected":false},"excerpt":{"rendered":"<p>COVID 19,\u2026CA PART EN LIVEIl y a quatre jours le Premier-ministre, Jean Castex affirmait que la France n\u2019avait pas de [&hellip;]<\/p>\n","protected":false},"author":1,"featured_media":4185,"comment_status":"open","ping_status":"open","sticky":false,"template":"","format":"standard","meta":{"sfsi_plus_gutenberg_text_before_share":"","sfsi_plus_gutenberg_show_text_before_share":"","sfsi_plus_gutenberg_icon_type":"","sfsi_plus_gutenberg_icon_alignemt":"","sfsi_plus_gutenburg_max_per_row":"","site-sidebar-layout":"default","site-content-layout":"","ast-site-content-layout":"default","site-content-style":"default","site-sidebar-style":"default","ast-global-header-display":"","ast-banner-title-visibility":"","ast-main-header-display":"","ast-hfb-above-header-display":"","ast-hfb-below-header-display":"","ast-hfb-mobile-header-display":"","site-post-title":"","ast-breadcrumbs-content":"","ast-featured-img":"","footer-sml-layout":"","ast-disable-related-posts":"","theme-transparent-header-meta":"","adv-header-id-meta":"","stick-header-meta":"","header-above-stick-meta":"","header-main-stick-meta":"","header-below-stick-meta":"","astra-migrate-meta-layouts":"default","ast-page-background-enabled":"default","ast-page-background-meta":{"desktop":{"background-color":"var(--ast-global-color-4)","background-image":"","background-repeat":"repeat","background-position":"center center","background-size":"auto","background-attachment":"scroll","background-type":"","background-media":"","overlay-type":"","overlay-color":"","overlay-opacity":"","overlay-gradient":""},"tablet":{"background-color":"","background-image":"","background-repeat":"repeat","background-position":"center center","background-size":"auto","background-attachment":"scroll","background-type":"","background-media":"","overlay-type":"","overlay-color":"","overlay-opacity":"","overlay-gradient":""},"mobile":{"background-color":"","background-image":"","background-repeat":"repeat","background-position":"center center","background-size":"auto","background-attachment":"scroll","background-type":"","background-media":"","overlay-type":"","overlay-color":"","overlay-opacity":"","overlay-gradient":""}},"ast-content-background-meta":{"desktop":{"background-color":"var(--ast-global-color-5)","background-image":"","background-repeat":"repeat","background-position":"center center","background-size":"auto","background-attachment":"scroll","background-type":"","background-media":"","overlay-type":"","overlay-color":"","overlay-opacity":"","overlay-gradient":""},"tablet":{"background-color":"var(--ast-global-color-5)","background-image":"","background-repeat":"repeat","background-position":"center center","background-size":"auto","background-attachment":"scroll","background-type":"","background-media":"","overlay-type":"","overlay-color":"","overlay-opacity":"","overlay-gradient":""},"mobile":{"background-color":"var(--ast-global-color-5)","background-image":"","background-repeat":"repeat","background-position":"center center","background-size":"auto","background-attachment":"scroll","background-type":"","background-media":"","overlay-type":"","overlay-color":"","overlay-opacity":"","overlay-gradient":""}},"footnotes":""},"categories":[16],"tags":[],"class_list":["post-601","post","type-post","status-publish","format-standard","has-post-thumbnail","hentry","category-archives-cms"],"_links":{"self":[{"href":"https:\/\/lavoiedessansvoix.fr\/lavoie\/wp-json\/wp\/v2\/posts\/601","targetHints":{"allow":["GET"]}}],"collection":[{"href":"https:\/\/lavoiedessansvoix.fr\/lavoie\/wp-json\/wp\/v2\/posts"}],"about":[{"href":"https:\/\/lavoiedessansvoix.fr\/lavoie\/wp-json\/wp\/v2\/types\/post"}],"author":[{"embeddable":true,"href":"https:\/\/lavoiedessansvoix.fr\/lavoie\/wp-json\/wp\/v2\/users\/1"}],"replies":[{"embeddable":true,"href":"https:\/\/lavoiedessansvoix.fr\/lavoie\/wp-json\/wp\/v2\/comments?post=601"}],"version-history":[{"count":1,"href":"https:\/\/lavoiedessansvoix.fr\/lavoie\/wp-json\/wp\/v2\/posts\/601\/revisions"}],"predecessor-version":[{"id":3221,"href":"https:\/\/lavoiedessansvoix.fr\/lavoie\/wp-json\/wp\/v2\/posts\/601\/revisions\/3221"}],"wp:featuredmedia":[{"embeddable":true,"href":"https:\/\/lavoiedessansvoix.fr\/lavoie\/wp-json\/wp\/v2\/media\/4185"}],"wp:attachment":[{"href":"https:\/\/lavoiedessansvoix.fr\/lavoie\/wp-json\/wp\/v2\/media?parent=601"}],"wp:term":[{"taxonomy":"category","embeddable":true,"href":"https:\/\/lavoiedessansvoix.fr\/lavoie\/wp-json\/wp\/v2\/categories?post=601"},{"taxonomy":"post_tag","embeddable":true,"href":"https:\/\/lavoiedessansvoix.fr\/lavoie\/wp-json\/wp\/v2\/tags?post=601"}],"curies":[{"name":"wp","href":"https:\/\/api.w.org\/{rel}","templated":true}]}}