{"id":599,"date":"2021-03-19T04:17:00","date_gmt":"2021-03-19T03:17:00","guid":{"rendered":"https:\/\/lavoiedessansvoix.fr\/lavoie\/2021\/03\/19\/archive-la-balance-de-monsieur-castex\/"},"modified":"2026-04-26T20:55:43","modified_gmt":"2026-04-26T18:55:43","slug":"archive-la-balance-de-monsieur-castex","status":"publish","type":"post","link":"https:\/\/lavoiedessansvoix.fr\/lavoie\/2021\/03\/19\/archive-la-balance-de-monsieur-castex\/","title":{"rendered":"LA BALANCE DE MONSIEUR CASTEX"},"content":{"rendered":"<p>LA BALANCE DE MONSIEUR CASTEXLes vaccins \u00e0 ARN provoquent de nombreux effets secondaires graves, AVC, paralysies, d\u00e9c\u00e9s, etc. Les premiers incidents signal\u00e9s le furent en Norv\u00e8ge et concernaient le vaccin Pfizer.\u00ab Le 14 janvier, Norway Today, un m\u00e9dia norv\u00e9gien, r\u00e9v\u00e9lait que l\u2019Agence norv\u00e9gienne du m\u00e9dicament avait \u00e9tabli un lien entre 13 d\u00e9c\u00e8s et les effets secondaires du vaccin de Pfizer-BioNTech contre le Covid-19. Ces cas avaient particuli\u00e8rement retenu l&rsquo;attention des autorit\u00e9s parmi plus de 20 personnes d\u00e9c\u00e9d\u00e9s \u00e0 la suite de l&rsquo;administration d&rsquo;une premi\u00e8re dose. \u00bbSigurd Hortemo, m\u00e9decin en chef de l\u2019Agence norv\u00e9gienne du m\u00e9dicament s\u2019\u00e9tait enquit de communiquer sur ces faits.Alors, le 18 janvier, retournement de situation. Le minist\u00e8re norv\u00e9gien de la Sant\u00e9 a affirm\u00e9 qu\u2019il n\u2019y avait pas de lien \u00e9tabli entre le vaccin Pfizer\/BioNTech et le d\u00e9c\u00e8s des 13 individus.Vous l\u2019avez compris, dans l\u2019intervalle le Ministre norv\u00e9gien de la sant\u00e9 s\u2019est fait tirer les oreilles : \u00ab il ne faut pas parler de ces choses-l\u00e0 \u00bb Et depuis, vous l\u2019avez remarqu\u00e9,  tout va tr\u00e8s bien dans le \u00ab\u00a0meilleur des mondes\u00a0\u00bb. Nul ne pipe mot sur les effets secondaire du vaccin Pfizer. Cela explique peut-\u00eatre aussi pourquoi les derni\u00e8res r\u00e9v\u00e9lations se concentrent sur Astra-Zeneca. Cet \u00e9pisode est r\u00e9v\u00e9lateur et l\u2019on a tout lieu de penser que depuis, l\u2019information sur les cas graves et d\u00e9c\u00e8s est largement tronqu\u00e9, \u00ab black-out\u00e9 \u00bb.  Refusant d\u2019\u00e9tablir un lien entre l\u2019injection et l\u2019accident de sant\u00e9 qui survient dans les heures qui suivent, il est ais\u00e9 d\u2019imaginer que nombre de ces cas ne sont ni signal\u00e9s ni \u00e0 fortiori r\u00e9pertori\u00e9s. Bon, mais passons ! Malgr\u00e9 la naus\u00e9e que cela nous donne, faisons semblant de croire \u00e0 la bonne foi des autorit\u00e9s de sant\u00e9 et politiques ; Tenons nous en aux seuls cas \u00ab suspects \u00bb av\u00e9r\u00e9s.Tous les vaccins, tous les m\u00e9dicaments, disent-il,s ont des effets ind\u00e9sirables. Ce qu\u2019il faut c\u2019est \u00e9valuer correctement la balance \u00ab b\u00e9n\u00e9fice risque \u00bb. Cet argument en l\u2019esp\u00e8ce rel\u00e8ve d\u2019un sophisme odieux : &#8211;\tVous contractez une maladie, le Covid pour prendre un exemple tout \u00e0 fait fortuit (ou une autre, car il parait qu\u2019il en existe encore d\u2019autres) , vous en mourrez, c\u2019est la maladie qui vous a tu\u00e9.-\t Vous vous faites injecter un vaccin POUR VOUS PROT\u00c9GER, vous en mourrez, c\u2019est le rem\u00e8de sens\u00e9 vous soigner qui vous tue. Vous en convenez, ce n\u2019est pas tout \u00e0 fait la m\u00eame chose. On s\u2019incline humblement face \u00e0 la \u00ab l\u00e9talit\u00e9 \u00bb de la maladie, on ne peut qu\u2019\u00eatre r\u00e9volt\u00e9 quand c\u2019est le \u00ab rem\u00e8de \u00bb et le \u00ab soignant \u00bb qui vous donne la mort. Il n\u2019y a pas de proportionnalit\u00e9 qui tienne, pas de \u00ab balance \u00bb qui vaille face \u00e0 cette v\u00e9rit\u00e9.De nombreux pays suspendent la vaccination Astra-Zeneca. La France s\u2019obstine, Pourquoi ? Parce que la campagne vaccinale bat de l\u2019aile et que le renoncement au vaccin Astra Zeneca la plomberait encore d\u2019avantage. L\u2019argument qu\u2019ils retiennent n\u2019est pas celui du risque, de la suspicion, mais celui de la course au nombre des vaccin\u00e9s, la r\u00e9ussite, coute que coute, de leur \u00ab campagne vaccinale \u00bb. Et il est vrai que la reconnaissance des dangers imm\u00e9diats d\u2019un seul des vaccins impacterait tous les autres au-del\u00e0 de lui-m\u00eame.Puis la France suspend tout de m\u00eame, mais pour trois jours seulement. Finalement la directrice de \u00ab  L&rsquo;Agence europ\u00e9enne des m\u00e9dicaments (EMA) a confirm\u00e9 ce jeudi 18 mars que ce vaccin \u00e9tait s\u00fbr. La veille, l&rsquo;Organisation mondiale de la sant\u00e9 (OMS) avait aussi recommand\u00e9 de continuer d\u2019utiliser ce produit indiquant que \u00ables avantages du vaccin d&rsquo;Astra-Zeneca l&#8217;emport sur ses risques\u00bb  Toujours la m\u00eame chanson diabolique.  Elle a parl\u00e9, comme le fait sa s\u0153ur de la justice, et comme ceux de sa s\u0153ur les \u00ab arr\u00eats \u00bb de \u00ab\u00a0la balance b\u00e9n\u00e9fices\/risques\u00a0\u00bb sont incontestables. Imaginez les enfants d\u2019un homme qui au d\u00e9faut de l\u2019\u00e2ge se porte somme toute pas si mal, qui insistent pour  que leur p\u00e8re que la vieillesse fragilise tout de m\u00eame, se fasse vacciner, pour le \u00ab prot\u00e9ger \u00bb disent-ils. Or le \u00ab vieux \u00bb meurt quelques heures apr\u00e8s l\u2019injection. Les carabins \u00bb ont beau dire qu\u2019il \u00ab faut bien mourir un jour de quelque chose\u00bb, le docteur Bonnisseur qu\u2019il n\u2019y a aucun lien av\u00e9r\u00e9 entre l\u2019injection et le d\u00e9c\u00e8s, et qu\u2019au vu de la balance \u00ab b\u00e9n\u00e9fice\/risque, on a tout de m\u00eame eut raison de le vacciner ( Remarque il a peut-\u00eatre raison le docteur, il est mort le vieux, il est prot\u00e9g\u00e9, il n\u2019attrapera plus jamais le Covid),. je suis s\u00fbr pourtant que l\u2019envie viendra alors aux enfants de la faire  avaler \u00e0 tous ses bateleurs  leur satan\u00e9 \u00ab\u00a0balance\u00a0\u00bb..L\u2019obstination, les arguties, le peu de cas qu\u2019ils font des victimes  et de leurs proches, au final, la balance diabolique de Monsieur Castex &#8211;  ne sera-t-elle pas du plus mauvais effet pour les suites de leur \u00ab\u00a0ch\u00e8re\u00a0\u00bb campagne vaccinale  ?Patrick Seignon. \u00ab lavoiedessansvoix.fr \u00bb. Jeudi 18 mars 2021.(Modifi\u00e9 \u00e0 10 heures 45)<\/p>\n","protected":false},"excerpt":{"rendered":"<p>LA BALANCE DE MONSIEUR CASTEXLes vaccins \u00e0 ARN provoquent de nombreux effets secondaires graves, AVC, paralysies, d\u00e9c\u00e9s, etc. Les premiers [&hellip;]<\/p>\n","protected":false},"author":1,"featured_media":4183,"comment_status":"open","ping_status":"open","sticky":false,"template":"","format":"standard","meta":{"sfsi_plus_gutenberg_text_before_share":"","sfsi_plus_gutenberg_show_text_before_share":"","sfsi_plus_gutenberg_icon_type":"","sfsi_plus_gutenberg_icon_alignemt":"","sfsi_plus_gutenburg_max_per_row":"","site-sidebar-layout":"default","site-content-layout":"","ast-site-content-layout":"default","site-content-style":"default","site-sidebar-style":"default","ast-global-header-display":"","ast-banner-title-visibility":"","ast-main-header-display":"","ast-hfb-above-header-display":"","ast-hfb-below-header-display":"","ast-hfb-mobile-header-display":"","site-post-title":"","ast-breadcrumbs-content":"","ast-featured-img":"","footer-sml-layout":"","ast-disable-related-posts":"","theme-transparent-header-meta":"","adv-header-id-meta":"","stick-header-meta":"","header-above-stick-meta":"","header-main-stick-meta":"","header-below-stick-meta":"","astra-migrate-meta-layouts":"default","ast-page-background-enabled":"default","ast-page-background-meta":{"desktop":{"background-color":"var(--ast-global-color-4)","background-image":"","background-repeat":"repeat","background-position":"center center","background-size":"auto","background-attachment":"scroll","background-type":"","background-media":"","overlay-type":"","overlay-color":"","overlay-opacity":"","overlay-gradient":""},"tablet":{"background-color":"","background-image":"","background-repeat":"repeat","background-position":"center center","background-size":"auto","background-attachment":"scroll","background-type":"","background-media":"","overlay-type":"","overlay-color":"","overlay-opacity":"","overlay-gradient":""},"mobile":{"background-color":"","background-image":"","background-repeat":"repeat","background-position":"center center","background-size":"auto","background-attachment":"scroll","background-type":"","background-media":"","overlay-type":"","overlay-color":"","overlay-opacity":"","overlay-gradient":""}},"ast-content-background-meta":{"desktop":{"background-color":"var(--ast-global-color-5)","background-image":"","background-repeat":"repeat","background-position":"center center","background-size":"auto","background-attachment":"scroll","background-type":"","background-media":"","overlay-type":"","overlay-color":"","overlay-opacity":"","overlay-gradient":""},"tablet":{"background-color":"var(--ast-global-color-5)","background-image":"","background-repeat":"repeat","background-position":"center center","background-size":"auto","background-attachment":"scroll","background-type":"","background-media":"","overlay-type":"","overlay-color":"","overlay-opacity":"","overlay-gradient":""},"mobile":{"background-color":"var(--ast-global-color-5)","background-image":"","background-repeat":"repeat","background-position":"center center","background-size":"auto","background-attachment":"scroll","background-type":"","background-media":"","overlay-type":"","overlay-color":"","overlay-opacity":"","overlay-gradient":""}},"footnotes":""},"categories":[16],"tags":[],"class_list":["post-599","post","type-post","status-publish","format-standard","has-post-thumbnail","hentry","category-archives-cms"],"_links":{"self":[{"href":"https:\/\/lavoiedessansvoix.fr\/lavoie\/wp-json\/wp\/v2\/posts\/599","targetHints":{"allow":["GET"]}}],"collection":[{"href":"https:\/\/lavoiedessansvoix.fr\/lavoie\/wp-json\/wp\/v2\/posts"}],"about":[{"href":"https:\/\/lavoiedessansvoix.fr\/lavoie\/wp-json\/wp\/v2\/types\/post"}],"author":[{"embeddable":true,"href":"https:\/\/lavoiedessansvoix.fr\/lavoie\/wp-json\/wp\/v2\/users\/1"}],"replies":[{"embeddable":true,"href":"https:\/\/lavoiedessansvoix.fr\/lavoie\/wp-json\/wp\/v2\/comments?post=599"}],"version-history":[{"count":1,"href":"https:\/\/lavoiedessansvoix.fr\/lavoie\/wp-json\/wp\/v2\/posts\/599\/revisions"}],"predecessor-version":[{"id":3217,"href":"https:\/\/lavoiedessansvoix.fr\/lavoie\/wp-json\/wp\/v2\/posts\/599\/revisions\/3217"}],"wp:featuredmedia":[{"embeddable":true,"href":"https:\/\/lavoiedessansvoix.fr\/lavoie\/wp-json\/wp\/v2\/media\/4183"}],"wp:attachment":[{"href":"https:\/\/lavoiedessansvoix.fr\/lavoie\/wp-json\/wp\/v2\/media?parent=599"}],"wp:term":[{"taxonomy":"category","embeddable":true,"href":"https:\/\/lavoiedessansvoix.fr\/lavoie\/wp-json\/wp\/v2\/categories?post=599"},{"taxonomy":"post_tag","embeddable":true,"href":"https:\/\/lavoiedessansvoix.fr\/lavoie\/wp-json\/wp\/v2\/tags?post=599"}],"curies":[{"name":"wp","href":"https:\/\/api.w.org\/{rel}","templated":true}]}}