{"id":597,"date":"2021-03-23T10:25:00","date_gmt":"2021-03-23T09:25:00","guid":{"rendered":"https:\/\/lavoiedessansvoix.fr\/lavoie\/2021\/03\/23\/archive-mourir-vaccine-a-24-ans\/"},"modified":"2026-04-26T20:55:23","modified_gmt":"2026-04-26T18:55:23","slug":"archive-mourir-vaccine-a-24-ans","status":"publish","type":"post","link":"https:\/\/lavoiedessansvoix.fr\/lavoie\/2021\/03\/23\/archive-mourir-vaccine-a-24-ans\/","title":{"rendered":"MOURIR VACCINE A 24 ANS"},"content":{"rendered":"<p>MOURIR VACCINE A 24 ANSIl y a deux jours seulement L\u2019EMA  (Agence europ\u00e9enne des m\u00e9dicaments) avait  conclu que \u00abmalgr\u00e9 un lien possible avec de rares caillots sanguins avec une baisse des plaquettes sanguines\u00bb, les bienfaits du vaccin du laboratoire su\u00e9do-britannique l\u2019emportaient toujours sur les risques. \u00bbOr, l\u2019on apprend aujourd\u2019hui que \u00ab \u00c2g\u00e9 de 24 ans, un \u00e9tudiant en m\u00e9decine nantais est d\u00e9c\u00e9d\u00e9 d\u2019une h\u00e9morragie caus\u00e9e par une thrombose une dizaine de jours apr\u00e8s avoir re\u00e7u une injection du vaccin d\u2019AstraZeneca. \u00bbCe d\u00e9c\u00e8s a \u00e9t\u00e9 signal\u00e9 par l\u2019ANSM dans une mise \u00e0 jour du 22 mars. L\u2019agence pr\u00e9cise qu\u2019\u00ab\u00e0 ce stade, aucun \u00e9l\u00e9ment ne permet de conclure en faveur (soulign\u00e9 par moi ; P.S.) du r\u00f4le du vaccin\u00bb.Il est vrai que c\u2019est la chose la plus courante au monde que de mourir de thrombose \u00e0 24 ans. Il faut sans nul doute \u00eatre un \u00ab complotiste \u00bb av\u00e9r\u00e9 pour y voir un quelconque lien avec l\u2019injection d\u2019un vaccin.\u00ab Une enqu\u00eate a \u00e9t\u00e9 ouverte. Pour l\u2019heure, l\u2019Agence nationale de la s\u00e9curit\u00e9 du m\u00e9dicament (ANSM) n\u2019\u00e9tablit pas de lien entre l\u2019immunisation ( ?) et le d\u00e9c\u00e8s. \u00bb  \u00ab L\u2019immunisation \u00bb, vous lisez bien. Ils ne peuvent pas dire \u00ab l\u2019injection \u00bb. L\u2019immunisation pensez un peu combien l\u2019usage de ce mot est dans les circonstances inconvenant. Immunis\u00e9 le jeune-homme ?\u2026. En effet, il n\u2019attrapera plus jamais le Covid.J\u2019esp\u00e8re que les parents de cette victime innocente vont se pourvoir en justice.Patrick Seignon. \u00ab lavoiedessansvoix.fr \u00bb ; Mardi 23 mars 2021.<\/p>\n","protected":false},"excerpt":{"rendered":"<p>MOURIR VACCINE A 24 ANSIl y a deux jours seulement L\u2019EMA (Agence europ\u00e9enne des m\u00e9dicaments) avait conclu que \u00abmalgr\u00e9 un [&hellip;]<\/p>\n","protected":false},"author":1,"featured_media":4181,"comment_status":"open","ping_status":"open","sticky":false,"template":"","format":"standard","meta":{"sfsi_plus_gutenberg_text_before_share":"","sfsi_plus_gutenberg_show_text_before_share":"","sfsi_plus_gutenberg_icon_type":"","sfsi_plus_gutenberg_icon_alignemt":"","sfsi_plus_gutenburg_max_per_row":"","site-sidebar-layout":"default","site-content-layout":"","ast-site-content-layout":"default","site-content-style":"default","site-sidebar-style":"default","ast-global-header-display":"","ast-banner-title-visibility":"","ast-main-header-display":"","ast-hfb-above-header-display":"","ast-hfb-below-header-display":"","ast-hfb-mobile-header-display":"","site-post-title":"","ast-breadcrumbs-content":"","ast-featured-img":"","footer-sml-layout":"","ast-disable-related-posts":"","theme-transparent-header-meta":"","adv-header-id-meta":"","stick-header-meta":"","header-above-stick-meta":"","header-main-stick-meta":"","header-below-stick-meta":"","astra-migrate-meta-layouts":"default","ast-page-background-enabled":"default","ast-page-background-meta":{"desktop":{"background-color":"var(--ast-global-color-4)","background-image":"","background-repeat":"repeat","background-position":"center center","background-size":"auto","background-attachment":"scroll","background-type":"","background-media":"","overlay-type":"","overlay-color":"","overlay-opacity":"","overlay-gradient":""},"tablet":{"background-color":"","background-image":"","background-repeat":"repeat","background-position":"center center","background-size":"auto","background-attachment":"scroll","background-type":"","background-media":"","overlay-type":"","overlay-color":"","overlay-opacity":"","overlay-gradient":""},"mobile":{"background-color":"","background-image":"","background-repeat":"repeat","background-position":"center center","background-size":"auto","background-attachment":"scroll","background-type":"","background-media":"","overlay-type":"","overlay-color":"","overlay-opacity":"","overlay-gradient":""}},"ast-content-background-meta":{"desktop":{"background-color":"var(--ast-global-color-5)","background-image":"","background-repeat":"repeat","background-position":"center center","background-size":"auto","background-attachment":"scroll","background-type":"","background-media":"","overlay-type":"","overlay-color":"","overlay-opacity":"","overlay-gradient":""},"tablet":{"background-color":"var(--ast-global-color-5)","background-image":"","background-repeat":"repeat","background-position":"center center","background-size":"auto","background-attachment":"scroll","background-type":"","background-media":"","overlay-type":"","overlay-color":"","overlay-opacity":"","overlay-gradient":""},"mobile":{"background-color":"var(--ast-global-color-5)","background-image":"","background-repeat":"repeat","background-position":"center center","background-size":"auto","background-attachment":"scroll","background-type":"","background-media":"","overlay-type":"","overlay-color":"","overlay-opacity":"","overlay-gradient":""}},"footnotes":""},"categories":[16],"tags":[],"class_list":["post-597","post","type-post","status-publish","format-standard","has-post-thumbnail","hentry","category-archives-cms"],"_links":{"self":[{"href":"https:\/\/lavoiedessansvoix.fr\/lavoie\/wp-json\/wp\/v2\/posts\/597","targetHints":{"allow":["GET"]}}],"collection":[{"href":"https:\/\/lavoiedessansvoix.fr\/lavoie\/wp-json\/wp\/v2\/posts"}],"about":[{"href":"https:\/\/lavoiedessansvoix.fr\/lavoie\/wp-json\/wp\/v2\/types\/post"}],"author":[{"embeddable":true,"href":"https:\/\/lavoiedessansvoix.fr\/lavoie\/wp-json\/wp\/v2\/users\/1"}],"replies":[{"embeddable":true,"href":"https:\/\/lavoiedessansvoix.fr\/lavoie\/wp-json\/wp\/v2\/comments?post=597"}],"version-history":[{"count":1,"href":"https:\/\/lavoiedessansvoix.fr\/lavoie\/wp-json\/wp\/v2\/posts\/597\/revisions"}],"predecessor-version":[{"id":3213,"href":"https:\/\/lavoiedessansvoix.fr\/lavoie\/wp-json\/wp\/v2\/posts\/597\/revisions\/3213"}],"wp:featuredmedia":[{"embeddable":true,"href":"https:\/\/lavoiedessansvoix.fr\/lavoie\/wp-json\/wp\/v2\/media\/4181"}],"wp:attachment":[{"href":"https:\/\/lavoiedessansvoix.fr\/lavoie\/wp-json\/wp\/v2\/media?parent=597"}],"wp:term":[{"taxonomy":"category","embeddable":true,"href":"https:\/\/lavoiedessansvoix.fr\/lavoie\/wp-json\/wp\/v2\/categories?post=597"},{"taxonomy":"post_tag","embeddable":true,"href":"https:\/\/lavoiedessansvoix.fr\/lavoie\/wp-json\/wp\/v2\/tags?post=597"}],"curies":[{"name":"wp","href":"https:\/\/api.w.org\/{rel}","templated":true}]}}