{"id":593,"date":"2021-03-31T16:24:00","date_gmt":"2021-03-31T14:24:00","guid":{"rendered":"https:\/\/lavoiedessansvoix.fr\/lavoie\/2021\/03\/31\/archive-faut-il-cesser-de-vivre-pour-ne-pas-mourir\/"},"modified":"2026-04-26T20:54:46","modified_gmt":"2026-04-26T18:54:46","slug":"archive-faut-il-cesser-de-vivre-pour-ne-pas-mourir","status":"publish","type":"post","link":"https:\/\/lavoiedessansvoix.fr\/lavoie\/2021\/03\/31\/archive-faut-il-cesser-de-vivre-pour-ne-pas-mourir\/","title":{"rendered":"FAUT-IL CESSER DE VIVRE POUR NE PAS MOURIR ?"},"content":{"rendered":"<p>FAUT-IL CESSER DE VIVREPOUR NE PAS MOURIR ?J&rsquo;avais publi\u00e9 cet article le 1er janvier 2021. Il avait pour sous titre \u00ab\u00a0les v\u0153ux 2021 de la voie des sans voix\u00a0\u00bb. Ce soir ma col\u00e8re et mon indignation sont au comble. Je me gardes d&rsquo;\u00e9crire \u00e0 chaud (bouillant) un article sp\u00e9cifique. Je le ferais peut-\u00eatre demain. Dans l&rsquo;attente je vous invite \u00e0 relire celui-ci qui est un appel \u00e0 l&rsquo;insurrection populaire.Un peuple peut-il se laisser martyriser de la sorte? Je l&rsquo;avais \u00e9crit en conclusion, \u00a0\u00bb Seule une insurrection populaire peut encore nous extraire de l\u2019enfer dantesque qu\u2019ils nous concoctent au quotidien \u00e0 coup de loi lois liberticides. Seule une R\u00e9volution peut transformer l\u2019horreur promise en une \u00ab f\u00eate des opprim\u00e9s \u00bb. c&rsquo;est ce soir plus vrai que jamais. (P.S., mercredi 31 mars 2021.)1 \u2013 Le rem\u00e8de qui tueConfinements, \u00ab Un \u00bb, \u00ab Deux \u00bb,\u2026 et certains paraissent vouloir pr\u00e9parer l\u2019opinion \u00e0 un troisi\u00e8me tr\u00e8s prochain, voire un quatri\u00e8me.\u00ab Couvre-feu \u00bb \u00ab sommes-nous en guerre \u00bb sous occupation \u00e9trang\u00e8re ? Restriction des d\u00e9placements, des libert\u00e9s, Passeport int\u00e9rieur (les \u00ab auto-risations \u00bb en sont). Fermeture des bars et restaurants et des activit\u00e9s culturelles. Et au bout un in\u00e9vitable bilan : des dizaines de milliers de faillites, l\u2019explosion du ch\u00f4mage et de la pauvret\u00e9, la mont\u00e9 en puissance des d\u00e9pressions et maladies mentales et de multiples autres pathologies induites par l\u2019angoisse et l\u2019hypocondrie, mont\u00e9e des violences et du mal \u00eatre g\u00e9n\u00e9ral, des milliers de suicides. Telles seront les terribles r\u00e9alit\u00e9s de l\u2019ann\u00e9e 2021 qui s\u2019ouvre.Plomb\u00e9e par des d\u00e9penses d\u00e9biles ; (des millions de tests inutiles \u00e0 70 euros pi\u00e8ce, des masques inutiles,) ce qui se profile c\u2019est l\u2019effondrement programm\u00e9 de la s\u00e9curit\u00e9 Sociale.Ils ont d\u00e9lib\u00e9r\u00e9ment entrav\u00e9 la libert\u00e9 de prescrire des m\u00e9decins car ils voulaient interdire de soigner le Covid afin d\u2019imposer le vaccin comme solution unique \u00e0 \u00ab la pand\u00e9mie \u00bb. Ils ont si lourdement insist\u00e9, ils ont tant \u00ab b\u00e9tonn\u00e9 \u00bb toutes les autres voies pour ne laisser que cette issue, qu\u2019ils ont fini par se \u00ab griller \u00bb eux-m\u00eames. Toute cette affaire, pilot\u00e9 par les lobbys des grands laboratoires avec la complicit\u00e9 active des gouvernements n\u2019avait-elle donc pour finalit\u00e9 que d\u2019imposer aux peuples, \u00e0 propos d\u2019une maladie b\u00e9gnine, qui ne la justifie nullement, une campagne g\u00e9n\u00e9ralis\u00e9e de vaccination plan\u00e9taire ? M\u00eame les plus sceptiques commenceraient \u00e0 le croire. Et dans ce cas, quel serait le \u00ab mobile \u00bb de cette \u00ab action internationale concert\u00e9e \u00bb sinon de drainer des centaines de milliards d\u2019euros dans les coffres gigantesques du syst\u00e8me financier international ?Il s\u2019agit d\u2019une guerre en effet, quoique d\u2019un genre nouveau. Mais aussi d\u00e9vastatrice, comme nous le constaterons bient\u00f4t, que ses \u00ab grandes s\u0153urs \u00bb du d\u00e9but et du milieu du vingti\u00e8me si\u00e8cle. Certes sans destructions militaire d\u2019une partie du patrimoine immobilier de l\u2019Humanit\u00e9, mais au bout du compte des d\u00e9vastations \u00e9conomiques et sociales tout de m\u00eame s\u2019apparentant \u00e0 de v\u00e9ritables destructions \u00ab de guerre \u00bb, des populations exsangues, des pays \u00e0 \u00ab relever \u00bb, des peuples ali\u00e9n\u00e9s par la dette desquels ils exigeront qu\u2019ils \u00ab cr\u00e8vent au travail \u00bb pour r\u00e9parer LEURS d\u00e9g\u00e2ts. Tel sera le bilan cataclysmique dont devront r\u00e9pondre les promoteurs des politiques pr\u00e9tendument sanitaires des gouvernements.Or nous le savons d\u00e9j\u00e0, il \u00ab plaideront \u00bb que c\u2019est la faute du virus. Tant de cynisme, malgr\u00e9 le dramatique de la situation, ne peut que provoquer l\u2019hilarit\u00e9. A-t-on jamais vu un virus \u00e9laborer \u00ab des plans \u00bb ou \u00ab prendre une d\u00e9cision \u00bb quelconque ? Les solutions choisis et les politiques mises en \u0153uvre ce sont \u00ab les pouvoirs politiques \u00bb qui les ont concoct\u00e9s, d\u00e9cid\u00e9 et impos\u00e9 \u00e0 tous. Or, nul ne pourra dire qu\u2019ils n\u2019avaient pas le choix. Comment pourraient-ils pr\u00e9tendre jamais qu\u2019ils \u00e9taient oblig\u00e9s pour nous pr\u00e9server du corona virus de nous appliquer un traitement de \u00ab cheval \u00bb bien plus meurtrier que l\u2019\u00e9pid\u00e9mie qu\u2019ils pr\u00e9tendent combattre ? Comment justifier en effet qu\u2019ils devaient nous emp\u00eacher de vivre pour ne pas mourir.2 Le questionnement qui rend fouFaut-il \u00ab arr\u00eater de vivre pour ne pas mourir ? \u00bb Voil\u00e0 la question angoissante que posent les politiques pr\u00e9tendument sanitaires des gouvernements. Mais arr\u00eater de vivre n\u2019est-ce pas mourir aussi ? M\u00eame plus vite et plus surement.Arr\u00eater de vivre pour ne pas mourir, C\u2019est le dilemme irrationnel qui rend fou, voil\u00e0 bien une question \u00e0 se cogner la t\u00eate contre les murs, Voil\u00e0 une invitation \u00e0 la d\u00e9mence que les gouvernements paraissent adresser \u00e0 leurs populations. Mais les d\u00e9ments, les vrais, n\u2019est-ce pas eux qui appliquent des politiques aussi d\u00e9vastatrices ?C\u2019est sous ce signe de la gouvernance de la d\u00e9mence, que nous abordons l\u2019ann\u00e9e 2021. Je ne vous souhaiterez donc pas une \u00ab bonne ann\u00e9e \u00bb, je n\u2019en ai ni le c\u0153ur ni l\u2019audace. D\u2019ailleurs les r\u00e9jouissances populaires qui accompagnent habituellement cette date fatidique ont \u00e9t\u00e9 cette ann\u00e9e interdites. Interdit de s\u2019embrasser, de se congratuler, d\u2019\u00e9changer pour un instants de joie et d\u2019illusion des v\u0153ux de bonheurs auxquels on ne peut d\u2019ailleurs pas croire.Je ne vous souhaiterai pas une \u00ab Bonne ann\u00e9e \u00bb car elle sera particuli\u00e8rement mauvaise et ce serait donc mentir que de le faire. Au demeurant, il faudrait, \u00e0 l\u2019instar de nos gouvernants avoir une \u00e9norme dose de cynisme pour pr\u00e9senter des v\u0153ux de bonheur \u00e0 une population pressur\u00e9e et tortur\u00e9;3 &#8211; Vite le vaccin du peuple contre la barbarie !Seule une insurrection populaire peut encore nous extraire de l\u2019enfer dantesque qu\u2019ils nous concoctent au quotidien \u00e0 coup de loi lois liberticides. Seule une R\u00e9volution peut transformer l\u2019horreur promise en une \u00ab f\u00eate des opprim\u00e9s \u00bb.Les seuls v\u0153ux qu\u2019il soit honn\u00eates de vous offrir en de pareilles circonstances, sont donc bien ceux-ci : du r\u00e9veil des consciences, de l\u2019explosion de la col\u00e8re sociale, de la mobilisation populaire g\u00e9n\u00e9rale, de la r\u00e9volution qui mettra fin \u00e0 la barbarie lib\u00e9rale du capital financier et ouvrira la carri\u00e8re \u00e0 une soci\u00e9t\u00e9 apais\u00e9e fond\u00e9e sur le partage, l\u2019entraide et la solidarit\u00e9.Patrick Seignon. \u00ab lavoiedessansvoix.fr \u00bb. 1er janvier 2021.https:\/\/lavoiedessansvoix.fr\/forum\/content.php\/1351-FAUT-IL-CESSER-DE-VIVRE-POUR-NE-PAS-MOURIR<\/p>\n","protected":false},"excerpt":{"rendered":"<p>FAUT-IL CESSER DE VIVREPOUR NE PAS MOURIR ?J&rsquo;avais publi\u00e9 cet article le 1er janvier 2021. Il avait pour sous titre [&hellip;]<\/p>\n","protected":false},"author":1,"featured_media":4177,"comment_status":"open","ping_status":"open","sticky":false,"template":"","format":"standard","meta":{"sfsi_plus_gutenberg_text_before_share":"","sfsi_plus_gutenberg_show_text_before_share":"","sfsi_plus_gutenberg_icon_type":"","sfsi_plus_gutenberg_icon_alignemt":"","sfsi_plus_gutenburg_max_per_row":"","site-sidebar-layout":"default","site-content-layout":"","ast-site-content-layout":"default","site-content-style":"default","site-sidebar-style":"default","ast-global-header-display":"","ast-banner-title-visibility":"","ast-main-header-display":"","ast-hfb-above-header-display":"","ast-hfb-below-header-display":"","ast-hfb-mobile-header-display":"","site-post-title":"","ast-breadcrumbs-content":"","ast-featured-img":"","footer-sml-layout":"","ast-disable-related-posts":"","theme-transparent-header-meta":"","adv-header-id-meta":"","stick-header-meta":"","header-above-stick-meta":"","header-main-stick-meta":"","header-below-stick-meta":"","astra-migrate-meta-layouts":"default","ast-page-background-enabled":"default","ast-page-background-meta":{"desktop":{"background-color":"var(--ast-global-color-4)","background-image":"","background-repeat":"repeat","background-position":"center center","background-size":"auto","background-attachment":"scroll","background-type":"","background-media":"","overlay-type":"","overlay-color":"","overlay-opacity":"","overlay-gradient":""},"tablet":{"background-color":"","background-image":"","background-repeat":"repeat","background-position":"center center","background-size":"auto","background-attachment":"scroll","background-type":"","background-media":"","overlay-type":"","overlay-color":"","overlay-opacity":"","overlay-gradient":""},"mobile":{"background-color":"","background-image":"","background-repeat":"repeat","background-position":"center center","background-size":"auto","background-attachment":"scroll","background-type":"","background-media":"","overlay-type":"","overlay-color":"","overlay-opacity":"","overlay-gradient":""}},"ast-content-background-meta":{"desktop":{"background-color":"var(--ast-global-color-5)","background-image":"","background-repeat":"repeat","background-position":"center center","background-size":"auto","background-attachment":"scroll","background-type":"","background-media":"","overlay-type":"","overlay-color":"","overlay-opacity":"","overlay-gradient":""},"tablet":{"background-color":"var(--ast-global-color-5)","background-image":"","background-repeat":"repeat","background-position":"center center","background-size":"auto","background-attachment":"scroll","background-type":"","background-media":"","overlay-type":"","overlay-color":"","overlay-opacity":"","overlay-gradient":""},"mobile":{"background-color":"var(--ast-global-color-5)","background-image":"","background-repeat":"repeat","background-position":"center center","background-size":"auto","background-attachment":"scroll","background-type":"","background-media":"","overlay-type":"","overlay-color":"","overlay-opacity":"","overlay-gradient":""}},"footnotes":""},"categories":[16],"tags":[],"class_list":["post-593","post","type-post","status-publish","format-standard","has-post-thumbnail","hentry","category-archives-cms"],"_links":{"self":[{"href":"https:\/\/lavoiedessansvoix.fr\/lavoie\/wp-json\/wp\/v2\/posts\/593","targetHints":{"allow":["GET"]}}],"collection":[{"href":"https:\/\/lavoiedessansvoix.fr\/lavoie\/wp-json\/wp\/v2\/posts"}],"about":[{"href":"https:\/\/lavoiedessansvoix.fr\/lavoie\/wp-json\/wp\/v2\/types\/post"}],"author":[{"embeddable":true,"href":"https:\/\/lavoiedessansvoix.fr\/lavoie\/wp-json\/wp\/v2\/users\/1"}],"replies":[{"embeddable":true,"href":"https:\/\/lavoiedessansvoix.fr\/lavoie\/wp-json\/wp\/v2\/comments?post=593"}],"version-history":[{"count":1,"href":"https:\/\/lavoiedessansvoix.fr\/lavoie\/wp-json\/wp\/v2\/posts\/593\/revisions"}],"predecessor-version":[{"id":3205,"href":"https:\/\/lavoiedessansvoix.fr\/lavoie\/wp-json\/wp\/v2\/posts\/593\/revisions\/3205"}],"wp:featuredmedia":[{"embeddable":true,"href":"https:\/\/lavoiedessansvoix.fr\/lavoie\/wp-json\/wp\/v2\/media\/4177"}],"wp:attachment":[{"href":"https:\/\/lavoiedessansvoix.fr\/lavoie\/wp-json\/wp\/v2\/media?parent=593"}],"wp:term":[{"taxonomy":"category","embeddable":true,"href":"https:\/\/lavoiedessansvoix.fr\/lavoie\/wp-json\/wp\/v2\/categories?post=593"},{"taxonomy":"post_tag","embeddable":true,"href":"https:\/\/lavoiedessansvoix.fr\/lavoie\/wp-json\/wp\/v2\/tags?post=593"}],"curies":[{"name":"wp","href":"https:\/\/api.w.org\/{rel}","templated":true}]}}