{"id":592,"date":"2021-04-01T06:42:00","date_gmt":"2021-04-01T04:42:00","guid":{"rendered":"https:\/\/lavoiedessansvoix.fr\/lavoie\/2021\/04\/01\/archive-le-piece-du-con\/"},"modified":"2026-04-26T20:54:37","modified_gmt":"2026-04-26T18:54:37","slug":"archive-le-piece-du-con","status":"publish","type":"post","link":"https:\/\/lavoiedessansvoix.fr\/lavoie\/2021\/04\/01\/archive-le-piece-du-con\/","title":{"rendered":"LE PI\u00c8CE DU CON"},"content":{"rendered":"<p>LE PI\u00c8CE DU CONhttps:\/\/lavoiedessansvoix.info\/wp-content\/uploads\/2021\/04\/1031227427_0_688_5455_3634_1000x541_80_0_0_f3053c136858371357ae7d80ecbb55f0-e1617729033293-370&#215;297.jpg\u00a0\u00bbEmmanuel Macron nommera Marine Le Pen comme Premi\u00e8re ministre en cas de r\u00e9\u00e9lection.\u00a0\u00bb\u00a9 AFP 2021 Eric FeferbergPolitique10:49 01.04.2021(mis \u00e0 jour 11:53 01.04.2021) URL courtePar Youri Apreleff373563S&rsquo;abonner\u00a0\u00bbDans un petit peu plus d\u2019un an, les Fran\u00e7ais voteront pour leur futur Pr\u00e9sident. Pas encore d\u00e9clar\u00e9 candidat \u00e0 sa r\u00e9\u00e9lection, les sondages donnent n\u00e9anmoins un duel Macron\/Le Pen quasi certain au second tour. Des sources proches du chef de l\u2019\u00c9tat ont expliqu\u00e9 \u00e0 Sputnik que celui-ci a un plan pour rassembler les Fran\u00e7ais. Un plan surprenant.\u00a0\u00bb*D\u00e9cid\u00e9ment Macron est un gar\u00e7on tr\u00e8s intelligent. C\u2019est tout au moins ce qu\u2019il croit. Or chacun sait que cette enflure du cerveau pr\u00e9sage mal de ceux qui en sont atteint.On approche de la fin de son terrifiant mandat. Il ne fait aucun doute en effet que les chances de l\u2019emporter de Marine Le Pen en 2022 sont immenses. Voil\u00e0 20 ans que FN et RN, Jean-Marie et Marine Le Pen briguent la pr\u00e9sidence de la r\u00e9publique faisant mieux et plus fort \u00e0 chaque \u00e9ch\u00e9ance. Voil\u00e0 un mouvement qui depuis 40 ans c\u2019est singularis\u00e9 par son ind\u00e9pendance \u00e0 l\u2019\u00e9gard de la politique de droite et de gauche. Et l\u2019id\u00e9e \u00ab GENIALE \u00bb du petit \u00ab G\u00e9nie \u00bb qui s\u00e9vit \u00e0 l\u2019Elys\u00e9e consiste \u00e0 inviter madame Le Pen \u00e0 lui cirer les chaussures s\u2019il est r\u00e9\u00e9lu.Il ne fait aucun doute qu\u2019une id\u00e9e aussi saugrenue d\u2019un pi\u00e8ge \u00e0 con aussi grossier ne pouvait venir qu\u2019\u00e0 un petit homme de son esp\u00e8ce.Imaginez, si Marine le Pen donnait le moindre cr\u00e9dit \u00e0 cette conjecture, cela \u00e9quivaudrait pour elle \u00e0 renoncer sur le champ sa posture pr\u00e9sidentielle et donc \u00e0 signer par avance sa d\u00e9faite.Le pi\u00e8ge est du m\u00eame calibre que celui o\u00f9 Mitterrand pris Jacques Chirac en 2008 lors du d\u00e9bat t\u00e9l\u00e9vis\u00e9 du second tour : Chirac : \u00ab Monsieur Mitterrand, nous sommes ici deux candidats \u00e0 l\u2019\u00e9lection pr\u00e9sidentielle, il n\u2019y a pas de Pr\u00e9sident ni de Premier ministre \u00bb. Mitterrand \u00bb \u00ab Vous avez parfaitement raison monsieur le Premier ministre \u00bb.Pauvre Macron. C\u2019est du r\u00e9chauff\u00e9 ton pi\u00e8ge. La ficelle de d\u00e9clenchement est grosse comme un hauban.  Pour ne pas partager ses id\u00e9es je ne suis pas s\u00fbr pour autant que Marine Le Pen soi suffisamment idiote pour s\u2019y faire prendre.Patrick Seignon. \u00ab lavoiedessansvoix.fr \u00bbMercredi 1er avril 2021.<\/p>\n","protected":false},"excerpt":{"rendered":"<p>LE PI\u00c8CE DU CONhttps:\/\/lavoiedessansvoix.info\/wp-content\/uploads\/2021\/04\/1031227427_0_688_5455_3634_1000x541_80_0_0_f3053c136858371357ae7d80ecbb55f0-e1617729033293-370&#215;297.jpg\u00a0\u00bbEmmanuel Macron nommera Marine Le Pen comme Premi\u00e8re ministre en cas de r\u00e9\u00e9lection.\u00a0\u00bb\u00a9 AFP 2021 Eric FeferbergPolitique10:49 [&hellip;]<\/p>\n","protected":false},"author":1,"featured_media":4176,"comment_status":"open","ping_status":"open","sticky":false,"template":"","format":"standard","meta":{"sfsi_plus_gutenberg_text_before_share":"","sfsi_plus_gutenberg_show_text_before_share":"","sfsi_plus_gutenberg_icon_type":"","sfsi_plus_gutenberg_icon_alignemt":"","sfsi_plus_gutenburg_max_per_row":"","site-sidebar-layout":"default","site-content-layout":"","ast-site-content-layout":"default","site-content-style":"default","site-sidebar-style":"default","ast-global-header-display":"","ast-banner-title-visibility":"","ast-main-header-display":"","ast-hfb-above-header-display":"","ast-hfb-below-header-display":"","ast-hfb-mobile-header-display":"","site-post-title":"","ast-breadcrumbs-content":"","ast-featured-img":"","footer-sml-layout":"","ast-disable-related-posts":"","theme-transparent-header-meta":"","adv-header-id-meta":"","stick-header-meta":"","header-above-stick-meta":"","header-main-stick-meta":"","header-below-stick-meta":"","astra-migrate-meta-layouts":"default","ast-page-background-enabled":"default","ast-page-background-meta":{"desktop":{"background-color":"var(--ast-global-color-4)","background-image":"","background-repeat":"repeat","background-position":"center center","background-size":"auto","background-attachment":"scroll","background-type":"","background-media":"","overlay-type":"","overlay-color":"","overlay-opacity":"","overlay-gradient":""},"tablet":{"background-color":"","background-image":"","background-repeat":"repeat","background-position":"center center","background-size":"auto","background-attachment":"scroll","background-type":"","background-media":"","overlay-type":"","overlay-color":"","overlay-opacity":"","overlay-gradient":""},"mobile":{"background-color":"","background-image":"","background-repeat":"repeat","background-position":"center center","background-size":"auto","background-attachment":"scroll","background-type":"","background-media":"","overlay-type":"","overlay-color":"","overlay-opacity":"","overlay-gradient":""}},"ast-content-background-meta":{"desktop":{"background-color":"var(--ast-global-color-5)","background-image":"","background-repeat":"repeat","background-position":"center center","background-size":"auto","background-attachment":"scroll","background-type":"","background-media":"","overlay-type":"","overlay-color":"","overlay-opacity":"","overlay-gradient":""},"tablet":{"background-color":"var(--ast-global-color-5)","background-image":"","background-repeat":"repeat","background-position":"center center","background-size":"auto","background-attachment":"scroll","background-type":"","background-media":"","overlay-type":"","overlay-color":"","overlay-opacity":"","overlay-gradient":""},"mobile":{"background-color":"var(--ast-global-color-5)","background-image":"","background-repeat":"repeat","background-position":"center center","background-size":"auto","background-attachment":"scroll","background-type":"","background-media":"","overlay-type":"","overlay-color":"","overlay-opacity":"","overlay-gradient":""}},"footnotes":""},"categories":[16],"tags":[],"class_list":["post-592","post","type-post","status-publish","format-standard","has-post-thumbnail","hentry","category-archives-cms"],"_links":{"self":[{"href":"https:\/\/lavoiedessansvoix.fr\/lavoie\/wp-json\/wp\/v2\/posts\/592","targetHints":{"allow":["GET"]}}],"collection":[{"href":"https:\/\/lavoiedessansvoix.fr\/lavoie\/wp-json\/wp\/v2\/posts"}],"about":[{"href":"https:\/\/lavoiedessansvoix.fr\/lavoie\/wp-json\/wp\/v2\/types\/post"}],"author":[{"embeddable":true,"href":"https:\/\/lavoiedessansvoix.fr\/lavoie\/wp-json\/wp\/v2\/users\/1"}],"replies":[{"embeddable":true,"href":"https:\/\/lavoiedessansvoix.fr\/lavoie\/wp-json\/wp\/v2\/comments?post=592"}],"version-history":[{"count":1,"href":"https:\/\/lavoiedessansvoix.fr\/lavoie\/wp-json\/wp\/v2\/posts\/592\/revisions"}],"predecessor-version":[{"id":3203,"href":"https:\/\/lavoiedessansvoix.fr\/lavoie\/wp-json\/wp\/v2\/posts\/592\/revisions\/3203"}],"wp:featuredmedia":[{"embeddable":true,"href":"https:\/\/lavoiedessansvoix.fr\/lavoie\/wp-json\/wp\/v2\/media\/4176"}],"wp:attachment":[{"href":"https:\/\/lavoiedessansvoix.fr\/lavoie\/wp-json\/wp\/v2\/media?parent=592"}],"wp:term":[{"taxonomy":"category","embeddable":true,"href":"https:\/\/lavoiedessansvoix.fr\/lavoie\/wp-json\/wp\/v2\/categories?post=592"},{"taxonomy":"post_tag","embeddable":true,"href":"https:\/\/lavoiedessansvoix.fr\/lavoie\/wp-json\/wp\/v2\/tags?post=592"}],"curies":[{"name":"wp","href":"https:\/\/api.w.org\/{rel}","templated":true}]}}