{"id":590,"date":"2021-04-06T16:28:00","date_gmt":"2021-04-06T14:28:00","guid":{"rendered":"https:\/\/lavoiedessansvoix.fr\/lavoie\/2021\/04\/06\/archive-que-vivent-et-se-multiplient-les-diners-clandestins\/"},"modified":"2026-04-26T20:54:17","modified_gmt":"2026-04-26T18:54:17","slug":"archive-que-vivent-et-se-multiplient-les-diners-clandestins","status":"publish","type":"post","link":"https:\/\/lavoiedessansvoix.fr\/lavoie\/2021\/04\/06\/archive-que-vivent-et-se-multiplient-les-diners-clandestins\/","title":{"rendered":"QUE VIVENT ET SE MULTIPLIENT LES DINERS \u00ab CLANDESTINS \u00bb !"},"content":{"rendered":"<p>QUE VIVENT ET SE MULTIPLIENT LES DINERS \u00ab CLANDESTINS \u00bb !https:\/\/lavoiedessansvoix.info\/wp-content\/uploads\/2021\/04\/Capture400.pngNon, je ne joindrai pas ma voix au concert des r\u00e9actions indign\u00e9es qui condamne les diners \u00ab clandestins \u00bb de Pierre-Jean Chalen\u00e7on o\u00f9 s\u2019invitent des Ministres int\u00e8gres.Non, je ne joindrai pas ma voix \u00e0 celles qui tancent de \u00ab braves \u00bb policiers qui \u00ab bravent \u00bb eux-m\u00eames les consignes liberticides pour f\u00eater dans un commissariat ou une gendarmerie l\u2019anniversaire de l\u2019un d\u2019entre euxPas plus que je ne r\u00e9primande les jeunes qui tournent des clips, les copains qui boivent du ros\u00e9 sur une plage, les \u00ab carnavaleurs \u00bb de Marseille et d\u2019ailleurs, les f\u00eatards du minist\u00e8re de l\u2019Education Nationale, les danseurs qui virevoltent sur les accents entrainants de la chanson de H.K.Tous ceux-l\u00e0 ont raison !Et je ne saurai trop que les encourager \u00e0 braver encore et toujours les consignes liberticides et mortif\u00e8res d\u2019un gouvernement de fous furieux. Ils ont tous raison de faire fi des oukases de Macron V\u00e9ran Castex et Darmanin. Ils ont tous raison et il ne faut pas, ni les critiquer ni les condamner, mais au contraire appeler les fran\u00e7ais en masse \u00e0 suivre leur exemple, \u00e0 entrer dans la d\u00e9sob\u00e9issance civile.Le reproche, car il en est un tout de m\u00eame, que l\u2019on peut faire aux organisateurs de diners clandestins \u00bb hupp\u00e9s, aux journalistes de t\u00e9l\u00e9s qui festoient, aux policiers et gendarmes qui se congratulent et \u00ab trinquent \u00bb, ce n\u2019est pas de faire cela, ils ont enti\u00e8rement raison, je le re redit, mais c\u2019est de se comporter comme des \u00ab faux-culs \u00bb. Des Ministres qui prennent des arr\u00eat\u00e9s et font le contraire de ce qu\u2019ils disent sont m\u00e9prisables, des journalistes de t\u00e9l\u00e9vision qui commentant \u00ab les carnavals, barbecues et rassemblements \u00ab clandestins \u00bb traitent les Fran\u00e7ais de \u00ab peuple de petits cons \u00bb, et se comportent eux-m\u00eames comme de \u00ab grands salops \u00bb sont des gens ignobles sans nul doute. Les policiers et gendarmes qui s\u2019\u00e9clatent bien \u00e0 l\u2019abri dans les murs de leurs locaux d\u00e9di\u00e9s et verbalisent le lendemain un brave citoyen qui ne met pas de masque, a fait 12 kilom\u00e8tres ou rentre \u00e0 son domicile \u00e0 20 heures, sont des \u00ab bouffons \u00bb et des \u00ab petits gar\u00e7ons \u00bb. Comme les potaches ils ob\u00e9issent bien sagement au maitre et chahutent d\u00e8s qu\u2019il a le dos tourn\u00e9.Infantilisation !Refusons d\u2019\u00eatre nous aussi \u00ab infantilis\u00e9s \u00bb. Refusons les lois, d\u00e9crets, et arr\u00eat\u00e9s liberticides de ce gouvernement ubuesque.A l\u2019exemple des \u00ab bourges hilares \u00bb, des ministres f\u00e9lons, des journalistes indignes, des policiers ou gendarmes indisciplin\u00e9s, lib\u00e9rons-nous, faisons exploser la chape de plomb de \u00ab l\u2019\u00e9tat d\u2019urgence sanitaire \u00bb.Patrick Seignon. \u00ab lavoiedessansvoix.fr \u00bb. Mardi 6 avril 2021.https:\/\/lavoiedessansvoix.fr\/forum\/content.php\/1354-QUE-VIVENT-ET-SE-MULTIPLIENT-LES-DINERS-%C2%AB-CLANDESTINS-%C2%BB-%21<\/p>\n","protected":false},"excerpt":{"rendered":"<p>QUE VIVENT ET SE MULTIPLIENT LES DINERS \u00ab CLANDESTINS \u00bb !https:\/\/lavoiedessansvoix.info\/wp-content\/uploads\/2021\/04\/Capture400.pngNon, je ne joindrai pas ma voix au concert des [&hellip;]<\/p>\n","protected":false},"author":1,"featured_media":4174,"comment_status":"open","ping_status":"open","sticky":false,"template":"","format":"standard","meta":{"sfsi_plus_gutenberg_text_before_share":"","sfsi_plus_gutenberg_show_text_before_share":"","sfsi_plus_gutenberg_icon_type":"","sfsi_plus_gutenberg_icon_alignemt":"","sfsi_plus_gutenburg_max_per_row":"","site-sidebar-layout":"default","site-content-layout":"","ast-site-content-layout":"default","site-content-style":"default","site-sidebar-style":"default","ast-global-header-display":"","ast-banner-title-visibility":"","ast-main-header-display":"","ast-hfb-above-header-display":"","ast-hfb-below-header-display":"","ast-hfb-mobile-header-display":"","site-post-title":"","ast-breadcrumbs-content":"","ast-featured-img":"","footer-sml-layout":"","ast-disable-related-posts":"","theme-transparent-header-meta":"","adv-header-id-meta":"","stick-header-meta":"","header-above-stick-meta":"","header-main-stick-meta":"","header-below-stick-meta":"","astra-migrate-meta-layouts":"default","ast-page-background-enabled":"default","ast-page-background-meta":{"desktop":{"background-color":"var(--ast-global-color-4)","background-image":"","background-repeat":"repeat","background-position":"center center","background-size":"auto","background-attachment":"scroll","background-type":"","background-media":"","overlay-type":"","overlay-color":"","overlay-opacity":"","overlay-gradient":""},"tablet":{"background-color":"","background-image":"","background-repeat":"repeat","background-position":"center center","background-size":"auto","background-attachment":"scroll","background-type":"","background-media":"","overlay-type":"","overlay-color":"","overlay-opacity":"","overlay-gradient":""},"mobile":{"background-color":"","background-image":"","background-repeat":"repeat","background-position":"center center","background-size":"auto","background-attachment":"scroll","background-type":"","background-media":"","overlay-type":"","overlay-color":"","overlay-opacity":"","overlay-gradient":""}},"ast-content-background-meta":{"desktop":{"background-color":"var(--ast-global-color-5)","background-image":"","background-repeat":"repeat","background-position":"center center","background-size":"auto","background-attachment":"scroll","background-type":"","background-media":"","overlay-type":"","overlay-color":"","overlay-opacity":"","overlay-gradient":""},"tablet":{"background-color":"var(--ast-global-color-5)","background-image":"","background-repeat":"repeat","background-position":"center center","background-size":"auto","background-attachment":"scroll","background-type":"","background-media":"","overlay-type":"","overlay-color":"","overlay-opacity":"","overlay-gradient":""},"mobile":{"background-color":"var(--ast-global-color-5)","background-image":"","background-repeat":"repeat","background-position":"center center","background-size":"auto","background-attachment":"scroll","background-type":"","background-media":"","overlay-type":"","overlay-color":"","overlay-opacity":"","overlay-gradient":""}},"footnotes":""},"categories":[16],"tags":[],"class_list":["post-590","post","type-post","status-publish","format-standard","has-post-thumbnail","hentry","category-archives-cms"],"_links":{"self":[{"href":"https:\/\/lavoiedessansvoix.fr\/lavoie\/wp-json\/wp\/v2\/posts\/590","targetHints":{"allow":["GET"]}}],"collection":[{"href":"https:\/\/lavoiedessansvoix.fr\/lavoie\/wp-json\/wp\/v2\/posts"}],"about":[{"href":"https:\/\/lavoiedessansvoix.fr\/lavoie\/wp-json\/wp\/v2\/types\/post"}],"author":[{"embeddable":true,"href":"https:\/\/lavoiedessansvoix.fr\/lavoie\/wp-json\/wp\/v2\/users\/1"}],"replies":[{"embeddable":true,"href":"https:\/\/lavoiedessansvoix.fr\/lavoie\/wp-json\/wp\/v2\/comments?post=590"}],"version-history":[{"count":1,"href":"https:\/\/lavoiedessansvoix.fr\/lavoie\/wp-json\/wp\/v2\/posts\/590\/revisions"}],"predecessor-version":[{"id":3199,"href":"https:\/\/lavoiedessansvoix.fr\/lavoie\/wp-json\/wp\/v2\/posts\/590\/revisions\/3199"}],"wp:featuredmedia":[{"embeddable":true,"href":"https:\/\/lavoiedessansvoix.fr\/lavoie\/wp-json\/wp\/v2\/media\/4174"}],"wp:attachment":[{"href":"https:\/\/lavoiedessansvoix.fr\/lavoie\/wp-json\/wp\/v2\/media?parent=590"}],"wp:term":[{"taxonomy":"category","embeddable":true,"href":"https:\/\/lavoiedessansvoix.fr\/lavoie\/wp-json\/wp\/v2\/categories?post=590"},{"taxonomy":"post_tag","embeddable":true,"href":"https:\/\/lavoiedessansvoix.fr\/lavoie\/wp-json\/wp\/v2\/tags?post=590"}],"curies":[{"name":"wp","href":"https:\/\/api.w.org\/{rel}","templated":true}]}}