{"id":588,"date":"2021-04-10T09:47:00","date_gmt":"2021-04-10T07:47:00","guid":{"rendered":"https:\/\/lavoiedessansvoix.fr\/lavoie\/2021\/04\/10\/archive-attention-au-nouveau-variant-j-ai-attrape-le-culronavirus\/"},"modified":"2026-04-26T20:54:01","modified_gmt":"2026-04-26T18:54:01","slug":"archive-attention-au-nouveau-variant-j-ai-attrape-le-culronavirus","status":"publish","type":"post","link":"https:\/\/lavoiedessansvoix.fr\/lavoie\/2021\/04\/10\/archive-attention-au-nouveau-variant-j-ai-attrape-le-culronavirus\/","title":{"rendered":"ATTENTION AU NOUVEAU VARIANT : J\u2019AI ATTRAPE LE \u00ab CULRONAVIRUS \u00bb"},"content":{"rendered":"<p>ATTENTION AU NOUVEAU VARIANT :J\u2019AI ATTRAPE LE \u00ab CULRONAVIRUS \u00bbhttps:\/\/lavoiedessansvoix.info\/wp-content\/uploads\/2021\/04\/B9724076950Z.1_20200722122135_000GUKGCE9B9.jpgVous avez constat\u00e9 qu\u2019au plus les gens ob\u00e9issent sagement, portent le masque partout, jusque sous la douche et dans leurs toilettes, se lavent les mains au gel \u00ab hydroxyalcoolique \u00bb, observent des \u00ab distanciations \u00bb sociales, se donnent des coups de coude au lieu et place des poign\u00e9es de mains, des regards de terreur et de d\u00e9fiance \u00e0 la place des bons sourires d\u2019autrefois, au plus ce satan\u00e9 virus nous fait des variants et des avatars.Pour ma part je ne suis pas tr\u00e8s angoiss\u00e9 et pas hypocondriaque du tout, depuis le d\u00e9but de \u00ab la crise de nerfs sanitaire \u00bb orchestr\u00e9 par les pouvoirs publics je n\u2019ai mis un masque que 10 minutes pour acc\u00e9der \u00e0 un bureau de la mairie afin de renouveler ma carte d\u2019identit\u00e9. Et voyez-vous, un an \u00bd apr\u00e8s je suis toujours aussi vivant et truculent, et je n\u2019ai toujours pas contract\u00e9 ce virus que des milliers de masqu\u00e9s ont rencontr\u00e9. A croire qu\u2019il pr\u00e9f\u00e8re les masqu\u00e9s.Moi, pendant ce temps, arm\u00e9 de ma verve habituelle, j\u2019ai pris le parti de ne me soucier pas de \u00ab cette catastrophe plan\u00e9taire \u00bb dont les grands m\u00e9dias se gargarisent et nous rebattent les oreilles \u00e0 longueur de journ\u00e9e. J\u2019ai \u00e9teint la t\u00e9l\u00e9vision et sur les conseils \u00ab de mon voisin du dessus, un certain Boris Vian \u00bb je l\u2019ai tourn\u00e9e \u00e0 l\u2019envers et me suis rendu \u00e0 l\u2019\u00e9vidence qu\u2019elle \u00e9tait en effet bien plus int\u00e9ressante ainsi. J\u2019ai pu d\u00e8s lors consacrer mon temps et mon attention, a d\u2019autres p\u00e9rils, \u00e9cologiques ceux-l\u00e0, qui menace notre plan\u00e8te et par voie de cons\u00e9quence l\u2019Humanit\u00e9 toute enti\u00e8re. Dans le contexte actuel vous ne serez pas \u00e9tonn\u00e9 qu\u2019un probl\u00e8me m\u2019ait particuli\u00e8rement sensibilis\u00e9 avant tous les autres. Que deviennent ses millions, que dis-je, ces milliards de masques utilisables quelques heures seulement et qu\u2019il faut jeter ensuite ?Qu\u2019elle gabegie ! quel gaspillage me suis-je dit.Alors je me suis enquit d\u2019en recycler quelques-uns \u00e0 un usage plus noble que de m\u2019emp\u00eacher de respirer. Je les ramasse, je les empile proprement et les range dans le petit coin de \u00ab mon petit-coin \u00bb ; Et plut\u00f4t que de gaspiller en plus du papier toilette je me nettoie le post\u00e9rieur avec des masques usagers. Comme ceux-l\u00e0 ne servent \u00e0 rien de fa\u00e7on g\u00e9n\u00e9rale, et en ext\u00e9rieur encore moins, au moins ne suis-je convaincu ils n\u2019auront pas \u00e9t\u00e9 compl\u00e8tement inutiles.J\u2019ai r\u00e9alis\u00e9 une vid\u00e9o pour faire partager mon exp\u00e9rience sur \u00ab YouTube \u00bb, afin pensai-je que cet usage se multiplie, bien conscient que si j\u2019en restait le seul praticien il ne serait pas d\u2019un grand impact environnemental. J\u2019\u00e9tais je dois dire plut\u00f4t fier d\u2019avoir trouv\u00e9 \u00e0 cet objet dont l\u2019inutilit\u00e9 \u00ab Faciale \u00bb est av\u00e9r\u00e9e, une utilit\u00e9 au moins \u00ab fessalle \u00bb. Mais je dois aujourd\u2019hui d\u00e9chanter et pr\u00e9venir ceux qui voudraient suivre mon exemple de ne le surtout pas faire. Cette pratique est dangereuse.Voil\u00e0 quelque jours mon anus (pour parler un langage scientifique, trou de balle dit-on en langage rel\u00e2ch\u00e9) est devenu br\u00fblant et irrit\u00e9, pris de \u00ab quinte de toux \u00bb et de difficult\u00e9s respiratoires. Bien que je rechigne habituellement \u00e0 consulter mon m\u00e9decin pour des causes aussi intimes, le mal s\u2019aggravant j\u2019ai bien d\u00fb me r\u00e9soudre \u00e0 l\u2019aller-voir.L\u2019examen n\u2019a pas \u00e9t\u00e9 tr\u00e8s long et le diagnostic sans appel ; Mon brave monsieur m\u2019a dit mon docteur vous avez attrap\u00e9 \u00ab un Culronavirus \u00bb, vous \u00eates probablement le premier cas du genre, il s\u2019agit sans nul doute d\u2019un nouveau variant du Sars Cov2. Je vais vous faire un pr\u00e9l\u00e8vement et on va envoyer \u00e7a au professeur Raoult pour \u00eatre tout \u00e0 fait \u00e9difi\u00e9.Trois jours apr\u00e8s l\u2019IHU de Marseille m\u00e9diterran\u00e9e avait fait connaitre ses conclusions. Il s\u2019agit bien d\u2019un variant. En effet. Les masques sont en v\u00e9rit\u00e9 m\u2019a-t-il \u00e9t\u00e9 expliqu\u00e9 de v\u00e9ritables nids de culture microbienne et virale ; En vous toilettant apr\u00e8s la selle avec des masques usagers vous vous \u00eates infect\u00e9 et le Sars cov2 qui attaque habituellement, par la bouche ou par les yeux le syst\u00e8me respiratoire, ne trouvant pas l\u00e0 les voies d\u2019acc\u00e8s habituelles, c\u2019est adapt\u00e9 pour p\u00e9n\u00e9trer par o\u00f9 il pouvait. Nous pensons que ce variant est extr\u00eamement dangereux et vous prions jusqu\u2019\u00e0 gu\u00e9rison totale de ne pas quitter votre domicile et de n\u2019utiliser que des toilettes \u00e0 votre usage personnel.Me voil\u00e0 donc en quarantaine moi qui pestait contre le confinement. Depuis je renouvelle toutes les nuits le m\u00eame r\u00eave obsessionnel, je m\u2019introduis \u00e0 l\u2019Elys\u00e9e expr\u00e8s pour faire \u2026 dans les toilettes pr\u00e9sidentielles.Patrick seignon ; \u00ab lavoiedessansvoix.fr \u00bb. Samedi 10 avril 2021.https:\/\/lavoiedessansvoix.fr\/forum\/content.php\/1357-ATTENTION-AU-NOUVEAU-VARIANT-J%C2%92AI-ATTRAPE-LE-%C2%AB-CULRONAVIRUS-%C2%BB<\/p>\n","protected":false},"excerpt":{"rendered":"<p>ATTENTION AU NOUVEAU VARIANT :J\u2019AI ATTRAPE LE \u00ab CULRONAVIRUS \u00bbhttps:\/\/lavoiedessansvoix.info\/wp-content\/uploads\/2021\/04\/B9724076950Z.1_20200722122135_000GUKGCE9B9.jpgVous avez constat\u00e9 qu\u2019au plus les gens ob\u00e9issent sagement, portent le [&hellip;]<\/p>\n","protected":false},"author":1,"featured_media":4172,"comment_status":"open","ping_status":"open","sticky":false,"template":"","format":"standard","meta":{"sfsi_plus_gutenberg_text_before_share":"","sfsi_plus_gutenberg_show_text_before_share":"","sfsi_plus_gutenberg_icon_type":"","sfsi_plus_gutenberg_icon_alignemt":"","sfsi_plus_gutenburg_max_per_row":"","site-sidebar-layout":"default","site-content-layout":"","ast-site-content-layout":"default","site-content-style":"default","site-sidebar-style":"default","ast-global-header-display":"","ast-banner-title-visibility":"","ast-main-header-display":"","ast-hfb-above-header-display":"","ast-hfb-below-header-display":"","ast-hfb-mobile-header-display":"","site-post-title":"","ast-breadcrumbs-content":"","ast-featured-img":"","footer-sml-layout":"","ast-disable-related-posts":"","theme-transparent-header-meta":"","adv-header-id-meta":"","stick-header-meta":"","header-above-stick-meta":"","header-main-stick-meta":"","header-below-stick-meta":"","astra-migrate-meta-layouts":"default","ast-page-background-enabled":"default","ast-page-background-meta":{"desktop":{"background-color":"var(--ast-global-color-4)","background-image":"","background-repeat":"repeat","background-position":"center center","background-size":"auto","background-attachment":"scroll","background-type":"","background-media":"","overlay-type":"","overlay-color":"","overlay-opacity":"","overlay-gradient":""},"tablet":{"background-color":"","background-image":"","background-repeat":"repeat","background-position":"center center","background-size":"auto","background-attachment":"scroll","background-type":"","background-media":"","overlay-type":"","overlay-color":"","overlay-opacity":"","overlay-gradient":""},"mobile":{"background-color":"","background-image":"","background-repeat":"repeat","background-position":"center center","background-size":"auto","background-attachment":"scroll","background-type":"","background-media":"","overlay-type":"","overlay-color":"","overlay-opacity":"","overlay-gradient":""}},"ast-content-background-meta":{"desktop":{"background-color":"var(--ast-global-color-5)","background-image":"","background-repeat":"repeat","background-position":"center center","background-size":"auto","background-attachment":"scroll","background-type":"","background-media":"","overlay-type":"","overlay-color":"","overlay-opacity":"","overlay-gradient":""},"tablet":{"background-color":"var(--ast-global-color-5)","background-image":"","background-repeat":"repeat","background-position":"center center","background-size":"auto","background-attachment":"scroll","background-type":"","background-media":"","overlay-type":"","overlay-color":"","overlay-opacity":"","overlay-gradient":""},"mobile":{"background-color":"var(--ast-global-color-5)","background-image":"","background-repeat":"repeat","background-position":"center center","background-size":"auto","background-attachment":"scroll","background-type":"","background-media":"","overlay-type":"","overlay-color":"","overlay-opacity":"","overlay-gradient":""}},"footnotes":""},"categories":[16],"tags":[],"class_list":["post-588","post","type-post","status-publish","format-standard","has-post-thumbnail","hentry","category-archives-cms"],"_links":{"self":[{"href":"https:\/\/lavoiedessansvoix.fr\/lavoie\/wp-json\/wp\/v2\/posts\/588","targetHints":{"allow":["GET"]}}],"collection":[{"href":"https:\/\/lavoiedessansvoix.fr\/lavoie\/wp-json\/wp\/v2\/posts"}],"about":[{"href":"https:\/\/lavoiedessansvoix.fr\/lavoie\/wp-json\/wp\/v2\/types\/post"}],"author":[{"embeddable":true,"href":"https:\/\/lavoiedessansvoix.fr\/lavoie\/wp-json\/wp\/v2\/users\/1"}],"replies":[{"embeddable":true,"href":"https:\/\/lavoiedessansvoix.fr\/lavoie\/wp-json\/wp\/v2\/comments?post=588"}],"version-history":[{"count":1,"href":"https:\/\/lavoiedessansvoix.fr\/lavoie\/wp-json\/wp\/v2\/posts\/588\/revisions"}],"predecessor-version":[{"id":3195,"href":"https:\/\/lavoiedessansvoix.fr\/lavoie\/wp-json\/wp\/v2\/posts\/588\/revisions\/3195"}],"wp:featuredmedia":[{"embeddable":true,"href":"https:\/\/lavoiedessansvoix.fr\/lavoie\/wp-json\/wp\/v2\/media\/4172"}],"wp:attachment":[{"href":"https:\/\/lavoiedessansvoix.fr\/lavoie\/wp-json\/wp\/v2\/media?parent=588"}],"wp:term":[{"taxonomy":"category","embeddable":true,"href":"https:\/\/lavoiedessansvoix.fr\/lavoie\/wp-json\/wp\/v2\/categories?post=588"},{"taxonomy":"post_tag","embeddable":true,"href":"https:\/\/lavoiedessansvoix.fr\/lavoie\/wp-json\/wp\/v2\/tags?post=588"}],"curies":[{"name":"wp","href":"https:\/\/api.w.org\/{rel}","templated":true}]}}