{"id":584,"date":"2021-05-12T05:37:00","date_gmt":"2021-05-12T03:37:00","guid":{"rendered":"https:\/\/lavoiedessansvoix.fr\/lavoie\/2021\/05\/12\/archive-le-danger-de-la-c-g-t-apres-l-agression-du-1er-mai-contre-la-cgt\/"},"modified":"2026-04-26T20:53:28","modified_gmt":"2026-04-26T18:53:28","slug":"archive-le-danger-de-la-c-g-t-apres-l-agression-du-1er-mai-contre-la-cgt","status":"publish","type":"post","link":"https:\/\/lavoiedessansvoix.fr\/lavoie\/2021\/05\/12\/archive-le-danger-de-la-c-g-t-apres-l-agression-du-1er-mai-contre-la-cgt\/","title":{"rendered":"LE DANGER DE LA C.G.T. (Apr\u00e8s l\u2019agression du 1er mai contre la CGT.)"},"content":{"rendered":"<p>LE DANGER DE LA C.G.T.(Apr\u00e8s l\u2019agression du 1er mai contre la CGT.)2 &#8211; UNE STRAT\u00c9GIE SUICIDAIREUne des arguties avec lesquelles la CGT \u2013 Mais elle n\u2019est pas la seule cela est vrai de la quasi-totalit\u00e9 des syndicats et formations politiques identifi\u00e9es \u00e0 gauche &#8211; justifie sa d\u00e9robade face \u00e0 la dictature sanitaire, c\u2019est que ceux qui la contestent sont les \u00ab complotistes \u00bb, les \u00ab populistes (Trump, Bolsonaro), des gens et mouvements de droite, voire d\u2019extr\u00eame droite. Alors certes, il est vrai que Florian Phillipot ou Nicolas Dupont Aignan, voire m\u00eame Philippe Devilliers se sont en France inscrits au nombre des d\u00e9fenseurs des libert\u00e9s. Mais est-ce vraiment g\u00eanant ? N\u2019est-ce pas au contraire une fort bonne nouvelle ? Bien s\u00fbr que c\u2019est une bonne chose. Pour ma part Je pr\u00e9f\u00e8re tout de m\u00eame les \u00ab gens de droite \u00bb qui d\u00e9fendent les libert\u00e9s aux gens de droite qui les attaquent. Si les syndicats et les partis \u00ab de gauche \u00bb s\u2019inscrivaient dans cette lutte, comme \u00e7a se devrait, elle ne serait plus l\u2019exclusivit\u00e9 de la droite. En effet, la seule chose vraiment choquante en cette affaire, ce n\u2019est pas que des gens ou mouvances de droite d\u00e9fendent nos libert\u00e9s, c\u2019est que \u00ab La Gauche \u00bb ne les d\u00e9fendent pas. C\u2019est que le mouvement syndical et les partis qui se disent de gauche, dont la d\u00e9fense des libert\u00e9s \u00e9tait jusque-l\u00e0 une pr\u00e9occupation essentielle, abandonnent celle-ci \u00e0 la droite.Le plus que probable duel Macron\/Le Pen au second tour des \u00e9lection pr\u00e9sidentielles de 2022 (si elles ont lieu*), les obs\u00e8des et perverti leur jugement. Que fera dans ce cas le candidat de Gauche disqualifi\u00e9 qui ne sera pas pr\u00e9sent au second tour ? Que feront le Parti Communiste, le Parti Socialiste, la CFDT et la CGT ? Je vous le donne en mille. Le sort en est scell\u00e9 d\u2019avance. Pour \u00ab faire barrage \u00e0 Marine Le Pen. Ils appelleront \u00e0 voter Macron (ou Phillipe son alter \u00e9go pour le cas o\u00f9 le pr\u00e9c\u00e9dent aurait d\u00e9clar\u00e9 forfait), Cette politique est plus que folle, elle est carr\u00e9ment suicidaire. Face au \u00ab danger \u00bb que pr\u00e9sente \u00e0 leur sens l\u2019\u00e9lection \u00e9ventuelle de Madame Le Ren, cette strat\u00e9gie mortif\u00e8re qui a pour effet de tuer l\u2019esp\u00e9rance populaire et la volont\u00e9 politique de changer les bases du monde, apparaitra plus que jamais comme une trahison \u00e0 l\u2019\u00e9crasante majorit\u00e9 des fran\u00e7ais qui souffrent de la politique de Macron et auxquels il ne peut arriver rien de pire. C\u2019est son paradoxe, cette politique qui se croit sage et mod\u00e9r\u00e9e est la pire des politiques, car elle creuse un peu plus le sillon qui conduira Marine Le Pen \u00e0 la magistrature supr\u00eame. De plus en plus nombreux en effet sont les \u00e9lecteurs fran\u00e7ais qui affirment ouvertement qu\u2019en cas de duel Macron\/Le Ren au second tour des \u00e9lections pr\u00e9sidentielle de 2022, ils ne se contenteront pas de s\u2019abstenir comme ils le firent en 2017 mais iront voter Marine pour se d\u00e9barrasser de Macron. Le seul moyen d\u2019\u00e9viter encore la prochaine victoire de Madame Le Pen c\u2019est de mobiliser largement le peuple dans le rejet de la dictature sanitaire du capitalisme financier incarn\u00e9 par Macron, pour la d\u00e9fense des libert\u00e9s d\u00e9mocratiques individuelles et collectives. C\u2019est et d\u2019inventer un nouveau mod\u00e8le social \u00e9conomique et institutionnel, vraiment d\u00e9mocratique, fond\u00e9 sur la valeur travail le partage et la solidarit\u00e9.Mais vous le savez bien, il n\u2019est de pire sourd que celui qui ne veut point entendre.Je tire encore une fois la sonnette d\u2019alarme ici. Mais je ne me fais gu\u00e8re d\u2019illusion sur le fait que ma voix de nain \u00bb puisse \u00eatre entendu.Je r\u00e9it\u00e8re mon avertissement d\u2019hier : \u00ab La passivit\u00e9 actuelle de la grande majorit\u00e9 des gens ne pr\u00e9sage en rien des sentiments r\u00e9els qui les animent, ni de celui qui s\u2019accumule contre les pouvoirs et leurs auxiliaires volontaires ou involontaires. En adoptant ce cours la CGT s\u2019expose aux pires dangers.\u00a0\u00bbGare ! L\u2019attaque fascisante du premier mai 2021 est une \u00ab alerte rouge \u00bb. En poursuivant sur cette voie du renoncement au combat pour les libert\u00e9s et contre la dictature, la CGT s\u2019expose aux pires dangers. Il pourrait en aller de son existence m\u00eame si celle-ci qui est l\u2019\u00e2me du mouvement syndical fran\u00e7ais ne s\u2019avisait pas de se ressaisir sans tarder, de faire une introspection, et d\u2019adopter un cours nouveau conforme aux int\u00e9r\u00eats et aux attentes vraies du monde du travail.Patrick Seignon. \u00ab lavoiedessansvoix.fr \u00bb. Mercredi 13 mai 2021.<\/p>\n","protected":false},"excerpt":{"rendered":"<p>LE DANGER DE LA C.G.T.(Apr\u00e8s l\u2019agression du 1er mai contre la CGT.)2 &#8211; UNE STRAT\u00c9GIE SUICIDAIREUne des arguties avec lesquelles [&hellip;]<\/p>\n","protected":false},"author":1,"featured_media":4168,"comment_status":"open","ping_status":"open","sticky":false,"template":"","format":"standard","meta":{"sfsi_plus_gutenberg_text_before_share":"","sfsi_plus_gutenberg_show_text_before_share":"","sfsi_plus_gutenberg_icon_type":"","sfsi_plus_gutenberg_icon_alignemt":"","sfsi_plus_gutenburg_max_per_row":"","site-sidebar-layout":"default","site-content-layout":"","ast-site-content-layout":"default","site-content-style":"default","site-sidebar-style":"default","ast-global-header-display":"","ast-banner-title-visibility":"","ast-main-header-display":"","ast-hfb-above-header-display":"","ast-hfb-below-header-display":"","ast-hfb-mobile-header-display":"","site-post-title":"","ast-breadcrumbs-content":"","ast-featured-img":"","footer-sml-layout":"","ast-disable-related-posts":"","theme-transparent-header-meta":"","adv-header-id-meta":"","stick-header-meta":"","header-above-stick-meta":"","header-main-stick-meta":"","header-below-stick-meta":"","astra-migrate-meta-layouts":"default","ast-page-background-enabled":"default","ast-page-background-meta":{"desktop":{"background-color":"var(--ast-global-color-4)","background-image":"","background-repeat":"repeat","background-position":"center center","background-size":"auto","background-attachment":"scroll","background-type":"","background-media":"","overlay-type":"","overlay-color":"","overlay-opacity":"","overlay-gradient":""},"tablet":{"background-color":"","background-image":"","background-repeat":"repeat","background-position":"center center","background-size":"auto","background-attachment":"scroll","background-type":"","background-media":"","overlay-type":"","overlay-color":"","overlay-opacity":"","overlay-gradient":""},"mobile":{"background-color":"","background-image":"","background-repeat":"repeat","background-position":"center center","background-size":"auto","background-attachment":"scroll","background-type":"","background-media":"","overlay-type":"","overlay-color":"","overlay-opacity":"","overlay-gradient":""}},"ast-content-background-meta":{"desktop":{"background-color":"var(--ast-global-color-5)","background-image":"","background-repeat":"repeat","background-position":"center center","background-size":"auto","background-attachment":"scroll","background-type":"","background-media":"","overlay-type":"","overlay-color":"","overlay-opacity":"","overlay-gradient":""},"tablet":{"background-color":"var(--ast-global-color-5)","background-image":"","background-repeat":"repeat","background-position":"center center","background-size":"auto","background-attachment":"scroll","background-type":"","background-media":"","overlay-type":"","overlay-color":"","overlay-opacity":"","overlay-gradient":""},"mobile":{"background-color":"var(--ast-global-color-5)","background-image":"","background-repeat":"repeat","background-position":"center center","background-size":"auto","background-attachment":"scroll","background-type":"","background-media":"","overlay-type":"","overlay-color":"","overlay-opacity":"","overlay-gradient":""}},"footnotes":""},"categories":[16],"tags":[],"class_list":["post-584","post","type-post","status-publish","format-standard","has-post-thumbnail","hentry","category-archives-cms"],"_links":{"self":[{"href":"https:\/\/lavoiedessansvoix.fr\/lavoie\/wp-json\/wp\/v2\/posts\/584","targetHints":{"allow":["GET"]}}],"collection":[{"href":"https:\/\/lavoiedessansvoix.fr\/lavoie\/wp-json\/wp\/v2\/posts"}],"about":[{"href":"https:\/\/lavoiedessansvoix.fr\/lavoie\/wp-json\/wp\/v2\/types\/post"}],"author":[{"embeddable":true,"href":"https:\/\/lavoiedessansvoix.fr\/lavoie\/wp-json\/wp\/v2\/users\/1"}],"replies":[{"embeddable":true,"href":"https:\/\/lavoiedessansvoix.fr\/lavoie\/wp-json\/wp\/v2\/comments?post=584"}],"version-history":[{"count":1,"href":"https:\/\/lavoiedessansvoix.fr\/lavoie\/wp-json\/wp\/v2\/posts\/584\/revisions"}],"predecessor-version":[{"id":3187,"href":"https:\/\/lavoiedessansvoix.fr\/lavoie\/wp-json\/wp\/v2\/posts\/584\/revisions\/3187"}],"wp:featuredmedia":[{"embeddable":true,"href":"https:\/\/lavoiedessansvoix.fr\/lavoie\/wp-json\/wp\/v2\/media\/4168"}],"wp:attachment":[{"href":"https:\/\/lavoiedessansvoix.fr\/lavoie\/wp-json\/wp\/v2\/media?parent=584"}],"wp:term":[{"taxonomy":"category","embeddable":true,"href":"https:\/\/lavoiedessansvoix.fr\/lavoie\/wp-json\/wp\/v2\/categories?post=584"},{"taxonomy":"post_tag","embeddable":true,"href":"https:\/\/lavoiedessansvoix.fr\/lavoie\/wp-json\/wp\/v2\/tags?post=584"}],"curies":[{"name":"wp","href":"https:\/\/api.w.org\/{rel}","templated":true}]}}