{"id":579,"date":"2021-07-14T09:17:00","date_gmt":"2021-07-14T07:17:00","guid":{"rendered":"https:\/\/lavoiedessansvoix.fr\/lavoie\/2021\/07\/14\/archive-j-ai-fait-vacciner-mon-chien\/"},"modified":"2026-04-26T20:52:44","modified_gmt":"2026-04-26T18:52:44","slug":"archive-j-ai-fait-vacciner-mon-chien","status":"publish","type":"post","link":"https:\/\/lavoiedessansvoix.fr\/lavoie\/2021\/07\/14\/archive-j-ai-fait-vacciner-mon-chien\/","title":{"rendered":"J\u2019AI FAIT VACCINER MON CHIEN"},"content":{"rendered":"<p>J\u2019AI FAIT VACCINER MON CHIEN Voil\u00e0 un \u00ab pr\u00e9sident \u00bb mal \u00e9lu qui se comporte comme un tyran. Qu\u2019\u00e0 t-il \u00e0 faire en effet de l\u2019opinion ? A-t-il vraiment en 2017 eu besoin de son aval pour se faire \u00ab coopter \u00bb \u00e0 la premi\u00e8re fonction de L\u2019\u00c9tat ; Non ! vous le savez bien. Avec l\u2019appui massif des puissances d\u2019argent et des m\u00e9dias il a instrumentalis\u00e9 le suffrage universel. Si par malheur cet homme prolongeait son mandat au-del\u00e0 de 2022, croyez-vous que ce serait avec l\u2019aval de l\u2019opinion publique ? Une fois encore par un stratag\u00e8me ou un autre ce serait en la flouant, en foulant aux pieds tous les principes d\u00e9mocratiques. Cet homme est un usurpateur, un dictateur, un tyran de la pire esp\u00e8ce.Il s\u2019est empar\u00e9 de l\u2019affaire du Covid comme d\u2019une aubaine politique pour imposer \u00e0 la soci\u00e9t\u00e9 Fran\u00e7aise des mutations sociaux \u00e9conomiques que celle-ci aurait refus\u00e9 en toute autre circonstances. Il s\u2019en est empar\u00e9 comme d\u2019un outil de domination politique, une machine infernale \u00e0 faire plier l\u2019\u00e9chine au peuple.Avec ses cris d\u2019Orfraie annon\u00e7ant la nouvelle catastrophe du variant Delta et une pr\u00e9tendue 4\u00e8me vague, il poursuit en v\u00e9rit\u00e9 2 objectifs. Le premier est \u00ab sociaux \u00e9conomique \u00bb, faire gagner le plus d\u2019argent possible aux laboratoires et au syst\u00e8me financiers international, et poursuivre au pas de charge les mutations entreprises (Ub\u00e9risation, d\u00e9r\u00e9glementation des m\u00e9tiers, t\u00e9l\u00e9travail, t\u00e9l\u00e9m\u00e9decine, t\u00e9l\u00e9enseignement, etc.), le second est politique : pr\u00e9parer la prorogation de son mandat pr\u00e9sidentiel.En exacerbant ainsi la situation il pr\u00e9pare un nouveau confinement (ou \u00e9quivalent) \u00e0 l\u2019automne. Ce qui, consid\u00e9rant la saisonnalit\u00e9 av\u00e9r\u00e9e des \u00e9pid\u00e9mies de Covid 19, signifie que les dispositifs de celui-ci se poursuivront jusqu\u2019au printemps 2022, (occultant) ou tout au moins \u00ab plombant \u00bb la campagne \u00e9lectorale des Pr\u00e9sidentielles lui assurant \u00e0 lui le moyen de s\u2019imposer en tuant dans l\u2019\u0153uf toute vell\u00e9it\u00e9 d\u2019alternative.Cela pourrait \u00eatre m\u00eame pire. Au pr\u00e9texte de l\u2019impossibilit\u00e9 de proc\u00e9der \u00e0 une campagne \u00e9lectorale normale, les \u00e9lections pr\u00e9sidentielles de 2022 pourrait \u00eatre tout bonnement annul\u00e9es et le mandat pr\u00e9sidentiel de Macron prorog\u00e9 par le congr\u00e8s (R\u00e9union commune de l\u2019Assembl\u00e9e Nationale et du S\u00e9nat), ce qui \u00e9quivaudrait au premier acte d\u2019un coup d\u2019Etat, en quelque sorte le 18 brumaire, d\u2019Emmanuel Macron. Et cela au demeurant pourrait se faire avec le consentement plus ou moins av\u00e9r\u00e9 de certaines composantes de la gauche elle-m\u00eame tant terrifi\u00e9e par la perspective d\u2019une victoire de Marine Le Pen (G\u00e9n\u00e9ral Lafayette) qu\u2019ils ignorent le danger du \u00ab G\u00e9n\u00e9ral Buonaparte \u00bb, (Macron). Qu\u2019elle qu\u2019en soit les motivations nous n\u2019acceptons pas le diktat.J\u2019ai fait vacciner mon chien ;Une preuve s\u2019il en fallait que je ne suis pas anti vaccin \u00bb comme l\u2019affirment ces imb\u00e9ciles de fieff\u00e9s menteurs ; Je ne lui ai pas m\u00eame demand\u00e9 son avis. J\u2019ai dispos\u00e9 du corps et de la sant\u00e9 de mon chien comme s\u2019il m\u2019appartenait. Comme de ma chose.Mais nous, les \u00eatres humains, sommes-nous v\u00e9ritablement des chiens ? \u00ab Nos maitres \u00bb ont-ils le droit de disposer \u00e0 leur guise de nous ? N\u2019avons-nous pas un jugement, un libre arbitre ? Nous ne sommes pas des animaux, pas un cheptel dont le \u00ab ranchero \u00bb peut disposer \u00e0 sa guise. Notre corps, notre sant\u00e9 nous appartiennent. L\u2019Etat qui pr\u00e9tends disposer du corps et de la sant\u00e9 de ses citoyens franchit de la sorte toutes les lignes rouges du totalitarisme. Il transforme les citoyens en objet et les objets en propri\u00e9t\u00e9. Il s\u2019engage de la sorte dans la plus terrifiante des d\u00e9rives bien au-del\u00e0 m\u00eame de celles du 3\u00e8me Reich. Nous n\u2019allons pas capituler ; Nous n\u2019allons pas \u00e0 la mani\u00e8re des huguenots traqu\u00e9s nous replier dans les marges de la soci\u00e9t\u00e9 ou de la nation.  Nous n\u2019allons pas prendre l\u2019exil des C\u00e9vennes.Nous r\u00e9sisteronsNous nous battronsNous appellerons \u00e0 la r\u00e9sistance et \u00e0 l\u2019insurrection.Nous ferons rendre gorge aux tyrans et aux dictateurs.Patrick Seignon. \u00ab lavoiedessansvoix.fr \u00bb. Mardi 14 juillet 2021.<\/p>\n","protected":false},"excerpt":{"rendered":"<p>J\u2019AI FAIT VACCINER MON CHIEN Voil\u00e0 un \u00ab pr\u00e9sident \u00bb mal \u00e9lu qui se comporte comme un tyran. Qu\u2019\u00e0 t-il [&hellip;]<\/p>\n","protected":false},"author":1,"featured_media":4163,"comment_status":"open","ping_status":"open","sticky":false,"template":"","format":"standard","meta":{"sfsi_plus_gutenberg_text_before_share":"","sfsi_plus_gutenberg_show_text_before_share":"","sfsi_plus_gutenberg_icon_type":"","sfsi_plus_gutenberg_icon_alignemt":"","sfsi_plus_gutenburg_max_per_row":"","site-sidebar-layout":"default","site-content-layout":"","ast-site-content-layout":"default","site-content-style":"default","site-sidebar-style":"default","ast-global-header-display":"","ast-banner-title-visibility":"","ast-main-header-display":"","ast-hfb-above-header-display":"","ast-hfb-below-header-display":"","ast-hfb-mobile-header-display":"","site-post-title":"","ast-breadcrumbs-content":"","ast-featured-img":"","footer-sml-layout":"","ast-disable-related-posts":"","theme-transparent-header-meta":"","adv-header-id-meta":"","stick-header-meta":"","header-above-stick-meta":"","header-main-stick-meta":"","header-below-stick-meta":"","astra-migrate-meta-layouts":"default","ast-page-background-enabled":"default","ast-page-background-meta":{"desktop":{"background-color":"var(--ast-global-color-4)","background-image":"","background-repeat":"repeat","background-position":"center center","background-size":"auto","background-attachment":"scroll","background-type":"","background-media":"","overlay-type":"","overlay-color":"","overlay-opacity":"","overlay-gradient":""},"tablet":{"background-color":"","background-image":"","background-repeat":"repeat","background-position":"center center","background-size":"auto","background-attachment":"scroll","background-type":"","background-media":"","overlay-type":"","overlay-color":"","overlay-opacity":"","overlay-gradient":""},"mobile":{"background-color":"","background-image":"","background-repeat":"repeat","background-position":"center center","background-size":"auto","background-attachment":"scroll","background-type":"","background-media":"","overlay-type":"","overlay-color":"","overlay-opacity":"","overlay-gradient":""}},"ast-content-background-meta":{"desktop":{"background-color":"var(--ast-global-color-5)","background-image":"","background-repeat":"repeat","background-position":"center center","background-size":"auto","background-attachment":"scroll","background-type":"","background-media":"","overlay-type":"","overlay-color":"","overlay-opacity":"","overlay-gradient":""},"tablet":{"background-color":"var(--ast-global-color-5)","background-image":"","background-repeat":"repeat","background-position":"center center","background-size":"auto","background-attachment":"scroll","background-type":"","background-media":"","overlay-type":"","overlay-color":"","overlay-opacity":"","overlay-gradient":""},"mobile":{"background-color":"var(--ast-global-color-5)","background-image":"","background-repeat":"repeat","background-position":"center center","background-size":"auto","background-attachment":"scroll","background-type":"","background-media":"","overlay-type":"","overlay-color":"","overlay-opacity":"","overlay-gradient":""}},"footnotes":""},"categories":[16],"tags":[],"class_list":["post-579","post","type-post","status-publish","format-standard","has-post-thumbnail","hentry","category-archives-cms"],"_links":{"self":[{"href":"https:\/\/lavoiedessansvoix.fr\/lavoie\/wp-json\/wp\/v2\/posts\/579","targetHints":{"allow":["GET"]}}],"collection":[{"href":"https:\/\/lavoiedessansvoix.fr\/lavoie\/wp-json\/wp\/v2\/posts"}],"about":[{"href":"https:\/\/lavoiedessansvoix.fr\/lavoie\/wp-json\/wp\/v2\/types\/post"}],"author":[{"embeddable":true,"href":"https:\/\/lavoiedessansvoix.fr\/lavoie\/wp-json\/wp\/v2\/users\/1"}],"replies":[{"embeddable":true,"href":"https:\/\/lavoiedessansvoix.fr\/lavoie\/wp-json\/wp\/v2\/comments?post=579"}],"version-history":[{"count":1,"href":"https:\/\/lavoiedessansvoix.fr\/lavoie\/wp-json\/wp\/v2\/posts\/579\/revisions"}],"predecessor-version":[{"id":3177,"href":"https:\/\/lavoiedessansvoix.fr\/lavoie\/wp-json\/wp\/v2\/posts\/579\/revisions\/3177"}],"wp:featuredmedia":[{"embeddable":true,"href":"https:\/\/lavoiedessansvoix.fr\/lavoie\/wp-json\/wp\/v2\/media\/4163"}],"wp:attachment":[{"href":"https:\/\/lavoiedessansvoix.fr\/lavoie\/wp-json\/wp\/v2\/media?parent=579"}],"wp:term":[{"taxonomy":"category","embeddable":true,"href":"https:\/\/lavoiedessansvoix.fr\/lavoie\/wp-json\/wp\/v2\/categories?post=579"},{"taxonomy":"post_tag","embeddable":true,"href":"https:\/\/lavoiedessansvoix.fr\/lavoie\/wp-json\/wp\/v2\/tags?post=579"}],"curies":[{"name":"wp","href":"https:\/\/api.w.org\/{rel}","templated":true}]}}