{"id":578,"date":"2021-08-01T03:03:00","date_gmt":"2021-08-01T01:03:00","guid":{"rendered":"https:\/\/lavoiedessansvoix.fr\/lavoie\/2021\/08\/01\/archive-comment-ils-voudraient-abrutir-le-peuple\/"},"modified":"2026-04-26T20:52:36","modified_gmt":"2026-04-26T18:52:36","slug":"archive-comment-ils-voudraient-abrutir-le-peuple","status":"publish","type":"post","link":"https:\/\/lavoiedessansvoix.fr\/lavoie\/2021\/08\/01\/archive-comment-ils-voudraient-abrutir-le-peuple\/","title":{"rendered":"COMMENT ILS VOUDRAIENT ABRUTIR LE PEUPLE"},"content":{"rendered":"<p>COMMENT ILS VOUDRAIENT ABRUTIR LE PEUPLEJe me souviens tr\u00e8s bien, lorsque j\u2019\u00e9tais enfant, des griefs que ma m\u00e8re adressait \u00e0 mon p\u00e8re : \u00ab toi avec ta politique ! \u00bb. J\u2019adorais ma m\u00e8re. Elle \u00e9tait une fille toute simple, de ce peuple docile qui consid\u00e8re que la politique est une chose qu\u2019il convient de laisser aux \u00ab maitres \u00bb et \u00e0 leurs sp\u00e9cialistes. Comme le BAC ouvre l\u2019acc\u00e8s \u00e0 l\u2019universit\u00e9, le c\u00e9rame qui ouvre des carri\u00e8res politiques \u00e9tant la position sociale et un coffre ou portefeuille d\u2019actions bien garni. Nous les minus, les \u00ab jean \u00bb du peuple, devons-nous abstenir de nous m\u00ealer de politique en quoi on ne peut r\u00e9colter que des ennuis.A quinze ans j\u2019\u00e9tais syndiqu\u00e9 et \u00e0 seize j\u2019adh\u00e9rais au Parti communiste Fran\u00e7ais et aux \u00ab jeunesses communistes de France \u00bb. Vous pouvez imaginer l\u2019\u00e9tat d\u2019angoisse et de d\u00e9solation de ma m\u00e8re ; Elle me dit un jour avec d\u00e9pit : \u00ab toi Patrick tu fais comme ton p\u00e8re. Avec votre politique vous ne pouvez avoir que des ennuis. \u00bbJ\u2019\u00e9tais d\u00e9sol\u00e9 de contrarier ma m\u00e8re. Mais j\u2019avais fait un pas sur le chemin de l\u2019\u00e9mancipation des peuples, et j\u2019irais sans faiblir au bout de ma destin\u00e9e.2020\/21. Me voil\u00e0 presque un vieil homme que sa pens\u00e9e politique et sa combativit\u00e9 ont maintenu vert et vif et tout aussi obstin\u00e9 qu\u2019au temps de ses seize ans. Et que vois-je, et qu\u2019entends-je \u00e0 pr\u00e9sent. Des gens \u00ab d\u2019en haut \u00bb qui me disent que je ne suis pas qualifi\u00e9 pour \u00e9mettre un avis sur les mesures sanitaires du gouvernement pr\u00e9tendument contre l\u2019\u00e9pid\u00e9mie de Covid 19. J\u2019entends les m\u00eames qui disent que je suis encore moins qualifi\u00e9 pour \u00e9mettre un quelconque jugement sur les \u00ab Vaccins \u00bb et donc sur \u00ab l\u2019obligation vaccinale \u00bb que Macron et sa clique se sont mis en t\u00eate de nous imposer de force.De tout temps, tout au moins depuis qu\u2019existent les \u00ab pouvoirs \u00bb et les \u00ab \u00c9tats \u00bb, le savoir a \u00e9t\u00e9 l\u2019outil principal de domination des classes poss\u00e9dantes. Je ne suis donc point, ni surpris ni offens\u00e9 que ceux-l\u00e0 arborant le savoir veuillent faire taire la pens\u00e9e alternative et d\u00e9nient au peuple le droit \u00e9l\u00e9mentaire de penser par lui-m\u00eame. Mais je suis ravag\u00e9 d\u2019indignation et de col\u00e8re quand les m\u00eames arguments me sont servis par des amis, et plus encore quand ceux-ci se proclament \u00ab militants r\u00e9volutionnaires \u00bb. \u00ab Je ne suis pas assez sp\u00e9cialiste pour critiquer le vaccin \u00bb, me disait il y a quelques jours un de ces ami qui m\u2019est cher, Il y a la connaissance, elle constitue certes un \u00e9l\u00e9ment de jugement. Mais il y en a d\u2019autres possibles : l\u2019information, la vulgarisation, qui apportent aux profanes des \u00e9l\u00e9ments suffisants de jugement. Dire que l\u2019on n\u2019est pas assez sp\u00e9cialiste c\u2019est renoncer \u00e0 voir ni entendre ces autres \u00e9l\u00e9ments, c\u2019est renoncer \u00e0 son propre jugement, \u00e0 l\u2019exercice de son libre arbitre. Or, il n\u2019y a rien de plus contraire \u00e0 la conscience r\u00e9volutionnaire que cette renonciation \u00e0 la pens\u00e9e critique. Aujourd\u2019hui c\u2019est par la \u00ab connaissance \u00bb, utilis\u00e9e non pour l\u2019\u00e9clairer mais pour l\u2019assommer, que les pouvoirs publics voudraient faire taire le profane, \u00e9touffer toute vell\u00e9it\u00e9 de pens\u00e9e propre du peuple. Macron V\u00e9ran, sont habilit\u00e9 \u00e0 d\u00e9cerner la v\u00e9rit\u00e9. Et, comme nous ne sommes pas \u00ab suffisamment sp\u00e9cialistes \u00bb de la question nous serions cens\u00e9s gober leurs couleuvres et nous taire.Enfin, outre l\u2019information et la vulgarisation scientifique qui en est partie, il y a la politique et la \u00ab lutte des classes \u00bb. Comment ne pas voir, ou plut\u00f4t comment nier encore les enjeux politiques et soci\u00e9taux dont est charg\u00e9e la gestion de \u00ab la crise du Covid \u00bb par les gouvernements ? L\u2019\u00e9clairage m\u00e9dical et scientifique, c\u2019est chose acquise, ne tient pas pour expliquer l\u2019interdiction des traitements pr\u00e9coces, l\u2019obligation du port du masque, les distanciations sociales, les confinements et les \u00ab couvre-feu \u00bb. Or, toutes ces mesures avaient entre-autre finalit\u00e9 celle d\u2019imposer une campagne de vaccination plan\u00e9taire comme seule issue possible \u00e0 la crise. Comment d\u00e8s lors ne pas comprendre que la question de la vaccination n\u2019est pas seulement une question m\u00e9dicale mais aussi et surtout une question politique., un des leviers essentiels de la dictature sanitaire, qu\u2019\u00e0 ce titre elle justifie, plus m\u00eame, elle exige l\u2019intercession du d\u00e9bat public. Non pas l\u2019avis des seuls \u00ab sp\u00e9cialistes \u00bb mais celui du peuple tout entier. Cette question de la vaccination doit \u00eatre appr\u00e9hend\u00e9e comme un outil de coercition politique des masses. D\u00e8s lors renoncer \u00e0 ses pr\u00e9rogatives de citoyen au pr\u00e9texte que l\u2019on n\u2019est pas assez qualifi\u00e9 pour en juger, revient \u00e0 capituler face \u00e0 l\u2019offensive de classe de la tr\u00e8s haute finance internationale. C\u2019est, dans la circonstance, avec la connaissance scientifique et m\u00e9dicale que l\u2019on tente de nous faire taire. Mais avez-vous song\u00e9 aux perspectives terrifiantes que cela ouvre ? La plupart d\u2019entre nous ne sont pas des sp\u00e9cialistes d\u2019\u00e9conomie. Or il y a \u00ab des sp\u00e9cialistes \u00bb en cette mati\u00e8re aussi. Des financiers et des prix Nobels d\u2019\u00e9conomie. Lorsque ceux-ci auront convenu qu\u2019il faut vendre \u00e0 l\u2019\u00e9tranger \u00ab A\u00e9roports de Paris \u00bb, ou bien vendre \u00e0 Bill Gates qui a ramass\u00e9 le pactole des tests et des vaccins, la \u00ab S\u00e9curit\u00e9 Sociale \u00bb fran\u00e7aise qui s\u2019est effondr\u00e9 pour les m\u00eames raisons, ou encore appliquer sans attendre les iniques r\u00e9formes des retraites ou du ch\u00f4mage, nous les profanes n\u2019auront peut-\u00eatre plus qu\u2019\u00e0 la fermer, et ceux qui oseront encore \u00ab l\u2019ouvrir \u00bb tout de m\u00eame seront stigmatis\u00e9s comme \u00ab complotistes \u00bb et chantres de \u00ab l\u2019extr\u00eame droite ?Or il pourrait en aller de m\u00eame aussi avec la politique. N\u2019y a t\u2019il y a des sp\u00e9cialistes en cette mati\u00e8re \u00e9galement, dipl\u00f4m\u00e9s de sciences po ou de l\u2019ENA. ? Que p\u00e8se l\u2019opinion profane face \u00e0 celle de ces grandes pointures ? Comme le disait ma maman, \u00ab tais-toi donc Patrick. Laisses ceux dont c\u2019est le m\u00e9tier faire de la politique. Tu ne peux que t\u2019attirer des ennuis \u00e0 te m\u00ealer de ces choses-l\u00e0.\u00a0\u00bbOutre la m\u00e9decine et la science nous venons ainsi de donner deux exemples de la mani\u00e8re dont \u00ab le sp\u00e9cialisme \u00bb peut tuer le d\u00e9bat public. Vous le devinez, il y en a bien d\u2019autres. En fait, presque toutes les sph\u00e8res de la connaissance pourraient-\u00eatre utilis\u00e9es comme des moyens \u00e0 nous faire taire.Mais c\u2019est quoi donc la logique qui se profile derri\u00e8re cette pr\u00e9tention de certains \u00ab sp\u00e9cialistes \u00bb \u00e0 dicter \u00ab leur v\u00e9rit\u00e9 intangible ? \u00bb C\u2019est la n\u00e9gation du d\u00e9bat public et de la d\u00e9mocratie. C\u2019est le retour \u00e0 l\u2019ancien r\u00e9gime. C\u2019est la dictature des poss\u00e9dants qui ach\u00e8tent le savoir. Ne vous laissez pas poss\u00e9der amis. \u00ab Merci notre bon Maitre ! \u00bb disaient autre fois les manants en mettant chapeau bas et s\u2019inclinant. Ne mettaient pas \u00ab chapeau bas \u00bb ; ne vous inclinez pas devant \u00ab le savoir \u00bb qu\u2019on vous ass\u00e8ne comme un coup de massue pour vous faire taire. Votre droit \u00e0 former votre propre opinion sur tous les sujets, quels qu\u2019ils soient, est le premier garant de votre libert\u00e9 de penser et de notre libert\u00e9 tout court.Patrick Seignon. \u00ab lavoiedessansvoix.fr \u00bb. Dimanche 25 juillet 2021.(Publi\u00e9 le Dimanche 1er ao\u00fbt 2021).<\/p>\n","protected":false},"excerpt":{"rendered":"<p>COMMENT ILS VOUDRAIENT ABRUTIR LE PEUPLEJe me souviens tr\u00e8s bien, lorsque j\u2019\u00e9tais enfant, des griefs que ma m\u00e8re adressait \u00e0 [&hellip;]<\/p>\n","protected":false},"author":1,"featured_media":4162,"comment_status":"open","ping_status":"open","sticky":false,"template":"","format":"standard","meta":{"sfsi_plus_gutenberg_text_before_share":"","sfsi_plus_gutenberg_show_text_before_share":"","sfsi_plus_gutenberg_icon_type":"","sfsi_plus_gutenberg_icon_alignemt":"","sfsi_plus_gutenburg_max_per_row":"","site-sidebar-layout":"default","site-content-layout":"","ast-site-content-layout":"default","site-content-style":"default","site-sidebar-style":"default","ast-global-header-display":"","ast-banner-title-visibility":"","ast-main-header-display":"","ast-hfb-above-header-display":"","ast-hfb-below-header-display":"","ast-hfb-mobile-header-display":"","site-post-title":"","ast-breadcrumbs-content":"","ast-featured-img":"","footer-sml-layout":"","ast-disable-related-posts":"","theme-transparent-header-meta":"","adv-header-id-meta":"","stick-header-meta":"","header-above-stick-meta":"","header-main-stick-meta":"","header-below-stick-meta":"","astra-migrate-meta-layouts":"default","ast-page-background-enabled":"default","ast-page-background-meta":{"desktop":{"background-color":"var(--ast-global-color-4)","background-image":"","background-repeat":"repeat","background-position":"center center","background-size":"auto","background-attachment":"scroll","background-type":"","background-media":"","overlay-type":"","overlay-color":"","overlay-opacity":"","overlay-gradient":""},"tablet":{"background-color":"","background-image":"","background-repeat":"repeat","background-position":"center center","background-size":"auto","background-attachment":"scroll","background-type":"","background-media":"","overlay-type":"","overlay-color":"","overlay-opacity":"","overlay-gradient":""},"mobile":{"background-color":"","background-image":"","background-repeat":"repeat","background-position":"center center","background-size":"auto","background-attachment":"scroll","background-type":"","background-media":"","overlay-type":"","overlay-color":"","overlay-opacity":"","overlay-gradient":""}},"ast-content-background-meta":{"desktop":{"background-color":"var(--ast-global-color-5)","background-image":"","background-repeat":"repeat","background-position":"center center","background-size":"auto","background-attachment":"scroll","background-type":"","background-media":"","overlay-type":"","overlay-color":"","overlay-opacity":"","overlay-gradient":""},"tablet":{"background-color":"var(--ast-global-color-5)","background-image":"","background-repeat":"repeat","background-position":"center center","background-size":"auto","background-attachment":"scroll","background-type":"","background-media":"","overlay-type":"","overlay-color":"","overlay-opacity":"","overlay-gradient":""},"mobile":{"background-color":"var(--ast-global-color-5)","background-image":"","background-repeat":"repeat","background-position":"center center","background-size":"auto","background-attachment":"scroll","background-type":"","background-media":"","overlay-type":"","overlay-color":"","overlay-opacity":"","overlay-gradient":""}},"footnotes":""},"categories":[16],"tags":[],"class_list":["post-578","post","type-post","status-publish","format-standard","has-post-thumbnail","hentry","category-archives-cms"],"_links":{"self":[{"href":"https:\/\/lavoiedessansvoix.fr\/lavoie\/wp-json\/wp\/v2\/posts\/578","targetHints":{"allow":["GET"]}}],"collection":[{"href":"https:\/\/lavoiedessansvoix.fr\/lavoie\/wp-json\/wp\/v2\/posts"}],"about":[{"href":"https:\/\/lavoiedessansvoix.fr\/lavoie\/wp-json\/wp\/v2\/types\/post"}],"author":[{"embeddable":true,"href":"https:\/\/lavoiedessansvoix.fr\/lavoie\/wp-json\/wp\/v2\/users\/1"}],"replies":[{"embeddable":true,"href":"https:\/\/lavoiedessansvoix.fr\/lavoie\/wp-json\/wp\/v2\/comments?post=578"}],"version-history":[{"count":1,"href":"https:\/\/lavoiedessansvoix.fr\/lavoie\/wp-json\/wp\/v2\/posts\/578\/revisions"}],"predecessor-version":[{"id":3175,"href":"https:\/\/lavoiedessansvoix.fr\/lavoie\/wp-json\/wp\/v2\/posts\/578\/revisions\/3175"}],"wp:featuredmedia":[{"embeddable":true,"href":"https:\/\/lavoiedessansvoix.fr\/lavoie\/wp-json\/wp\/v2\/media\/4162"}],"wp:attachment":[{"href":"https:\/\/lavoiedessansvoix.fr\/lavoie\/wp-json\/wp\/v2\/media?parent=578"}],"wp:term":[{"taxonomy":"category","embeddable":true,"href":"https:\/\/lavoiedessansvoix.fr\/lavoie\/wp-json\/wp\/v2\/categories?post=578"},{"taxonomy":"post_tag","embeddable":true,"href":"https:\/\/lavoiedessansvoix.fr\/lavoie\/wp-json\/wp\/v2\/tags?post=578"}],"curies":[{"name":"wp","href":"https:\/\/api.w.org\/{rel}","templated":true}]}}