{"id":576,"date":"2021-08-05T02:22:00","date_gmt":"2021-08-05T00:22:00","guid":{"rendered":"https:\/\/lavoiedessansvoix.fr\/lavoie\/2021\/08\/05\/archive-lettre-a-jean-claude\/"},"modified":"2026-04-26T20:52:13","modified_gmt":"2026-04-26T18:52:13","slug":"archive-lettre-a-jean-claude","status":"publish","type":"post","link":"https:\/\/lavoiedessansvoix.fr\/lavoie\/2021\/08\/05\/archive-lettre-a-jean-claude\/","title":{"rendered":"Lettre \u00e0 Jean-Claude"},"content":{"rendered":"<p>Lettre \u00e0 Jean-ClaudeTu as un temps, pris part \u00e0 nos r\u00e9unions et activit\u00e9s. Nous t\u2019avons accueilli et c\u00f4toy\u00e9 comme un ami de pens\u00e9e et un fr\u00e8re de lutte. Tu es membre actif du Parti communiste fran\u00e7ais et de quelques autres associations tel le mouvement de la paix, nous avons respect\u00e9 tes engagements et avons m\u00eame parfois apport\u00e9 notre modeste contribution au succ\u00e8s de certaines de tes initiatives. Puis est venu le temps des \u00e9lections municipales. Tu as \u00e9t\u00e9 un des initiateurs essentiel et artisan d\u2019une liste alternative. Elu au conseil municipal nous ne t\u2019avons plus vu parmi nous \u00e0 nos r\u00e9unions actions ni dans les manifestations actuelles pour la d\u00e9fense des libert\u00e9s fondamentales.La \u00ab crise du covid \u00bb il est vrai est pass\u00e9 par l\u00e0, avec Les mesures dissolvantes de la vie sociale impos\u00e9 par le gouvernement arc-bout\u00e9 sur ses conseils scientifique et de d\u00e9fense. Tu as adh\u00e9r\u00e9 aux discours de la peur et rev\u00eatu le masque de la sid\u00e9ration. Soit, tu n\u2019as pas \u00e9t\u00e9 le seul \u00e0 te faire prendre au pi\u00e8ge de \u00ab la terreur sanitaire \u00bb. Mais aujourd\u2019hui quand Macron abat ses cartes, quand il apparait clairement que ces dispositifs pr\u00e9tendument protecteurs, sous couvert de pand\u00e9mie, avaient pour finalit\u00e9 de confisquer les libert\u00e9s publiques et de museler le peuple que l\u2019on martyrise, o\u00f9 es-tu Jean-Claude, que deviens-tu ? Crois-tu vraiment que l\u2019action municipale \u00e0 la marge, les \u00ab batailles \u00bb \u00e9lectorales sans lendemain, l\u2019\u00e9lectoralisme de pacotille, soient plus importants que la mobilisation pour la d\u00e9fense des libert\u00e9s d\u00e9mocratiques, publiques et individuelles ?Tu es membre du Parti communiste fran\u00e7ais, je croyais pour ma part que celui-ci \u00e9tait dans notre pays, avec la classe ouvri\u00e8re dont il se revendique, un acteur incontournable de la d\u00e9fense des libert\u00e9s. \u00ab Viva el comunismo y la libertad ! \u00bb. Mais o\u00f9 est-il \u00ab le Parti \u00bb dans la lutte actuelle contre la dictature sanitaire ? O\u00f9 es-tu, toi, Jean-Claude ? Alors m\u2019objecteras-tu, c\u2019est l\u2019extr\u00eame droite \u00bb qui est aux avant-postes de la mobilisation actuelle et l\u2019on ne peut se joindre \u00e0 elle.  Soit, bien que ce ne soit pas toute la v\u00e9rit\u00e9, loin s\u2019en faut, nul ne peut, et pas moi, nier que \u00e7a en soit une partie. Mais doit-on s\u2019en \u00e9tonner, s\u2019en offusquer, en prendre pr\u00e9texte pour ne pas rentrer dans la bataille ? L\u2019\u00e9tonnement v\u00e9ritable, la vraie honte, ce n\u2019est pas que certaines composantes de l\u2019extr\u00eame droite d\u00e9fendent les libert\u00e9s, c\u2019est que le Parti communiste et la \u00ab Gauche \u00bb ne le fasse pas. Alors me diras-tu aussi et tu en fourniras mille preuves, \u00ab le parti \u00bb n\u2019a pas cess\u00e9 la lutte, il mobilise contre la r\u00e9forme des retraites, contre la r\u00e9forme du ch\u00f4mage, pour la d\u00e9fense des h\u00f4pitaux. Mais dis-moi Jean-Claude, comment va-t-il faire le parti \u00bb pour d\u00e9fendre ses choses-l\u00e0 quand on ne pourra pas se r\u00e9unir \u00e0 plus de dix, quand il est interdit de manifester \u00e0 plus de 50, quand \u00ab le pass sanitaire \u00bb donne aux autorit\u00e9s polici\u00e8res et judiciaires un droit de contr\u00f4le permanent et d\u2019immixtion dans tous les aspects de la vie publique ?D\u00e9fendre notre syst\u00e8me de retraite par r\u00e9partition, lutter contre l\u2019inique r\u00e9forme du ch\u00f4mage, d\u00e9fendre notre syst\u00e8me de sant\u00e9, notre enseignement publics, nos services publics, nos emplois, notre droit social, tous menac\u00e9s par \u00ab l\u2019ub\u00e9risation \u00bb le t\u00e9l\u00e9travail, le t\u00e9l\u00e9enseignement, la t\u00e9l\u00e9m\u00e9decine, etc., c\u2019est aujourd\u2019hui d\u00e9fendre en priorit\u00e9 nos libert\u00e9s fondamentales.Qui refuse de d\u00e9fendre celle-ci, de stopper net la d\u00e9rive liberticide du gouvernement, ne d\u00e9fends rien du tout ; C\u2019est en ami cher Jean-Claude, que je m\u2019adresse \u00e0 toi. Tu t\u2019es laiss\u00e9 \u00e9gar\u00e9 par la complexit\u00e9 de la situation et par l\u2019ambiance du moment. Le temps est venu pour toi de reprendre ta place, une des premi\u00e8res, je veux le croire, parmi les d\u00e9fenseurs de la libert\u00e9.Patrick Seignon. Jeudi 5 ao\u00fbt 2021 ;<\/p>\n","protected":false},"excerpt":{"rendered":"<p>Lettre \u00e0 Jean-ClaudeTu as un temps, pris part \u00e0 nos r\u00e9unions et activit\u00e9s. Nous t\u2019avons accueilli et c\u00f4toy\u00e9 comme un [&hellip;]<\/p>\n","protected":false},"author":1,"featured_media":4160,"comment_status":"open","ping_status":"open","sticky":false,"template":"","format":"standard","meta":{"sfsi_plus_gutenberg_text_before_share":"","sfsi_plus_gutenberg_show_text_before_share":"","sfsi_plus_gutenberg_icon_type":"","sfsi_plus_gutenberg_icon_alignemt":"","sfsi_plus_gutenburg_max_per_row":"","site-sidebar-layout":"default","site-content-layout":"","ast-site-content-layout":"default","site-content-style":"default","site-sidebar-style":"default","ast-global-header-display":"","ast-banner-title-visibility":"","ast-main-header-display":"","ast-hfb-above-header-display":"","ast-hfb-below-header-display":"","ast-hfb-mobile-header-display":"","site-post-title":"","ast-breadcrumbs-content":"","ast-featured-img":"","footer-sml-layout":"","ast-disable-related-posts":"","theme-transparent-header-meta":"","adv-header-id-meta":"","stick-header-meta":"","header-above-stick-meta":"","header-main-stick-meta":"","header-below-stick-meta":"","astra-migrate-meta-layouts":"default","ast-page-background-enabled":"default","ast-page-background-meta":{"desktop":{"background-color":"var(--ast-global-color-4)","background-image":"","background-repeat":"repeat","background-position":"center center","background-size":"auto","background-attachment":"scroll","background-type":"","background-media":"","overlay-type":"","overlay-color":"","overlay-opacity":"","overlay-gradient":""},"tablet":{"background-color":"","background-image":"","background-repeat":"repeat","background-position":"center center","background-size":"auto","background-attachment":"scroll","background-type":"","background-media":"","overlay-type":"","overlay-color":"","overlay-opacity":"","overlay-gradient":""},"mobile":{"background-color":"","background-image":"","background-repeat":"repeat","background-position":"center center","background-size":"auto","background-attachment":"scroll","background-type":"","background-media":"","overlay-type":"","overlay-color":"","overlay-opacity":"","overlay-gradient":""}},"ast-content-background-meta":{"desktop":{"background-color":"var(--ast-global-color-5)","background-image":"","background-repeat":"repeat","background-position":"center center","background-size":"auto","background-attachment":"scroll","background-type":"","background-media":"","overlay-type":"","overlay-color":"","overlay-opacity":"","overlay-gradient":""},"tablet":{"background-color":"var(--ast-global-color-5)","background-image":"","background-repeat":"repeat","background-position":"center center","background-size":"auto","background-attachment":"scroll","background-type":"","background-media":"","overlay-type":"","overlay-color":"","overlay-opacity":"","overlay-gradient":""},"mobile":{"background-color":"var(--ast-global-color-5)","background-image":"","background-repeat":"repeat","background-position":"center center","background-size":"auto","background-attachment":"scroll","background-type":"","background-media":"","overlay-type":"","overlay-color":"","overlay-opacity":"","overlay-gradient":""}},"footnotes":""},"categories":[16],"tags":[],"class_list":["post-576","post","type-post","status-publish","format-standard","has-post-thumbnail","hentry","category-archives-cms"],"_links":{"self":[{"href":"https:\/\/lavoiedessansvoix.fr\/lavoie\/wp-json\/wp\/v2\/posts\/576","targetHints":{"allow":["GET"]}}],"collection":[{"href":"https:\/\/lavoiedessansvoix.fr\/lavoie\/wp-json\/wp\/v2\/posts"}],"about":[{"href":"https:\/\/lavoiedessansvoix.fr\/lavoie\/wp-json\/wp\/v2\/types\/post"}],"author":[{"embeddable":true,"href":"https:\/\/lavoiedessansvoix.fr\/lavoie\/wp-json\/wp\/v2\/users\/1"}],"replies":[{"embeddable":true,"href":"https:\/\/lavoiedessansvoix.fr\/lavoie\/wp-json\/wp\/v2\/comments?post=576"}],"version-history":[{"count":1,"href":"https:\/\/lavoiedessansvoix.fr\/lavoie\/wp-json\/wp\/v2\/posts\/576\/revisions"}],"predecessor-version":[{"id":3171,"href":"https:\/\/lavoiedessansvoix.fr\/lavoie\/wp-json\/wp\/v2\/posts\/576\/revisions\/3171"}],"wp:featuredmedia":[{"embeddable":true,"href":"https:\/\/lavoiedessansvoix.fr\/lavoie\/wp-json\/wp\/v2\/media\/4160"}],"wp:attachment":[{"href":"https:\/\/lavoiedessansvoix.fr\/lavoie\/wp-json\/wp\/v2\/media?parent=576"}],"wp:term":[{"taxonomy":"category","embeddable":true,"href":"https:\/\/lavoiedessansvoix.fr\/lavoie\/wp-json\/wp\/v2\/categories?post=576"},{"taxonomy":"post_tag","embeddable":true,"href":"https:\/\/lavoiedessansvoix.fr\/lavoie\/wp-json\/wp\/v2\/tags?post=576"}],"curies":[{"name":"wp","href":"https:\/\/api.w.org\/{rel}","templated":true}]}}