{"id":575,"date":"2021-08-09T02:38:00","date_gmt":"2021-08-09T00:38:00","guid":{"rendered":"https:\/\/lavoiedessansvoix.fr\/lavoie\/2021\/08\/09\/archive-appel-a-la-mobilisation\/"},"modified":"2026-04-26T20:52:05","modified_gmt":"2026-04-26T18:52:05","slug":"archive-appel-a-la-mobilisation","status":"publish","type":"post","link":"https:\/\/lavoiedessansvoix.fr\/lavoie\/2021\/08\/09\/archive-appel-a-la-mobilisation\/","title":{"rendered":"APPEL A LA MOBILISATION"},"content":{"rendered":"<p>APPEL A LA MOBILISATION\u00ab Toujours plus haut ! Toujours plus fort !\u00bbAvant-Hier, 7 ao\u00fbt \u00e9tait le quatri\u00e8me samedi de mobilisation Contre l\u2019obligation vaccinale et le \u00ab Passe sanitaire \u00bb. De semaine en semaine la mobilisation ne cesse de croitre. Les manifestations sont plus nombreuses, plus combatives et chaque fois plus toniques. Une partie de la jeunesse est entr\u00e9 dans l\u2019action. Certains m\u00eame qui cr\u00e9ent des collectifs, contribuent \u00e0 la construction organis\u00e9e de la mobilisation. Le mouvement de contestation est dans ce que l\u2019on appelle sa \u00ab phase ascendante \u00bb. Tout porte \u00e0 croire que cette mont\u00e9e en puissance va se poursuivre plusieurs semaines encore, au moins jusqu\u2019\u00e0 la fin ao\u00fbt o\u00f9 il conviendra qu\u2019elle culmine en manifestations gigantesques partout en France mais plus particuli\u00e8rement \u00e0 Paris, afin de frapper un grand coup. Phase ascensionnelle, mont\u00e9e en puissance ? Cela ne veut pas dire, qu\u2019il faut rel\u00e2cher l\u2019effort, au contraire. Nul ne doit se consid\u00e9rer comme \u00ab non indispensable \u00bb. Chacun au contraire l\u2019est plus que jamais. C\u2019est avec des grains de sable que sont faites les dunes. Chacun a sa part dans le succ\u00e8s de tous. C\u2019est pourquoi chacun et chacune doit se mettre en devoir et en possibilit\u00e9 de prendre part aux prochaines manifestations et convaincre, ses parents, ses amis, ses contacts, de venir grossir les rangs de la contestation. La semaine qui vient de s\u2019\u00e9couler a \u00e9t\u00e9 marqu\u00e9 par la d\u00e9cision du Conseil constitutionnel en parfait soutien de la dictature macronniste. Cela ne doit en aucun cas d\u00e9courager la mobilisation ; Contrairement \u00e0 ce que l\u2019id\u00e9ologie du gouvernement tente de faire croire, le Conseil constitutionnel n\u2019est pas un \u00ab ar\u00e9opage de sages arbitres au-dessus de la m\u00eal\u00e9e, \u00e7a n\u2019est en v\u00e9rit\u00e9 que l\u2019un des rouages de la constitution monarchiste de la cinqui\u00e8me R\u00e9publique et l\u2019un des instruments de la dictature. Sa d\u00e9cision n\u2019a donc rien de surprenant et ne change rien au caract\u00e8re inique et totalement inacceptable de l\u2019obligation vaccinale et du \u00ab pass sanitaire \u00bb. Les jeux ne sont pas faits. Le d\u00e9couragement n&rsquo;est pas de mise. \u00ab\u00a0l\u00e2cher l&rsquo;affaire\u00a0\u00bb n&rsquo;est pas \u00e0 l&rsquo;ordre du jour. Certains se sont fait vacciner perce que c\u2019est leur conviction et leur choix, nous ne les bl\u00e2mons pas. Mais parmi ceux-l\u00e0 m\u00eame, est-ce que ce choix a toujours r\u00e9sult\u00e9 de ce que l\u2019on appelle \u00ab le consentement \u00e9clair\u00e9 \u00bb ? En v\u00e9rit\u00e9 il a souvent \u00e9t\u00e9 extorqu\u00e9 \u00e0 l\u2019aide d\u2019une propagande licencieuse et terrorisante. C\u2019est \u00ab contraints \u00bb que beaucoup d\u2019autres se sont fait vacciner, oblig\u00e9s qu\u2019ils se sont sentis pour faire telle activit\u00e9, acc\u00e9der \u00e0 tel service, rendre visite \u00e0 leurs parents, ou ne pas perdre leur emploi. De telles m\u00e9thodes rel\u00e8vent de la coercition ; La coercition est une forme de la violence d\u2019\u00c9tat. Tous ceux-l\u00e0 ont toutes les raisons de nourrir ressentiment et col\u00e8re \u00e0 l\u2019\u00e9gard de ceux qui les ont tromp\u00e9s ou forc\u00e9s. Ils ont au m\u00eame titre que ceux qui refusent la vaccination toutes les raisons de ha\u00efr et vouloir se d\u00e9barrasser d\u2019un tel pouvoir politique qui use de pareilles m\u00e9thodes. Vous \u00eates indign\u00e9s par cette politique, g\u00ean\u00e9s par ces mesures autoritaires et liberticides Ne vous r\u00e9signez pas. Rejoignez le combat et les manifestations des centaines de milliers de Fran\u00e7ais d\u00e9j\u00e0 en lutte contre la dictature sanitaire.La victoire est possible, elle est m\u00eame indispensable car nul ne peut envisager sans fr\u00e9mir de vivre dans l\u2019univers carc\u00e9ral que nous concoctent Macron et ses acolytes. Mais la victoire attendue, comme toutes les victoires populaires, \u00e7a se construit avec les efforts conjugu\u00e9s de chacun.C\u2019est pourquoi amis, \u00ab La R\u00e9publique vous appelle \u00bb je vous en conjure, r\u00e9pondez \u00e0 son cri d\u2019alarme. Sans ostracisme, sans rejet de l\u2019autre, croyants et non croyants, de droites ou de gauche, tout le peuple rassembl\u00e9 pour la d\u00e9fense des libert\u00e9s fondamentales, de la d\u00e9mocratie et des droits de l\u2019homme bafou\u00e9s.Il s\u2019agit l\u00e0 d\u2019un combat historique essentiel auquel nous contraignent les circonstances. Rejoignez-le sans tarder. Vous serez fiers demain, \u00e0 l\u2019heure de la victoire, de pouvoir compter au nombre des artisans de celle-ci.PROCHAIN RENDEZ-VOUS SAMEDI 14 AO\u00dbT A TOURS Place Jean-Jaur\u00e8s, et dans toutes les grandes villes de France et \u00e0 PARIS.Patrick Seignon ; \u00ab lavoiedessansvoix.fr \u00bb Dimanche 8 ao\u00fbt 2021.<\/p>\n","protected":false},"excerpt":{"rendered":"<p>APPEL A LA MOBILISATION\u00ab Toujours plus haut ! Toujours plus fort !\u00bbAvant-Hier, 7 ao\u00fbt \u00e9tait le quatri\u00e8me samedi de mobilisation [&hellip;]<\/p>\n","protected":false},"author":1,"featured_media":4159,"comment_status":"open","ping_status":"open","sticky":false,"template":"","format":"standard","meta":{"sfsi_plus_gutenberg_text_before_share":"","sfsi_plus_gutenberg_show_text_before_share":"","sfsi_plus_gutenberg_icon_type":"","sfsi_plus_gutenberg_icon_alignemt":"","sfsi_plus_gutenburg_max_per_row":"","site-sidebar-layout":"default","site-content-layout":"","ast-site-content-layout":"default","site-content-style":"default","site-sidebar-style":"default","ast-global-header-display":"","ast-banner-title-visibility":"","ast-main-header-display":"","ast-hfb-above-header-display":"","ast-hfb-below-header-display":"","ast-hfb-mobile-header-display":"","site-post-title":"","ast-breadcrumbs-content":"","ast-featured-img":"","footer-sml-layout":"","ast-disable-related-posts":"","theme-transparent-header-meta":"","adv-header-id-meta":"","stick-header-meta":"","header-above-stick-meta":"","header-main-stick-meta":"","header-below-stick-meta":"","astra-migrate-meta-layouts":"default","ast-page-background-enabled":"default","ast-page-background-meta":{"desktop":{"background-color":"var(--ast-global-color-4)","background-image":"","background-repeat":"repeat","background-position":"center center","background-size":"auto","background-attachment":"scroll","background-type":"","background-media":"","overlay-type":"","overlay-color":"","overlay-opacity":"","overlay-gradient":""},"tablet":{"background-color":"","background-image":"","background-repeat":"repeat","background-position":"center center","background-size":"auto","background-attachment":"scroll","background-type":"","background-media":"","overlay-type":"","overlay-color":"","overlay-opacity":"","overlay-gradient":""},"mobile":{"background-color":"","background-image":"","background-repeat":"repeat","background-position":"center center","background-size":"auto","background-attachment":"scroll","background-type":"","background-media":"","overlay-type":"","overlay-color":"","overlay-opacity":"","overlay-gradient":""}},"ast-content-background-meta":{"desktop":{"background-color":"var(--ast-global-color-5)","background-image":"","background-repeat":"repeat","background-position":"center center","background-size":"auto","background-attachment":"scroll","background-type":"","background-media":"","overlay-type":"","overlay-color":"","overlay-opacity":"","overlay-gradient":""},"tablet":{"background-color":"var(--ast-global-color-5)","background-image":"","background-repeat":"repeat","background-position":"center center","background-size":"auto","background-attachment":"scroll","background-type":"","background-media":"","overlay-type":"","overlay-color":"","overlay-opacity":"","overlay-gradient":""},"mobile":{"background-color":"var(--ast-global-color-5)","background-image":"","background-repeat":"repeat","background-position":"center center","background-size":"auto","background-attachment":"scroll","background-type":"","background-media":"","overlay-type":"","overlay-color":"","overlay-opacity":"","overlay-gradient":""}},"footnotes":""},"categories":[16],"tags":[],"class_list":["post-575","post","type-post","status-publish","format-standard","has-post-thumbnail","hentry","category-archives-cms"],"_links":{"self":[{"href":"https:\/\/lavoiedessansvoix.fr\/lavoie\/wp-json\/wp\/v2\/posts\/575","targetHints":{"allow":["GET"]}}],"collection":[{"href":"https:\/\/lavoiedessansvoix.fr\/lavoie\/wp-json\/wp\/v2\/posts"}],"about":[{"href":"https:\/\/lavoiedessansvoix.fr\/lavoie\/wp-json\/wp\/v2\/types\/post"}],"author":[{"embeddable":true,"href":"https:\/\/lavoiedessansvoix.fr\/lavoie\/wp-json\/wp\/v2\/users\/1"}],"replies":[{"embeddable":true,"href":"https:\/\/lavoiedessansvoix.fr\/lavoie\/wp-json\/wp\/v2\/comments?post=575"}],"version-history":[{"count":1,"href":"https:\/\/lavoiedessansvoix.fr\/lavoie\/wp-json\/wp\/v2\/posts\/575\/revisions"}],"predecessor-version":[{"id":3169,"href":"https:\/\/lavoiedessansvoix.fr\/lavoie\/wp-json\/wp\/v2\/posts\/575\/revisions\/3169"}],"wp:featuredmedia":[{"embeddable":true,"href":"https:\/\/lavoiedessansvoix.fr\/lavoie\/wp-json\/wp\/v2\/media\/4159"}],"wp:attachment":[{"href":"https:\/\/lavoiedessansvoix.fr\/lavoie\/wp-json\/wp\/v2\/media?parent=575"}],"wp:term":[{"taxonomy":"category","embeddable":true,"href":"https:\/\/lavoiedessansvoix.fr\/lavoie\/wp-json\/wp\/v2\/categories?post=575"},{"taxonomy":"post_tag","embeddable":true,"href":"https:\/\/lavoiedessansvoix.fr\/lavoie\/wp-json\/wp\/v2\/tags?post=575"}],"curies":[{"name":"wp","href":"https:\/\/api.w.org\/{rel}","templated":true}]}}