{"id":572,"date":"2021-08-20T05:49:00","date_gmt":"2021-08-20T03:49:00","guid":{"rendered":"https:\/\/lavoiedessansvoix.fr\/lavoie\/2021\/08\/20\/archive-mais-ou-allez-vous-camarades\/"},"modified":"2026-04-26T20:51:39","modified_gmt":"2026-04-26T18:51:39","slug":"archive-mais-ou-allez-vous-camarades","status":"publish","type":"post","link":"https:\/\/lavoiedessansvoix.fr\/lavoie\/2021\/08\/20\/archive-mais-ou-allez-vous-camarades\/","title":{"rendered":"MAIS OU ALLEZ-VOUS CAMARADES ?"},"content":{"rendered":"<p>MAIS OU ALLEZ-VOUS CAMARADES ?Rectificatif du 20\/8\/2021 \u00e0 16 heures 30, et excuses \u00e0 la f\u00e9d\u00e9ration FO 37,  figurant en rouge \u00e0 la fin de l&rsquo;article.J\u2019ai re\u00e7u en pi\u00e8ce jointe dans un e-mail un tract \u00e9manent des Union d\u00e9partementales 37 : CGT, FO, SUD, qui appelaient \u00e0 manifester contre l\u2019obligation vaccinale et l\u2019instauration du \u00ab pass sanitaire \u00bb. Ouf, me dis-je, enfin ! les UD, se r\u00e9veillent, et me prends \u00e0 esp\u00e9rer, les \u00ab conf\u00e9d\u00e9s \u00bb suivront peut-\u00eatre bient\u00f4t. Enfin ?\u2026 Elles auraient d\u00fb par nature \u00eatre les premi\u00e8res en ligne dans ce combat. \u00c7a n\u2019a pas \u00e9t\u00e9 le cas, mais si elles se d\u00e9cident \u00ab enfin \u00bb \u00e0 d\u00e9fendre les libert\u00e9s, tant mieux, \u00ab on ne fera pas la fine bouche \u00bb, on ne leur fera pas grief de leur retard. Et bon enfant l\u2019on ajouterait m\u00eame, parce que nous sommes pour la paix des m\u00e9nages : \u00ab vaut mieux tard que jamais \u00bb.Soyons clairs. Il s\u2019agit l\u00e0 des structures syndicales f\u00e9d\u00e9rales. C\u2019est \u00e0 celles-ci que s\u2019adresse cette \u00ab verte \u00bb r\u00e9ponse. Les nombreuses structures syndicales d\u2019entreprises, des \u00ab UL \u00bb aussi et m\u00eame quelques rares f\u00e9d\u00e9rations ou UD, qui se sont d\u00e9j\u00e0 signal\u00e9es en appelant sans \u00e9tats d\u2019\u00e2mes aux manifestations des samedis, ne sont pas vis\u00e9es par notre propos. De nombreuses structures syndicales de bases ou de niveaux interm\u00e9diaires refusent en effet d\u2019entrer dans les consid\u00e9rations \u00ab sp\u00e9cieuses \u00bb dont s\u2019embarrassent les UD 37 que nous prenons ici en (mauvais) exemple. Les probl\u00e8mes que nous soulevons l\u00e0, ne sont donc pas ceux de tout le mouvement syndical que nous saluons bien amicalement, mais \u00ab des structures f\u00e9d\u00e9rales et conf\u00e9d\u00e9rales, ce que nous appellerons le syndicalisme administratif\u2026.Revenons au tract dont il est question. Les structures f\u00e9d\u00e9rales CGT, FO et Sud du 37 appellent \u00e0 manifeste. Chouette !\u2026.. Le 19 ao\u00fbt ( ?) jeudi, je m\u2019\u00e9trangle.Alors que voil\u00e0 cinq semaines d\u00e9j\u00e0 des manifestations nombreuses d\u00e9ferlent chaque samedi qui grossissent de semaine en semaine, pourquoi manifester jeudi ? Pourquoi ne pas venir gonfler les manifestations des samedis ? Ces instances syndicales entreraient-elles dans le mouvement avec d\u00e9j\u00e0 l\u2019intention, non de le renforcer mais, de le diviser ? Auraient t\u2019elles peur de la victoire ?Ils ont \u00e0 leur sens deux raisons qu\u2019ils croient bonnes d\u2019agir ainsi. Une est clairement apparente dans leur tract d\u2019appel, l\u2019autre est si \u00e9cul\u00e9 qu\u2019ils n\u2019osent pas m\u00eame l\u2019exposer en public. Je sais pourtant qu\u2019elle a \u00e9t\u00e9 ouvertement formul\u00e9e lors d\u2019une r\u00e9union intersyndicale des UD Ce jeudi soir19 ao\u00fbt.Commen\u00e7ons par celle qui est tue. Le mouvement pour la libert\u00e9 vaccinale, contre le \u00ab pass  \u00bb, pour les libert\u00e9s contre la dictature sanitaire qui manifeste les samedi \u00e0 leur sens a un d\u00e9faut celui d\u2019\u00eatre, pour une part r\u00e9elle il est vrai, anim\u00e9 par la droite voire \u00ab l\u2019extr\u00eame droite \u00bb (\u00ab Les Patriotes \u00bb de Florian Philippot ou \u00ab Debout la France \u00bb de Nicolas Dupont Aignan.) avec lesquels ils ne veulent pas se m\u00ealer. Or, si l\u2019extr\u00eame droite s\u2019implique dans la lutte actuelle pour les libert\u00e9s, d\u2019abord et en ce qui nous concerne nous disons tant mieux ! Cela vaut mieux tout de m\u00eame que l\u2019extr\u00eame droite fasciste des ann\u00e9es trente qui assommait les travailleurs, les syndicalistes et les piquets de gr\u00e8ves et r\u00eavait d\u2019instaurer un r\u00e9gime totalitaire. Nous remarquerons ensuite que si l\u2019extr\u00eame droite occupe quelques avants postes dans cette mobilisation, c\u2019est bien par ce que la gauche et les syndicats en \u00e9taient absents. Ce n\u2019est donc pas l\u2019extr\u00eame droite qui est \u00e0 bl\u00e2mer quand elle d\u00e9fend les libert\u00e9s, mais la gauche et les syndicats pour ne pas l\u2019avoir fait plut\u00f4t. Enfin se m\u00eame reproche de la pr\u00e9sence de l\u2019extr\u00eame droite n\u2019\u00e9tait-il pas d\u00e9j\u00e0 celui qui fut fait aux Gilets-Jaunes ? Par-del\u00e0 la r\u00e9alit\u00e9, ne serait-ce pas surtout une argutie, une excuse r\u00e9currente pour ne pas entrer dans la lutte ouverte contre Macron ?Bon, ils arrivent, nous l\u2019avons dit, on serait dispos\u00e9 de leur pardonner d\u2019avoir tant tarder. Pour autant nous ne sommes pas dupes de la man\u0153uvre. En arrivant c\u2019est d\u00e9j\u00e0 la division qu\u2019ils apportent. Nous voil\u00e0 donc fond\u00e9s \u00e0 les sommer tout net de cesser ce petit jeu pervers et de se joindre, sans m\u00e9goter, au \u00ab TOUS ENSEMBLE \u00bb si n\u00e9cessaire des manifestations des samedis.L\u2019autre raison qui les motive \u00e0 scinder le mouvement, c\u2019est que tout en militant contre l\u2019obligation vaccinale ils sont en v\u00e9rit\u00e9, quoiqu\u2019ils s\u2019en d\u00e9fendent, totalement solidaires de la campagne vaccinale plan\u00e9taire. Ils partagent enti\u00e8rement les objectifs de Macron\/V\u00e9ran qui veulent vacciner tout le monde. Ainsi \u00e9crivent-ils : \u00ab Ce sont des moyens humains et mat\u00e9riels cons\u00e9quents qu\u2019il faut mettre en place \u00bb \u2026..\u00ab l\u2019acc\u00e8s \u00e0 la vaccination pour toutes et tous, au plus pr\u00e8s de la population, la lev\u00e9e des brevets afin que cet acc\u00e8s \u00e0 la vaccination soit international,\u2026 \u00bb \u00ab La phrase est \u00e9loquente. Ce qu\u2019ils reprochent peut-\u00eatre \u00e0 Macron c\u2019est d\u2019user du moyen de coercition qu\u2019est le \u00ab pass-sanitaire \u00bb dont le but premier est de contraindre tout le monde \u00e0 se vacciner, mais tout comme lui ils veulent nous vacciner tous tout de m\u00eame. N\u2019y a-t-il pas en cela le socle d\u2019une alliance objective ? \u00bb La libert\u00e9 de la vaccination suppose le choix \u00e9clair\u00e9 et individuel de chacun. Une prise de position aussi claire des OS POUR la vaccination rel\u00e8ve du lobbying et non de l\u2019information \u00e9quilibr\u00e9 des syndiqu\u00e9s. Elle ne laisse pas de place au libre arbitre et au consentement \u00e9clair\u00e9s, elle ne respecte pas les syndiqu\u00e9s et les salari\u00e9s pourtant nombreux qui ne veulent pas se faire \u00ab injecter \u00bb, elle ne prend pas en compte la diversit\u00e9 des opinions, Elle s\u2019apparente \u00e0 \u00ab une consigne \u00bb un oukase, c\u2019est une tentative de viol des consciences.D\u2019ailleurs les choses sont fort claires. Ce m\u00eame jeudi soir 19 ao\u00fbt, lors de la r\u00e9union des UD, l\u2019autre motivation avanc\u00e9 pour ne pas se joindre aux manifestations des samedi, c\u2019est qu\u2019\u00e0 c\u00f4t\u00e9 de l\u2019extr\u00eame droite il y a beaucoup \u00ab d\u2019antivax \u00bb (m\u00eame appellation frauduleuses qu\u2019utilise l\u2019ignoble propagande gouvernementale.) et qui brutalisent le simple bon sens. Comment se pourrait-il en effet que ceux qui sont oppos\u00e9s \u00e0 l\u2019obligation vaccinale du Covid ne fissent pas partie des manifestations contre le pass sanitaire qui est une obligation vaccinale masqu\u00e9e. Qu\u2019est-ce donc, sinon des \u00ab organisateurs de d\u00e9faites \u00bb que ces \u00ab G\u00e9n\u00e9raux \u00bb qui pour entrer en lutte exigent de quelques gros bataillons (Droite, antivax,..) qu\u2019ils ne prennent pas part au combat ?Vous voil\u00e0 donc camarades comme Basile perch\u00e9s \u00e0 cheval sur vos grands principes : pas de compromission avec l\u2019extr\u00eame droite ! A cheval sur les principes ?Enfin pas tous !\u2026. Car vous voil\u00e0 de la sorte, compromis avec nos pires ennemis de classe repr\u00e9sent\u00e9s par la \u00ab Macronnie \u00bb, le parti de la finance, le pire parti r\u00e9actionnaire que la France est eue \u00e0 subir depuis les temps de la restauration. (1814\/1830). Votre soutien \u00e0 la politique vaccinale est en effet une fa\u00e7on de soutien au r\u00e9gime politique.A l\u2019aube du XIX\u00e8me si\u00e8cle la France Jacobine redoutait l\u2019av\u00e8nement d\u2019un \u00ab C\u00e9sar \u00bb d\u2019un dictateur. Elle le voyait venir et s\u2019en pr\u00e9venait, dans la figure du G\u00e9n\u00e9ral Lafayette, mais c\u2019est Napol\u00e9on qui est venu. Vous voulez vous pr\u00e9venir contre Mme Le Pen mais vous ouvrez \u00ab la marche \u00bb \u00e0 Macron.L\u2019extr\u00eame droite ? Le fascisme dites-vous. Mais pour les travailleurs de ce pays toujours plus pr\u00e9caris\u00e9s, pour les ch\u00f4meurs humili\u00e9s, pour ceux toujours plus nombreux pr\u00e9cipit\u00e9s dans la pauvret\u00e9, pour les dizaines de milliers d\u2019artisans et petits commer\u00e7ants ruin\u00e9s, le fascisme \u00bb n\u2019est-il pas d\u00e9j\u00e0 un peu l\u00e0 sous les oripeaux de la dictature actuelle ? Ils perdent tous leurs acquis, tous leurs droits, et m\u00eame parfois leur dignit\u00e9, que peuvent-ils craindre de plus ? Et si Mme Le Pen constitue un v\u00e9ritable danger, convient-il, au pr\u00e9texte de d\u00e9fendre la R\u00e9publique de la livrer, pieds et mains li\u00e9es \u00e0 cet autre danger bien plus imminent qu\u2019est la dictature macronniste ? Dr\u00f4le de m\u00e9thode de d\u00e9fense ne vous parait-il pas que de livrer le pays et le peuple \u00e0 une dictature au pr\u00e9texte d\u2019en \u00e9viter une autre. Vous n\u2019\u00eates pas cens\u00e9s chers camarades agir en officines du minist\u00e8re de la sant\u00e9, ni en relais du gouvernement chez les salari\u00e9s, ni d\u2019ailleurs en lobbys des laboratoires dans le monde du travail. Ce ne sont pas l\u00e0 vos r\u00f4les ni vos missions. Alors je vous en conjure revenez \u00e0 ce qui est votre vocation premi\u00e8re, veillez \u00e0 reprendre rapidement votre ind\u00e9pendance et, sans arri\u00e8res pens\u00e9es, la place qui est la v\u00f4tre, dans l\u2019unit\u00e9 du mouvement actuel de d\u00e9fense des libert\u00e9s. Nous nous en porterons tous mieux.Si vous ne le faites pas, bien entendu la sentence de l\u2019Histoire sera terrible, et vous devrez rendre des comptes bient\u00f4t aux travailleurs qui se seront sentis trahis.Patrick Seignon. \u00ab lavoiedessansvoix.fr \u00bb. Vendredi 20 ao\u00fbt 2021.RECTIFICATIF du vendredi 20 ao\u00fbt \u00e0 16 heures 30(Excuses \u00e0 la f\u00e9d\u00e9ration FO 37)Comme je l\u2019ai indiqu\u00e9 je r\u00e9ponds dans cet article \u00e0 un tract syndical commun (CGT, FO, SUD Solidaires.) re\u00e7u par e-mail lundi 16. A cette date ce tract \u00e9tait sign\u00e9, et donc son contenu assum\u00e9, par les trois sigles. C\u2019est pourquoi je m\u2019adresse aux trois f\u00e9d\u00e9rations. L\u2019article pour l\u2019essentiel \u00e9tait \u00e9crit d\u00e9s le mardi 17 ao\u00fbt et attendait d\u2019\u00eatre publi\u00e9.Or, et j\u2019en ai \u00e9t\u00e9 inform\u00e9, comme l\u2019article en rend compte, que se tenait hier, jeudi 19 en soir\u00e9e une intersyndicale. J\u2019ai r\u00e9actualis\u00e9 l\u2019article ce matin 20 ao\u00fbt en parlant de cette r\u00e9union et des motivations invoqu\u00e9es par certains pour ne pas se joindre aux manifestations des samedi. Ce faisant j\u2019ai commise une erreur qui est une faute, j\u2019ai omis de dire que ce refus \u00e9manait des deux f\u00e9d\u00e9ration CGT et SUD seulement et que FO s\u2019en \u00e9tait d\u00e9solidaris\u00e9.La f\u00e9d\u00e9ration FO 37 appelle seule, comme elle l\u2019a fait pour celles des semaines pr\u00e9c\u00e9dentes, \u00e0 se joindre \u00e0 la manifestation du samedi 21 ao\u00fbt.Que les camarades syndicalistes de Force Ouvri\u00e8re \u00bb veuillent bien nous excuser cette faute. Nous les saluons bien amicalement et nous r\u00e9jouissons de leur prise de position.P. Seignon<\/p>\n","protected":false},"excerpt":{"rendered":"<p>MAIS OU ALLEZ-VOUS CAMARADES ?Rectificatif du 20\/8\/2021 \u00e0 16 heures 30, et excuses \u00e0 la f\u00e9d\u00e9ration FO 37, figurant en [&hellip;]<\/p>\n","protected":false},"author":1,"featured_media":4156,"comment_status":"open","ping_status":"open","sticky":false,"template":"","format":"standard","meta":{"sfsi_plus_gutenberg_text_before_share":"","sfsi_plus_gutenberg_show_text_before_share":"","sfsi_plus_gutenberg_icon_type":"","sfsi_plus_gutenberg_icon_alignemt":"","sfsi_plus_gutenburg_max_per_row":"","site-sidebar-layout":"default","site-content-layout":"","ast-site-content-layout":"default","site-content-style":"default","site-sidebar-style":"default","ast-global-header-display":"","ast-banner-title-visibility":"","ast-main-header-display":"","ast-hfb-above-header-display":"","ast-hfb-below-header-display":"","ast-hfb-mobile-header-display":"","site-post-title":"","ast-breadcrumbs-content":"","ast-featured-img":"","footer-sml-layout":"","ast-disable-related-posts":"","theme-transparent-header-meta":"","adv-header-id-meta":"","stick-header-meta":"","header-above-stick-meta":"","header-main-stick-meta":"","header-below-stick-meta":"","astra-migrate-meta-layouts":"default","ast-page-background-enabled":"default","ast-page-background-meta":{"desktop":{"background-color":"var(--ast-global-color-4)","background-image":"","background-repeat":"repeat","background-position":"center center","background-size":"auto","background-attachment":"scroll","background-type":"","background-media":"","overlay-type":"","overlay-color":"","overlay-opacity":"","overlay-gradient":""},"tablet":{"background-color":"","background-image":"","background-repeat":"repeat","background-position":"center center","background-size":"auto","background-attachment":"scroll","background-type":"","background-media":"","overlay-type":"","overlay-color":"","overlay-opacity":"","overlay-gradient":""},"mobile":{"background-color":"","background-image":"","background-repeat":"repeat","background-position":"center center","background-size":"auto","background-attachment":"scroll","background-type":"","background-media":"","overlay-type":"","overlay-color":"","overlay-opacity":"","overlay-gradient":""}},"ast-content-background-meta":{"desktop":{"background-color":"var(--ast-global-color-5)","background-image":"","background-repeat":"repeat","background-position":"center center","background-size":"auto","background-attachment":"scroll","background-type":"","background-media":"","overlay-type":"","overlay-color":"","overlay-opacity":"","overlay-gradient":""},"tablet":{"background-color":"var(--ast-global-color-5)","background-image":"","background-repeat":"repeat","background-position":"center center","background-size":"auto","background-attachment":"scroll","background-type":"","background-media":"","overlay-type":"","overlay-color":"","overlay-opacity":"","overlay-gradient":""},"mobile":{"background-color":"var(--ast-global-color-5)","background-image":"","background-repeat":"repeat","background-position":"center center","background-size":"auto","background-attachment":"scroll","background-type":"","background-media":"","overlay-type":"","overlay-color":"","overlay-opacity":"","overlay-gradient":""}},"footnotes":""},"categories":[16],"tags":[],"class_list":["post-572","post","type-post","status-publish","format-standard","has-post-thumbnail","hentry","category-archives-cms"],"_links":{"self":[{"href":"https:\/\/lavoiedessansvoix.fr\/lavoie\/wp-json\/wp\/v2\/posts\/572","targetHints":{"allow":["GET"]}}],"collection":[{"href":"https:\/\/lavoiedessansvoix.fr\/lavoie\/wp-json\/wp\/v2\/posts"}],"about":[{"href":"https:\/\/lavoiedessansvoix.fr\/lavoie\/wp-json\/wp\/v2\/types\/post"}],"author":[{"embeddable":true,"href":"https:\/\/lavoiedessansvoix.fr\/lavoie\/wp-json\/wp\/v2\/users\/1"}],"replies":[{"embeddable":true,"href":"https:\/\/lavoiedessansvoix.fr\/lavoie\/wp-json\/wp\/v2\/comments?post=572"}],"version-history":[{"count":1,"href":"https:\/\/lavoiedessansvoix.fr\/lavoie\/wp-json\/wp\/v2\/posts\/572\/revisions"}],"predecessor-version":[{"id":3163,"href":"https:\/\/lavoiedessansvoix.fr\/lavoie\/wp-json\/wp\/v2\/posts\/572\/revisions\/3163"}],"wp:featuredmedia":[{"embeddable":true,"href":"https:\/\/lavoiedessansvoix.fr\/lavoie\/wp-json\/wp\/v2\/media\/4156"}],"wp:attachment":[{"href":"https:\/\/lavoiedessansvoix.fr\/lavoie\/wp-json\/wp\/v2\/media?parent=572"}],"wp:term":[{"taxonomy":"category","embeddable":true,"href":"https:\/\/lavoiedessansvoix.fr\/lavoie\/wp-json\/wp\/v2\/categories?post=572"},{"taxonomy":"post_tag","embeddable":true,"href":"https:\/\/lavoiedessansvoix.fr\/lavoie\/wp-json\/wp\/v2\/tags?post=572"}],"curies":[{"name":"wp","href":"https:\/\/api.w.org\/{rel}","templated":true}]}}