{"id":570,"date":"2021-08-26T07:22:00","date_gmt":"2021-08-26T05:22:00","guid":{"rendered":"https:\/\/lavoiedessansvoix.fr\/lavoie\/2021\/08\/26\/archive-communique-a-l-adresse-des-citoyens-libres-et-g-j-37\/"},"modified":"2026-04-26T20:51:21","modified_gmt":"2026-04-26T18:51:21","slug":"archive-communique-a-l-adresse-des-citoyens-libres-et-g-j-37","status":"publish","type":"post","link":"https:\/\/lavoiedessansvoix.fr\/lavoie\/2021\/08\/26\/archive-communique-a-l-adresse-des-citoyens-libres-et-g-j-37\/","title":{"rendered":"COMMUNIQUE A L\u2019ADRESSE DES CITOYENS LIBRES ET G.J 37"},"content":{"rendered":"<p>COMMUNIQUE A L\u2019ADRESSE DES CITOYENS LIBRES ET G.J 37Une A.G, (30 personnes) s\u2019est tenue \u00e0 Tours mardi soir 24ao\u00fbt, qui s\u2019est prononc\u00e9 sur la gestion et le destin des manifestations anti \u00ab pass \u00bb.Certains participants \u00e0 cette r\u00e9union voulaient faire ent\u00e9riner par elle la scission de la manifestation entre droite, extr\u00eame droite et antivax d\u2019une part et militants \u00ab de gauche \u00bb contre le pass et la casse sociale d\u2019autre part.Ils n\u2019y sont pas parvenus. Leur proposition a \u00e9t\u00e9 rejet\u00e9.Mais ils ont r\u00e9ussi \u00e0 faire voter la scission de facto des manifs pour le cas ou des \u00ab troubles ou difficult\u00e9 \u00bb surviendraient.Sachant que ce sont les m\u00eames qui sont \u00e0 l\u2019origine de la mont\u00e9e des tensions et de l\u2019incident du samedi 21, il y a tout lieu de croire qu\u2019ils cr\u00e9eront, eux-m\u00eames des troubles et des difficult\u00e9s dont ils ont besoin pour justifier la scission qu\u2019ils souhaitent. Si nous ne voulons pas \u00eatre bern\u00e9s il convient d\u2019avoir les yeux grands ouverts et d\u2019\u00eatre parfaitement conscients des r\u00e9alit\u00e9s fussent-elles dures \u00e0 admettre.C\u2019est de nos rangs que vient le danger de nos manifestations. Quelques \u00e9l\u00e9ments d\u2019une certaine extr\u00eame gauche et syndicalistes, partisans de la vaccination g\u00e9n\u00e9rale sont plus pr\u00e9occup\u00e9s de leur gu\u00e9guerre avec l\u2019extr\u00eame droite que de la victoire du mouvement antipass. Ceux-l\u00e0 sont r\u00e9solus \u00e0 faire capoter le mouvement co\u00fbte que co\u00fbte. Ils y parviendront si nous ne les en emp\u00eachons pasCes \u00e9l\u00e9ments provocateurs \u00ab identifi\u00e9s \u00bb veulent casser la mobilisation \u00ab des antivax \u00bb, comme ils disent. \u00c7a n\u2019est pas de la s\u00e9paration des cort\u00e8ges en cas de probl\u00e8me qu\u2019il fallait d\u00e9cider mais de la mise au rancart de ces \u00e9l\u00e9ments nuisibles, leur neutralisation leur isolement afin de les rendre inop\u00e9rants.La scission des manifs, qu\u2019elle qu\u2019en soit la cause ou le pr\u00e9texte, serait d\u2019un effet d\u00e9sastreux pour la suite. Ceux qui en prendraient la responsabilit\u00e9, agiraient de fait comme des \u00ab suppl\u00e9tifs de Macron, pour le seul b\u00e9n\u00e9fice de celui-ci.Je suis pour ma part d\u2019accord avec le vote initial contre la s\u00e9paration des manifs. Et comme je suis coh\u00e9rent avec moi-m\u00eame il n\u2019y aura pas pour moi de s\u00e9paration de manif, m\u00eame de facto, m\u00eame si certains veulent nous l\u2019imposer par des manigances ou provocations. Sachez chers amis que Je m\u2019opposerai de toutes mes forces et de toute mon \u00e9nergie \u00e0 une telle folie, et que je vous invite tous \u00e0 en faire tout autant. J\u2019appelles donc tous les citoyens libres et tous les GJ du d\u00e9partement \u00e0 venir tr\u00e8s nombreux renforcer notre groupe en t\u00eate de manifestation et \u00e0 se serrer autour de notre banderole, afin de marginaliser les \u00e9l\u00e9ments mal intentionn\u00e9s. Avec nos instruments, la sono, et notre bonne humeur nous conduirons la manifestation dans le calme en pr\u00e9servant son int\u00e9grit\u00e9 et son unit\u00e9 jusqu\u2019au bout.\u00ab La rue elle est \u00e0 qui ? Et les libert\u00e9s, elles sont \u00e0 qui ? Elles sont \u00e0 nous ! \u00ab Nous \u00bb, le peuple, de droite et de gauche sans distinction et sans discrimination. Tous ceux qui veulent les d\u00e9fendre, de droite ou de gauche sont les biens venus. Je vous informe que j\u2019ai rencontr\u00e9 mardi soir deux d\u00e9l\u00e9gu\u00e9s du groupe \u00ab Des tours et des lys \u00bb, afin de n\u00e9gocier le d\u00e9roulement de la manifestation dans le calme. Ils se disent oppos\u00e9s \u00e0 tout incident et soucieux de l\u2019unit\u00e9 des manifestations condition indispensable \u00e0 leur succ\u00e8s. Je leur ai assur\u00e9 qu\u2019ils avaient le droit de manifester comme tout citoyen et qu\u2019ils ne seraient pas inqui\u00e9t\u00e9.  Je les ai pri\u00e9s, et ils en ont \u00e9t\u00e9 d\u2019accord, de ne pas tenter de prendre la t\u00eate de manifestation afin de ne pas donner pr\u00e9texte \u00e0 une attaque qui serait d\u00e9sastreuse pour la cause commune. Ils manifesteront dans le calme derri\u00e8re nous.Bonne journ\u00e9e \u00e0 vous tous et \u00e0 samediPatrick Seignon.<\/p>\n","protected":false},"excerpt":{"rendered":"<p>COMMUNIQUE A L\u2019ADRESSE DES CITOYENS LIBRES ET G.J 37Une A.G, (30 personnes) s\u2019est tenue \u00e0 Tours mardi soir 24ao\u00fbt, qui [&hellip;]<\/p>\n","protected":false},"author":1,"featured_media":4154,"comment_status":"open","ping_status":"open","sticky":false,"template":"","format":"standard","meta":{"sfsi_plus_gutenberg_text_before_share":"","sfsi_plus_gutenberg_show_text_before_share":"","sfsi_plus_gutenberg_icon_type":"","sfsi_plus_gutenberg_icon_alignemt":"","sfsi_plus_gutenburg_max_per_row":"","site-sidebar-layout":"default","site-content-layout":"","ast-site-content-layout":"default","site-content-style":"default","site-sidebar-style":"default","ast-global-header-display":"","ast-banner-title-visibility":"","ast-main-header-display":"","ast-hfb-above-header-display":"","ast-hfb-below-header-display":"","ast-hfb-mobile-header-display":"","site-post-title":"","ast-breadcrumbs-content":"","ast-featured-img":"","footer-sml-layout":"","ast-disable-related-posts":"","theme-transparent-header-meta":"","adv-header-id-meta":"","stick-header-meta":"","header-above-stick-meta":"","header-main-stick-meta":"","header-below-stick-meta":"","astra-migrate-meta-layouts":"default","ast-page-background-enabled":"default","ast-page-background-meta":{"desktop":{"background-color":"var(--ast-global-color-4)","background-image":"","background-repeat":"repeat","background-position":"center center","background-size":"auto","background-attachment":"scroll","background-type":"","background-media":"","overlay-type":"","overlay-color":"","overlay-opacity":"","overlay-gradient":""},"tablet":{"background-color":"","background-image":"","background-repeat":"repeat","background-position":"center center","background-size":"auto","background-attachment":"scroll","background-type":"","background-media":"","overlay-type":"","overlay-color":"","overlay-opacity":"","overlay-gradient":""},"mobile":{"background-color":"","background-image":"","background-repeat":"repeat","background-position":"center center","background-size":"auto","background-attachment":"scroll","background-type":"","background-media":"","overlay-type":"","overlay-color":"","overlay-opacity":"","overlay-gradient":""}},"ast-content-background-meta":{"desktop":{"background-color":"var(--ast-global-color-5)","background-image":"","background-repeat":"repeat","background-position":"center center","background-size":"auto","background-attachment":"scroll","background-type":"","background-media":"","overlay-type":"","overlay-color":"","overlay-opacity":"","overlay-gradient":""},"tablet":{"background-color":"var(--ast-global-color-5)","background-image":"","background-repeat":"repeat","background-position":"center center","background-size":"auto","background-attachment":"scroll","background-type":"","background-media":"","overlay-type":"","overlay-color":"","overlay-opacity":"","overlay-gradient":""},"mobile":{"background-color":"var(--ast-global-color-5)","background-image":"","background-repeat":"repeat","background-position":"center center","background-size":"auto","background-attachment":"scroll","background-type":"","background-media":"","overlay-type":"","overlay-color":"","overlay-opacity":"","overlay-gradient":""}},"footnotes":""},"categories":[16],"tags":[],"class_list":["post-570","post","type-post","status-publish","format-standard","has-post-thumbnail","hentry","category-archives-cms"],"_links":{"self":[{"href":"https:\/\/lavoiedessansvoix.fr\/lavoie\/wp-json\/wp\/v2\/posts\/570","targetHints":{"allow":["GET"]}}],"collection":[{"href":"https:\/\/lavoiedessansvoix.fr\/lavoie\/wp-json\/wp\/v2\/posts"}],"about":[{"href":"https:\/\/lavoiedessansvoix.fr\/lavoie\/wp-json\/wp\/v2\/types\/post"}],"author":[{"embeddable":true,"href":"https:\/\/lavoiedessansvoix.fr\/lavoie\/wp-json\/wp\/v2\/users\/1"}],"replies":[{"embeddable":true,"href":"https:\/\/lavoiedessansvoix.fr\/lavoie\/wp-json\/wp\/v2\/comments?post=570"}],"version-history":[{"count":1,"href":"https:\/\/lavoiedessansvoix.fr\/lavoie\/wp-json\/wp\/v2\/posts\/570\/revisions"}],"predecessor-version":[{"id":3159,"href":"https:\/\/lavoiedessansvoix.fr\/lavoie\/wp-json\/wp\/v2\/posts\/570\/revisions\/3159"}],"wp:featuredmedia":[{"embeddable":true,"href":"https:\/\/lavoiedessansvoix.fr\/lavoie\/wp-json\/wp\/v2\/media\/4154"}],"wp:attachment":[{"href":"https:\/\/lavoiedessansvoix.fr\/lavoie\/wp-json\/wp\/v2\/media?parent=570"}],"wp:term":[{"taxonomy":"category","embeddable":true,"href":"https:\/\/lavoiedessansvoix.fr\/lavoie\/wp-json\/wp\/v2\/categories?post=570"},{"taxonomy":"post_tag","embeddable":true,"href":"https:\/\/lavoiedessansvoix.fr\/lavoie\/wp-json\/wp\/v2\/tags?post=570"}],"curies":[{"name":"wp","href":"https:\/\/api.w.org\/{rel}","templated":true}]}}