{"id":568,"date":"2021-09-21T04:34:00","date_gmt":"2021-09-21T02:34:00","guid":{"rendered":"https:\/\/lavoiedessansvoix.fr\/lavoie\/2021\/09\/21\/archive-mais-ou-se-terre-donc-l-ethique-journalistique-droit-de-reponse-ouvert-et-indign\/"},"modified":"2026-04-26T20:50:59","modified_gmt":"2026-04-26T18:50:59","slug":"archive-mais-ou-se-terre-donc-l-ethique-journalistique-droit-de-reponse-ouvert-et-indign","status":"publish","type":"post","link":"https:\/\/lavoiedessansvoix.fr\/lavoie\/2021\/09\/21\/archive-mais-ou-se-terre-donc-l-ethique-journalistique-droit-de-reponse-ouvert-et-indign\/","title":{"rendered":"MAIS OU SE TERRE DONC L\u2019\u00c9THIQUE JOURNALISTIQUE ? (Droit de r\u00e9ponse \u00ab ouvert et indign\u00e9 \u00bb \u00e0 \u00ab La Nouvelle R\u00e9publique \u00bb)."},"content":{"rendered":"<p>MAIS OU SE TERRE DONC L\u2019\u00c9THIQUE JOURNALISTIQUE ?*(Droit de r\u00e9ponse \u00ab ouvert et indign\u00e9 \u00bb \u00e0 \u00ab La Nouvelle R\u00e9publique \u00bb \u00ab Droit de r\u00e9ponse \u00bb car tout citoyen a le droit et m\u00eame le devoir, de r\u00e9tablir la v\u00e9rit\u00e9, quand la presse fantaisiste (pour rester courtois) malm\u00e8ne celle-ci au d\u00e9triment de l\u2019\u00e9thique journalistique,\u00ab Ouvert et indign\u00e9 \u00bb car le parti pris affich\u00e9 ne donne gu\u00e8re \u00e0 esp\u00e9rer que notre quotidien r\u00e9gional accepte d\u2019ins\u00e9rer notre r\u00e9ponse.Le titre \u00ab il y a de tout dans les manifs en Touraine \u00bb, respire \u00e0 lui seul la mauvaise foi \u00e0 plein nez. \u00ab Anti-passe, Gilets-Jaunes, antivaccin \u00bb. L\u2019auteur de l\u2019article voudrait cat\u00e9goriser, saucissonner la manifestation en tron\u00e7ons incompatibles, donner \u00e0 penser \u00e0 un \u00ab bric-\u00e0-brac \u00bb, un \u00ab inventaire \u00e0 la Pr\u00e9vert \u00bb. Pourtant, en v\u00e9rit\u00e9 les choses sont limpides : il n\u2019y a dans ces manifestations qu\u2019une sorte de gens r\u00e9unis sur trois th\u00e8mes unifiant : Le refus du passe sanitaire, le refus de l\u2019obligation vaccinale, la d\u00e9fense des libert\u00e9s. Il est certes vrai, la pluie y eu sa part, que la manifestation de ce 18 septembre comptait moins de monde que les pr\u00e9c\u00e9dentes. Il est \u00e9crit dans la \u00ab N.R. \u00bb \u00ab 1800 selon les organisateurs \u00bb. Et de poursuivre \u00ab contre 3.970 le 4 septembre dernier. \u00bb. Or, si l\u2019on s\u2019en r\u00e9f\u00e8re \u00e0 la N.R. elle-m\u00eame, celle-ci, en date du 4 septembre dernier donnait : \u00ab Selon la police municipale de Tours, la manifestation a r\u00e9uni entre 1.500 et 1.800 personnes. Les participants annoncent de leur c\u00f4t\u00e9 une mobilisation de 3.900 manifestants. \u2026\u2026 \u00bb. En prenant comme r\u00e9f\u00e9rence les chiffres \u00ab organisateurs \u00bb afin de bien souligner la d\u00e9crue, la N.R. valide donc ceux-ci et du m\u00eame coup invalide ceux de la police municipale qui apparaissent pour ce qu\u2019ils sont \u00ab fantaisistes \u00bb et \u00ab mensongers \u00bb.Parmi \u00ab Vingt-deux fossoyeurs, un amour, Le raton laveur et Une madame untel \u00bb (\u00ab inventaire \u00bb, Jacques Pr\u00e9vert) le reporter de la N.R. parait avoir vu aussi des \u00ab black-blocs, \u00bb dans la manifestation. Tout d\u2019abord, lorsque cette \u00ab esp\u00e8ce \u00bb est pr\u00e9sente, ce n\u2019est jamais dans les manifs mais \u00e0 leur p\u00e9riph\u00e9rie. Ensuite, il n\u2019\u2019y a jamais eu de \u00ab Black-Blocs \u00bb dans les manifestations anti-Passe \u00e0 Tours. Il n\u2019y a jamais eu de casse ni d\u2019incident \u00e0 l\u2019exception de celui du 21 ao\u00fbt, induit non par des black-blocs mais par des \u00e9l\u00e9ments \u00ab d\u2019extr\u00eame gauche \u00bb parfaitement identifi\u00e9s. Il est \u00e9crit encore : \u00ab D\u00e9j\u00e0 dans la matin\u00e9e, quelque 75 anti-passe sanitaires &#8211; mais vaccin\u00e9s &#8211; avaient pris leurs distances en boycottant le rassemblement de l&rsquo;apr\u00e8s-midi, \u00e0 l&rsquo;exception du NPA \u00bb. A l\u2019exception du NPA ? Notre reporter s\u2019\u00e9gare. C\u2019est carr\u00e9ment l\u2019inverse, c\u2019est au contraire , le NPA qui est \u00e0 l\u2019origine de cette  initiative lamentable et donc responsable de ce flop retentissant. L\u2019inexactitude il nous semble est une faute grave pour un journaliste.Le premier devoir d\u2019un journaliste nous semble-t-il c\u2019est de ne pas tordre la r\u00e9alit\u00e9 au gr\u00e9 de ses fantasmes. 75 personnes ont manifest\u00e9 le matin. C\u2019\u00e9tait sans aucun doute une tentative de division. Mais c\u2019est surtout pour ses \u00ab initiateurs \u00bb un \u00e9chec, un flop gigantesque. Une poign\u00e9e d\u2019activistes qui ne venaient aux manifestations de l\u2019apr\u00e8s-midi qu\u2019avec l\u2019intention de leur nuire, ont manifest\u00e9s le matin et \u00ab boycott\u00e9 \u00bb la manifestation de l\u2019apr\u00e8s-midi. En quoi est-ce une division v\u00e9ritable ? \u00c7a ne s\u2019est m\u00eame pas senti. Ainsi \u00e0 l\u2019abri de leurs anicroches la \u00ab manifestation anti-passe \u00bb, la seule, la vraie, ne s\u2019en est que mieux port\u00e9e. Non pas divis\u00e9e la manifestation, mais lib\u00e9r\u00e9e de l\u2019hypoth\u00e8que des agressions des diviseurs. La tentative de division a bien eu lieu, nous ne le nions pas,  mais la division a \u00e9chou\u00e9.\u00ab De l\u2019extr\u00eame droite \u00bb aux \u00ab gilets-jaunes \u00bb. Comme il est surprenant cet intertitre. Y-a-t-il tout \u00e0 coup quelque chose de contradictoire, une opposition irr\u00e9m\u00e9diable entre Extr\u00eame droite et Gilets-Jaunes ?  Comme c\u2019est dr\u00f4le ! N\u2019est-ce pas, il y a trois ans, au pr\u00e9texte de la pr\u00e9sence de l\u2019extr\u00eame droite dans le mouvement \u00ab G.J. \u00bb que celui-ci avait d\u00e9j\u00e0 \u00e9t\u00e9 ostracis\u00e9 par certains ?Eh oui, il y a parmi les manifestants anti-passe un petit groupe, \u00ab Des tours et des lys \u00bb, classifi\u00e9 \u00ab extr\u00eame droite \u00bb qui manifeste pos\u00e9ment et pacifiquement avec nous, depuis plusieurs semaines. Ces gens sont des citoyens fran\u00e7ais. Ils sont tout comme nous, et leurs motivations exactes n\u2019a rien \u00e0 voir l\u00e0-dedans, oppos\u00e9s au \u00ab passe (sanitaire) et \u00e0 la vaccination forc\u00e9e. Comme tous les citoyens fran\u00e7ais ils ont le droit de manifester cette opposition et leur attachement aux libert\u00e9s qui n\u2019appartiennent pas en particulier \u00e0 \u00ab une pr\u00e9tendue \u00ab Gauche \u00bb mais \u00e0 tous les citoyens Fran\u00e7ais. Ils d\u00e9fendent les libert\u00e9s et s\u2019opposent au \u00ab passe \u00bb et \u00e0 l\u2019obligation vaccinale o\u00f9 voyez-vous la moindre incompatibilit\u00e9 \u00e0 ce que nous manifestions ensemble ?Ce journaliste, apr\u00e8s avoir vu \u00ab un bric-\u00e0-brac \u00bb h\u00e9t\u00e9roclite l\u00e0 o\u00f9 r\u00e8gne en v\u00e9rit\u00e9 l\u2019harmonie et la clart\u00e9, se propose de d\u00e9couvrir. la seule coh\u00e9rence de ces manifestations, apparente \u00e0 son sens : \u00ab \u2026la seule lecture homog\u00e8ne des revendications concernait la d\u00e9fense des libert\u00e9s individuelles, port\u00e9e par des anti-Macron. \u00bb. Tient une nouvelle cat\u00e9gorie ?\u00ab Anti-Macron \u00bb ? Serait-ce bien une esp\u00e8ce \u00e0 part ? Le Passe (Sanitaire) est une agression immonde contre \u00ab les libert\u00e9s \u00bb, s\u2019opposer au \u00ab passe (sanitaire) c\u2019est d\u00e9j\u00e0 d\u00e9fendre les libert\u00e9s. Toute la manifestation contre le passe (sanitaire) et pour la LIBERT\u00c9 vaccinale d\u00e9fends donc \u00ab les libert\u00e9s \u00bb et comme Macron est l\u2019homme qui les agresse, qui les confisque, il est rien moins que  naturel que toute la manifestation (non pas un petit groupe isol\u00e9) soit \u00ab anti-Macron \u00bb. Alors Monsieur efforcez-vous \u00e0 l\u2019avenir d\u2019\u00e9crire de fa\u00e7on moins d\u00e9cousue, abstenez-vous de trop de fantaisies dans l\u2019interpr\u00e9tation des faits et tentez de renouer avec l\u2019\u00e9thique de votre m\u00e9tier.Patrick Seignon. 19 SEPTEMBRE 2021.(publi\u00e9 le 21 septembre 2021.)* Ce \u00ab\u00a0droit de r\u00e9ponse\u00a0\u00bb se r\u00e9f\u00e8re \u00e0 l\u00a0\u00bbarticle \u00e9lectronique de \u00ab\u00a0la Nouvelle R\u00e9publique du centre\u00a0\u00bb, paru sur sa page Web le dimanche 19septembe 2021? et apparemment sign\u00e9 Bruno Pille<\/p>\n","protected":false},"excerpt":{"rendered":"<p>MAIS OU SE TERRE DONC L\u2019\u00c9THIQUE JOURNALISTIQUE ?*(Droit de r\u00e9ponse \u00ab ouvert et indign\u00e9 \u00bb \u00e0 \u00ab La Nouvelle R\u00e9publique [&hellip;]<\/p>\n","protected":false},"author":1,"featured_media":4152,"comment_status":"open","ping_status":"open","sticky":false,"template":"","format":"standard","meta":{"sfsi_plus_gutenberg_text_before_share":"","sfsi_plus_gutenberg_show_text_before_share":"","sfsi_plus_gutenberg_icon_type":"","sfsi_plus_gutenberg_icon_alignemt":"","sfsi_plus_gutenburg_max_per_row":"","site-sidebar-layout":"default","site-content-layout":"","ast-site-content-layout":"default","site-content-style":"default","site-sidebar-style":"default","ast-global-header-display":"","ast-banner-title-visibility":"","ast-main-header-display":"","ast-hfb-above-header-display":"","ast-hfb-below-header-display":"","ast-hfb-mobile-header-display":"","site-post-title":"","ast-breadcrumbs-content":"","ast-featured-img":"","footer-sml-layout":"","ast-disable-related-posts":"","theme-transparent-header-meta":"","adv-header-id-meta":"","stick-header-meta":"","header-above-stick-meta":"","header-main-stick-meta":"","header-below-stick-meta":"","astra-migrate-meta-layouts":"default","ast-page-background-enabled":"default","ast-page-background-meta":{"desktop":{"background-color":"var(--ast-global-color-4)","background-image":"","background-repeat":"repeat","background-position":"center center","background-size":"auto","background-attachment":"scroll","background-type":"","background-media":"","overlay-type":"","overlay-color":"","overlay-opacity":"","overlay-gradient":""},"tablet":{"background-color":"","background-image":"","background-repeat":"repeat","background-position":"center center","background-size":"auto","background-attachment":"scroll","background-type":"","background-media":"","overlay-type":"","overlay-color":"","overlay-opacity":"","overlay-gradient":""},"mobile":{"background-color":"","background-image":"","background-repeat":"repeat","background-position":"center center","background-size":"auto","background-attachment":"scroll","background-type":"","background-media":"","overlay-type":"","overlay-color":"","overlay-opacity":"","overlay-gradient":""}},"ast-content-background-meta":{"desktop":{"background-color":"var(--ast-global-color-5)","background-image":"","background-repeat":"repeat","background-position":"center center","background-size":"auto","background-attachment":"scroll","background-type":"","background-media":"","overlay-type":"","overlay-color":"","overlay-opacity":"","overlay-gradient":""},"tablet":{"background-color":"var(--ast-global-color-5)","background-image":"","background-repeat":"repeat","background-position":"center center","background-size":"auto","background-attachment":"scroll","background-type":"","background-media":"","overlay-type":"","overlay-color":"","overlay-opacity":"","overlay-gradient":""},"mobile":{"background-color":"var(--ast-global-color-5)","background-image":"","background-repeat":"repeat","background-position":"center center","background-size":"auto","background-attachment":"scroll","background-type":"","background-media":"","overlay-type":"","overlay-color":"","overlay-opacity":"","overlay-gradient":""}},"footnotes":""},"categories":[16],"tags":[],"class_list":["post-568","post","type-post","status-publish","format-standard","has-post-thumbnail","hentry","category-archives-cms"],"_links":{"self":[{"href":"https:\/\/lavoiedessansvoix.fr\/lavoie\/wp-json\/wp\/v2\/posts\/568","targetHints":{"allow":["GET"]}}],"collection":[{"href":"https:\/\/lavoiedessansvoix.fr\/lavoie\/wp-json\/wp\/v2\/posts"}],"about":[{"href":"https:\/\/lavoiedessansvoix.fr\/lavoie\/wp-json\/wp\/v2\/types\/post"}],"author":[{"embeddable":true,"href":"https:\/\/lavoiedessansvoix.fr\/lavoie\/wp-json\/wp\/v2\/users\/1"}],"replies":[{"embeddable":true,"href":"https:\/\/lavoiedessansvoix.fr\/lavoie\/wp-json\/wp\/v2\/comments?post=568"}],"version-history":[{"count":1,"href":"https:\/\/lavoiedessansvoix.fr\/lavoie\/wp-json\/wp\/v2\/posts\/568\/revisions"}],"predecessor-version":[{"id":3155,"href":"https:\/\/lavoiedessansvoix.fr\/lavoie\/wp-json\/wp\/v2\/posts\/568\/revisions\/3155"}],"wp:featuredmedia":[{"embeddable":true,"href":"https:\/\/lavoiedessansvoix.fr\/lavoie\/wp-json\/wp\/v2\/media\/4152"}],"wp:attachment":[{"href":"https:\/\/lavoiedessansvoix.fr\/lavoie\/wp-json\/wp\/v2\/media?parent=568"}],"wp:term":[{"taxonomy":"category","embeddable":true,"href":"https:\/\/lavoiedessansvoix.fr\/lavoie\/wp-json\/wp\/v2\/categories?post=568"},{"taxonomy":"post_tag","embeddable":true,"href":"https:\/\/lavoiedessansvoix.fr\/lavoie\/wp-json\/wp\/v2\/tags?post=568"}],"curies":[{"name":"wp","href":"https:\/\/api.w.org\/{rel}","templated":true}]}}