{"id":567,"date":"2021-09-22T02:44:00","date_gmt":"2021-09-22T00:44:00","guid":{"rendered":"https:\/\/lavoiedessansvoix.fr\/lavoie\/2021\/09\/22\/archive-le-tocsin-a-t-il-sonne-pour-le-syndicalisme-francais\/"},"modified":"2026-04-26T20:50:50","modified_gmt":"2026-04-26T18:50:50","slug":"archive-le-tocsin-a-t-il-sonne-pour-le-syndicalisme-francais","status":"publish","type":"post","link":"https:\/\/lavoiedessansvoix.fr\/lavoie\/2021\/09\/22\/archive-le-tocsin-a-t-il-sonne-pour-le-syndicalisme-francais\/","title":{"rendered":"LE TOCSIN A-T-IL SONNE POUR LE SYNDICALISME FRAN\u00c7AIS ?"},"content":{"rendered":"<p>LE TOCSIN A-T-IL SONNE POUR LE SYNDICALISME FRAN\u00c7AIS ?Les masques, les entraves \u00e0 la libert\u00e9 de prescrire et \u00e0 la libre expression des m\u00e9decins, les couvres feux, les confinements, l\u2019immonde matraquage m\u00e9diatique, la v\u00e9rit\u00e9 unique, la propagande officielle qui remplace l\u2019information, la censure d\u00e9brid\u00e9e, les appels \u00e0 la d\u00e9lation, le conseil de l\u2019Ordre des m\u00e9decin transform\u00e9 en \u00ab tribunal d\u2019exception \u00bb charg\u00e9 de poursuivre et de faire comparaitre les m\u00e9decins r\u00e9calcitrants, nos meilleurs scientifiques et m\u00e9decins injuri\u00e9s, train\u00e9s dans la boue, menac\u00e9s (par qu\u2019elle mafia ?), des hordes commandit\u00e9es \u00ab qui viennent jusque dans nos bras injecter nos fils et nos compagnes \u00bb, des populations sid\u00e9r\u00e9es qui obtemp\u00e8rent comme des zombies, des salari\u00e9s mis \u00e0 la rue sans revenu parce qu\u2019ils veulent rester propri\u00e9taires de leur corps et d\u00e9cideurs de leur sant\u00e9, Le droit au travail et le droit du travail foul\u00e9s aux pieds .Nous vivons une \u00e9poque terrible et gla\u00e7ante, une lourde chape de plomb est en train de s\u2019abattre sur nos soci\u00e9t\u00e9s.ET, PARADOXE EFFRAYANT LES ORGANISATIONS SYNDICALES RESTENT L\u2019ARME AU PIED. ELLES NE VEULENT PAS, \u00ab CHOCHOTTES \u00bb, MANIFESTER AVEC L\u2019EXTR\u00caME DROITE, PR\u00c9F\u00c9RANT DE LA SORTE S\u2019ACOQUINER AVEC MACRON LE PIRE ENNEMI DES CLASSES LABORIEUSES.Des organisations ouvri\u00e8res, de tout temps les premi\u00e8res en ligne pour la d\u00e9fense des libert\u00e9s qui refusent de les d\u00e9fendre au pr\u00e9sent parce que l\u2019extr\u00eame droite les d\u00e9fends aussi. Ce serait risible si ce n\u2019\u00e9tait pas tragique ?Au pr\u00e9texte du danger supput\u00e9, et \u00e0 venir, de \u00ab l\u2019extr\u00eame droite \u00bb elles laissent s\u2019avancer au pr\u00e9sent et \u00e0 pas de g\u00e9ant le pire danger totalitaire que l\u2019humanit\u00e9 n\u2019ait eu \u00e0 subir.On croit r\u00eaver. Non, on cauchemarde.Je suis syndicaliste. J\u2019aime le syndicalisme. J\u2019en d\u00e9fend l\u2019esprit et le n\u00e9cessit\u00e9. Le syndicalisme, l\u2019esprit syndical n\u2019appartiennent pas \u00e0 ces bureaucraties syndicales corrompues. Les travailleurs les salari\u00e9s se les r\u00e9approprieront un jour. Malheureusement, le mouvement syndical fran\u00e7ais est tomb\u00e9 si bas, est si d\u00e9charn\u00e9, si vide de substance qu\u2019il ne poss\u00e8de plus en lui les ressources n\u00e9cessaires \u00e0 un rebond salutaire.Je crains fort, d\u00e8s lors, que la seule issue possible, ne doivent s\u2019en remettre \u00e0 \u00ab la strat\u00e9gie de la table rase \u00bb. Comme le firent les travailleurs Polonais dans les ann\u00e9es 80, Ne se pourrait-il que les travailleurs et salari\u00e9s fran\u00e7ais soient contraints un jour prochain de recourir \u00e0 cette extr\u00e9mit\u00e9 ;Le temps des bureaucraties syndicales, rouages du syst\u00e8me, est compt\u00e9.Un communiqu\u00e9 du syndicat SUD \u00e9ducation, du 16 ao\u00fbt, illustre fort bien cette descente aux enfers du syndicalisme fran\u00e7ais. J\u2019en ai fait une analyse et une critique exhaustive dans un expos\u00e9 dont la destination est d\u2019\u00eatre \u00e9dit\u00e9e en brochure.Je publierai demain sur le Site \u00ab lavoiedessansvoix.fr \u00bb le texte int\u00e9gral de ce petit ouvrage.Patrick Seignon. \u00ab lavoiedessansvoix.fr \u00bb. Lundi 20 septembre 2021.<\/p>\n","protected":false},"excerpt":{"rendered":"<p>LE TOCSIN A-T-IL SONNE POUR LE SYNDICALISME FRAN\u00c7AIS ?Les masques, les entraves \u00e0 la libert\u00e9 de prescrire et \u00e0 la [&hellip;]<\/p>\n","protected":false},"author":1,"featured_media":4151,"comment_status":"open","ping_status":"open","sticky":false,"template":"","format":"standard","meta":{"sfsi_plus_gutenberg_text_before_share":"","sfsi_plus_gutenberg_show_text_before_share":"","sfsi_plus_gutenberg_icon_type":"","sfsi_plus_gutenberg_icon_alignemt":"","sfsi_plus_gutenburg_max_per_row":"","site-sidebar-layout":"default","site-content-layout":"","ast-site-content-layout":"default","site-content-style":"default","site-sidebar-style":"default","ast-global-header-display":"","ast-banner-title-visibility":"","ast-main-header-display":"","ast-hfb-above-header-display":"","ast-hfb-below-header-display":"","ast-hfb-mobile-header-display":"","site-post-title":"","ast-breadcrumbs-content":"","ast-featured-img":"","footer-sml-layout":"","ast-disable-related-posts":"","theme-transparent-header-meta":"","adv-header-id-meta":"","stick-header-meta":"","header-above-stick-meta":"","header-main-stick-meta":"","header-below-stick-meta":"","astra-migrate-meta-layouts":"default","ast-page-background-enabled":"default","ast-page-background-meta":{"desktop":{"background-color":"var(--ast-global-color-4)","background-image":"","background-repeat":"repeat","background-position":"center center","background-size":"auto","background-attachment":"scroll","background-type":"","background-media":"","overlay-type":"","overlay-color":"","overlay-opacity":"","overlay-gradient":""},"tablet":{"background-color":"","background-image":"","background-repeat":"repeat","background-position":"center center","background-size":"auto","background-attachment":"scroll","background-type":"","background-media":"","overlay-type":"","overlay-color":"","overlay-opacity":"","overlay-gradient":""},"mobile":{"background-color":"","background-image":"","background-repeat":"repeat","background-position":"center center","background-size":"auto","background-attachment":"scroll","background-type":"","background-media":"","overlay-type":"","overlay-color":"","overlay-opacity":"","overlay-gradient":""}},"ast-content-background-meta":{"desktop":{"background-color":"var(--ast-global-color-5)","background-image":"","background-repeat":"repeat","background-position":"center center","background-size":"auto","background-attachment":"scroll","background-type":"","background-media":"","overlay-type":"","overlay-color":"","overlay-opacity":"","overlay-gradient":""},"tablet":{"background-color":"var(--ast-global-color-5)","background-image":"","background-repeat":"repeat","background-position":"center center","background-size":"auto","background-attachment":"scroll","background-type":"","background-media":"","overlay-type":"","overlay-color":"","overlay-opacity":"","overlay-gradient":""},"mobile":{"background-color":"var(--ast-global-color-5)","background-image":"","background-repeat":"repeat","background-position":"center center","background-size":"auto","background-attachment":"scroll","background-type":"","background-media":"","overlay-type":"","overlay-color":"","overlay-opacity":"","overlay-gradient":""}},"footnotes":""},"categories":[16],"tags":[],"class_list":["post-567","post","type-post","status-publish","format-standard","has-post-thumbnail","hentry","category-archives-cms"],"_links":{"self":[{"href":"https:\/\/lavoiedessansvoix.fr\/lavoie\/wp-json\/wp\/v2\/posts\/567","targetHints":{"allow":["GET"]}}],"collection":[{"href":"https:\/\/lavoiedessansvoix.fr\/lavoie\/wp-json\/wp\/v2\/posts"}],"about":[{"href":"https:\/\/lavoiedessansvoix.fr\/lavoie\/wp-json\/wp\/v2\/types\/post"}],"author":[{"embeddable":true,"href":"https:\/\/lavoiedessansvoix.fr\/lavoie\/wp-json\/wp\/v2\/users\/1"}],"replies":[{"embeddable":true,"href":"https:\/\/lavoiedessansvoix.fr\/lavoie\/wp-json\/wp\/v2\/comments?post=567"}],"version-history":[{"count":1,"href":"https:\/\/lavoiedessansvoix.fr\/lavoie\/wp-json\/wp\/v2\/posts\/567\/revisions"}],"predecessor-version":[{"id":3153,"href":"https:\/\/lavoiedessansvoix.fr\/lavoie\/wp-json\/wp\/v2\/posts\/567\/revisions\/3153"}],"wp:featuredmedia":[{"embeddable":true,"href":"https:\/\/lavoiedessansvoix.fr\/lavoie\/wp-json\/wp\/v2\/media\/4151"}],"wp:attachment":[{"href":"https:\/\/lavoiedessansvoix.fr\/lavoie\/wp-json\/wp\/v2\/media?parent=567"}],"wp:term":[{"taxonomy":"category","embeddable":true,"href":"https:\/\/lavoiedessansvoix.fr\/lavoie\/wp-json\/wp\/v2\/categories?post=567"},{"taxonomy":"post_tag","embeddable":true,"href":"https:\/\/lavoiedessansvoix.fr\/lavoie\/wp-json\/wp\/v2\/tags?post=567"}],"curies":[{"name":"wp","href":"https:\/\/api.w.org\/{rel}","templated":true}]}}