{"id":566,"date":"2021-09-26T02:23:00","date_gmt":"2021-09-26T00:23:00","guid":{"rendered":"https:\/\/lavoiedessansvoix.fr\/lavoie\/2021\/09\/26\/archive-le-message-de-tours-pour-une-manifestation-unique-et-unitaire\/"},"modified":"2026-04-26T20:50:41","modified_gmt":"2026-04-26T18:50:41","slug":"archive-le-message-de-tours-pour-une-manifestation-unique-et-unitaire","status":"publish","type":"post","link":"https:\/\/lavoiedessansvoix.fr\/lavoie\/2021\/09\/26\/archive-le-message-de-tours-pour-une-manifestation-unique-et-unitaire\/","title":{"rendered":"LE MESSAGE DE TOURS :  POUR UNE MANIFESTATION UNIQUE ET UNITAIRE"},"content":{"rendered":"<p>LE MESSAGE DE TOURS :POUR UNE MANIFESTATION UNIQUE ET UNITAIRE(Allocution lors de la manifestation du samedi 25 septembre 2021.)CHERS AMIS MANIFESTANTES ET MANIFESTANTS TOURANGEAUX.Des acteurs inattendus et mal intentionn\u00e9s, qui de par leur statut social devraient \u00eatre nos alli\u00e9s, ont choisi de servir les int\u00e9r\u00eats de Macron et de ses employeurs au d\u00e9triment de leurs fr\u00e8res et s\u0153urs de leurs amis et semblables.La manifestation \u00e0 Tours est unique, unitaire, et solidaire. Apolitique et a-syndicale elle est un lieu d\u2019expression de tous les citoyens qui d\u00e9fendent les libert\u00e9s. Les libert\u00e9s ne sont la propri\u00e9t\u00e9 de personne en particulier, ni de droite ni de gauche. Elles sont le bien commun de tous les citoyens et tous sont l\u00e9gitimes \u00e0 les d\u00e9fendre.C\u2019est le message des manifestants de Tours \u00e0 toute la France, \u00e0 tout le peuple de France, \u00e0 toutes les m\u00e9tropoles fran\u00e7aises : \u00e0 Paris, bien s\u00fbr, notre capitale vers o\u00f9 convergent naturellement tous les regards, mais aussi \u00e0 Toulouse, \u00e0 Lyon, \u00e0 Brest, \u00e0 Nice, \u00e0 Marseille, \u00e0 Reims, \u00e0 Mulhouse, \u00e0 Lille ; \u00e0 Nantes ; \u00e0 Rennes ; \u00e0 Bordeaux, au Mans, \u00e0 Toulon, \u00e0 Perpignan, \u00e0 Colmar, \u00e0 Grenoble, \u00e0 Belfort, \u00e0 B\u00e9zier, \u00e0 Montpellier, \u00e0 N\u00eemes et nous en passons :Non, disons-nous, aux manifestations multiples ! Faites cesser ce spectacle de morcellement au go\u00fbt de division. R\u00e9unissez-vous !Oui \u00e0 la manifestation UNIQUE et UNITAIRE de tous les citoyens rassembl\u00e9s, sans distinctions, ni politiques, ni philosophiques ni religieuses, contre le \u00ab passe-(sanitaire), pour la libert\u00e9 vaccinale, ; pour la d\u00e9fense des libert\u00e9s fondamentales : individuelles, collectives et d\u00e9mocratiques et pour la Solidarit\u00e9 avec les personnes \u00ab\u00a0suspendues\u00a0\u00bb depuis le 15 septembre : Soignants, Militaires et Pompiers.Cette unit\u00e9 populaire factuelle de par sa diversit\u00e9, porte en elle une symbolique redoutable pour le pouvoir que le pouvoir voudrait briser.Les forces au pouvoir nous prennent pour des imb\u00e9ciles ; Ils voudraient que nous nous tirions nous-m\u00eames une balle dans le pied en nous divisant. Ils annoncent d\u00e9j\u00e0, mais peut-\u00eatre un peu vite, la d\u00e9crue de notre mouvement. Nous ne leur donnerons pas raison, nous ne leur donnerons pas satisfaction !C\u2019est le contraire qui doit se produire. Sous le mot d\u2019ordre : \u00ab Une manifestation unique et unitaire ! \u00bb la lutte contre la dictature sanitaire doit rebondir, durer et s\u2019amplifier.Ils annoncent la prorogation de la dur\u00e9e du \u00ab Passe (sanitaire) \u00bb et de nouvelles mesures coercitives pour forcer \u00e0 la vaccination ceux qui la refusentCITOYENS EXASP\u00c9R\u00c9S PAR LES DISPOSITIFS LIBERTICIDES ET LA D\u00c9RIVE TOTALITAIRE DU POUVOIR MACRONNIEN REJOIGNEZ NOUS DANS LA R\u00c9SISTANCE ET LA CONTESTATION ; !<\/p>\n","protected":false},"excerpt":{"rendered":"<p>LE MESSAGE DE TOURS :POUR UNE MANIFESTATION UNIQUE ET UNITAIRE(Allocution lors de la manifestation du samedi 25 septembre 2021.)CHERS AMIS [&hellip;]<\/p>\n","protected":false},"author":1,"featured_media":4150,"comment_status":"open","ping_status":"open","sticky":false,"template":"","format":"standard","meta":{"sfsi_plus_gutenberg_text_before_share":"","sfsi_plus_gutenberg_show_text_before_share":"","sfsi_plus_gutenberg_icon_type":"","sfsi_plus_gutenberg_icon_alignemt":"","sfsi_plus_gutenburg_max_per_row":"","site-sidebar-layout":"default","site-content-layout":"","ast-site-content-layout":"default","site-content-style":"default","site-sidebar-style":"default","ast-global-header-display":"","ast-banner-title-visibility":"","ast-main-header-display":"","ast-hfb-above-header-display":"","ast-hfb-below-header-display":"","ast-hfb-mobile-header-display":"","site-post-title":"","ast-breadcrumbs-content":"","ast-featured-img":"","footer-sml-layout":"","ast-disable-related-posts":"","theme-transparent-header-meta":"","adv-header-id-meta":"","stick-header-meta":"","header-above-stick-meta":"","header-main-stick-meta":"","header-below-stick-meta":"","astra-migrate-meta-layouts":"default","ast-page-background-enabled":"default","ast-page-background-meta":{"desktop":{"background-color":"var(--ast-global-color-4)","background-image":"","background-repeat":"repeat","background-position":"center center","background-size":"auto","background-attachment":"scroll","background-type":"","background-media":"","overlay-type":"","overlay-color":"","overlay-opacity":"","overlay-gradient":""},"tablet":{"background-color":"","background-image":"","background-repeat":"repeat","background-position":"center center","background-size":"auto","background-attachment":"scroll","background-type":"","background-media":"","overlay-type":"","overlay-color":"","overlay-opacity":"","overlay-gradient":""},"mobile":{"background-color":"","background-image":"","background-repeat":"repeat","background-position":"center center","background-size":"auto","background-attachment":"scroll","background-type":"","background-media":"","overlay-type":"","overlay-color":"","overlay-opacity":"","overlay-gradient":""}},"ast-content-background-meta":{"desktop":{"background-color":"var(--ast-global-color-5)","background-image":"","background-repeat":"repeat","background-position":"center center","background-size":"auto","background-attachment":"scroll","background-type":"","background-media":"","overlay-type":"","overlay-color":"","overlay-opacity":"","overlay-gradient":""},"tablet":{"background-color":"var(--ast-global-color-5)","background-image":"","background-repeat":"repeat","background-position":"center center","background-size":"auto","background-attachment":"scroll","background-type":"","background-media":"","overlay-type":"","overlay-color":"","overlay-opacity":"","overlay-gradient":""},"mobile":{"background-color":"var(--ast-global-color-5)","background-image":"","background-repeat":"repeat","background-position":"center center","background-size":"auto","background-attachment":"scroll","background-type":"","background-media":"","overlay-type":"","overlay-color":"","overlay-opacity":"","overlay-gradient":""}},"footnotes":""},"categories":[16],"tags":[],"class_list":["post-566","post","type-post","status-publish","format-standard","has-post-thumbnail","hentry","category-archives-cms"],"_links":{"self":[{"href":"https:\/\/lavoiedessansvoix.fr\/lavoie\/wp-json\/wp\/v2\/posts\/566","targetHints":{"allow":["GET"]}}],"collection":[{"href":"https:\/\/lavoiedessansvoix.fr\/lavoie\/wp-json\/wp\/v2\/posts"}],"about":[{"href":"https:\/\/lavoiedessansvoix.fr\/lavoie\/wp-json\/wp\/v2\/types\/post"}],"author":[{"embeddable":true,"href":"https:\/\/lavoiedessansvoix.fr\/lavoie\/wp-json\/wp\/v2\/users\/1"}],"replies":[{"embeddable":true,"href":"https:\/\/lavoiedessansvoix.fr\/lavoie\/wp-json\/wp\/v2\/comments?post=566"}],"version-history":[{"count":1,"href":"https:\/\/lavoiedessansvoix.fr\/lavoie\/wp-json\/wp\/v2\/posts\/566\/revisions"}],"predecessor-version":[{"id":3151,"href":"https:\/\/lavoiedessansvoix.fr\/lavoie\/wp-json\/wp\/v2\/posts\/566\/revisions\/3151"}],"wp:featuredmedia":[{"embeddable":true,"href":"https:\/\/lavoiedessansvoix.fr\/lavoie\/wp-json\/wp\/v2\/media\/4150"}],"wp:attachment":[{"href":"https:\/\/lavoiedessansvoix.fr\/lavoie\/wp-json\/wp\/v2\/media?parent=566"}],"wp:term":[{"taxonomy":"category","embeddable":true,"href":"https:\/\/lavoiedessansvoix.fr\/lavoie\/wp-json\/wp\/v2\/categories?post=566"},{"taxonomy":"post_tag","embeddable":true,"href":"https:\/\/lavoiedessansvoix.fr\/lavoie\/wp-json\/wp\/v2\/tags?post=566"}],"curies":[{"name":"wp","href":"https:\/\/api.w.org\/{rel}","templated":true}]}}