{"id":565,"date":"2021-09-28T02:12:00","date_gmt":"2021-09-28T00:12:00","guid":{"rendered":"https:\/\/lavoiedessansvoix.fr\/lavoie\/2021\/09\/28\/archive-sud-a-t-il-perdu-le-nord\/"},"modified":"2026-04-26T20:50:32","modified_gmt":"2026-04-26T18:50:32","slug":"archive-sud-a-t-il-perdu-le-nord","status":"publish","type":"post","link":"https:\/\/lavoiedessansvoix.fr\/lavoie\/2021\/09\/28\/archive-sud-a-t-il-perdu-le-nord\/","title":{"rendered":"SUD A -T-IL PERDU LE NORD ?"},"content":{"rendered":"<p>SUD A -T-IL PERDU LE NORD ?IntroductionSous ce titre \u00e9nigmatique et \u00e0 la fois si \u00e9vocateur, se d\u00e9voile une critique franche et exhaustive du positionnement de SUD Education face \u00e0 la mobilisation populaire actuelle contre le \u00ab Passe (sanitaire) et l\u2019obligation vaccinale.Dans un communiqu\u00e9 du 16 ao\u00fbt 2021 \u00ab la f\u00e9d\u00e9ration SUD \u00e9ducation \u00bb affiche en effet des positions aussi surprenantes que gla\u00e7antes \u00e9manant d\u2019une organisation syndicale. C\u2019est ce communiqu\u00e9 et les th\u00e8ses qui y sont expos\u00e9es que nous d\u00e9cortiquons ici.Mais en v\u00e9rit\u00e9 l\u2019objet de cette petite brochure est plus vaste. C\u2019est par rebond la critique du positionnement, dans la crise dite du covid, d\u2019une grande partie du mouvement syndical, tout au moins de beaucoup d\u2019instances f\u00e9d\u00e9rales et des instances nationales de celui-ci, ainsi que la quasi-totalit\u00e9 des partis de la Gauche traditionnelle et m\u00eame de \u00ab l\u2019extr\u00eame-gauche \u00bbJ\u2019\u00e9tais syndiqu\u00e9 \u00e0 15 ans et engag\u00e9 politiquement \u00e0 16. J\u2019ai milit\u00e9 toute ma vie dans ce que l\u2019on appelle aujourd\u2019hui \u00ab la Gauche \u00bb puis dans \u00ab la gauche dite radicale ou r\u00e9volutionnaire \u00bb. Je suis impr\u00e9gn\u00e9 de culture marxiste. J\u2019ai particip\u00e9, la plupart du temps en t\u00eate, \u00e0 toutes les mobilisations sociales ou politiques de ce pays depuis mes 20 ans jusqu\u2019\u00e0 ce jour. Je ne pense pas \u00eatre \u2026\u2026\u2026.. ; de collusion avec la droite ou l\u2019extr\u00eame droite, m\u00eame si certains fous sectaires ont vite fait, afin de se d\u00e9barrasser des doutes que pourraient leur insinuer vos questionnements, de nous taxer de \u00ab rouge -brun \u00bb.Je suis droit dans mes bottes, fid\u00e8le \u00e0 mes id\u00e9es et \u00e0 moi-m\u00eame, et bien certain d\u2019\u00eatre tout \u00e0 fait qualifi\u00e9 \u00e0 formuler la critique acerbe que vous lirez ici de cette \u00ab gauche \u00bb \u00e0 la d\u00e9rive.P.S.SUD A-T-IL PERDU LE NORD ?1 &#8211; Vaccination contre l&rsquo;extr\u00eame droiteLe samedi 21 ao\u00fbt 2021, \u00e0 Tours, eut lieu un accrochage entre des \u00e9l\u00e9ments d&rsquo;une certaine extr\u00eame gauche \u00a0\u00bb hyst\u00e9ris\u00e9e\u00a0\u00bb et un groupe de jeunes manifestants classifi\u00e9 \u00e0 l&rsquo;extr\u00eame droite. Les \u00ab militants de gauche \u00bb tent\u00e8rent de disloquer la manifestation pr\u00e9textant qu&rsquo;ils ne pouvaient pas manifester avec l&rsquo;extr\u00eame droite. La man\u0153uvre fit long feu. Les provocateurs furent mis en \u00e9chec. Les citoyens mobilis\u00e9s contre le \u00ab Passe-Sanitaire \u00bb de Macron et l&rsquo;obligation vaccinale poursuivirent leur manifestation dans le calme, la dignit\u00e9 et l&rsquo;unit\u00e9, sans discrimination politique.Le lendemain, un militant local connu ici surtout comme animateur de \u00ab Radio-B\u00e9ton \u00bb, mais aussi comme militant de l&rsquo;UCL (Union des communistes libertaires), du syndicat SUD et \u00ab Gilet-jaune \u00bb, fit une intervention \u00e9difiante sur cette radio locale. Un ou une amie, stup\u00e9fait(e) de ce qu&rsquo;il avait entendu m&rsquo;alerta et m&rsquo;incita \u00e0 lui pr\u00eater une oreille attentive. Ah oui, en effet, il y avait de quoi \u00eatre surpris et m\u00eame terrifi\u00e9. Le discours apparaissait comme une d\u00e9claration de guerre au mouvement populaire contre le passe-sanitaire et l&rsquo;obligation vaccinale.Je crus d&rsquo;abord qu&rsquo;il s&rsquo;agissait d&rsquo;une d\u00e9rive sectaire comme celles auxquelles ce gar\u00e7on nous a habitu\u00e9 depuis 3 ans. Je mis cette folie d&rsquo;abord sur le compte de l&rsquo;UCL, un petit groupe politique de quelques dizaines de militants, et de son leader local. Ce groupuscule a largement contribu\u00e9, partout o\u00f9 il existait \u00e0 la cr\u00e9ation des syndicats SUD. A travers Sud il a gagn\u00e9, il faut bien le dire, en influence dans certains secteurs. Et c&rsquo;est par ce biais que j&rsquo;expliquais qu&rsquo;en certains lieux, SUD \u00ab noyaut\u00e9 \u00bb colla aux th\u00e8ses sectaires de l&rsquo;UCL.Mais on vient de me faire parvenir un communiqu\u00e9 de presse, \u00e9mis le 16 ao\u00fbt 2021, (donc 5 jours avant l&rsquo;incident lors de la manifestation \u00e0 Tours) \u00e9manant au plus haut niveau du syndicat \u00ab SUD \u00e9ducation \u00bb qui ne laisse aucune place au doute. La folle d\u00e9rive sectaire n&rsquo;est pas un ph\u00e9nom\u00e8ne circonscrit \u00e0 Tours et \u00e0 Saint-Pierre des Corps, c&rsquo;est une orientation syndicale nationalement et pleinement assum\u00e9e.Qu&rsquo;est-il \u00e9crit dans ce communiqu\u00e9 de presse ? (Nous reproduisons le texte int\u00e9gral de celui-ci en annexe)L&rsquo;intitul\u00e9 en lui-m\u00eame, en rouge de surcro\u00eet, en est hallucinant : \u00ab Pour la vaccination contre l&rsquo;extr\u00eame droite \u00bb. J&rsquo;avais cru comprendre selon les oukases de Macron et V\u00e9ran et les explications embrouill\u00e9es et contradictoires de Delfraissy que cette campagne de vaccination \u00e9tait faite contre le coronavirus responsable du \u00ab Covid 19 \u00bb. Voil\u00e0 donc que Sud \u00e9ducation veut nous vacciner contre l&rsquo;extr\u00eame droite.Ce n&rsquo;est, me direz-vous, qu&rsquo;une maladresse r\u00e9dactionnelle. \u00ab Pour la vaccination, \u00bb virgule, \u00ab contre l&rsquo;extr\u00eame droite \u00bb Mais non ! Je l&rsquo;affirme tout net, ils ont voulu faire de \u00ab l&rsquo;esprit \u00bb \u00ab du deuxi\u00e8me degr\u00e9\u00bb tout comme il y a des lapsus r\u00e9v\u00e9lateurs, il y a des maladresses r\u00e9dactionnelles significatives. Vous l&rsquo;allez-voir. 2 \u2013 Campagne de vaccination massiveIls \u00e9crivent sans ambage que \u00ab SUD \u00e9ducation porte depuis le d\u00e9but de la crise sanitaire ses revendications pour la sant\u00e9 des personnels et des \u00e9l\u00e8ves et notamment la mise en \u0153uvre rapide d&rsquo;une campagne de vaccination massive \u00bb d\u00e9cid\u00e9ment, croient-ils pouvoir jouer aux plus fins avec les mots ?\u00ab Vaccination massive \u00bb qu&rsquo;est-ce \u00e0 dire ?  N&rsquo;est-ce pas l&rsquo;autre appellation \u00ab pudique \u00bb ou plut\u00f4t \u00ab honteuse \u00bb de la vaccination obligatoire ? Eh oui, c&rsquo;est cela m\u00eame. Certes ils n&rsquo;osent pas le dire tout net, en langage franc. Ils ont trop peur de se faire \u00e9triller. Alors ils tentent de dire la m\u00eame chose \u00e0 mots couverts.Ils militent ainsi carr\u00e9ment contre \u00ab la libert\u00e9 vaccinale \u00bb, contre leurs coll\u00e8gues qui refusent de se faire \u00ab injecter \u00bb. Syndicalistes ces gens ? Ils devraient \u00eatre en mesure de d\u00e9fendre leurs amis qui refuseront d&rsquo;\u00eatre vaccin\u00e9s. Mais comment le pourraient-ils s&rsquo;ils militent pour la vaccination de masse ? En invectivant les r\u00e9fractaires \u00ab tu n&rsquo;as qu&rsquo;\u00e0 te faire vacciner ! \u00bb en en ajoutant une \u00e9paisse couche aux dispositifs coercitifs du gouvernement ?Sud \u00e9ducation porte donc \u00ab depuis le d\u00e9but de la crise sanitaire ses revendications pour la sant\u00e9 des personnels et des \u00e9l\u00e8ves et notamment la mise en \u0153uvre rapide d&rsquo;une campagne de vaccination massive \u00bb.  Ils militent ainsi ouvertement pour la vaccination des enfants lesquels ne sont pas concern\u00e9s par cette maladie. Ils le font au d\u00e9triment des parents qui s&rsquo;y opposent. Ils pourraient au moins respecter la divergence, l&rsquo;opinion d&rsquo;autrui, \u00ab la libert\u00e9 \u00bb ! Pas m\u00eame, ils sont en cette affaire les acolytes du pouvoir, ils dictent leur volont\u00e9, on a qu&rsquo;\u00e0 se plier ou rompre. Ah, fichtre donc, les jolis d\u00e9mocrates que voil\u00e0.Ils se pressent sans \u00e9tat d&rsquo;\u00e2me au secours de la politique du gouvernant. Ils font m\u00eame mieux (ou pire) ils courent devant :\u00ab Nous connaissons malheureusement la capacit\u00e9 du gouvernement \u00e0 faire des annonces qui sont insuffisamment mises en \u0153uvre \u00bb. Les voil\u00e0 \u00ab conseilleurs \u00bb, ils font de la surench\u00e8re,. Ce qu&rsquo;ils reprochent au gouvernement, ce ne sont pas ses m\u00e9thodes liberticides et coercitives, c&rsquo;est son manque de d\u00e9termination et de z\u00e8le.\u00ab Les atermoiements du gouvernement ont retard\u00e9 la campagne de vaccination. \u00bb. Macron confisque les libert\u00e9s publiques les plus fondamentales, les plus \u00e9l\u00e9mentaires avec l&rsquo;intention de nous obliger \u00e0 nous vacciner tous, fusse contre notre volont\u00e9, et eux, l\u00e8che-bottes osent affirmer qu&rsquo;il manque de d\u00e9termination.Ils se sont fait les complices du \u00ab gouvernant \u00bb Il ne convient pas en effet de dire du gouvernement, il n&rsquo;y en a plus que nominal. Macron, \u00ab le gouvernant \u00bb, gouverne seul, flanqu\u00e9 d&rsquo;un \u00ab conseil de d\u00e9fense \u00bb et d&rsquo;un \u00ab Conseil scientifique \u00bb. Ils se sont fait les suppl\u00e9tifs de la dictature politique qui se dissimule derri\u00e8re des pr\u00e9textes sanitaires. Et par le m\u00eame mouvement ils sont devenus les \u00ab VRP \u00bb des laboratoires qui empochent des centaines de milliards, et siphonnent les avoirs de notre s\u00e9curit\u00e9 sociale. Ils vont bien s\u00fbr tenter de dissimuler leur infamie avec des mots. Sous un \u00ab salmigondis \u00bb \u00e0 pr\u00e9tention radicale, pr\u00e9tendument \u00ab de gauche , et \u00ab progressiste \u00bb. Lisez plut\u00f4t : \u00ab Enfin, pour d\u00e9velopper au mieux la campagne de vaccination, il est indispensable que soit mise en \u0153uvre au plus vite la lev\u00e9e des brevets des vaccins et le transfert des techniques de production des laboratoires vers les pouvoirs publics au plus vite \u00bb.Tout d&rsquo;abord que les brevets soient ou non dans le domaine public, qu&rsquo;est-ce que cela change \u00e0 l&rsquo;inacceptabilit\u00e9 de l&rsquo;obligation vaccinale du covid ?Ensuite, pr\u00e9tendue revendication en effet. Car voil\u00e0 des Labos \u00bb, voil\u00e0 des \u00ab GAFAM \u00bb, voil\u00e0 un syst\u00e8me financier international qui se mobilisent pour ponctionner et s&rsquo;approprier, via lesdits \u00ab vaccins \u00bb, toutes les \u00ab plus-values \u00bb de la plan\u00e8te et auxquels ils demandent poliment de renoncer \u00e0 une part de leur butin alors m\u00eame que par leur propagande pro-vaccinale ils sont devenus des larrons, de bas \u00e9tage certes, mais des larrons tout de m\u00eame de cette grande \u00ab Camorra \u00bb. Comment croire que cette revendication soit autre chose, sous leur plume et dans leurs esprits, qu&rsquo;un coup de \u00ab com \u00bb \u00e0 l&rsquo;adresse des plus na\u00effs de leurs militants ?  Qui peut \u00eatre assez niais en effet pour croire que de tels bandits acc\u00e8deraient un jour quelconque aux revendications pleurnichardes de ces \u00ab poucets \u00bb, leurs valets au demeurant ? Qui peut croire que \u00ab les pouvoirs publics \u00bb, au service exclusif de cette \u00ab mafia du fric \u00bb, et qui privatisent tout \u00e0 tour de bras, jusqu&rsquo;aux fonctions r\u00e9galiennes des \u00c9tats, imposeraient un jour un \u00ab transfert des techniques vers les pouvoirs publics \u00bb, mani\u00e8re alambiqu\u00e9e et \u00ab faux-cul \u00bb de parler de \u00ab nationalisations \u00bb ? Car \u00ab ces gens de gauche \u00bb, \u00ab ces syndicalistes de classe \u00bb n&rsquo;osent m\u00eame pas prononcer le mot de nationalisation qui dans les sph\u00e8res du capitalisme lib\u00e9ral mondialis\u00e9 est un \u00ab gros-mot \u00bb dont ils ne veulent pas \u00e9gratigner les oreilles chastes de leurs nouveaux ma\u00eetres.Et quand bien m\u00eame, si par la conjonction inattendue de circonstances exceptionnelles cela se produisait tout de m\u00eame, la marge des labos serait un peu r\u00e9duite, mais la ponction et la concentration de la richesse plan\u00e9taire dans quelques mains ne s&rsquo;en poursuivraient pas moins \u00e0 un rythme d\u00e9mentiel.Transformer la recherche et l&rsquo;industrie pharmaceutique en \u00ab service public \u00bb, pourquoi pas, c&rsquo;est probablement une bonne id\u00e9e. Mais il faudra au pr\u00e9alable pour qu&rsquo;elle soit telle et r\u00e9alisable, une gigantesque r\u00e9volution sociale qui arrache le pouvoir aux f\u00e9odalit\u00e9s financi\u00e8res internationales. Et ce n&rsquo;est probablement pas en aidant celle-ci \u00e0 r\u00e9ussir leur hold-up vaccinal qui va accro\u00eetre consid\u00e9rablement leur puissance, que l&rsquo;on pr\u00e9pare de tels lendemains.3 &#8211; IgnominieLisez attentivement l&rsquo;extrait qui suit de ce communiqu\u00e9 de presse de \u00ab SUD \u00e9ducation \u00bb\u00ab Le passe-sanitaire n&rsquo;est pas mis en \u0153uvre dans les \u00e9coles et \u00e9tablissements. Le protocole sanitaire publi\u00e9 fin juillet introduit cependant le principe de l&rsquo;\u00e9viction des seul-e-s cas-contact non-vaccin\u00e9- e-s. Au vu du retard pris par la campagne de vaccination et de la proximit\u00e9 de la rentr\u00e9e scolaire, il est illusoire de penser que l&rsquo;ensemble des \u00e9l\u00e8ves pourrait \u00eatre en situation d&rsquo;\u00eatre vaccin\u00e9-e-s \u00e0 la rentr\u00e9e. Par ailleurs, ce sont dans les territoires les plus d\u00e9favoris\u00e9s que la vaccination est \u00e0 ce stade, la plus faible : cette diff\u00e9renciation entre \u00e9l\u00e8ves vaccin\u00e9-e-s et non-vaccin\u00e9-e-s reproduirait des in\u00e9galit\u00e9s sociales d\u00e9j\u00e0 \u00e0 l&rsquo;\u0153uvre. \u00bbQue remarquez-vous, une description des mesures, un constat des cons\u00e9quences qui en r\u00e9sultent, un vague regret, pas m\u00eame clairement formul\u00e9 concernant les discriminations induites. Mais pas d&rsquo;indignation, pas de condamnation, pas de d\u00e9nonciation. Il va falloir exclure des \u00e9l\u00e8ves, soit. La seule chose qui parait pr\u00e9occuper ces pseudos syndicalistes c&rsquo;est de \u00ab botter en touche \u00bb. Ils ne veulent pas qu&rsquo;on leur demande \u00e0 eux de faire la \u00ab sale besogne \u00bb, ils l&rsquo;approuvent mais ils ne veulent pas se salir les mains. Que d&rsquo;autres le fassent pour nous, c&rsquo;est ce que dit la conclusion de cet alin\u00e9a :\u00ab Enfin, m\u00eame si l&rsquo;on n&rsquo;a pas de pr\u00e9cision \u00e0 ce sujet, il ne serait pas acceptable que l&rsquo;on exige des personnels de l&rsquo;\u00c9ducation nationale de prendre en charge les missions qui seraient li\u00e9es \u00e0 cette mesure. \u00bbL&rsquo;ignominie ne s&rsquo;arr\u00eate pas l\u00e0. Le communiqu\u00e9 r\u00e9it\u00e8re ici l&rsquo;exigence d&rsquo;une \u00ab campagne de vaccination massive \u00bb, et lorsqu&rsquo;il pr\u00e9tend d\u00e9noncer (et non s&rsquo;opposer) \u00ab fermement(\u00e0) la mise en \u0153uvre du passe sanitaire \u00bb c&rsquo;est pour se lancer dans une diatribe hypocrite contre le gouvernement, une surench\u00e8re puante. \u00ab Plus royaliste que le roi \u00bb, ce que Sud \u00e9duc reproche au gouvernement ce n&rsquo;est pas toutes les lois et mesures liberticides dont celui-ci s&rsquo;est rendu coupable, c&rsquo;est d&rsquo;en avoir fait trop peu, de ne pas \u00eatre all\u00e9 assez vite ni assez fort \u00ab En effet, le gouvernement n&rsquo;a pas \u00e9t\u00e9 capable d&rsquo;organiser une vaccination massive de la population et fait payer son incurie aux travailleurs et travailleuses par un dispositif de contr\u00f4le, de surveillance et de contrainte g\u00e9n\u00e9ralis\u00e9s. \u00bbOr, le \u00ab Passe, nomm\u00e9, sanitaire \u00bb n&rsquo;est nullement un moyen de \u00ab faire payer quoi que ce soit aux travailleurs, c&rsquo;est un outil de coercition pr\u00e9cis\u00e9ment fait pour obtenir par la contrainte la m\u00eame vaccination massive que r\u00e9clame SUD. Comment peuvent-ils d\u00e9cemment, \u00e0 la fois reprocher au \u00ab gouvernant \u00bb \u00ab de ne pas avoir \u00e9t\u00e9 capable d&rsquo;organiser une vaccination massive \u00bb et lui faire grief de l&rsquo;usage d&rsquo;une mesure faite pour obtenir ce r\u00e9sultat. ? Allons donc, un peu de coh\u00e9rence s&rsquo;il vous pla\u00eet ! Ou serait-ce une fa\u00e7on tordue de dire qu&rsquo;ils eurent pr\u00e9f\u00e9r\u00e9 l&rsquo;obligation vaccinale pure et simple ?Bon, il est vrai que le \u00ab Passe (sanitaire) \u00bb, au-del\u00e0 de sa fonction coercitive imm\u00e9diate est aussi un outil de \u00ab marquage \u00bb et de contr\u00f4le permanent des populations ; un instrument diabolique au service d&rsquo;un r\u00e9gime totalitaire. Cet aspect, \u00e0 d\u00e9faut de l&rsquo;obligation vaccinale qu&rsquo;il soutient, pourrait expliquer, peut-\u00eatre \u00e0 lui seul, l&rsquo;opposition d\u00e9clar\u00e9e de \u00ab SUD \u00e9ducation \u00bb au \u00ab passe (sanitaire) \u00bb. Pourtant, m\u00eame cette opposition n&rsquo;est pas si claire que \u00e7a.4 \u2013 Opportunisme.On peut admettre que le bien fond\u00e9 du port du masque, des tests, des distanciations sociales et autres \u00ab gestes barri\u00e8res \u00bb, la vaccination elle-m\u00eame soient discutables. Mais il n&rsquo;y a aucune discussion possible sur la question du \u00ab Passe \u00bb. En cette affaire le seul rejet total est en l&rsquo;occurrence acceptable.Beaucoup de gens vaccin\u00e9s parce qu&rsquo;ils se sont fait tordre le bras, mais pas seulement, des vaccin\u00e9s aussi, consentants, sont oppos\u00e9s \u00e0 cette mesure qui revient \u00e0 mettre un \u00ab bracelet \u00e9lectronique \u00bb \u00e0 chaque citoyen ainsi r\u00e9duit au statut de repris de justice. Et ceux qui restent, qui ne sont pas oppos\u00e9s \u00ab au passe \u00bb, n&rsquo;ayons pas peur des mots, m\u00eame s&rsquo;ils sont blessants, sont n\u00e9cessairement \u00ab du b\u00e9tail abruti \u00bb. Alors bien entendu Sud \u00e9duc se d\u00e9clare oppos\u00e9 au \u00ab Passe-sanitaire \u00bb. Mais c&rsquo;est en v\u00e9rit\u00e9 par opportunisme. Pour ne pas para\u00eetre aller trop \u00e0 contre courant. Pour ne pas s&rsquo;ali\u00e9ner tout de suite toute l&rsquo;opinion. Il leur faut garder une voix d&rsquo;entr\u00e9e dans les consciences s&rsquo;ils ne veulent pas se voir refouler \u00e0 la marge.D&rsquo;o\u00f9 l&rsquo;ambigu\u00eft\u00e9 qu&rsquo;ils entretiennent sciemment et par laquelle ils s&rsquo;autorisent \u00e0 prendre part aux manifestations, \u00ab Nous ne sommes pas dans le m\u00eame camp, et il faut l&rsquo;affirmer en refusant de sceller dans la rue des alliances de fait, par opportunisme. \u00bb Ou encore : \u00ab En cons\u00e9quence, SUD \u00e9ducation appelle les personnels de l&rsquo;\u00c9ducation nationale \u00e0 ne participer \u00e0 aucune mobilisation orchestr\u00e9e par l&rsquo;extr\u00eame-droite ou acquise \u00e0 ses id\u00e9es naus\u00e9abondes. \u00bb Ils sont, on le voit, enti\u00e8rement oppos\u00e9s \u00e0 ce mouvement. Soit, ils en ont enti\u00e8rement le droit. Mais alors, pourquoi certains d&rsquo;entre eux participent-ils tout de m\u00eame aux manifestations qu&rsquo;ils d\u00e9noncent ? Serait-ce non pour les renforcer mais pour leur nuire ? On est en droit de se poser la question surtout quand on lit ceci : \u00ab nous avons la responsabilit\u00e9 de nous opposer \u00e0 leurs manifestations \u00bb. Nous ne sommes plus l\u00e0 dans l&rsquo;opposition passive \u00ab nous opposer \u00e0 leurs manifestations \u00bb c&rsquo;est-\u00e0-dire les combattre. D\u00e8s lors la pr\u00e9sence de ces \u00e9l\u00e9ments infiltr\u00e9s dans les manifestations populaires, bon enfant et pacifiques, du \u00ab mouvement anti-passe \u00bb prend tout son sens.5 \u2013 O\u00f9 se r\u00e9v\u00e8le la parano\u00efa de l&rsquo;esprit totalitaire.Combattre  les manifestations \u00ab anti-passe \u00bb cela certes consiste en provocations et tentatives de dislocation. Mais cela bien entendu commence par des mots. Des injures, des mensonges, des raccourcis, des calomnies, des amalgames. On atteint alors les sommets de l&rsquo;ignominie, \u00e0 moins que ce ne soit les plus sombres cloaques de la mauvaise foi intellectuelle. Soyez attentifs :\u00ab Par ailleurs, il a (le gouvernement) par ses volte-face successifs, ses mensonges et ses approximations largement sa part de responsabilit\u00e9 dans la mont\u00e9e des th\u00e8ses complotistes. \u00bbNous y voil\u00e0 donc. \u00ab Complotistes \u00bb, c&rsquo;est le s\u00e9same qui ouvre toutes les bondes de l&rsquo;injure, c&rsquo;est la premi\u00e8re pierre qui autorise le lynchage intellectuel et m\u00e9diatique. Mais qu&rsquo;est-ce que ce mot et d&rsquo;o\u00f9 vient-il ? Ce mot, d&rsquo;ailleurs si mal appropri\u00e9, est un n\u00e9ologisme maladroit. Il pr\u00e9tend en effet d\u00e9signer des individus atteints de parano\u00efa qui voient des complots partout et en toute chose, qui expliquent l&rsquo;Histoire comme une succession de complots. Mais tel qu&rsquo;il est fait il ne devrait s&rsquo;appliquer en v\u00e9rit\u00e9 qu&rsquo;aux partisans ou acteurs des complots. Or il est bien \u00e9vident que ces gens ainsi improprement d\u00e9nomm\u00e9s \u00ab complotistes \u00bb ne sont pas \u00ab partisans \u00bb du complotisme en tant que mode d&rsquo;action, ni acteurs d&rsquo;un quelconque complot. Ils en sont des d\u00e9tracteurs au contraire. Non complot-istes mais plut\u00f4t \u00ab complot-phobes \u00bb L&rsquo;inad\u00e9quation s\u00e9mantique et grammaticale du mot n&rsquo;a d&rsquo;ailleurs que peu d&rsquo;importance. La propagande totalitaire ne s&#8217;embarrasse gu\u00e8re de ces fadaises. Seul le r\u00e9sultat compte. Il s&rsquo;agit en la circonstance d&rsquo;un outil de censure et d&rsquo;\u00e9crasement de la pens\u00e9e et de la libre expression. On ne lui demande pas d&rsquo;\u00eatre judicieux mais d&rsquo;\u00eatre efficace, c&rsquo;est-\u00e0-dire destructeur. Voil\u00e0 donc ici de pr\u00e9tendus syndicalistes qui s&#8217;emparent sans \u00e9tat d&rsquo;\u00e2me de cet outil inf\u00e2me, et le brandissent \u00e0 la face de leurs contradicteurs comme les inquisiteurs brandissaient des crucifix \u00e0 la face des \u00ab h\u00e9r\u00e9tiques \u00bb. Voil\u00e0 donc que les syndicats SUD qui se flattent par ailleurs de \u00ab progressisme \u00bb sombrent en v\u00e9rit\u00e9 dans une hyst\u00e9rie intellectuelle moyen\u00e2geuse, digne du \u00ab Marteau des sorci\u00e8res \u00bb.Une avalanche d&rsquo;approximations d&rsquo;impr\u00e9cations d&rsquo;injures et d&rsquo;anath\u00e8mes, s&rsquo;en suivront. :\u00ab Cette mobilisation laisse appara\u00eetre un discours individualiste et propre \u00e0 l&rsquo;extr\u00eame-droite aliment\u00e9 par la peur du progr\u00e8s, la d\u00e9fense d&rsquo;un ordre \u00ab naturel \u00bb dans lequel seuls les plus forts survivent, l&rsquo;\u00e9criture d&rsquo;une post-v\u00e9rit\u00e9 fantasm\u00e9e et nourrie de r\u00e9cits complotistes et obscurantistes, des slogans et des symboles racistes et antis\u00e9mites intol\u00e9rables et criminels, des comportements oppressifs et LGBTIphobes, des appels \u00e0 l&rsquo;intervention de l&rsquo;arm\u00e9e. \u00bbPoint n&rsquo;est besoin d&rsquo;examiner chacune de ces insanit\u00e9s dans le d\u00e9tail. Il s&rsquo;agit l\u00e0 d&rsquo;une tirade purement id\u00e9ologique et sectaire sans lien avec les sujets \u00e0 l&rsquo;ordre du jour. Cette avalanche de clich\u00e9s empoussi\u00e9r\u00e9s et d&rsquo;invectives malveillantes rel\u00e8ve d&rsquo;une technique \u00ab d&rsquo;autod\u00e9fense \u00bb sectaire. Elle a une fonction interne surtout, permettre \u00e0 cette entit\u00e9 sectaire de \u00ab faire la tortue \u00bb (romaine) de se fermer \u00e0 l&rsquo;influence ext\u00e9rieure, en se serrant, au pr\u00e9texte d&rsquo;une agression fantasm\u00e9e, dans le cercle familial. C&rsquo;est de plus un moyen ais\u00e9 de se d\u00e9barrasser du sujet, d&rsquo;esquiver la question et d&rsquo;\u00e9luder la r\u00e9ponse. Stratag\u00e8me qui permet \u00e0 SUD de ne pas m\u00eame examiner l&rsquo;information alternative et les avis contradictoires. \u00ab : la communaut\u00e9 scientifique indique unanimement que c&rsquo;est (la vaccination) la seule porte de sortie de la pand\u00e9mie. Le refus de voir, l&rsquo;aveuglement volontaire, car chacun sait bien que cette \u00ab horrible \u00bb unanimit\u00e9 est loin d&rsquo;\u00eatre la r\u00e9alit\u00e9. \u00ab Sud \u00bb pouvait-il administrer une preuve plus \u00e9clatante de sa b\u00eatise que ce refus m\u00eame de voir et d&rsquo;entendre ?Fantasmes, haine, projections, amalgames, ceux qui fr\u00e9quentent les manifestations anti-passe se demandent quel rapport il y a entre ce salmigondis de clich\u00e9s et de pr\u00e9jug\u00e9s et la r\u00e9alit\u00e9 qui est la leur, leur v\u00e9cu.Il est certes possible que dans la masse des manifestants il y en ait qui puissent se reconna\u00eetre dans certaines de ces caract\u00e9risations. Mais cela est-il le mouvement tout entier ? Cela est-il l&rsquo;esprit du mouvement ? Il est m\u00eame possible que parmi nous certains manifestants aient des \u00ab id\u00e9es naus\u00e9abondes \u00bb, et alors ? Pour autant n&rsquo;ont-ils pas le droit d&rsquo;en avoir sur \u00ab la crise actuelle \u00bb sur \u00ab la confiscation des libert\u00e9s ? Sur \u00ab l&rsquo;obligation vaccinale \u00bb ? Sur le \u00ab Passe (sanitaire) \u00bb ? Les libert\u00e9s, h\u00e9ritage de la R\u00e9volution Fran\u00e7aise ou des luttes ult\u00e9rieures, sont, si je ne m&rsquo;abuse, la propri\u00e9t\u00e9 de tous les citoyens et r\u00e9sidents fran\u00e7ais, du peuple tout entier sans discrimination, de droite, de gauche, du milieu et m\u00eame des extr\u00eames. Quelles que soient leurs convictions religieuses ou politiques par ailleurs. Tous les citoyens de ce pays sont l\u00e9gitimes que je sache \u00e0 d\u00e9fendre les libert\u00e9s. Qui peut contester une telle chose, \u00e0 part des fanatiques peut-\u00eatre, assez outrecuidants pour discuter le droit de tel ou tel \u00e0 manifester ?Pour le coup ce sont les id\u00e9es ici profess\u00e9es par SUD \u00e9ducation qui paraissent empreinte d&rsquo;un esprit insane. Ce sont celles-l\u00e0 qui paraissent dangereuses et naus\u00e9abondes, ce sont celles-l\u00e0 qui puent le totalitarisme \u00e0 plein nez.6 \u2013 Les libert\u00e9s individuelles sont-elles d&rsquo;extr\u00eame droite ?C&rsquo;est \u00ab au nom des libert\u00e9s individuelles \u00bb que la mobilisation populaire actuelle, \u00ab m\u00eale &#8211; nous dit SUD Educ &#8211; revendications anti-masques, anti-vaccination et toutes mesures de pr\u00e9vention \u00e0 la critique du \u00ab passe sanitaire \u00bb\u00ab Au nom des libert\u00e9s individuelles \u00bb. Doit-on reprocher quelque chose aux libert\u00e9s individuelles et au fait de les d\u00e9fendre ? En quoi cela peut-il poser probl\u00e8me ? La phrase qui suit imm\u00e9diatement est ainsi libell\u00e9 : \u00ab Cette mobilisation laisse appara\u00eetre un discours individualiste et propre \u00e0 l&rsquo;extr\u00eame-droite \u00bb.Arr\u00eatons-nous quelques instants \u00e0 cette assertion selon laquelle le \u00ab discours individualiste \u00bb (serait) propre \u00e0 l&rsquo;extr\u00eame-droite \u00bb et un marqueur de son id\u00e9ologie.Tout d&rsquo;abord, il faut rappeler que le \u00ab discours individualiste \u00bb ne constitue en aucun cas une caract\u00e9risation pertinente de l&rsquo;extr\u00eame droite contrairement \u00e0 ce que semble affirmer ce texte. Il est r\u00e9current. Il appartient \u00e0 notre culture dominante actuelle. C&rsquo;est le capitalisme lib\u00e9ral et non l&rsquo;extr\u00eame droite qui en est le fondement. Mais il faut remarquer surtout que le texte du communiqu\u00e9 a ici incidemment gliss\u00e9 d&rsquo;un concept \u00e0 un autre du \u00ab au nom des libert\u00e9s individuelles \u00bb il est pass\u00e9 \u00ab au discours individualiste \u00bb Ce n&rsquo;est pas tout \u00e0 fait la m\u00eame chose. \u00c7a n&rsquo;est m\u00eame pas du tout la m\u00eame chose ! Malgr\u00e9 des ressemblances s\u00e9mantiques.Le discours individualiste est celui qui h\u00e9risse l&rsquo;individualisme en syst\u00e8me. C&rsquo;est un discours id\u00e9ologique, \u00e9gocentrique et asocial, contraire au demeurant aux r\u00e9alit\u00e9s intangibles du monde, puisque celui qui le tient fait malgr\u00e9 tout partie de la soci\u00e9t\u00e9, et n&rsquo;est tel qu&rsquo;il est que par cette appartenance sociale.Quant aux libert\u00e9s individuelles, loin d&rsquo;\u00eatre des marqueurs de \u00ab l&rsquo;id\u00e9ologie d&rsquo;extr\u00eame droite \u00bb elles sont le mat\u00e9riau g\u00e9n\u00e9ral, la quintessence de toutes les libert\u00e9s.Il n&rsquo;y a pas de libert\u00e9s collectives, il n&rsquo;y a pas de libert\u00e9s politiques ni de d\u00e9mocratie sans le socle des libert\u00e9s individuelles. Ou alors celles-ci ne sont que nominales et en trompe l&rsquo;\u0153il.La libert\u00e9 d&rsquo;opinion, \u00e7a signifie quoi si ce n&rsquo;est d&rsquo;abord la libert\u00e9 de chacun de former sa propre opinion sur les choses ?La libert\u00e9 d&rsquo;expression, a-t-elle un sens si elle ne commence par la libert\u00e9 d&rsquo;expression de chaque individu ?La libert\u00e9 de l&rsquo;information signifie certes pour les partis, les groupes politiques, le droit collectif d&rsquo;informer, de diffuser leurs id\u00e9es, mais aurait-elle un sens si elle ne se fondait sur la libert\u00e9 de chacun de choisir ses sources et de trier l&rsquo;information qu&rsquo;il re\u00e7oit ?La libert\u00e9 de conscience, par o\u00f9 tout commence, est de fa\u00e7on incontestable une libert\u00e9 individuelle.La libert\u00e9 des cultes, qui comprend celle aussi de n&rsquo;en pratiquer aucun, avant m\u00eame d&rsquo;\u00eatre celle des communaut\u00e9s est n\u00e9cessairement celle des individus qui les composent, d&rsquo;adh\u00e9rer ou pas \u00e0 telle croyance ou aucune.La libert\u00e9 du commerce est fond\u00e9e sur la libert\u00e9 individuelle, celle de deux individus de valider un \u00ab contrat \u00bb ensemble.La libert\u00e9 de d\u00e9placement, m\u00eame en groupes, ne se con\u00e7oit que sur la base du droit de chacun de se d\u00e9placer librement.Mais arr\u00eatons l\u00e0 cette \u00e9num\u00e9ration qui met en lumi\u00e8re toute l&rsquo;absurdit\u00e9 de la pr\u00e9venance dont se pare le communiqu\u00e9 de \u00ab SUD \u00e9ducation \u00bb \u00e0 l&rsquo;\u00e9gard des \u00ab libert\u00e9s individuelles \u00bb et de l&rsquo;assertion selon laquelle le discours individualiste appartiendrait au lexique de l&rsquo;extr\u00eame droite.En voulant ainsi pousser, via \u00ab l&rsquo;individualisme \u00bb, les \u00ab libert\u00e9s individuelles \u00bb dans le camp de l&rsquo;extr\u00eame droite, les auteurs du communiqu\u00e9 s&rsquo;efforcent en v\u00e9rit\u00e9 de justifier leur injustifiable refus de d\u00e9fendre \u00ab la libert\u00e9 \u00bb.7 \u2013 Autojustification sectaireComplotistes : Extr\u00eame droite ! \u00ab Anti-vax \u00bb,  ! Sud use, on le voit, des m\u00eames invectives et des m\u00eames m\u00e9thodes ignominieuses du gouvernement pour imposer le silence \u00e0 leurs contradicteurs, tenter d&rsquo;entacher et d&rsquo;endiguer la contestation qui enfle.Non Philippot, bien qu&rsquo;avec son mouvement \u00ab les patriotes \u00bb il occupe une place remarqu\u00e9e dans le mouvement anti-passe \u00bb, n&rsquo;en est pas la repr\u00e9sentation toute enti\u00e8re. De nombreux citoyens culturellement de gauche, des milliers de travailleurs, salari\u00e9s et syndicalistes et des Gilets-jaunes s&rsquo;y pressent et en constituent la majorit\u00e9 \u00e9crasante. L&rsquo;\u00e9ch\u00e9ance du 4 septembre n&rsquo;appartient pas \u00e0 Florian Philippot en propre mais \u00e0 ce mouvement contestataire tout entier.En faisant semblant de croire contre toute \u00e9vidence que le mouvement anti-passe actuel, se r\u00e9duit \u00e0 Philippot, SUD s&rsquo;efforce de s&rsquo;illusionner.  De ne pas regarder la r\u00e9alit\u00e9 en face. Il a besoin de d\u00e9former ainsi les faits, d&rsquo;assimiler tout le mouvement anti-Passe \u00e0 l&rsquo;extr\u00eame droite pour justifier son propre rejet, s&rsquo;automotiver \u00e0 le combattre. Les partis, syndicats ou mouvements qui tombent dans ce pi\u00e8ge-l\u00e0 qui est celui de \u00ab l&rsquo;autojustification \u00bb sont vou\u00e9s \u00e0 s&rsquo;\u00e9craser contre l&rsquo;un des murs que l&rsquo;histoire dispose au fond de chacune de ses impasses. Quant aux \u00ab m\u00e9langes \u00bb dont le mouvement serait coupable, entre les pr\u00e9tendues mesures de pr\u00e9vention qui \u00e9taient surtout d\u00e9j\u00e0 des dispositifs liberticides et \u00ab la critique (l\u00e0 encore ils \u00e9vitent le mot rejet) du passe sanitaire \u00bb, ce n&rsquo;est qu&rsquo;une invention fantasmatique des auteurs de ce communiqu\u00e9 abracadabrant. Toutes ces mesures sont parfaitement en lien avec le passe-(sanitaire) qui n&rsquo;est que l&rsquo;appellation honteuse de l&rsquo;obligation vaccinale. Elles ont eu pour objet d&rsquo;entretenir la terreur et la sid\u00e9ration populaire afin de faire le lit de la campagne de vaccination g\u00e9n\u00e9rale, comme un des buts du \u00ab passe \u00bb est de la finaliser.Certains n&rsquo;ont pas voulu voir cela et ont contribu\u00e9 \u00e0 r\u00e9pandre autour d&rsquo;eux la terreur sanitaire qui cr\u00e9ait les conditions d&rsquo;une campagne vaccinale plan\u00e9taire. Ils en gardent encore \u00e0 ce jour comme stigmate un masque accroch\u00e9 sous le menton. Ceux-l\u00e0 qui se sont pr\u00eat\u00e9s \u00e0 cette mascarade et qui pr\u00eachent aujourd&rsquo;hui \u00ab une campagne de vaccination massive \u00bb, bien entendu refuseront encore de voir ce lien de causalit\u00e9 entre ces pr\u00e9tendues mesures de protection et l&rsquo;ignoble \u00ab obligation vaccinale \u00bb \u00e0 laquelle ils veulent nous contraindre.8 \u2013 Se poser les bonnes questions\u00ab Le m\u00e9contentement \u00e0 l&rsquo;\u00e9gard du gouvernement est l\u00e9gitime, or l&rsquo;extr\u00eame-droite s&rsquo;en nourrit et l&rsquo;utilise pour diffuser son id\u00e9ologie r\u00e9actionnaire. Ne la laissons-pas faire ! \u00bbSi, comme cela est dit ici, \u00ab Le m\u00e9contentement \u00e0 l&rsquo;\u00e9gard du gouvernement est l\u00e9gitime, \u00bb.  Par quelle raison l&rsquo;extr\u00eame droite serait-elle interdite d&rsquo;exprimer son propre m\u00e9contentement, et si cette expression lui est b\u00e9n\u00e9fique dans l&rsquo;opinion, (si elle s&rsquo;en nourrit) ne serait-ce pas surtout parce que la critique sociale est inaudible ?  Ce qui est regrettable en la circonstance, ce n&rsquo;est pas tant que \u00ab l&rsquo;extr\u00eame droite fasse son \u00ab beurre \u00bb de son opposition de droite c&rsquo;est que le mouvement syndical et ceux qui s&rsquo;auto-identifient de \u00ab Gauche \u00bb ne fassent pas le leur.Mais on le fait\u2026. Protestent-ils !Non !\u2026 Le 19 ao\u00fbt \u00e0 Tours (Indre et Loire), trois f\u00e9d\u00e9rations syndicales CGT, FO et SUD solidaires appelaient ensemble \u00e0 une manifestation \u00ab contre le Passe-sanitaire et la casse sociale.  Trois f\u00e9d\u00e9s \u00bb, des structures syndicales d\u00e9parte-mentales, tout de m\u00eame ! 140 personnes r\u00e9pondirent \u00e0 l&rsquo;appel. 140 d&rsquo;un c\u00f4t\u00e9, 3000 de l&rsquo;autre dans les manifestations contre le \u00ab passe-(sanitaire) \u00bb et l&rsquo;obligation vaccinale. Cela leur fait ombrage et parait les irriter. \u00ab Ne la laissons-pas faire \u00bb (l&rsquo;extr\u00eame droite) s&rsquo;exclament-ils alors ! Qu&rsquo;est-ce \u00e0 dire ? Cela voudrait-il dire qu&rsquo;il faut agresser les manifestations anti-passe, les disloquer, les discr\u00e9diter, provoquer des incidents pour faire fuir les manifestants pacifiques ? C&rsquo;est ce que l&rsquo;on pourrait croire en effet en observant ce qui s&rsquo;est pass\u00e9 \u00e0 Tours et en divers autres endroits. Certains \u00e9l\u00e9ments issus d&rsquo;un syndicat que nous ne nommerons pas ici, \u00e0 d\u00e9faut de pouvoir rassembler sur leurs propres revendications paraissent avoir d\u00e9cid\u00e9 de casser la manif anti-passe, qu&rsquo;ils d\u00e9nomment d&rsquo;\u00ab extr\u00eame droite et \u00ab antivax \u00bb, en provoquant un pugilat avec des militants d&rsquo;un petit groupe local probablement apparent\u00e9 royaliste, ou en fracturant la manifestation \u00e0 une intersection, et diverses autres provocations.Dr\u00f4le de mani\u00e8re de \u00ab faire son boulot \u00bb. Dr\u00f4le de critique de l&rsquo;action gouvernementale et dr\u00f4le de m\u00e9thode de mobilisation des salari\u00e9s. Bonne m\u00e9thode tout de m\u00eame de d\u00e9robade au questionnement des militants. Car questionnement il y a. Ces \u00ab cadres \u00bb syndicaux ne sont pas d&rsquo;accord avec ce mouvement, avec ces manifestations. Alors pourquoi certains y prennent-ils part ? Pourquoi plut\u00f4t que tenter de nuire \u00e0 celle-ci ne se r\u00e9uniraient-ils pas en congr\u00e8s ou en s\u00e9minaire afin de r\u00e9fl\u00e9chir aux raisons pour lesquelles les travailleurs, les salari\u00e9s, et d&rsquo;ailleurs les syndiqu\u00e9s eux-m\u00eames, pourtant si malmen\u00e9s par le pouvoir actuel, ne r\u00e9pondent pas \u00e0 leurs appels \u00e0 se mobiliser ? Que ces \u00ab cadres se r\u00e9unissent une bonne fois pour toute et ne mettent fin \u00e0 leur \u00ab conclave \u00bb que lorsqu&rsquo;ils auront trouv\u00e9 des r\u00e9ponses satisfaisantes.Quel genre de r\u00e9ponses pourraient-ils trouver ? Nous voulons bien leur donner un petit \u00ab coup de pouce \u00bb, leur sugg\u00e9rer quelques pistes, leur mettre la puce \u00e0 l&rsquo;oreille.N&rsquo;y aurait-il pas une contradiction \u00e0 vouloir \u00ab mobiliser \u00bb et en m\u00eame temps \u00e0 t\u00e9taniser les \u00e9nergies en donnant foi \u00e0 la campagne officielle de terreur sanitaire ?N&rsquo;y aurait-il pas une contradiction flagrante \u00e0 vouloir mobiliser pour la lutte revendicative les travailleurs et salari\u00e9s et dans le m\u00eame temps \u00e0 les \u00ab dresser \u00bb \u00e0 ob\u00e9ir au pouvoir, \u00e0 se conduire comme des moutons, comme des \u00ab zombies \u00bb masqu\u00e9s, et \u00e0 se faire \u00ab injecter \u00bb comme du b\u00e9tail dans des \u00ab vaccinodromes \u00bb am\u00e9nag\u00e9s comme \u00ab OK Corral \u00bb ?Objectivement, le discours de ce communiqu\u00e9 est un soutien franc et ouvert \u00e0 la politique vaccinale de Macron, donc un soutien \u00e0 Macron.  Ne voyez-vous pas en cela une contradiction fatale de pr\u00e9tendre qu&rsquo;on lutte contre l&rsquo;invasion et de voler au secours d&rsquo;Attila ? N&rsquo;y a-t-il pas une contradiction insoutenable \u00e0 pr\u00e9tendre qu&rsquo;on lutte contre la casse sociale et \u00e0 voler au secours \u00ab d&rsquo;Attila-Macron \u00bb ?  N&rsquo;y a-t-il pas l\u00e0 une incoh\u00e9rence qui vire \u00e0 l&rsquo;absurde d&rsquo;\u00e9crire qu&rsquo;il \u00ab s&rsquo;agit maintenant de porter nos propres revendications et perspectives d&rsquo;actions dans le r\u00e9pertoire de classe du mouvement social \u00bb et de fonder sur la base de ce constat une alliance de facto avec le pire ennemi de classe des travailleurs? 9 \u2013 Comment lutter efficacement contre la \u00ab casse sociale \u00bb ?Le Lundi 16 mars 2020. Emmanuel Macron a d\u00e9clar\u00e9 sa \u00ab dr\u00f4le de guerre \u00bb, \u00e0 qui ?\u2026 A un virus ? Pas m\u00eame les professeurs Nimbus ou Challenger n&rsquo;auraient pu avoir une id\u00e9e aussi saugrenue. A qui avait-il v\u00e9ritablement d\u00e9clar\u00e9e cette guerre ? Si on s&rsquo;en tient au langage ce n&rsquo;\u00e9tait pas tr\u00e8s clair, les faits sont venus pr\u00e9ciser le discours. C&rsquo;est au peuple, c&rsquo;est \u00e0 la soci\u00e9t\u00e9 civile, c&rsquo;est aux libert\u00e9s que Macron a d\u00e9clar\u00e9 la guerre.Vous voulez lutter contre la casse sociale ? La casse sociale au pr\u00e9sent c&rsquo;est Macron. C&rsquo;est Macron qui raye le code du travail d&rsquo;un trait de plume, c&rsquo;est Macron qui vend \u00ab les biens nationaux \u00bb aux puissances \u00e9trang\u00e8res, c&rsquo;est Macron qui d\u00e9truit des centaines de milliers d&#8217;emplois, pousse des centaines de milliers de petits commer\u00e7ants, entrepreneurs et agriculteurs \u00e0 la ruine, c&rsquo;est Macron qui d\u00e9truit les statuts professionnels et pr\u00e9cipite la quasi-totalit\u00e9 du monde du travail dans \u00ab l&rsquo;ub\u00e9risation \u00bb et la pr\u00e9carit\u00e9, c&rsquo;est Macron qui ponctionne les allocations ch\u00f4mage et impose aux travailleurs priv\u00e9s d&#8217;emploi une r\u00e9glementation drastique et humiliante, c&rsquo;est Macron qui pr\u00e9cipite des centaines de milliers de Fran\u00e7ais dans la pauvret\u00e9 et l&rsquo;indigence. C&rsquo;est Macron qui foule aux pieds nos libert\u00e9s les plus fondamentales et les plus \u00e9l\u00e9mentaires.C&rsquo;est Macron l&rsquo;ennemi num\u00e9ro un du peuple. Vouloir dans ce contexte mener la guerre \u00e0 l&rsquo;extr\u00eame droite qui manifeste pour les libert\u00e9s ne peut appara\u00eetre que comme un d\u00e9rivatif, une mani\u00e8re de cibler un autre ennemi afin d&rsquo;\u00e9pargner le principal.Comment peut-on \u00eatre une organisation syndicale de salari\u00e9s et refuser de s&rsquo;engager corps et \u00e2me dans la lutte pour la d\u00e9fense des libert\u00e9s ? Non pas seulement contre le \u00ab Passe-(sanitaire) \u00bb mais contre tout le dispositif de la dictature du m\u00eame nom \u00ab Conseil de d\u00e9fense \u00bb, \u00ab conseil scientifique \u00bb, Etat d&rsquo;urgence sanitaire, port du masque obligatoire, confinements, vaccination forc\u00e9e, QR code etc. \u00bb ? Comment voulez-vous \u00ab camarades \u00bb que les salari\u00e9s que vous livrez ainsi, pieds et mains li\u00e9s et \u00ab bouche cousue \u00bb \u00e0 la tyrannie \u00ab sanitariste \u00bb, vous fassent la moindre confiance, vous prennent m\u00eame au s\u00e9rieux, quand vous les appelez \u00e0 lutter contre la casse sociale que vous avez valid\u00e9e par ailleurs ?C&rsquo;est en cela qu&rsquo;il vous faut chercher les raisons de votre incapacit\u00e9 \u00e0 mobiliser. C&rsquo;est en cela qu&rsquo;il vous faut admettre que r\u00e9sident les raisons de l&rsquo;\u00e9chec de vos appels \u00e0 manifester sur vos propres revendications et que 3 f\u00e9d\u00e9rations syndicales \u00e0 l&rsquo;\u00e9chelle d&rsquo;un d\u00e9partement tout entier ne r\u00e9ussissent \u00e0 regrouper que 140 manifestants quand des milliers se pressent aux manifestations du peuple contre le \u00ab\u00a0Passe (sanitaire)\u00a0\u00bb pour la libert\u00e9 vaccinale \u00bb. C&rsquo;est en cela, dans vos propres incoh\u00e9rences, dans votre propre incurie, dans, il faut bien le dire, vos propres trahisons, qu&rsquo;il convient de chercher les raisons de vos \u00e9checs et de la d\u00e9fiance des salari\u00e9s \u00e0 votre \u00e9gard, non pas dans le l\u00e9gitime sursaut citoyen dont font preuve les manifestations actuelles. Non dans l&rsquo;engagement d&rsquo;une certaine extr\u00eame droite et \u00ab des antivax \u00bb pour la d\u00e9fense des libert\u00e9s.Ces contradictions, les masses salari\u00e9es ne les identifient pas clairement mais elles les ressentent tr\u00e8s fort. Elles ne r\u00e9alisent pas vraiment, ne formulent pas encore d&rsquo;accusation de trahison \u00e0 votre \u00e9gard, mais elles ne la ressentent pas moins. Si vous persistez dans cet aveuglement, il ne fait aucun doute qu&rsquo;elles vous demanderont des comptes bient\u00f4t.Pour lutter vraiment et efficacement contre la casse sociale, ce qui nous pr\u00e9occupe bien autant que vous, il faut en tout premier lieu mettre Macron en \u00e9chec sur le \u00ab Passe (sanitaire)\u202610 \u2013 Il faut casser le grand casseurAlors l&rsquo;on entend dire ici ou l\u00e0 : \u00ab Macron n&rsquo;est qu&rsquo;un Pantin, l&rsquo;ex\u00e9cuteur des ordres de ses chefs les banquiers. Il ne s&rsquo;agit pas de Macron mais du syst\u00e8me \u00bb. \u00ab \u00c7a n&rsquo;est pas Macron qu&rsquo;il faut faire tomber mais le syst\u00e8me \u00bb. Et cette \u00ab v\u00e9rit\u00e9 \u00bb qui parait tout aussi imparable qu&rsquo;elle est fausse ; \u00ab Si on enl\u00e8ve Macron il y en aura un autre tout pareil \u00bb.On serait tent\u00e9 de r\u00e9torquer au risque de blesser nos interlocuteurs : Qu&rsquo;est-ce \u00e0 dire ? Qu&rsquo;il faut garder Macron ?Il suffit de poser la question de la sorte pour que ceux qui avaient pos\u00e9 la pr\u00e9c\u00e9dente, r\u00e9alisent peut-\u00eatre toute l&rsquo;horreur de leurs all\u00e9gations.Macron est un Pantin. Soit ! c&rsquo;est le commis des banquiers et de la grande finance internationale. Il n&rsquo;en est pas moins la pi\u00e8ce ma\u00eetresse de leur dispositif actuel, politique, institutionnel, de domination et d&rsquo;asservissement du peuple. Il n&rsquo;en est pas moins \u00ab le chef \u00bb politique et la cl\u00e9 de vo\u00fbte institutionnelle du syst\u00e8me qui nous broie.Bon, prenons le probl\u00e8me par l&rsquo;autre bout ce n&rsquo;est pas Macron qu&rsquo;il faut faire tomber, mais le syst\u00e8me. C&rsquo;est quoi exactement le \u00ab syst\u00e8me \u00bb et comment le fait-on tomber ? Il faut bien s&rsquo;y prendre par un bout, par une faille, par un point faible, ou m\u00eame pourquoi pas un fusible.Je sais, des dizaines de th\u00e9ories ou propositions fourmillent actuellement, pour changer le monde, sur le monde d&rsquo;apr\u00e8s. Elles ont un m\u00e9rite, celui de t\u00e9moigner du rejet du syst\u00e8me actuel et de la soif d&rsquo;en changer. Elles t\u00e9moignent de l&rsquo;\u00e9bullition r\u00e9volutionnaire en cours. Mais qu&rsquo;est-ce le pouvoir politique ? C&rsquo;est un outil de domination et de coercition d&rsquo;un groupe social sur toute la soci\u00e9t\u00e9. Cet outil politique a pour fonction de maintenir l&rsquo;ordre social existant et de r\u00e9primer les tentatives de le subvertir, quelle que soit la forme que prennent ces tentatives. Autrement dit : toutes les id\u00e9es originales, toutes les projections attrayantes, toutes les propositions ing\u00e9nieuses, tous les plans de subversions ne sont que doux r\u00eaves et utopies si le groupe social majoritaire ne confisque pas le pouvoir politique \u00e0 ceux qui le d\u00e9tiennent (le syst\u00e8me) pour s&rsquo;en emparer eux-m\u00eames et en faire un outil au service du nouveau mod\u00e8le social \u00e0 promouvoir.En peu de mots, il est certes l\u00e9gitime de s&rsquo;interroger sur le monde que nous voulons, et m\u00eame pourquoi pas en dessiner les \u00e9bauches dans la fange du monde actuel. Mais c&rsquo;est se vouer \u00e0 ne le jamais voir na\u00eetre, que de renoncer \u00e0 prendre le pouvoir politiqueEt que signifie \u00ab prendre le pouvoir politique \u00bb ? Non pas habiter les palais de la R\u00e9publique, non pas v\u00eatir un personnel nouveau des m\u00eames nippes institutionnelles, mais faire table rase des institutions de la 5\u00e8me R\u00e9publique, en cr\u00e9er de nouvelles par le peuple et pour le peuple, se fondant sur des \u00ab Assembl\u00e9es populaires de base \u00bb d\u00e9tentrices du v\u00e9ritable pouvoir politique qu&rsquo;elles d\u00e9l\u00e8guent \u00e0 des repr\u00e9sentants, sous mandats imp\u00e9ratif et r\u00e9vocable \u00e0 tous moments.Ceux qui disent \u00ab si on fait tomber Macron par qui va-t-on le remplacer ? \u00bb sont ceux qui d\u00e9sesp\u00e8rent de la force du peuple, de ses grandes capacit\u00e9s d&rsquo;initiatives et de son inventivit\u00e9 ? Ils se disent quelquefois \u00ab R\u00e9volutionnaires \u00bb. Mais la R\u00e9volution, la vraie, celle du peuple qui enfle et qui gonfle leur fait terriblement peur. Ils ont peur de la vague qui monte, ils ont peur d&rsquo;\u00eatre roul\u00e9s-boul\u00e9s avec leurs petits sc\u00e9narios \u00ab r\u00e9volutionnaristes \u00bb bien \u00ab pr\u00e9-\u00e9crits \u00bb et \u00ab repass\u00e9s \u00bb. Alors ils choisissent de rester sur la gr\u00e8ve, de regarder rouler la vague qu&rsquo;ils insultent et invectivent, \u00ab cette sale vague qui refuse de leur ob\u00e9ir. \u00bbOr, comme nous le disions, il faut bien commencer par un bout. Faire tomber Macron c&rsquo;est faire voler en \u00e9clat les institutions de la 5\u00e8me r\u00e9publique, c&rsquo;est ouvrir une profonde crise institutionnelle et politique et rouvrir ainsi le \u00ab champ des possibles \u00bb.Les r\u00e9volutionnaires de pacotilles refusent toujours d&rsquo;attaquer le pouvoir r\u00e9el au pr\u00e9texte qu&rsquo;il n&rsquo;est que l&rsquo;expression de quelque chose de plus vaste : \u00ab Macron est un Pantin, la r\u00e9volution en France n&rsquo;est pas possible c&rsquo;est \u00e0 l&rsquo;Europe qu&rsquo;il faut s&rsquo;en prendre, ou mieux l&rsquo;ennemi n&rsquo;est pas Macron et pas m\u00eame l&rsquo;Europe, c&rsquo;est le syst\u00e8me financier international, etc. \u00bb. Mais o\u00f9 est donc le salut ? Il s&rsquo;agit en v\u00e9rit\u00e9 de stratag\u00e8mes, dont se parent \u00ab ces pseudos r\u00e9volutionnaires \u00bb pour justifier leur d\u00e9robade parce que comme nous venons de le dire ils ont peur de la r\u00e9volution qui n&rsquo;est pas pr\u00e9-\u00e9crite comme un sc\u00e9nario de cin\u00e9ma.Alors oui, nous le disons, il faut commencer par un bout, chaque peuple dans son propre pays. Faire exploser le pouvoir existant, et pour nous Fran\u00e7ais, cela commence par se d\u00e9barrasser du pr\u00e9sident de la R\u00e9publique qui est la cl\u00e9 de vo\u00fbte des institutions de la 5\u00e8me R\u00e9publique, mettre ainsi \u00e0 l&rsquo;ordre du jour la fondation d&rsquo;une nouvelle R\u00e9publique, d\u00e9mocratique et populaire. Oui, l&rsquo;ordre du jour c&rsquo;est de \u00ab d\u00e9gager Macron, c&rsquo;est de casser le grand casseur \u00bb.11 \u2013 R\u00e9ponse \u00e0 la question pr\u00e9c\u00e9dente : Eh bien oui, SUD a perdu le Nord !Il y avait autrefois, et il y a encore, des patrons et des ouvriers. Les choses \u00e9taient claires et le chemin tout trac\u00e9. Dans les corons, dans les cit\u00e9s ouvri\u00e8res accol\u00e9es aux p\u00f4les de production, c&rsquo;\u00e9tait simple de trouver le chemin de la lutte des classes. Mais le capitalisme s&rsquo;est concentr\u00e9, des puissances f\u00e9odales financi\u00e8res sont apparues \u00e0 l&rsquo;\u00e9chelle internationale.Les rapports de classe se sont complexifi\u00e9s.Faisons un parall\u00e8le Historique. Le syst\u00e8me f\u00e9odal en France a dur\u00e9 mille ans au moins. Mais le r\u00e9gime f\u00e9odal moyen\u00e2geux du temps de Philippe le Bel ne ressemble en rien \u00e0 celui du si\u00e8cle de Louis XIV. La monarchie absolue n&rsquo;a rien chang\u00e9 aux \u00ab rapports f\u00e9odaux \u00bb fondamentaux mais elle s&rsquo;est fond\u00e9e sur la vassalit\u00e9 des f\u00e9odaux amortis et totalement subordonn\u00e9s, jusqu&rsquo;au ridicule, jusqu&rsquo;\u00e0 l&rsquo;humiliation, au pouvoir royal. La Monarchie c&rsquo;est la concentration du pouvoir f\u00e9odal dans les seules mains du Monarque absolu. Il en va un peu de m\u00eame de l&rsquo;\u00e9volution du pouvoir politique du capitalisme. Ce fut d&rsquo;abord un pouvoir collectif de la classe capitaliste. Celle-ci partageait le pouvoir \u00ab d\u00e9mocratique. La \u00ab D\u00c9MOCRATIE \u00bb avec un grand \u00ab D \u00bb qui au d\u00e9but d&rsquo;ailleurs on d\u00e9nommait \u00ab la d\u00e9mocratie bourgeoise \u00bb \u00e9tait pour la classe capitaliste le bon moyen d&rsquo;exercer son pouvoir politique collectif.Mais ce que l&rsquo;on appelle la concentration capitaliste a abouti \u00e0 l&rsquo;\u00e9mergence de \u00ab Monopoles \u00bb et de \u00ab holding \u00bb  que le Parti communiste fran\u00e7ais d\u00e9nomma un temps \u00ab les grands monopoles \u00bb, expliquant la 5\u00e8me R\u00e9publique comme le pouvoir \u00ab des grands monopoles \u00bb.  Les cercles des plus grandes puissances capitalistes devenus bien plus puissants que tout le reste de la classe capitaliste,(certaines soci\u00e9t\u00e9s ont des budgets bien sup\u00e9rieurs \u00e0 ceux des Etats) ne veulent plus partager le pouvoir avec toute leur classe. Ils le veulent pour eux seuls, pour le service de leurs propres solutions afin de d\u00e9fendre au mieux leurs propres int\u00e9r\u00eats. C&rsquo;est la r\u00e9alit\u00e9 dont De Gaulle fit accoucher l&rsquo;Histoire en fondant la 5\u00e8me R\u00e9publique qui donnait le pouvoir v\u00e9ritable \u00e0 cette oligarchie.Mais le temps a encore coul\u00e9 et la concentration capitaliste s&rsquo;est poursuivie \u00e0 un rythme effr\u00e9n\u00e9. Plus puissante que jamais cette fraction de la classe capitaliste qui travaille sur le march\u00e9 mondial, sous l&rsquo;impulsion de Margaret Thatcher et de Donald Reagan a alors impos\u00e9 au monde entier ce que l&rsquo;on appelle \u00ab La mondialisation \u00bb qui a elle-m\u00eame donn\u00e9 un coup d&rsquo;acc\u00e9l\u00e9rateur gigantesque \u00e0 la concentration capitaliste plan\u00e9taire.Cette fraction, encore plus r\u00e9duite et infiniment plus puissante veut \u00e0 son tour prendre le pouvoir politique. Mais non pas au niveau des seules nations, mais celui d&rsquo;un empire plan\u00e9taire, dont les anciennes nations deviennent des \u00ab lands \u00bb ou \u00ab des provinces \u00bb.Faire ce constat, nos syndicalistes de classe de Sud \u00e9ducation ne le peuvent pas, car abus\u00e9s par la terreur m\u00e9diatique, ils refusent de voir cette \u00e9volution et traitent de \u00ab complotistes \u00bb ceux qui l&rsquo;examinent et la d\u00e9cryptent. Ils ont perdu le fil de l&rsquo;Histoire. Ils ne peuvent plus se situer dans les rapports sociaux actuels. Ils parlent encore de lutte de classe mais ils ne savent plus ce que cela signifie dans le contexte social-\u00e9conomique et politique actuel.C&rsquo;est pourquoi SUD a perdu ses rep\u00e8res et le NORD !Patrick Seignon. 11 septembre 2021ANNEXE :Communiqu\u00e9 de presseParis, le 16 ao\u00fbt 2021Pour la vaccination, contre l&rsquo;extr\u00eame-droite. SUD \u00e9ducation porte depuis le d\u00e9but de la crise sanitaire ses revendications pour la sant\u00e9 des personnels et des \u00e9l\u00e8ves et notamment la mise en oeuvre rapide d&rsquo;une campagne de vaccination massive : la communaut\u00e9 scientifique indique unanimement que c&rsquo;est la seule porte de sortie de la pand\u00e9mie. Les atermoiements du gouvernement ont retard\u00e9 la campagne de vaccination. Elle n&rsquo;a pas \u00e9t\u00e9 pleinement prise en charge par l&rsquo;administration, ce qui a renvoy\u00e9 les personnels \u00e0 des difficult\u00e9s diverses pour trouver des cr\u00e9neaux de vaccination. \u00c0 l&rsquo;approche de la rentr\u00e9e scolaire et alors que le variant Delta se multiplie, l&rsquo;enjeu de la vaccination reste \u00e9norme. \u00c0 ce titre, la mise en oeuvre d&rsquo;une campagne de vaccination dans les \u00e9tablissements scolaires est de bon sens. Elle doit \u00eatre effectu\u00e9e par des personnels form\u00e9s et sans d\u00e9grader les conditions de travail des personnels m\u00e9dicaux de l&rsquo;\u00c9ducation nationale. Nous connaissons malheureusement la capacit\u00e9 du gouvernement \u00e0 faire des annonces qui sont insuffisamment mises en oeuvre sur le terrain : cela a \u00e9t\u00e9 le cas pour les distributions de masques ou l&rsquo;organisation de campagnes de tests. Il est indispensable que cette fois-ci, une enveloppe sp\u00e9cifique soit allou\u00e9e imm\u00e9diatement pour permettre la mise en oeuvre de cette campagne de vaccination sur site. Enfin, pour d\u00e9velopper au mieux la campagne de vaccination, il est indispensable que soit mise en oeuvre au plus vite la lev\u00e9e des brevets des vaccins et le transfert des techniques de production des laboratoires vers les pouvoirs publics au plus vite. Le passe sanitaire n&rsquo;est pas mis en oeuvre dans les \u00e9coles et \u00e9tablissements. Le protocole sanitaire publi\u00e9 fin juillet introduit cependant le principe de l&rsquo;\u00e9viction des seul-e-s cas-contact nonvaccin\u00e9- e-s. Au vu du retard pris par la campagne de vaccination et de la proximit\u00e9 de la rentr\u00e9e scolaire, il est illusoire de penser que l&rsquo;ensemble des \u00e9l\u00e8ves pourrait \u00eatre en situation d&rsquo;\u00eatre vaccin\u00e9-e-s \u00e0 la rentr\u00e9e. Par ailleurs, ce sont dans les territoires les plus d\u00e9favoris\u00e9s que la vaccination est \u00e0 ce stade la plus faible : cette diff\u00e9renciation entre \u00e9l\u00e8ves vaccin\u00e9-e-s et non-vaccin\u00e9-e-s reproduirait des in\u00e9galit\u00e9s sociales d\u00e9j\u00e0 \u00e0 l&rsquo;oeuvre. Enfin, m\u00eame si l&rsquo;on n&rsquo;a pas de pr\u00e9cision \u00e0 ce sujet, il ne serait pas acceptable que l&rsquo;on exige des personnels de l&rsquo;\u00c9ducation nationale de prendre en charge les missions qui seraient li\u00e9es \u00e0 cette mesure. SUD \u00e9ducation se prononce pour la vaccination de masse et, avec son union syndicale Solidaires, d\u00e9nonce fermement la mise en oeuvre du passe sanitaire. En effet, le gouvernement n&rsquo;a pas \u00e9t\u00e9 capable d&rsquo;organiser une vaccination massive de la population et fait payer son incurie aux travailleurs et travailleuses par un dispositif de contr\u00f4le, de surveillance et de contrainte g\u00e9n\u00e9ralis\u00e9s.Par ailleurs, il a par ses volte-face successifs, ses mensonges et ses approximations largement sa part de responsabilit\u00e9 dans la mont\u00e9e des th\u00e8ses complotistes. Pour autant, nous ne nous reconnaissons pas dans la mobilisation en cours contre le passe sanitaire. En effet, la mobilisation, qui a commenc\u00e9 cet \u00e9t\u00e9 et que Philippot, pr\u00e9sident du mouvement d&rsquo;extr\u00eame-droite Les Patriotes, appelle \u00e0 poursuivre le 4 septembre, m\u00eale revendications antimasques, antivaccination et toutes mesures de pr\u00e9vention \u00e0 la critique du passe sanitaire au nom des libert\u00e9s individuelles. Cette mobilisation laisse appara\u00eetre un discours individualiste et propre \u00e0 l&rsquo;extr\u00eame-droite aliment\u00e9 par la peur du progr\u00e8s, la d\u00e9fense d&rsquo;un ordre \u00ab naturel \u00bb dans lequel seuls les plus forts survivent, l&rsquo;\u00e9criture d&rsquo;une post-v\u00e9rit\u00e9 fantasm\u00e9e et nourrie de r\u00e9cits complotistes et obscurantistes, des slogans et des symboles racistes et antis\u00e9mites intol\u00e9rables et criminels, des comportements oppressifs et LGBTIphobes, des appels \u00e0 l&rsquo;intervention de l&rsquo;arm\u00e9e. Le m\u00e9contentement \u00e0 l&rsquo;\u00e9gard du gouvernement est l\u00e9gitime, or l&rsquo;extr\u00eame-droite s&rsquo;en nourrit et l&rsquo;utilise pour diffuser son id\u00e9ologie r\u00e9actionnaire. Ne la laissons-pas faire ! Dans un contexte de mont\u00e9e de l&rsquo;extr\u00eame-droite (succ\u00e8s \u00e9lectoraux \u00e0 l&rsquo;\u00e9chelle mondiale, violences racistes et antis\u00e9mites, violences \u00e0 l&rsquo;\u00e9gard des migrant-e-s\u2026), nous avons la responsabilit\u00e9 de nous opposer \u00e0 leurs manifestations, \u00e0 leurs mensonges, \u00e0 leur haine. Nous ne sommes pas dans le m\u00eame camp, et il faut l&rsquo;affirmer en refusant de sceller dans la rue des alliances de fait, par opportunisme. Il s&rsquo;agit maintenant de porter nos propres revendications et perspectives d&rsquo;action dans le r\u00e9pertoire de classe du mouvement social : contre la politique anti-sociale du gouvernement, pour le progr\u00e8s social, par la construction d&rsquo;un mouvement de gr\u00e8ve dans l&rsquo;\u00c9ducation nationale et interprofessionnels \u00e0 partir de septembre. En cons\u00e9quence, SUD \u00e9ducation appelle les personnels de l&rsquo;\u00c9ducation nationale \u00e0 ne participer \u00e0 aucune mobilisation orchestr\u00e9e par l&rsquo;extr\u00eame-droite ou acquise \u00e0 ses id\u00e9es naus\u00e9abondes. F\u00e9d\u00e9ration SUD \u00c9ducationm 31 rue de la Grange aux Belles,75010 Parisn 01 58 39 30 12efede@sudeducation.orguwww.sudeducation.org<\/p>\n","protected":false},"excerpt":{"rendered":"<p>SUD A -T-IL PERDU LE NORD ?IntroductionSous ce titre \u00e9nigmatique et \u00e0 la fois si \u00e9vocateur, se d\u00e9voile une critique [&hellip;]<\/p>\n","protected":false},"author":1,"featured_media":4149,"comment_status":"open","ping_status":"open","sticky":false,"template":"","format":"standard","meta":{"sfsi_plus_gutenberg_text_before_share":"","sfsi_plus_gutenberg_show_text_before_share":"","sfsi_plus_gutenberg_icon_type":"","sfsi_plus_gutenberg_icon_alignemt":"","sfsi_plus_gutenburg_max_per_row":"","site-sidebar-layout":"default","site-content-layout":"","ast-site-content-layout":"default","site-content-style":"default","site-sidebar-style":"default","ast-global-header-display":"","ast-banner-title-visibility":"","ast-main-header-display":"","ast-hfb-above-header-display":"","ast-hfb-below-header-display":"","ast-hfb-mobile-header-display":"","site-post-title":"","ast-breadcrumbs-content":"","ast-featured-img":"","footer-sml-layout":"","ast-disable-related-posts":"","theme-transparent-header-meta":"","adv-header-id-meta":"","stick-header-meta":"","header-above-stick-meta":"","header-main-stick-meta":"","header-below-stick-meta":"","astra-migrate-meta-layouts":"default","ast-page-background-enabled":"default","ast-page-background-meta":{"desktop":{"background-color":"var(--ast-global-color-4)","background-image":"","background-repeat":"repeat","background-position":"center center","background-size":"auto","background-attachment":"scroll","background-type":"","background-media":"","overlay-type":"","overlay-color":"","overlay-opacity":"","overlay-gradient":""},"tablet":{"background-color":"","background-image":"","background-repeat":"repeat","background-position":"center center","background-size":"auto","background-attachment":"scroll","background-type":"","background-media":"","overlay-type":"","overlay-color":"","overlay-opacity":"","overlay-gradient":""},"mobile":{"background-color":"","background-image":"","background-repeat":"repeat","background-position":"center center","background-size":"auto","background-attachment":"scroll","background-type":"","background-media":"","overlay-type":"","overlay-color":"","overlay-opacity":"","overlay-gradient":""}},"ast-content-background-meta":{"desktop":{"background-color":"var(--ast-global-color-5)","background-image":"","background-repeat":"repeat","background-position":"center center","background-size":"auto","background-attachment":"scroll","background-type":"","background-media":"","overlay-type":"","overlay-color":"","overlay-opacity":"","overlay-gradient":""},"tablet":{"background-color":"var(--ast-global-color-5)","background-image":"","background-repeat":"repeat","background-position":"center center","background-size":"auto","background-attachment":"scroll","background-type":"","background-media":"","overlay-type":"","overlay-color":"","overlay-opacity":"","overlay-gradient":""},"mobile":{"background-color":"var(--ast-global-color-5)","background-image":"","background-repeat":"repeat","background-position":"center center","background-size":"auto","background-attachment":"scroll","background-type":"","background-media":"","overlay-type":"","overlay-color":"","overlay-opacity":"","overlay-gradient":""}},"footnotes":""},"categories":[16],"tags":[],"class_list":["post-565","post","type-post","status-publish","format-standard","has-post-thumbnail","hentry","category-archives-cms"],"_links":{"self":[{"href":"https:\/\/lavoiedessansvoix.fr\/lavoie\/wp-json\/wp\/v2\/posts\/565","targetHints":{"allow":["GET"]}}],"collection":[{"href":"https:\/\/lavoiedessansvoix.fr\/lavoie\/wp-json\/wp\/v2\/posts"}],"about":[{"href":"https:\/\/lavoiedessansvoix.fr\/lavoie\/wp-json\/wp\/v2\/types\/post"}],"author":[{"embeddable":true,"href":"https:\/\/lavoiedessansvoix.fr\/lavoie\/wp-json\/wp\/v2\/users\/1"}],"replies":[{"embeddable":true,"href":"https:\/\/lavoiedessansvoix.fr\/lavoie\/wp-json\/wp\/v2\/comments?post=565"}],"version-history":[{"count":1,"href":"https:\/\/lavoiedessansvoix.fr\/lavoie\/wp-json\/wp\/v2\/posts\/565\/revisions"}],"predecessor-version":[{"id":3149,"href":"https:\/\/lavoiedessansvoix.fr\/lavoie\/wp-json\/wp\/v2\/posts\/565\/revisions\/3149"}],"wp:featuredmedia":[{"embeddable":true,"href":"https:\/\/lavoiedessansvoix.fr\/lavoie\/wp-json\/wp\/v2\/media\/4149"}],"wp:attachment":[{"href":"https:\/\/lavoiedessansvoix.fr\/lavoie\/wp-json\/wp\/v2\/media?parent=565"}],"wp:term":[{"taxonomy":"category","embeddable":true,"href":"https:\/\/lavoiedessansvoix.fr\/lavoie\/wp-json\/wp\/v2\/categories?post=565"},{"taxonomy":"post_tag","embeddable":true,"href":"https:\/\/lavoiedessansvoix.fr\/lavoie\/wp-json\/wp\/v2\/tags?post=565"}],"curies":[{"name":"wp","href":"https:\/\/api.w.org\/{rel}","templated":true}]}}