{"id":564,"date":"2021-10-03T00:46:00","date_gmt":"2021-10-02T22:46:00","guid":{"rendered":"https:\/\/lavoiedessansvoix.fr\/lavoie\/2021\/10\/03\/archive-pourquoi-allons-nous-manifester-encore-aujourd-hui-et-probablement-dans-les-sema\/"},"modified":"2026-04-26T20:50:24","modified_gmt":"2026-04-26T18:50:24","slug":"archive-pourquoi-allons-nous-manifester-encore-aujourd-hui-et-probablement-dans-les-sema","status":"publish","type":"post","link":"https:\/\/lavoiedessansvoix.fr\/lavoie\/2021\/10\/03\/archive-pourquoi-allons-nous-manifester-encore-aujourd-hui-et-probablement-dans-les-sema\/","title":{"rendered":"POURQUOI ALLONS-NOUS MANIFESTER ENCORE AUJOURD\u2019HUI, ET PROBABLEMENT DANS LES SEMAINES A-VENIR ?"},"content":{"rendered":"<p>POURQUOI ALLONS-NOUS MANIFESTER ENCORE AUJOURD\u2019HUI, ET PROBABLEMENT DANS LES SEMAINES A-VENIR ? (Allocution \u00e0 la manifestation de Tours le samedi 2 octobre 2021.)Parce que depuis que nous manifestons, Contre : L\u2019Obligation vaccinale et le \u00ab passe (sanitaire) \u00bb, le gouvernement s\u2019est mur\u00e9 dans le refus d\u2019entendre et dans le d\u00e9ni et que nous devons lui \u00ab d\u00e9boucher les oreilles \u00bb et le rappeler aux r\u00e9alit\u00e9s.Nous ne sommes pas du b\u00e9tail Nos corps, notre sant\u00e9 n\u2019appartiennent pas \u00e0 un Etat totalitaire. Nous voulons en disposer selon notre libre arbitre qui est le fondement de toutes les libert\u00e9s. A ce jour, 24 000 europ\u00e9ens au moins sont morts des suites de ces injections l\u00e9tales. Or vous savez la r\u00e9tention de l\u2019information ; Vous savez qu\u2019en cons\u00e9quences ces chiffres pourtant d\u00e9j\u00e0 terribles sont largement sous-estim\u00e9s. Une lyc\u00e9enne, une adolescente de 17 ans, une toute jeune fille qui ne courait aucun risque de la part du \u00ab corona-virus \u00bb, est morte dans les Bouches du Rh\u00f4ne, le 21 septembre, 11 jours apr\u00e8s sa premi\u00e8re injection du poison Pfizer. Je pleure sur son martyre, J\u2019ai honte pour ses bourreaux.Nous manifesterons parce que foin d\u2019entendre les voix dissidentes ses \u00ab tyrans \u00bb ne songent qu\u2019\u00e0 les faire taire, multiplient les lois et les outils de censure ; derni\u00e8re en date la cr\u00e9ation d\u2019une \u00ab commission Ronner \u00bb cens\u00e9 lutter contre \u00ab le complotisme \u00bb c\u2019est-\u00e0-dire contre la v\u00e9rit\u00e9 d\u2019autrui.Voltaire disait : \u00ab je ne suis pas d\u2019accord avec vos id\u00e9es mais je me battrai pour que vous puissiez les d\u00e9fendre \u00bb. Honte \u00e0 ces fran\u00e7ais, honte \u00e0 ce r\u00e9gime qui se pr\u00e9tend d\u00e9mocratique, et qui au pays de Voltaire ne songe qu\u2019\u00e0 faire taire leurs contradicteurs. Nous manifestons encore, et nous manifesterons, parce que, foin d\u2019abroger le \u00ab passe (sanitaire), le gouvernement le proroge et qu\u2019il devient \u00e9vident que celui-ci, si l\u2019on n\u2019y prend garde sera p\u00e9rennis\u00e9, \u00ab Ad vitam \u00e6ternam \u00bbOr, nous ne voulons pas d\u2019un tel r\u00e9gime de \u00ab filage \u00bb permanent des individus. Les fran\u00e7ais ne veulent pas \u00eatre trait\u00e9 comme des \u00ab sujets \u00bb, comme des parias, comme des repris de justices assujettis \u00e0 un bracelet \u00e9lectronique. Il est exclu (hors de question) que nous acceptions de vivre dans l\u2019univers carc\u00e9ral que nous concoctent Macron et sa clique.Nous ne voulons pas d\u2019une dictatureNous ne voulons pas d\u2019un r\u00e9gime totalitaireNous ne voulons pas de cette barbarie !NON ! l\u2019heure n\u2019est vraiment pas au repli mes amis. Elle est au contraire au rebond et \u00e0 la contre-offensive aux manifestations, et pourquoi pas, \u00e0 d\u2019autres actions plus audibles encore. Ils ne veulent pas nous entendre ?C\u2019est promis, ils nous entendront quand m\u00eame.TOUJOURS DANS L\u2019UNIT\u00c9, PLUS NOMBREUX ET PLUS D\u00c9TERMINES NOUS PROMETTONS DE LUTTER JUSQU\u2019\u00c0 LA VICTOIRE POUR RECOUVRER NOS LIBERT\u00c9S ET NOTRE DIGNIT\u00c9.<\/p>\n","protected":false},"excerpt":{"rendered":"<p>POURQUOI ALLONS-NOUS MANIFESTER ENCORE AUJOURD\u2019HUI, ET PROBABLEMENT DANS LES SEMAINES A-VENIR ? (Allocution \u00e0 la manifestation de Tours le samedi [&hellip;]<\/p>\n","protected":false},"author":1,"featured_media":4148,"comment_status":"open","ping_status":"open","sticky":false,"template":"","format":"standard","meta":{"sfsi_plus_gutenberg_text_before_share":"","sfsi_plus_gutenberg_show_text_before_share":"","sfsi_plus_gutenberg_icon_type":"","sfsi_plus_gutenberg_icon_alignemt":"","sfsi_plus_gutenburg_max_per_row":"","site-sidebar-layout":"default","site-content-layout":"","ast-site-content-layout":"default","site-content-style":"default","site-sidebar-style":"default","ast-global-header-display":"","ast-banner-title-visibility":"","ast-main-header-display":"","ast-hfb-above-header-display":"","ast-hfb-below-header-display":"","ast-hfb-mobile-header-display":"","site-post-title":"","ast-breadcrumbs-content":"","ast-featured-img":"","footer-sml-layout":"","ast-disable-related-posts":"","theme-transparent-header-meta":"","adv-header-id-meta":"","stick-header-meta":"","header-above-stick-meta":"","header-main-stick-meta":"","header-below-stick-meta":"","astra-migrate-meta-layouts":"default","ast-page-background-enabled":"default","ast-page-background-meta":{"desktop":{"background-color":"var(--ast-global-color-4)","background-image":"","background-repeat":"repeat","background-position":"center center","background-size":"auto","background-attachment":"scroll","background-type":"","background-media":"","overlay-type":"","overlay-color":"","overlay-opacity":"","overlay-gradient":""},"tablet":{"background-color":"","background-image":"","background-repeat":"repeat","background-position":"center center","background-size":"auto","background-attachment":"scroll","background-type":"","background-media":"","overlay-type":"","overlay-color":"","overlay-opacity":"","overlay-gradient":""},"mobile":{"background-color":"","background-image":"","background-repeat":"repeat","background-position":"center center","background-size":"auto","background-attachment":"scroll","background-type":"","background-media":"","overlay-type":"","overlay-color":"","overlay-opacity":"","overlay-gradient":""}},"ast-content-background-meta":{"desktop":{"background-color":"var(--ast-global-color-5)","background-image":"","background-repeat":"repeat","background-position":"center center","background-size":"auto","background-attachment":"scroll","background-type":"","background-media":"","overlay-type":"","overlay-color":"","overlay-opacity":"","overlay-gradient":""},"tablet":{"background-color":"var(--ast-global-color-5)","background-image":"","background-repeat":"repeat","background-position":"center center","background-size":"auto","background-attachment":"scroll","background-type":"","background-media":"","overlay-type":"","overlay-color":"","overlay-opacity":"","overlay-gradient":""},"mobile":{"background-color":"var(--ast-global-color-5)","background-image":"","background-repeat":"repeat","background-position":"center center","background-size":"auto","background-attachment":"scroll","background-type":"","background-media":"","overlay-type":"","overlay-color":"","overlay-opacity":"","overlay-gradient":""}},"footnotes":""},"categories":[16],"tags":[],"class_list":["post-564","post","type-post","status-publish","format-standard","has-post-thumbnail","hentry","category-archives-cms"],"_links":{"self":[{"href":"https:\/\/lavoiedessansvoix.fr\/lavoie\/wp-json\/wp\/v2\/posts\/564","targetHints":{"allow":["GET"]}}],"collection":[{"href":"https:\/\/lavoiedessansvoix.fr\/lavoie\/wp-json\/wp\/v2\/posts"}],"about":[{"href":"https:\/\/lavoiedessansvoix.fr\/lavoie\/wp-json\/wp\/v2\/types\/post"}],"author":[{"embeddable":true,"href":"https:\/\/lavoiedessansvoix.fr\/lavoie\/wp-json\/wp\/v2\/users\/1"}],"replies":[{"embeddable":true,"href":"https:\/\/lavoiedessansvoix.fr\/lavoie\/wp-json\/wp\/v2\/comments?post=564"}],"version-history":[{"count":1,"href":"https:\/\/lavoiedessansvoix.fr\/lavoie\/wp-json\/wp\/v2\/posts\/564\/revisions"}],"predecessor-version":[{"id":3147,"href":"https:\/\/lavoiedessansvoix.fr\/lavoie\/wp-json\/wp\/v2\/posts\/564\/revisions\/3147"}],"wp:featuredmedia":[{"embeddable":true,"href":"https:\/\/lavoiedessansvoix.fr\/lavoie\/wp-json\/wp\/v2\/media\/4148"}],"wp:attachment":[{"href":"https:\/\/lavoiedessansvoix.fr\/lavoie\/wp-json\/wp\/v2\/media?parent=564"}],"wp:term":[{"taxonomy":"category","embeddable":true,"href":"https:\/\/lavoiedessansvoix.fr\/lavoie\/wp-json\/wp\/v2\/categories?post=564"},{"taxonomy":"post_tag","embeddable":true,"href":"https:\/\/lavoiedessansvoix.fr\/lavoie\/wp-json\/wp\/v2\/tags?post=564"}],"curies":[{"name":"wp","href":"https:\/\/api.w.org\/{rel}","templated":true}]}}