{"id":563,"date":"2021-10-09T00:36:00","date_gmt":"2021-10-08T22:36:00","guid":{"rendered":"https:\/\/lavoiedessansvoix.fr\/lavoie\/2021\/10\/09\/archive-contre-le-passe-sanitaire-et-l-obligation-vaccinale-nous-manifesterons-encore\/"},"modified":"2026-04-26T20:50:15","modified_gmt":"2026-04-26T18:50:15","slug":"archive-contre-le-passe-sanitaire-et-l-obligation-vaccinale-nous-manifesterons-encore","status":"publish","type":"post","link":"https:\/\/lavoiedessansvoix.fr\/lavoie\/2021\/10\/09\/archive-contre-le-passe-sanitaire-et-l-obligation-vaccinale-nous-manifesterons-encore\/","title":{"rendered":"Contre le \u00ab Passe (sanitaire) \u00bb et l\u2019obligation vaccinale NOUS MANIFESTERONS ENCORE"},"content":{"rendered":"<p>Contre le \u00ab Passe (sanitaire) \u00bb et l\u2019obligation vaccinaleNOUS MANIFESTERONS ENCORECe samedi 9 octobre.Nous manifesterons pour nous retrouver, nous conforter, nous faire voir et entendre, malgr\u00e9 le silence menteur des m\u00e9dias. Pour r\u00e9affirmer notre d\u00e9termination. Nous avons besoin de cela. La manifestation est la lave du mouvement, c\u2019est elle qui appelle les citoyens \u00e0 se regrouper, les partisans \u00e0 r\u00e9sister et les r\u00e9sistants \u00e0 combattre.Notre mobilisation ne finira que lorsque nous aurons recouvrer nos ch\u00e8res libert\u00e9s et notre dignit\u00e9.Il faut se mobiliser toujours plus fort et \u00e0 cette \u00e9tape cela signifie en premier lieu manifester plus nombreux encore, mais aussi s\u2019organiser, rejoindre par milliers les collectifs existants, en cr\u00e9er des milliers d\u2019autres, et f\u00e9d\u00e9rer tous ceux-l\u00e0 dans un vaste et unique mouvement citoyen de d\u00e9fense des libert\u00e9s.S\u2019ORGANISEREt organiser la solidarit\u00e9 avec les victimes de la dictature sanitaire les conforter dans leur refus, les aider \u00e0 r\u00e9sister.Tel est notre nouveau ordre du jourR.D.V. 14 heures place Jean Jaur\u00e8s \u00e0 Tours<\/p>\n","protected":false},"excerpt":{"rendered":"<p>Contre le \u00ab Passe (sanitaire) \u00bb et l\u2019obligation vaccinaleNOUS MANIFESTERONS ENCORECe samedi 9 octobre.Nous manifesterons pour nous retrouver, nous conforter, [&hellip;]<\/p>\n","protected":false},"author":1,"featured_media":4147,"comment_status":"open","ping_status":"open","sticky":false,"template":"","format":"standard","meta":{"sfsi_plus_gutenberg_text_before_share":"","sfsi_plus_gutenberg_show_text_before_share":"","sfsi_plus_gutenberg_icon_type":"","sfsi_plus_gutenberg_icon_alignemt":"","sfsi_plus_gutenburg_max_per_row":"","site-sidebar-layout":"default","site-content-layout":"","ast-site-content-layout":"default","site-content-style":"default","site-sidebar-style":"default","ast-global-header-display":"","ast-banner-title-visibility":"","ast-main-header-display":"","ast-hfb-above-header-display":"","ast-hfb-below-header-display":"","ast-hfb-mobile-header-display":"","site-post-title":"","ast-breadcrumbs-content":"","ast-featured-img":"","footer-sml-layout":"","ast-disable-related-posts":"","theme-transparent-header-meta":"","adv-header-id-meta":"","stick-header-meta":"","header-above-stick-meta":"","header-main-stick-meta":"","header-below-stick-meta":"","astra-migrate-meta-layouts":"default","ast-page-background-enabled":"default","ast-page-background-meta":{"desktop":{"background-color":"var(--ast-global-color-4)","background-image":"","background-repeat":"repeat","background-position":"center center","background-size":"auto","background-attachment":"scroll","background-type":"","background-media":"","overlay-type":"","overlay-color":"","overlay-opacity":"","overlay-gradient":""},"tablet":{"background-color":"","background-image":"","background-repeat":"repeat","background-position":"center center","background-size":"auto","background-attachment":"scroll","background-type":"","background-media":"","overlay-type":"","overlay-color":"","overlay-opacity":"","overlay-gradient":""},"mobile":{"background-color":"","background-image":"","background-repeat":"repeat","background-position":"center center","background-size":"auto","background-attachment":"scroll","background-type":"","background-media":"","overlay-type":"","overlay-color":"","overlay-opacity":"","overlay-gradient":""}},"ast-content-background-meta":{"desktop":{"background-color":"var(--ast-global-color-5)","background-image":"","background-repeat":"repeat","background-position":"center center","background-size":"auto","background-attachment":"scroll","background-type":"","background-media":"","overlay-type":"","overlay-color":"","overlay-opacity":"","overlay-gradient":""},"tablet":{"background-color":"var(--ast-global-color-5)","background-image":"","background-repeat":"repeat","background-position":"center center","background-size":"auto","background-attachment":"scroll","background-type":"","background-media":"","overlay-type":"","overlay-color":"","overlay-opacity":"","overlay-gradient":""},"mobile":{"background-color":"var(--ast-global-color-5)","background-image":"","background-repeat":"repeat","background-position":"center center","background-size":"auto","background-attachment":"scroll","background-type":"","background-media":"","overlay-type":"","overlay-color":"","overlay-opacity":"","overlay-gradient":""}},"footnotes":""},"categories":[16],"tags":[],"class_list":["post-563","post","type-post","status-publish","format-standard","has-post-thumbnail","hentry","category-archives-cms"],"_links":{"self":[{"href":"https:\/\/lavoiedessansvoix.fr\/lavoie\/wp-json\/wp\/v2\/posts\/563","targetHints":{"allow":["GET"]}}],"collection":[{"href":"https:\/\/lavoiedessansvoix.fr\/lavoie\/wp-json\/wp\/v2\/posts"}],"about":[{"href":"https:\/\/lavoiedessansvoix.fr\/lavoie\/wp-json\/wp\/v2\/types\/post"}],"author":[{"embeddable":true,"href":"https:\/\/lavoiedessansvoix.fr\/lavoie\/wp-json\/wp\/v2\/users\/1"}],"replies":[{"embeddable":true,"href":"https:\/\/lavoiedessansvoix.fr\/lavoie\/wp-json\/wp\/v2\/comments?post=563"}],"version-history":[{"count":1,"href":"https:\/\/lavoiedessansvoix.fr\/lavoie\/wp-json\/wp\/v2\/posts\/563\/revisions"}],"predecessor-version":[{"id":3145,"href":"https:\/\/lavoiedessansvoix.fr\/lavoie\/wp-json\/wp\/v2\/posts\/563\/revisions\/3145"}],"wp:featuredmedia":[{"embeddable":true,"href":"https:\/\/lavoiedessansvoix.fr\/lavoie\/wp-json\/wp\/v2\/media\/4147"}],"wp:attachment":[{"href":"https:\/\/lavoiedessansvoix.fr\/lavoie\/wp-json\/wp\/v2\/media?parent=563"}],"wp:term":[{"taxonomy":"category","embeddable":true,"href":"https:\/\/lavoiedessansvoix.fr\/lavoie\/wp-json\/wp\/v2\/categories?post=563"},{"taxonomy":"post_tag","embeddable":true,"href":"https:\/\/lavoiedessansvoix.fr\/lavoie\/wp-json\/wp\/v2\/tags?post=563"}],"curies":[{"name":"wp","href":"https:\/\/api.w.org\/{rel}","templated":true}]}}