{"id":562,"date":"2021-10-09T16:33:00","date_gmt":"2021-10-09T14:33:00","guid":{"rendered":"https:\/\/lavoiedessansvoix.fr\/lavoie\/2021\/10\/09\/archive-s-organiser-c-est-le-nouvel-ordre-du-jour\/"},"modified":"2026-04-26T20:50:04","modified_gmt":"2026-04-26T18:50:04","slug":"archive-s-organiser-c-est-le-nouvel-ordre-du-jour","status":"publish","type":"post","link":"https:\/\/lavoiedessansvoix.fr\/lavoie\/2021\/10\/09\/archive-s-organiser-c-est-le-nouvel-ordre-du-jour\/","title":{"rendered":"S\u2019ORGANISER C\u2019est le nouvel ordre du jour"},"content":{"rendered":"<p>S\u2019ORGANISERC\u2019est le nouvel ordre du jourNous avons manifest\u00e9 encore ce samedi 9 octobre. Nous avons manifest\u00e9 pour nous retrouver, nous conforter, nous faire voir et nous faire entendre, malgr\u00e9 le silence menteur des m\u00e9dias. Pour r\u00e9affirmer notre d\u00e9termination. Nous avons besoin de cela. La manifestation est la lave du mouvement, c\u2019est elle qui appelle les citoyens \u00e0 se regrouper, les partisans \u00e0 r\u00e9sister et les r\u00e9sistants \u00e0 combattre.Certes le gouvernement fait la sourde oreille. Pr\u00e9tend par cette m\u00e9thode d\u00e9montrer l\u2019inutilit\u00e9 de notre mobilisation et attendre que la vague de notre col\u00e8re se perde dans les sables de son d\u00e9dain.C\u2019est un mauvais calcul.Notre indignation n\u2019a d\u2019\u00e9gale que notre courroux. Il ne s\u2019agit pas l\u00e0 d\u2019une ire momentan\u00e9e. Elle a des causes et des justifications profondes et p\u00e9rennes. Elle ne finira que lorsque nous aurons recouvrer nos ch\u00e8res libert\u00e9s et notre dignit\u00e9.Ce gouvernement a d\u00e9cid\u00e9 d\u2019imposer \u00e0 notre soci\u00e9t\u00e9 un r\u00e9gime totalitaire et dictatorial. Pas d\u2019illusions, je vous prie ! Pourquoi voudriez-vous que tout \u00e0 coup sensible \u00e0 nos plaintes dont il se contrefout depuis si longtemps, celui-ci change de ligne ? Il ne s\u2019arr\u00eatera pas \u00e0 mi-chemin, Ce gouvernement n\u2019est ni \u00e0 attendrir ni \u00e0 convaincre, il est \u00e0 vaincre et \u00e0 abattre.Il faut se mobiliser plus fort encore et \u00e0 cette \u00e9tape cela signifie en premier lieu s\u2019organiser, rejoindre par milliers les collectifs existants, en cr\u00e9er des milliers d\u2019autres, et f\u00e9d\u00e9rer tous ceux-l\u00e0 dans un vaste et unique mouvement citoyen de d\u00e9fense des libert\u00e9s. Certes, direz-vous, des gens par milliers, par dizaines de milliers, souffrent au pr\u00e9sent des exactions et des crimes de ces tyrans. Des milliers de soignants, de pompiers, de militaires, sont suspendus de leur emploi, sans salaire, sans moyens de subsistance. Fut-elle certaine, ils ne peuvent attendre, plusieurs mois ou quelques ann\u00e9es la victoire du peuple sur les tyrans. Il faut les secourir imm\u00e9diatement. Il faut les conforter dans leur refus, il faut les aider \u00e0 r\u00e9sister. Non, cette solidarit\u00e9-l\u00e0 ne sera pas un acte passif, elle sera au contraire le premier acte de notre contre-offensive. Le socle fondateur de notre r\u00e9sistance.Certes, nous-m\u00eames, nous tous, impact\u00e9s par les mesures liberticides, qui ne pouvons plus acc\u00e9der librement \u00e0 la plupart des lieux et service vitaux, nous les \u00ab cagots \u00bb des temps modernes, avons besoin de nous organiser pour cr\u00e9er les circuits parall\u00e8les n\u00e9cessaires \u00e0 notre subsistance qui est la condition premi\u00e8re et indispensable de notre r\u00e9sistance.Pour autant, nous n\u2019allons pas \u00ab ad vitam aeternam \u00bb vivre en marge de la soci\u00e9t\u00e9. Nous n\u2019allons pas nous terrer dans des trous comme des lapins. Nous n\u2019allons pas nous \u00ab mormoniser \u00bb ?Dans nos trous ou dans nos r\u00e9serves nous ne serions d\u2019ailleurs pas prot\u00e9g\u00e9s pour autant. A la fin ils l\u00e2cheraient des furets pour nous d\u00e9loger de nos terriers o\u00f9 ils viendraient nous y gazer. Non nous ne devons pas nous r\u00e9fugier aux limbes de la soci\u00e9t\u00e9. C\u2019est la soci\u00e9t\u00e9 qu\u2019ils nous imposent qui est malade, malsaine et totalement inacceptable. Inacceptable, non pour nous seuls, mais pour tous les citoyens du monde. Nous ne sommes que les premiers bataillons \u00e9veill\u00e9s d\u2019un grand peuple qui d\u00e9ferlera bient\u00f4t comme un tsunami sur l\u2019horrible soci\u00e9t\u00e9 qu\u2019ils nous ont concoct\u00e9e. Ce n\u2019est pas \u00e0 nous de nous cacher, c\u2019est \u00e0 cette soci\u00e9t\u00e9-l\u00e0 de disparaitre. Nous en ferons une autre fond\u00e9e sur le travail l\u2019entr\u2019aide et la fraternit\u00e9.C\u2019est pour cela aussi, et surtout, que nous devons nous organiser. C\u2019est pour cela que notre nouvel ordre du jour est : S\u2019ORGANISER ! S\u2019organiser pour abattre ce r\u00e9gime dictatorial et chasser le dictateur, S\u2019organiser pour \u00e9laborer ensemble les r\u00e8gles et les structures d\u2019une nouvelle soci\u00e9t\u00e9 vraiment humaine.Patrick Seignon. \u00ab lavoiedessansvoix.fr \u00bb Samedi 9 octobre 2021.<\/p>\n","protected":false},"excerpt":{"rendered":"<p>S\u2019ORGANISERC\u2019est le nouvel ordre du jourNous avons manifest\u00e9 encore ce samedi 9 octobre. Nous avons manifest\u00e9 pour nous retrouver, nous [&hellip;]<\/p>\n","protected":false},"author":1,"featured_media":4146,"comment_status":"open","ping_status":"open","sticky":false,"template":"","format":"standard","meta":{"sfsi_plus_gutenberg_text_before_share":"","sfsi_plus_gutenberg_show_text_before_share":"","sfsi_plus_gutenberg_icon_type":"","sfsi_plus_gutenberg_icon_alignemt":"","sfsi_plus_gutenburg_max_per_row":"","site-sidebar-layout":"default","site-content-layout":"","ast-site-content-layout":"default","site-content-style":"default","site-sidebar-style":"default","ast-global-header-display":"","ast-banner-title-visibility":"","ast-main-header-display":"","ast-hfb-above-header-display":"","ast-hfb-below-header-display":"","ast-hfb-mobile-header-display":"","site-post-title":"","ast-breadcrumbs-content":"","ast-featured-img":"","footer-sml-layout":"","ast-disable-related-posts":"","theme-transparent-header-meta":"","adv-header-id-meta":"","stick-header-meta":"","header-above-stick-meta":"","header-main-stick-meta":"","header-below-stick-meta":"","astra-migrate-meta-layouts":"default","ast-page-background-enabled":"default","ast-page-background-meta":{"desktop":{"background-color":"var(--ast-global-color-4)","background-image":"","background-repeat":"repeat","background-position":"center center","background-size":"auto","background-attachment":"scroll","background-type":"","background-media":"","overlay-type":"","overlay-color":"","overlay-opacity":"","overlay-gradient":""},"tablet":{"background-color":"","background-image":"","background-repeat":"repeat","background-position":"center center","background-size":"auto","background-attachment":"scroll","background-type":"","background-media":"","overlay-type":"","overlay-color":"","overlay-opacity":"","overlay-gradient":""},"mobile":{"background-color":"","background-image":"","background-repeat":"repeat","background-position":"center center","background-size":"auto","background-attachment":"scroll","background-type":"","background-media":"","overlay-type":"","overlay-color":"","overlay-opacity":"","overlay-gradient":""}},"ast-content-background-meta":{"desktop":{"background-color":"var(--ast-global-color-5)","background-image":"","background-repeat":"repeat","background-position":"center center","background-size":"auto","background-attachment":"scroll","background-type":"","background-media":"","overlay-type":"","overlay-color":"","overlay-opacity":"","overlay-gradient":""},"tablet":{"background-color":"var(--ast-global-color-5)","background-image":"","background-repeat":"repeat","background-position":"center center","background-size":"auto","background-attachment":"scroll","background-type":"","background-media":"","overlay-type":"","overlay-color":"","overlay-opacity":"","overlay-gradient":""},"mobile":{"background-color":"var(--ast-global-color-5)","background-image":"","background-repeat":"repeat","background-position":"center center","background-size":"auto","background-attachment":"scroll","background-type":"","background-media":"","overlay-type":"","overlay-color":"","overlay-opacity":"","overlay-gradient":""}},"footnotes":""},"categories":[16],"tags":[],"class_list":["post-562","post","type-post","status-publish","format-standard","has-post-thumbnail","hentry","category-archives-cms"],"_links":{"self":[{"href":"https:\/\/lavoiedessansvoix.fr\/lavoie\/wp-json\/wp\/v2\/posts\/562","targetHints":{"allow":["GET"]}}],"collection":[{"href":"https:\/\/lavoiedessansvoix.fr\/lavoie\/wp-json\/wp\/v2\/posts"}],"about":[{"href":"https:\/\/lavoiedessansvoix.fr\/lavoie\/wp-json\/wp\/v2\/types\/post"}],"author":[{"embeddable":true,"href":"https:\/\/lavoiedessansvoix.fr\/lavoie\/wp-json\/wp\/v2\/users\/1"}],"replies":[{"embeddable":true,"href":"https:\/\/lavoiedessansvoix.fr\/lavoie\/wp-json\/wp\/v2\/comments?post=562"}],"version-history":[{"count":1,"href":"https:\/\/lavoiedessansvoix.fr\/lavoie\/wp-json\/wp\/v2\/posts\/562\/revisions"}],"predecessor-version":[{"id":3143,"href":"https:\/\/lavoiedessansvoix.fr\/lavoie\/wp-json\/wp\/v2\/posts\/562\/revisions\/3143"}],"wp:featuredmedia":[{"embeddable":true,"href":"https:\/\/lavoiedessansvoix.fr\/lavoie\/wp-json\/wp\/v2\/media\/4146"}],"wp:attachment":[{"href":"https:\/\/lavoiedessansvoix.fr\/lavoie\/wp-json\/wp\/v2\/media?parent=562"}],"wp:term":[{"taxonomy":"category","embeddable":true,"href":"https:\/\/lavoiedessansvoix.fr\/lavoie\/wp-json\/wp\/v2\/categories?post=562"},{"taxonomy":"post_tag","embeddable":true,"href":"https:\/\/lavoiedessansvoix.fr\/lavoie\/wp-json\/wp\/v2\/tags?post=562"}],"curies":[{"name":"wp","href":"https:\/\/api.w.org\/{rel}","templated":true}]}}