{"id":560,"date":"2021-10-18T03:51:00","date_gmt":"2021-10-18T01:51:00","guid":{"rendered":"https:\/\/lavoiedessansvoix.fr\/lavoie\/2021\/10\/18\/archive-temoignage-de-betty\/"},"modified":"2026-04-26T20:49:47","modified_gmt":"2026-04-26T18:49:47","slug":"archive-temoignage-de-betty","status":"publish","type":"post","link":"https:\/\/lavoiedessansvoix.fr\/lavoie\/2021\/10\/18\/archive-temoignage-de-betty\/","title":{"rendered":"T\u00c9MOIGNAGE DE BETTY"},"content":{"rendered":"<p>T\u00c9MOIGNAGE DE BETTY(Infirmi\u00e8re dipl\u00f4m\u00e9e d\u2019\u00c9tat. Suspendue)C&rsquo;est lors de la manifestation du samedi 9 octobre \u00e0 Tours, que \u00ab\u00a0Betty\u00a0\u00bb, que je connais depuis plus de trois ans, une infirmi\u00e8re dipl\u00f4m\u00e9e et m\u00e8re de famille, a pris la parole pour t\u00e9moigner en public. Ce fut un moment poignant. l&rsquo;\u00e9motion la subjugua m\u00eame un moment, et ses auditeurs aussi.Lisez ceci. Si votre c\u0153ur ne se serre pas c&rsquo;est que vous avez perdu vos rep\u00e8res humains.P.S. (18\/10\/2021)BETTY : BONJOUR A TOUS !Je me souviens de mon 1er jour, O\u00f9, fi\u00e8re d\u2019\u00eatre tout de blanc v\u00eatue, j\u2019ai franchi ma premi\u00e8re porte \u2026C\u2019\u00e9tait il y a 20 ans.Ce jour l\u00e0, je pensais \u00e0 mes feu-arri\u00e8res grands parents : mon arri\u00e8re grand p\u00e8re, un poilu, infirmier dans les tranch\u00e9es, et mon arri\u00e8re grand-m\u00e8re, \u00ab bonne femme \u00bb (sage femme).Dans mes pens\u00e9es, ce jour l\u00e0, je leur disais : \u00ab voil\u00e0, je prends la rel\u00e8ve ! \u00bb(Tout comme mon fils, 25 ans qui a choisi de continuer dans cette voie, soignant lui aussi.)Cela doit \u00eatre dans nos g\u00eanes ! \uf60aTout au long de ma carri\u00e8re, j\u2019ai exerc\u00e9 ma profession avec des \u00e9quipes pluridisciplinaires extraordinaires.Ensemble, nous avons d\u00e9velopp\u00e9 des comp\u00e9tences d\u2019adaptation exceptionnelles.Ensemble, nous avons eu l\u2019occasion de vivre de vives \u00e9motions : des naissances, des d\u00e9c\u00e8s,des greffes,\u00e0 l\u2019Ile de la R\u00e9union en 2005\/2006, ENSEMBLE, nous avons surmont\u00e9 l\u2019\u00e9pid\u00e9mie de Chikungunya,Ensemble nous avons soign\u00e9 :des maladies ou traumas de toute sorte, des BMR (Bact\u00e9ries Multi-R\u00e9sistantes) etc\u2026 etc\u2026Ensemble :Nous avons pans\u00e9 des plaies, (physiques ou morales)Nous avons accompagn\u00e9 nos semblables sur TOUS leurs maux, Par une main pos\u00e9e, un regard, un silence, qui signifiait : \u00ab je suis l\u00e0\u2026 \u00bb !\u00ab je vous accompagne\u2026 \u00bbEnsemble :Nous avons mis tout notre potentiel d\u2019\u00e9coute pour nos patients, leurs familles,Nous avons adapt\u00e9 le ton de notre voix \u00e0 chacune des situations, aupr\u00e8s de chacun Afin d\u2019optimiser notre relation d\u2019aide.Ensemble Nous avons chang\u00e9 nos plannings au pied lev\u00e9, pour les besoins du service ?Pour les besoins des ETABLISSEMENTS de sant\u00e9, Et toujours DANS L INTERET DE NOS PATIENTS ;TOUS :Nous n\u2019avons pas attendu une crise sanitaire pour :\u00ab savoir \u00eatre \u00bbNous n\u2019avons pas attendu une crise sanitaire pour :\u00ab savoir faire \u00bb\u2026Nous n\u2019avons pas attendu une crise sanitaire pour :Appliquer des mesures ou protocoles s\u00e9curitaires, Puisque c\u2019est la base de notre profession !En revanche, cette crise sanitaire nous a fait perdre nombreuses de nos valeurs :O\u00f9 est notre d\u00e9ontologie ?O\u00f9 est notre secret m\u00e9dical ?O\u00f9 est notre consentement libre et \u00e9clair\u00e9 ?O\u00f9 est le respect aux droits du patient ? \u00e0 ses croyances, \u00e0 sa singularit\u00e9 ?Et au niveau du droit international, o\u00f9 est la NON DISCRIMINATION ?38 mois d\u2019etudes en Institut de Formation en soins infirmiers !Pendant plus de 3 ans, On a eu le temps d\u2019apprendre beaucoup de choses !A 35 heures par semaine, (cours + stages), contr\u00f4les continus, Mises en situation professionnelles avec 2 cadres notant chaque d\u00e9tail, nous \u00e9liminant \u00e0 chaque petite faute d\u2019hygi\u00e8ne.Oui l\u2019\u00e9cole d\u2019inf est tr\u00e8s dure,Et oui, nous \u00e9tions pr\u00eats \u00e0 affronter n\u2019importe quel virus, Parce que nous sommes form\u00e9s \u00e0 s\u2019adapter et \u00e0 appliquer PROTOCOLES SUR PROTOCOLES,MESURES D HYGIENEMESURES BARRIERE D\u2019ailleurs, c\u2019est EXACTEMENT ce que nous avons fait, d\u00e8s mars 2020,Avec les moyens du bord !En mars 2020, j\u2019ai vu tous mes coll\u00e8gues s\u2019organiser, Se rendre disponibles, volontaires, ne comptant pas ses heures,Au travail, devenir silencieux, pour rester concentr\u00e9s sur chaque geste, et pouvoir garder toute leur \u00e9nergie au service de nos patients,Oui, j\u2019ai vu mes coll\u00e8gues ralentir leurs gestes pour redoubler de vigilance,Nous avons fait 3 fois plus de m\u00e9nage qu\u2019avant, une obsession de l\u2019hygi\u00e8ne nous envahissait,Nous ne voulions pas \u00eatre responsable d\u2019une chaine contaminante par le manuport\u00e9.Au Travail, Dans nos \u00e9tablissements de sant\u00e9, comme \u00e0 la maison :S\u2019isolant de leur famille pour ne pas risquer de le ramener \u00e0 la maison,Moi-m\u00eame, j\u2019ai laiss\u00e9 mon dernier fils de 14 ans chez son p\u00e8re pendant le 1er mois, Pour ne pas risquer quoi que ce soit.Pendant le 1er confinement, il n\u2019y avait personne sur les routes quand nous partions au travail,Personne dans les rues encore \u00e0 notre retour.Tout \u00e9tait calme.En rentrant, beaucoup ont fait un SAS de d\u00e9shabillage dans l\u2019entr\u00e9e,Mettant nos v\u00eatements directement en machine \u00e0 laver \u00e0 60 \u00b0C, Et ceci pendant plusieurs mois !Nous avons tout donn\u00e9 de nos personnes, de notre temps, Tous, nous sommes fatigu\u00e9s.Alors quand cette obligation d\u2019\u00eatre vax pour avoir le droit de continuer \u00e0 travailler nous est tomb\u00e9e dessus, telle un couper\u00eat nous gla\u00e7ant,alors que nous cotoyons quotidiennement de NOMBREUX virus, de maladies, et que nous sommes conscients que nous devons garder tout le temps un syst\u00e8me immunitaire au top, nous n\u2019avons pas compris.Pour ma part, Je n\u2019ai pas compris non plus le refus cat\u00e9gorique de la m\u00e9decine du travail de ne pas me recevoir : POURQUOI ? alors que mon m\u00e9decin lui-m\u00eame ainsi que mon employeur l\u2019ont r\u00e9clam\u00e9.Oui, cela rel\u00e8ve de notre m\u00e9decine du travail de dire si on est apte ou inapte ? Pas \u00e0 nos employeurs !Je ne comprends rien \u00e0 tout cela\u2026 et malheureusement, \u00e0 ce jour, je n\u2019ai rencontr\u00e9 personne qui puisse le comprendre aussi.J\u2019ai rencontr\u00e9 de nombreux soignants suspendus ou en AM, ou encore d\u00e9missionnaires de leur poste ! \u00e0 l\u2019unanimit\u00e9 il en ressort une tr\u00e8s grande souffrance :Parce que oui : cette pression et cette culpabilit\u00e9 que l\u2019on veut nous faire porter est insupportable, inhumaine.Parce que comment peut-on comprendre que la France \u00ab vire \u00bb ses soignants et embauche \u00e0 la place des vigils partout : Comment peut on accepter que la France vire des :-\tPompiers-\tM\u00e9decins sp\u00e9cialis\u00e9s-\tM\u00e9decins g\u00e9n\u00e9ralistes-\tKin\u00e9s-\tSage femmes-\tPu\u00e9ricultrices-\tInfirmiers-\tAide soignants-\tASH-\tSecr\u00e9taires m\u00e9dicales-\tTechniciens-\tAide m\u00e9dico psychologique-\tEducateurs-\tLaborantin-\tOphtalmo-\topticiensPardonnez moi si j\u2019en oublie\u2026Et on nous accuse, nous, d\u2019\u00eatre des personnes irresponsables ?Un monde \u00e0 l\u2019envers, et ce monde-l\u00e0, non,Personnellement je n\u2019en veux pas !J\u2019esp\u00e8re un jour pouvoir dig\u00e9rer ce que la France fait \u00e0 tous ces professionnels de sant\u00e9.J\u2019esp\u00e8re un jour pouvoir me dire que ce n\u2019\u00e9tait qu\u2019un cauchemar, et que je me r\u00e9veille et vois un monde meilleur.MERCI A TOUS POUR VOTRE ECOUTEBetty, infirmi\u00e8re dipl\u00f4m\u00e9e d\u2019Etat<\/p>\n","protected":false},"excerpt":{"rendered":"<p>T\u00c9MOIGNAGE DE BETTY(Infirmi\u00e8re dipl\u00f4m\u00e9e d\u2019\u00c9tat. Suspendue)C&rsquo;est lors de la manifestation du samedi 9 octobre \u00e0 Tours, que \u00ab\u00a0Betty\u00a0\u00bb, que je [&hellip;]<\/p>\n","protected":false},"author":1,"featured_media":4143,"comment_status":"open","ping_status":"open","sticky":false,"template":"","format":"standard","meta":{"sfsi_plus_gutenberg_text_before_share":"","sfsi_plus_gutenberg_show_text_before_share":"","sfsi_plus_gutenberg_icon_type":"","sfsi_plus_gutenberg_icon_alignemt":"","sfsi_plus_gutenburg_max_per_row":"","site-sidebar-layout":"default","site-content-layout":"","ast-site-content-layout":"default","site-content-style":"default","site-sidebar-style":"default","ast-global-header-display":"","ast-banner-title-visibility":"","ast-main-header-display":"","ast-hfb-above-header-display":"","ast-hfb-below-header-display":"","ast-hfb-mobile-header-display":"","site-post-title":"","ast-breadcrumbs-content":"","ast-featured-img":"","footer-sml-layout":"","ast-disable-related-posts":"","theme-transparent-header-meta":"","adv-header-id-meta":"","stick-header-meta":"","header-above-stick-meta":"","header-main-stick-meta":"","header-below-stick-meta":"","astra-migrate-meta-layouts":"default","ast-page-background-enabled":"default","ast-page-background-meta":{"desktop":{"background-color":"var(--ast-global-color-4)","background-image":"","background-repeat":"repeat","background-position":"center center","background-size":"auto","background-attachment":"scroll","background-type":"","background-media":"","overlay-type":"","overlay-color":"","overlay-opacity":"","overlay-gradient":""},"tablet":{"background-color":"","background-image":"","background-repeat":"repeat","background-position":"center center","background-size":"auto","background-attachment":"scroll","background-type":"","background-media":"","overlay-type":"","overlay-color":"","overlay-opacity":"","overlay-gradient":""},"mobile":{"background-color":"","background-image":"","background-repeat":"repeat","background-position":"center center","background-size":"auto","background-attachment":"scroll","background-type":"","background-media":"","overlay-type":"","overlay-color":"","overlay-opacity":"","overlay-gradient":""}},"ast-content-background-meta":{"desktop":{"background-color":"var(--ast-global-color-5)","background-image":"","background-repeat":"repeat","background-position":"center center","background-size":"auto","background-attachment":"scroll","background-type":"","background-media":"","overlay-type":"","overlay-color":"","overlay-opacity":"","overlay-gradient":""},"tablet":{"background-color":"var(--ast-global-color-5)","background-image":"","background-repeat":"repeat","background-position":"center center","background-size":"auto","background-attachment":"scroll","background-type":"","background-media":"","overlay-type":"","overlay-color":"","overlay-opacity":"","overlay-gradient":""},"mobile":{"background-color":"var(--ast-global-color-5)","background-image":"","background-repeat":"repeat","background-position":"center center","background-size":"auto","background-attachment":"scroll","background-type":"","background-media":"","overlay-type":"","overlay-color":"","overlay-opacity":"","overlay-gradient":""}},"footnotes":""},"categories":[16],"tags":[],"class_list":["post-560","post","type-post","status-publish","format-standard","has-post-thumbnail","hentry","category-archives-cms"],"_links":{"self":[{"href":"https:\/\/lavoiedessansvoix.fr\/lavoie\/wp-json\/wp\/v2\/posts\/560","targetHints":{"allow":["GET"]}}],"collection":[{"href":"https:\/\/lavoiedessansvoix.fr\/lavoie\/wp-json\/wp\/v2\/posts"}],"about":[{"href":"https:\/\/lavoiedessansvoix.fr\/lavoie\/wp-json\/wp\/v2\/types\/post"}],"author":[{"embeddable":true,"href":"https:\/\/lavoiedessansvoix.fr\/lavoie\/wp-json\/wp\/v2\/users\/1"}],"replies":[{"embeddable":true,"href":"https:\/\/lavoiedessansvoix.fr\/lavoie\/wp-json\/wp\/v2\/comments?post=560"}],"version-history":[{"count":2,"href":"https:\/\/lavoiedessansvoix.fr\/lavoie\/wp-json\/wp\/v2\/posts\/560\/revisions"}],"predecessor-version":[{"id":4144,"href":"https:\/\/lavoiedessansvoix.fr\/lavoie\/wp-json\/wp\/v2\/posts\/560\/revisions\/4144"}],"wp:featuredmedia":[{"embeddable":true,"href":"https:\/\/lavoiedessansvoix.fr\/lavoie\/wp-json\/wp\/v2\/media\/4143"}],"wp:attachment":[{"href":"https:\/\/lavoiedessansvoix.fr\/lavoie\/wp-json\/wp\/v2\/media?parent=560"}],"wp:term":[{"taxonomy":"category","embeddable":true,"href":"https:\/\/lavoiedessansvoix.fr\/lavoie\/wp-json\/wp\/v2\/categories?post=560"},{"taxonomy":"post_tag","embeddable":true,"href":"https:\/\/lavoiedessansvoix.fr\/lavoie\/wp-json\/wp\/v2\/tags?post=560"}],"curies":[{"name":"wp","href":"https:\/\/api.w.org\/{rel}","templated":true}]}}