{"id":559,"date":"2021-10-23T14:00:00","date_gmt":"2021-10-23T12:00:00","guid":{"rendered":"https:\/\/lavoiedessansvoix.fr\/lavoie\/2021\/10\/23\/archive-allocution-manifestation-du-23-ocyobre-a-tours\/"},"modified":"2026-04-26T20:49:38","modified_gmt":"2026-04-26T18:49:38","slug":"archive-allocution-manifestation-du-23-ocyobre-a-tours","status":"publish","type":"post","link":"https:\/\/lavoiedessansvoix.fr\/lavoie\/2021\/10\/23\/archive-allocution-manifestation-du-23-ocyobre-a-tours\/","title":{"rendered":"Allocution. Manifestation du 23 ocyobre \u00e0 Tours."},"content":{"rendered":"<p>ALLOCUTION A LA MANIFESTATION DU 23 OCTOBRE A TOURSDepuis le 17 juillet la manifestation \u00e0 Tours est unique, unitaire, et solidaire. Apolitique et a-syndicale elle est un lieu d\u2019expression de tous les citoyens qui d\u00e9fendent les libert\u00e9s. Les libert\u00e9s ne sont la propri\u00e9t\u00e9 de personne en particulier, ni de droite ni de gauche. Elles sont le bien commun de tous les citoyens et tous sont l\u00e9gitimes \u00e0 les d\u00e9fendre. Tel est le message des manifestants de Tours \u00e0 toute la France, \u00e0 tout le peuple de France, \u00e0 toutes les m\u00e9tropoles fran\u00e7aises Apolitique et a-syndicale, cela ne veut nullement dire que les citoyens militants politiques ou syndicalistes ne sont pas bien venus dans les manifestations. Au contraire ! nous les y invitons tous car ces manifestations sont celles de tout le peuple.Des militants politiques et syndicaux il y en a d\u00e9j\u00e0 bien s\u00fbr de nombreux parmi nous. D\u2019autres h\u00e9sitent \u00e0 nous rejoindre. Nous les invitons \u00e0 le faire, car notre combat, nous le r\u00e9p\u00e9tons, est celui de tout le peuple.Apolitique, et a-syndical, cela ne signifie pas non plus qu\u2019en entrant dans la manifestation l\u2019on doive renoncer \u00e0 sa personnalit\u00e9, \u00e0 ses opinions ni \u00e0 ses engagements particuliers. Cela veut dire simplement que l\u2019on se coagule, un moment de l\u2019Histoire au moins, dans un effort populaire prom\u00e9th\u00e9en, pour se d\u00e9barrasser ensemble d\u2019un pouvoir honni.Depuis l\u2019origine, nous avons d\u00e9fendu jalousement le caract\u00e8re UNITAIRE de notre manifestation. La manifestation de tous les citoyens rassembl\u00e9s, sans distinctions, ni politiques, ni philosophiques ni religieuses, contre le \u00ab passe-(sanitaire), pour la libert\u00e9 vaccinale, pour la d\u00e9fense des libert\u00e9s fondamentales : individuelles, collectives et d\u00e9mocratiques et pour la Solidarit\u00e9 avec les personnels \u00ab\u00a0suspendues\u00a0\u00bb depuis le 15 septembre : Soignants, Militaires et Pompiers.Nous nous battons contre le passe (sanitaire) ! C\u2019est quoi le passe (sanitaire), C\u2019est un passeport int\u00e9rieur, c\u2019est une entrave \u00e0 la libert\u00e9 de d\u00e9placement et de manifestation, c\u2019est une entrave \u00e0 la libert\u00e9 du commerce, c\u2019est la num\u00e9risation et la tra\u00e7abilit\u00e9 en marche des individus, c\u2019est l\u2019invention d\u2019un univers carc\u00e9ral. Se battre contre le passe (sanitaire) et donc pour la libert\u00e9 vaccinale, c\u2019est en un mot se battre pour \u00ab LA LIBERT\u00c9 \u00bbSur mon chien gourmand et tendreSur ses oreilles dress\u00e9esSur sa patte maladroiteJ&rsquo;\u00e9cris ton nom \u00ab LIBERT\u00c9 \u00bb.Chacun connait ce po\u00e8me c\u00e9l\u00e8bre. Son auteur, Paul Eluard qui \u00e9tait communiste l\u2019a \u00e9crit en 1942 aux heures noires de l\u2019occupation. En ces temps la libert\u00e9 \u00e9tait une valeur communiste que beaucoup de militants ont \u00e9crit en lettres de sang sur les murs de leurs cachots, sur les chemins des combats, dans les sentes des maquis,Il existe un Walhalla pour les h\u00e9ros, c\u2019est celui de la m\u00e9moire humaine. Je les y ai ou\u00efe pleurer de rage et de honte : \u00ab fils disaient-ils :-cessez de vous lamenter que \u00ab la droite tient le haut du pav\u00e9 \u00bb et prenez humblement la place qui est la v\u00f4tre dans ce combat actuel de la libert\u00e9. Certains nous reproche de \u00ab focaliser \u00bb notre combat, contre le passe sanitaire et contre la dictature du m\u00eame nom, dans le temps ou les prix des carburants flambent \u00e0 la pompe, o\u00f9 ceux du gaz et de l\u2019\u00e9lectricit\u00e9 s\u2019envolent, quand se poursuit l\u2019offensive  antisociale, la casse des services publics, la liquidation des acquis sociaux,(r\u00e9forme du ch\u00f4mage, des retraites \u00bb casse des statuts, pr\u00e9carisation et \u00ab\u00a0ub\u00e9risation\u00a0\u00bb des emplois), la dislocation de notre syst\u00e8me de sant\u00e9, la liquidation de l\u2019h\u00f4pital public, la mise en pi\u00e8ce de notre mod\u00e8le social, la mise en faillite de la S\u00e9curit\u00e9 Sociale, le saccage de l\u2019\u00e9conomie nationale, la braderie au priv\u00e9 et \u00e0 l\u2019\u00e9tranger des fleurons de notre \u00e9conomie nationale.Bien s\u00fbr qu\u2019il faut lutter contre la politique antisociale de ce gouvernement \u2026\u2026\u2026Bien s\u00fbr qu\u2019il faut lutter contre la destruction des services publicsBien s\u00fbr qu\u2019il faut lutter contre le d\u00e9mant\u00e8lement du patrimoine industriel de la FranceBien s\u00fbr qu\u2019il faut abroger l\u2019inique r\u00e9forme du ch\u00f4mageBien s\u00fbr qu\u2019il faut mettre en \u00e9chec l\u2019odieuse r\u00e9forme des retraitesPour se lib\u00e9rer le gal\u00e9rien doit se d\u00e9barrasser de son carcan et l\u2019esclave de ses fers. Pour se lib\u00e9rer afin de pouvoir lutter contre la casse sociale le peuple doit se d\u00e9barrasser de la terreur sanitaire qui le t\u00e9tanise, des museli\u00e8res qui lui imposent le silence, du passe (sanitaire) qui entrave ses mouvements et le prive de sa libert\u00e9 d\u2019action.Lutter contre la casse sociale, lutter contre le grand casseur Macron, lutter contre le passe Sanitaire pour la restauration des libert\u00e9s, c\u2019est en v\u00e9rit\u00e9 le m\u00eame combat je vous l\u2019affirme.C\u2019est un combat contre un pouvoir autoritaire, ferme et d\u00e9termin\u00e9 \u00e0 servir jusqu\u2019au bout les int\u00e9r\u00eats \u00ab\u00a0antihumains\u00a0\u00bb des plus grandes multinationales, des GAFAM, de Big-pharma. Un pouvoir que nul ne peut convaincre car il n\u2019ob\u00e9it pas aux lois de la raison mais \u00e0 celles du profit de quelques-uns et de l\u2019accumulation capitaliste insens\u00e9. Un pouvoir donc qui n\u2019est pas \u00e0 convaincre mais \u00e0 vaincre. Tel est l\u2019enjeu. Il faut manifester, toujours plus nombreux, plus d\u00e9termin\u00e9s et plus unis. Il faut manifester pour exister, gagner et convaincre. Mais il faut aussi, et peut-\u00eatre surtout s\u2019organiser, se mobiliser plus fort encore. A cette \u00e9tape cela signifie surtout s\u2019organiser, rejoindre par milliers les collectifs existants, en cr\u00e9er des milliers d\u2019autres, et f\u00e9d\u00e9rer tous ceux-l\u00e0 dans un vaste et unique mouvement citoyen de d\u00e9fense des libert\u00e9s.Certes, direz-vous, des gens par milliers, par dizaines de milliers, souffrent au pr\u00e9sent des exactions et des crimes de ces tyrans. Des milliers de soignants, de pompiers, de militaires, sont suspendus de leur emploi, sans salaire, sans moyens de subsistance. Fut elle certaine, ils ne peuvent attendre, plusieurs mois ou quelques ann\u00e9es la victoire du peuple sur les tyrans. Il faut les secourir imm\u00e9diatement. Il faut les conforter dans leur refus, il faut les aider \u00e0 r\u00e9sister. Non, cette solidarit\u00e9-l\u00e0 ne sera pas un acte passif, elle sera au contraire le premier acte de notre contre-offensive. Le socle fondateur de notre r\u00e9sistance.Certes, nous-m\u00eames, nous tous, impact\u00e9s par les mesures liberticides, qui ne pouvons plus acc\u00e9der librement \u00e0 la plupart des lieux et service vitaux, nous les \u00ab cagots \u00bb des temps modernes, avons besoin de nous organiser pour cr\u00e9er les circuits parall\u00e8les n\u00e9cessaires \u00e0 notre subsistance qui est la condition premi\u00e8re et indispensable de notre r\u00e9sistance.Pour autant, nous n\u2019allons pas \u00ab ad vitam \u00e6ternam \u00bb vivre en marge de la soci\u00e9t\u00e9. Nous n\u2019allons pas nous terrer dans des trous comme des lapins. Nous n\u2019allons pas nous \u00ab mormoniser \u00bb ?Dans nos trous ou dans nos r\u00e9serves nous ne serions d\u2019ailleurs pas en s\u00e9curit\u00e9 pour autant. A la fin ils l\u00e2cheraient les furets pour nous en d\u00e9loger, o\u00f9 viendraient nous y gazer.Non nous ne devons pas nous r\u00e9fugier aux marges de la soci\u00e9t\u00e9. C\u2019est la soci\u00e9t\u00e9 qu\u2019ils nous imposent qui est malade, malsaine et totalement inacceptable. Inacceptable, non pour nous seuls \u00ab les r\u00e9fractaires \u00bb, mais pour tous les citoyens du monde. Nous ne sommes que les premiers bataillons \u00e9veill\u00e9s d\u2019un grand peuple qui d\u00e9ferlera bient\u00f4t comme un tsunami sur l\u2019horrible soci\u00e9t\u00e9 qu\u2019ils nous ont concoct\u00e9. Ce n\u2019est pas \u00e0 nous de nous cacher, c\u2019est \u00e0 cette soci\u00e9t\u00e9-l\u00e0 de disparaitre. Nous en ferons une autre fond\u00e9e sur le travail l\u2019entraide et la fraternit\u00e9.C\u2019est pour cela aussi, et surtout, que nous devons nous organiser. C\u2019est pour cela que notre nouvel ordre du jour est : S\u2019ORGANISER !S\u2019organiser pour abattre ce r\u00e9gime dictatorial et chasser le dictateur, S\u2019organiser pour \u00e9laborer ensemble les r\u00e8gles et les structures d\u2019une nouvelle soci\u00e9t\u00e9 vraiment humaine.<\/p>\n","protected":false},"excerpt":{"rendered":"<p>ALLOCUTION A LA MANIFESTATION DU 23 OCTOBRE A TOURSDepuis le 17 juillet la manifestation \u00e0 Tours est unique, unitaire, et [&hellip;]<\/p>\n","protected":false},"author":1,"featured_media":4142,"comment_status":"open","ping_status":"open","sticky":false,"template":"","format":"standard","meta":{"sfsi_plus_gutenberg_text_before_share":"","sfsi_plus_gutenberg_show_text_before_share":"","sfsi_plus_gutenberg_icon_type":"","sfsi_plus_gutenberg_icon_alignemt":"","sfsi_plus_gutenburg_max_per_row":"","site-sidebar-layout":"default","site-content-layout":"","ast-site-content-layout":"default","site-content-style":"default","site-sidebar-style":"default","ast-global-header-display":"","ast-banner-title-visibility":"","ast-main-header-display":"","ast-hfb-above-header-display":"","ast-hfb-below-header-display":"","ast-hfb-mobile-header-display":"","site-post-title":"","ast-breadcrumbs-content":"","ast-featured-img":"","footer-sml-layout":"","ast-disable-related-posts":"","theme-transparent-header-meta":"","adv-header-id-meta":"","stick-header-meta":"","header-above-stick-meta":"","header-main-stick-meta":"","header-below-stick-meta":"","astra-migrate-meta-layouts":"default","ast-page-background-enabled":"default","ast-page-background-meta":{"desktop":{"background-color":"var(--ast-global-color-4)","background-image":"","background-repeat":"repeat","background-position":"center center","background-size":"auto","background-attachment":"scroll","background-type":"","background-media":"","overlay-type":"","overlay-color":"","overlay-opacity":"","overlay-gradient":""},"tablet":{"background-color":"","background-image":"","background-repeat":"repeat","background-position":"center center","background-size":"auto","background-attachment":"scroll","background-type":"","background-media":"","overlay-type":"","overlay-color":"","overlay-opacity":"","overlay-gradient":""},"mobile":{"background-color":"","background-image":"","background-repeat":"repeat","background-position":"center center","background-size":"auto","background-attachment":"scroll","background-type":"","background-media":"","overlay-type":"","overlay-color":"","overlay-opacity":"","overlay-gradient":""}},"ast-content-background-meta":{"desktop":{"background-color":"var(--ast-global-color-5)","background-image":"","background-repeat":"repeat","background-position":"center center","background-size":"auto","background-attachment":"scroll","background-type":"","background-media":"","overlay-type":"","overlay-color":"","overlay-opacity":"","overlay-gradient":""},"tablet":{"background-color":"var(--ast-global-color-5)","background-image":"","background-repeat":"repeat","background-position":"center center","background-size":"auto","background-attachment":"scroll","background-type":"","background-media":"","overlay-type":"","overlay-color":"","overlay-opacity":"","overlay-gradient":""},"mobile":{"background-color":"var(--ast-global-color-5)","background-image":"","background-repeat":"repeat","background-position":"center center","background-size":"auto","background-attachment":"scroll","background-type":"","background-media":"","overlay-type":"","overlay-color":"","overlay-opacity":"","overlay-gradient":""}},"footnotes":""},"categories":[16],"tags":[],"class_list":["post-559","post","type-post","status-publish","format-standard","has-post-thumbnail","hentry","category-archives-cms"],"_links":{"self":[{"href":"https:\/\/lavoiedessansvoix.fr\/lavoie\/wp-json\/wp\/v2\/posts\/559","targetHints":{"allow":["GET"]}}],"collection":[{"href":"https:\/\/lavoiedessansvoix.fr\/lavoie\/wp-json\/wp\/v2\/posts"}],"about":[{"href":"https:\/\/lavoiedessansvoix.fr\/lavoie\/wp-json\/wp\/v2\/types\/post"}],"author":[{"embeddable":true,"href":"https:\/\/lavoiedessansvoix.fr\/lavoie\/wp-json\/wp\/v2\/users\/1"}],"replies":[{"embeddable":true,"href":"https:\/\/lavoiedessansvoix.fr\/lavoie\/wp-json\/wp\/v2\/comments?post=559"}],"version-history":[{"count":1,"href":"https:\/\/lavoiedessansvoix.fr\/lavoie\/wp-json\/wp\/v2\/posts\/559\/revisions"}],"predecessor-version":[{"id":3137,"href":"https:\/\/lavoiedessansvoix.fr\/lavoie\/wp-json\/wp\/v2\/posts\/559\/revisions\/3137"}],"wp:featuredmedia":[{"embeddable":true,"href":"https:\/\/lavoiedessansvoix.fr\/lavoie\/wp-json\/wp\/v2\/media\/4142"}],"wp:attachment":[{"href":"https:\/\/lavoiedessansvoix.fr\/lavoie\/wp-json\/wp\/v2\/media?parent=559"}],"wp:term":[{"taxonomy":"category","embeddable":true,"href":"https:\/\/lavoiedessansvoix.fr\/lavoie\/wp-json\/wp\/v2\/categories?post=559"},{"taxonomy":"post_tag","embeddable":true,"href":"https:\/\/lavoiedessansvoix.fr\/lavoie\/wp-json\/wp\/v2\/tags?post=559"}],"curies":[{"name":"wp","href":"https:\/\/api.w.org\/{rel}","templated":true}]}}