{"id":558,"date":"2021-11-04T15:35:00","date_gmt":"2021-11-04T14:35:00","guid":{"rendered":"https:\/\/lavoiedessansvoix.fr\/lavoie\/2021\/11\/04\/archive-intervention-a-chambourg-sur-indre\/"},"modified":"2026-04-26T20:49:30","modified_gmt":"2026-04-26T18:49:30","slug":"archive-intervention-a-chambourg-sur-indre","status":"publish","type":"post","link":"https:\/\/lavoiedessansvoix.fr\/lavoie\/2021\/11\/04\/archive-intervention-a-chambourg-sur-indre\/","title":{"rendered":"INTERVENTION A CHAMBOURG SUR INDRE"},"content":{"rendered":"<p>INTERVENTION A CHAMBOURG SUR INDRENous \u00e9tions pr\u00e9sents, avec certains d\u2019entre vous, il y a deux semaines \u00e0 Dolus le Sec pour appeler la population \u00e0 protester contre la suspension de son m\u00e9decin de proximit\u00e9.Nous voil\u00e0 \u00e0 nouveau, pr\u00e9sents aujourd\u2019hui \u00e0 Chambourg sur Indre pour protester contre la suspension d\u2019un autre m\u00e9decin de la ruralit\u00e9.Souvenez-vous des antiennes m\u00e9diatiques d\u2019antan, quand, obs\u00e9quieux, les repr\u00e9sentants des pouvoirs publics, se lamentaient des d\u00e9serts m\u00e9dicaux et tan\u00e7aient ces sales gamins de jeunes m\u00e9decins qui ne souhaitaient pas s\u2019installer en zone rurale.On manque de m\u00e9decins dans ce pays ; Ont-ils revu \u00e0 la hausse le \u00ab num\u00e9rus clausus \u00bb des facult\u00e9s de m\u00e9decine pour en former davantage ? Que nenni ! Par contre ils interdisent \u00e0 des m\u00e9decins d\u2019exercer leur m\u00e9tier.On a des m\u00e9decins de campagne, install\u00e9s, appr\u00e9ci\u00e9s de leur patient\u00e8le, et des autorit\u00e9s publiques qui intime \u00e0 ceux-ci l\u2019ordre de cesser de soigner, leur ordonne de suspendre leur activit\u00e9, sans revenus. De manquer \u00e0 leur \u00e9thique, car m\u00eame suspendus ils n\u2019en sont pas moins des m\u00e9decins.et de trahir ainsi le serment d\u2019Hyppocrate : \u00ab Je donnerai mes soins \u00e0 l&rsquo;indigent et \u00e0 quiconque me le demandera. \u00bb Et pourquoi cela ? Pourquoi une telle aberration ? une de plus en mati\u00e8re de gestion de cette \u00ab crise sanitaire \u00bb ?Parce que des pouvoirs politique ordonnent \u00e0 des m\u00e9decins de s\u2019injecter ou se faire injecter, un produit exp\u00e9rimental qu\u2019ils appellent \u00ab vaccin \u00bb. En mati\u00e8re de vaccination comme en toute question de traitement m\u00e9dical, le code de la sant\u00e9 publique instaure certaines r\u00e8gles essentielles : le droit pour tout patient (fut il m\u00e9decin lui-m\u00eame) du choix de son traitement ou m\u00eame du refus de tout traitement. La r\u00e8gle du \u00ab consentement \u00e9clair\u00e9 \u00bb et la libre disposition de son corps et de sa sant\u00e9.Apr\u00e8s dix ann\u00e9es d\u2019\u00e9tudes au moins, le m\u00e9decin de Chambourg exerce la m\u00e9decine depuis des ann\u00e9es. Qui mieux qu\u2019un m\u00e9decin est apte \u00e0 juger de l\u2019utilit\u00e9 de se vacciner ou pas ? Comment des d\u00e9cideurs politiques peuvent-ils avoir l\u2019ind\u00e9cence d\u2019ordonner \u00e0 un m\u00e9decin de se vacciner contre son gr\u00e9 ?Savez-vous qu\u2019\u00e0 ce jour 28 000 europ\u00e9ens sont r\u00e9pertori\u00e9s, morts dans les heures ou les jours qui ont suivi leur vaccination ? Dans bien des cas, tentent de se justifier les pouvoirs publics, \u00ab il peut ne s\u2019agir que de co\u00efncidences. \u00bb Cela est probable. Mais de co\u00efncidences troublantes il faut bien le souligner. 28 000 dites-vous ? Ce sont les chiffres officiels de l\u2019agence europ\u00e9enne du m\u00e9dicament. 28 000, qu\u2019est-ce l\u00e0 ?\u2026 Rien !\u2026 Rien ?\u2026 Peu de chose \u2026.. Pensez : Approximativement 0,7 dix milli\u00e8mes de la population europ\u00e9enne, en voil\u00e0 une affaire ! Semble-t-ils dire.En voil\u00e0 surtout, une application fort terrifiante de la d\u00e9monstration math\u00e9matique \u00bb r\u00e9torquons-nous. N\u2019est-ce pas avec de tels raisonnements que commence la \u00ab Barbarie \u00bb ?Certes, tout le monde ne meurt pas du vaccin, loin s\u2019en faut en effet.  Mais Allez donc dire cela aux 100 000 mille europ\u00e9ens endeuill\u00e9s par ces pertes que 0,7 dix\/milli\u00e8mes c\u2019est peu de chose ! Il est vrai en effet que c\u2019est peu de chose en mati\u00e8re de statistiques ? mais 28 000 d\u00e9c\u00e8s c\u2019est une horreur en mati\u00e8re d\u2019humanit\u00e9. Ce n\u2019est sans doute pas encore un \u00ab g\u00e9nocide \u00bb ni un crime de masse, mais c\u2019est d\u00e9j\u00e0 sans nul doute, un crime massif.Avez-vous d\u00e9j\u00e0 entendu parler de la \u00ab roulette russe \u00bb ? C\u2019\u00e9tait un jeu pris\u00e9, mais non moins idiot, en vogue chez les officiers Russes. Il s\u2019agissait d\u2019engager une balle, une seule, dans le barillet d\u2019un r\u00e9volver. Puis de faire tourner le barillet. S\u2019appliquer le canon de l\u2019arme sur la tempe et appuyer sur la d\u00e9tente. Le coup partait, ou pas, le \u00ab h\u00e9ros \u00bb \u00e9tait mort, ou vivant.C\u2019est \u00e0 la roulette russe que jouent les \u00ab vaccinateurs \u00bb, mais les vies qu\u2019ils mettent en jeu ne sont pas les leurs ce sont celles de la population, c\u2019est-\u00e0-dire les v\u00f4tres ;Vous l\u2019avez compris, -Mesdames et Messieurs, nous autres, \u00ab citoyens libres d\u2019Indre et Loire \u00bb, sommes l\u00e0 pour soutenir les m\u00e9decins et tous les personnels soignants suspendus et protester contre les d\u00e9cisions ubuesques qui impactent directement les populations ainsi priv\u00e9es de leurs soignants. Mais pas seulement. Nous sommes l\u00e0 aussi pour soutenir ces personnels soignants dans leur refus, nous sommes l\u00e0 aussi pour d\u00e9noncer le crime liberticide que constitue l\u2019obligation vaccinale. Pour d\u00e9noncer le crime contre l\u2019humanit\u00e9 que constitue le fait de tuer des gens au pr\u00e9texte de les prot\u00e9ger.Alors oui, il faut que ces \u00ab responsables \u00bb, NOUS ! VOUS ! rendent nos m\u00e9decins sans attendre.Alors oui, il faudra bien qu\u2019au bout du compte ces \u00ab responsables \u00bb et probablement coupables assument leurs forfaits ? ET SOIENT TRADUITS DEVANT LA JUSTICE DES HOMMES ;Alors oui ! nous vous appelons \u00e0 rejoindre les comit\u00e9s de soutiens aux personnels soignants suspendus, d\u00e9j\u00e0 cr\u00e9\u00e9s et ceux qui vont l\u2019\u00eatre dans les jours \u00e0 venir, Mais nous vous appelons aussi, \u00e0 rejoindre les citoyens libres pour porter plus loin et plus fort la lutte contre un pouvoir ignominieux,4\/11\/2021.<\/p>\n","protected":false},"excerpt":{"rendered":"<p>INTERVENTION A CHAMBOURG SUR INDRENous \u00e9tions pr\u00e9sents, avec certains d\u2019entre vous, il y a deux semaines \u00e0 Dolus le Sec [&hellip;]<\/p>\n","protected":false},"author":1,"featured_media":4141,"comment_status":"open","ping_status":"open","sticky":false,"template":"","format":"standard","meta":{"sfsi_plus_gutenberg_text_before_share":"","sfsi_plus_gutenberg_show_text_before_share":"","sfsi_plus_gutenberg_icon_type":"","sfsi_plus_gutenberg_icon_alignemt":"","sfsi_plus_gutenburg_max_per_row":"","site-sidebar-layout":"default","site-content-layout":"","ast-site-content-layout":"default","site-content-style":"default","site-sidebar-style":"default","ast-global-header-display":"","ast-banner-title-visibility":"","ast-main-header-display":"","ast-hfb-above-header-display":"","ast-hfb-below-header-display":"","ast-hfb-mobile-header-display":"","site-post-title":"","ast-breadcrumbs-content":"","ast-featured-img":"","footer-sml-layout":"","ast-disable-related-posts":"","theme-transparent-header-meta":"","adv-header-id-meta":"","stick-header-meta":"","header-above-stick-meta":"","header-main-stick-meta":"","header-below-stick-meta":"","astra-migrate-meta-layouts":"default","ast-page-background-enabled":"default","ast-page-background-meta":{"desktop":{"background-color":"var(--ast-global-color-4)","background-image":"","background-repeat":"repeat","background-position":"center center","background-size":"auto","background-attachment":"scroll","background-type":"","background-media":"","overlay-type":"","overlay-color":"","overlay-opacity":"","overlay-gradient":""},"tablet":{"background-color":"","background-image":"","background-repeat":"repeat","background-position":"center center","background-size":"auto","background-attachment":"scroll","background-type":"","background-media":"","overlay-type":"","overlay-color":"","overlay-opacity":"","overlay-gradient":""},"mobile":{"background-color":"","background-image":"","background-repeat":"repeat","background-position":"center center","background-size":"auto","background-attachment":"scroll","background-type":"","background-media":"","overlay-type":"","overlay-color":"","overlay-opacity":"","overlay-gradient":""}},"ast-content-background-meta":{"desktop":{"background-color":"var(--ast-global-color-5)","background-image":"","background-repeat":"repeat","background-position":"center center","background-size":"auto","background-attachment":"scroll","background-type":"","background-media":"","overlay-type":"","overlay-color":"","overlay-opacity":"","overlay-gradient":""},"tablet":{"background-color":"var(--ast-global-color-5)","background-image":"","background-repeat":"repeat","background-position":"center center","background-size":"auto","background-attachment":"scroll","background-type":"","background-media":"","overlay-type":"","overlay-color":"","overlay-opacity":"","overlay-gradient":""},"mobile":{"background-color":"var(--ast-global-color-5)","background-image":"","background-repeat":"repeat","background-position":"center center","background-size":"auto","background-attachment":"scroll","background-type":"","background-media":"","overlay-type":"","overlay-color":"","overlay-opacity":"","overlay-gradient":""}},"footnotes":""},"categories":[16],"tags":[],"class_list":["post-558","post","type-post","status-publish","format-standard","has-post-thumbnail","hentry","category-archives-cms"],"_links":{"self":[{"href":"https:\/\/lavoiedessansvoix.fr\/lavoie\/wp-json\/wp\/v2\/posts\/558","targetHints":{"allow":["GET"]}}],"collection":[{"href":"https:\/\/lavoiedessansvoix.fr\/lavoie\/wp-json\/wp\/v2\/posts"}],"about":[{"href":"https:\/\/lavoiedessansvoix.fr\/lavoie\/wp-json\/wp\/v2\/types\/post"}],"author":[{"embeddable":true,"href":"https:\/\/lavoiedessansvoix.fr\/lavoie\/wp-json\/wp\/v2\/users\/1"}],"replies":[{"embeddable":true,"href":"https:\/\/lavoiedessansvoix.fr\/lavoie\/wp-json\/wp\/v2\/comments?post=558"}],"version-history":[{"count":1,"href":"https:\/\/lavoiedessansvoix.fr\/lavoie\/wp-json\/wp\/v2\/posts\/558\/revisions"}],"predecessor-version":[{"id":3135,"href":"https:\/\/lavoiedessansvoix.fr\/lavoie\/wp-json\/wp\/v2\/posts\/558\/revisions\/3135"}],"wp:featuredmedia":[{"embeddable":true,"href":"https:\/\/lavoiedessansvoix.fr\/lavoie\/wp-json\/wp\/v2\/media\/4141"}],"wp:attachment":[{"href":"https:\/\/lavoiedessansvoix.fr\/lavoie\/wp-json\/wp\/v2\/media?parent=558"}],"wp:term":[{"taxonomy":"category","embeddable":true,"href":"https:\/\/lavoiedessansvoix.fr\/lavoie\/wp-json\/wp\/v2\/categories?post=558"},{"taxonomy":"post_tag","embeddable":true,"href":"https:\/\/lavoiedessansvoix.fr\/lavoie\/wp-json\/wp\/v2\/tags?post=558"}],"curies":[{"name":"wp","href":"https:\/\/api.w.org\/{rel}","templated":true}]}}