{"id":554,"date":"2021-11-24T02:58:00","date_gmt":"2021-11-24T01:58:00","guid":{"rendered":"https:\/\/lavoiedessansvoix.fr\/lavoie\/2021\/11\/24\/archive-discours-sur-la-bonne-maniere-d-interpeler-les-elus\/"},"modified":"2026-04-26T20:48:48","modified_gmt":"2026-04-26T18:48:48","slug":"archive-discours-sur-la-bonne-maniere-d-interpeler-les-elus","status":"publish","type":"post","link":"https:\/\/lavoiedessansvoix.fr\/lavoie\/2021\/11\/24\/archive-discours-sur-la-bonne-maniere-d-interpeler-les-elus\/","title":{"rendered":"DISCOURS SUR LA BONNE MANI\u00c8RE D\u2019INTERPELER LES \u00c9LUS"},"content":{"rendered":"<p>DISCOURS SUR LA BONNE MANI\u00c8RE D\u2019INTERPELER LES \u00c9LUSDepuis deux ann\u00e9es enti\u00e8res que ce gouvernement de psychopathes gouverne par la terreur et le mensonge sanitaire, \u00ab les citoyens libres du Lochois \u00bb n\u2019ont cess\u00e9 de s\u2019adresser \u00e0 la population, pour lui apporter des informations alternatives, tenter de la rassurer, la mettre en garde contre les buts inavou\u00e9s de cette manipulation de masse. C\u2019est par cette action permanente, inscrite dans la dur\u00e9e, sans d\u00e9faillance ! qu\u2019ils se sont qualifi\u00e9s comme une force citoyenne locale et fiable.Apr\u00e8s une manifestation initiale devant la mairie de Dolus le sec (21\/10\/2021) pour protester contre la suspension de la m\u00e9decin lib\u00e9rale de cette commune, de nombreux patients s\u2019\u00e9tant manifest\u00e9 un comit\u00e9 de soutien aux soignants suspendus a imm\u00e9diatement \u00e9t\u00e9 cr\u00e9\u00e9. C\u2019est une grande chose et nous remercions toutes ces femmes et tous ces hommes qui avec leur comit\u00e9 disent haut et fort, \u00ab On veut garder notre M\u00e9decin \u00bb vaccin\u00e9e ou pas, cela n\u2019a pas d\u2019importance \u00bb.Et puis, nous avons vu aussi que le comit\u00e9 de soutien aux soignants suspendus s\u2019\u00e9tait rapproch\u00e9 des \u00ab \u00e9lus \u00bb afin de solliciter une prise de position de leur part, pour le r\u00e9tablissement des m\u00e9decins suspendus de Dolus et Chambourg sur Indre (autre commune affect\u00e9e par la suspension d\u2019un m\u00e9decin). Nous avons pris connaissance des r\u00e9ponses atterrantes, de ces personnages.Elle est Effarante en effet, la r\u00e9ponse de Madame Sophie M\u00e9tadier nouvellement si mal \u00e9lue \u00e0 la d\u00e9putation laquelle a vot\u00e9 pour le texte de la loi du 5 ao\u00fbt 2021 pr\u00e9conisant, parmi d&rsquo;autres mesures, la suspension des personnels soignants non-vaccin\u00e9s.\u00ab Nous avons \u00e9voqu\u00e9 (avec le comit\u00e9) dit-elle, le probl\u00e8me de l&rsquo;absence de m\u00e9decins dans ces deux communes limitrophes et j&rsquo;ai bien conscience que de tr\u00e8s nombreux patients se retrouvent sans m\u00e9decin traitant \u00bb \u00ab Les patients ne sont pas responsables des prises de position de leurs m\u00e9decins \u00bbN\u2019est-ce pas dire que ce sont les m\u00e9decins qui ont tort ?Mme M\u00e9tadier s\u2019inqui\u00e8te donc, un peu tard, peut-\u00eatre pour des raisons \u00e9lectorales, des cons\u00e9quences n\u00e9fastes de ses actes sur \u00ab LES PATIENTS \u00bb, mais elle renvoie les m\u00e9decins non vaccin\u00e9s dans les cordes, \u00e0 l\u2019application de la LOI. Elle n\u2019exige pas le r\u00e9tablissement des m\u00e9decins mais leur remplacement. Qu\u2019est que c\u2019est donc que ces gens qui s\u2019estime fond\u00e9s \u00e0 disposer de la sorte des libert\u00e9s, du jugement et de la vie d\u2019autrui ?Terrifiante ! La r\u00e9ponse de Monsieur Pierre Louault qui traine ses gu\u00eatres depuis 4 ans sous les ors du palais du Luxembourg : qui, comme la d\u00e9put\u00e9e M\u00e9tadier, a vot\u00e9 pour le texte de loi du 5 ao\u00fbt dernier, qui lui aussi botte en touche et \u00e9crit \u00e0 l\u2019ARS NON pour protester contre les suspensions mais pour s\u2019inqui\u00e9ter du seul sort des patients ; NON pour exiger la suspension, des suspensions mais pour r\u00e9clamer le remplacement des m\u00e9decins suspendus.  \u00ab Les patients ne sont pas responsables des prises de position de leurs m\u00e9decins traitants \u00bb, exactement la m\u00eame phrase que Sophie. Comme ils sont raccord, ne trouvez-vous pas ? Auraient-ils \u00e9t\u00e9 \u00ab Briff\u00e9s \u00bb en avance par quelques comit\u00e9s gouvernementaux ? Et Pierre de se saisir du marteau de la loi pour ass\u00e9ner un grand coup : \u00ab la position des m\u00e9decins suspendus n&rsquo;est pas d\u00e9fendable \u00bb Ce qui est ind\u00e9fendable, et une honte pour la d\u00e9mocratie et pour la France, Monsieur le S\u00e9nateur, c\u2019est que des \u00e9lus fran\u00e7ais puissent voter et d\u00e9fendre sans rougir de pareilles lois.Qu\u2019est-ce cette loi en effet \u00e0 laquelle se r\u00e9f\u00e8rent vos idylles ? C\u2019est une loi qui contrevient \u00e0 l\u2019exercice de la libert\u00e9, la plus \u00e9l\u00e9mentaire, la plus fondamentale, la moins n\u00e9gociable, et aussi la plus sacr\u00e9e : celle de la propri\u00e9t\u00e9 et de la libre disposition de vos corps et de votre sant\u00e9. C\u2019est une loi qui rend l\u2019\u00c9tat propri\u00e9taire des corps et de la sant\u00e9 de ses citoyens, qui transforme les citoyens en \u00ab sujets \u00bb et les \u00eatres humains en cheptel. C\u2019est une horrible, une terrible loi totalitaire. Madame et Monsieur les \u00ab \u00e9lus \u00bb, c\u2019\u00e9tait d\u00e9j\u00e0 une faute immense \u00e0 vous d\u2019approuver et de voter pareille loi.S\u2019en est une plus grande encore de se retrancher derri\u00e8re, et d\u2019en exiger l\u2019applicationIl ne convient pas d\u2019appliquer les lois sc\u00e9l\u00e9rates ! Il ne convient pas d\u2019appliquer les lois iniques. Les lois totalitaires m\u00e9rites d\u2019\u00eatre combattues et ce serait votre honneur d\u2019en exiger l\u2019abrogation imm\u00e9diate.Quant \u00e0 vous, mes amis, lecteurs et citoyens, vous le saviez ! Je sais que vous saviez ! Que par la pri\u00e8re et la sollicitation il n\u2019y avait rien \u00e0 esp\u00e9rer, de ces \u00ab bouffons du roi \u00bb. Rien \u00e0 attendre de bon de ceux-l\u00e0 m\u00eame qui ont fait le mal, qui votent des deux mains toutes les lois liberticides, et anti-populaires que le gouvernement leur intime l\u2019ordre de voter. Est-ce \u00e0 dire que l\u2019on ne peut rien obtenir jamais de ces gens-l\u00e0 ? Non, pour s\u00fbr On ne peut certes exiger d\u2019eux, par la pri\u00e8re, qu\u2019ils acc\u00e8dent \u00e0 nos dol\u00e9ances ni qu\u2019ils r\u00e9pondent favorablement \u00e0 nos sollicitations. Mais on peut cela par la force de la mobilisation populaire, par la manifestation ouverte de l\u2019indignation qu\u2019ils inspirent et de la col\u00e8re qu\u2019ils suscitent. Oui on peut obtenir d\u2019eux quelque chose en allant les voir, non pour les prier mais pour les sommer, non pour les solliciter mais pour les mettre en demeure, non pour les caresser mais pour leur botter le derri\u00e8re.Alors oui, il faut que se cr\u00e9e partout o\u00f9 cela se pr\u00e9sente, de nombreux comit\u00e9s de soutiens aux soignants suspendus afin de faire se manifester et d\u2019organiser la protestation populaire contre les arr\u00eat\u00e9s \u00ab fantastiques \u00bb  de ce gouvernement ubuesques. Mais il faut aller plus loin, il faut aller plus fort. Ce gouvernement ne veut rien entendre. Il poursuit quoiqu\u2019il en co\u00fbte sa fuite en avant, socialement d\u00e9vastatrice et politiquement liberticide. Il faut se mobiliser pour le stopper ? Il faut se mobiliser pour balayer ces ostrogots, pour d\u00e9gager toute cette classe politique m\u00e9chante et corrompue. Il faut se mobiliser pour donner le jour \u00e0 une R\u00e9publique nouvelle, fond\u00e9 sur la valeur travail, la fraternit\u00e9, l\u2019entraide et le partage. Une R\u00e9publique vraiment populaire, vraiment d\u00e9mocratique. La voil\u00e0 la vraie bonne fa\u00e7on de d\u00e9fendre jusqu\u2019au bout, jusqu\u2019\u00e0 la victoire, jusqu\u2019\u00e0 la restauration dans leurs droits et leurs libert\u00e9s tous nos soignants suspendus.Le voil\u00e0 le chemin que les citoyens libres et GJ du lochois vous propose de suivre avec eux. La voil\u00e0 la perspective enthousiasmante que nous vous invitons \u00e0 venir d\u00e9fendre avec nous.20 novembre 2021.<\/p>\n","protected":false},"excerpt":{"rendered":"<p>DISCOURS SUR LA BONNE MANI\u00c8RE D\u2019INTERPELER LES \u00c9LUSDepuis deux ann\u00e9es enti\u00e8res que ce gouvernement de psychopathes gouverne par la terreur [&hellip;]<\/p>\n","protected":false},"author":1,"featured_media":4137,"comment_status":"open","ping_status":"open","sticky":false,"template":"","format":"standard","meta":{"sfsi_plus_gutenberg_text_before_share":"","sfsi_plus_gutenberg_show_text_before_share":"","sfsi_plus_gutenberg_icon_type":"","sfsi_plus_gutenberg_icon_alignemt":"","sfsi_plus_gutenburg_max_per_row":"","site-sidebar-layout":"default","site-content-layout":"","ast-site-content-layout":"default","site-content-style":"default","site-sidebar-style":"default","ast-global-header-display":"","ast-banner-title-visibility":"","ast-main-header-display":"","ast-hfb-above-header-display":"","ast-hfb-below-header-display":"","ast-hfb-mobile-header-display":"","site-post-title":"","ast-breadcrumbs-content":"","ast-featured-img":"","footer-sml-layout":"","ast-disable-related-posts":"","theme-transparent-header-meta":"","adv-header-id-meta":"","stick-header-meta":"","header-above-stick-meta":"","header-main-stick-meta":"","header-below-stick-meta":"","astra-migrate-meta-layouts":"default","ast-page-background-enabled":"default","ast-page-background-meta":{"desktop":{"background-color":"var(--ast-global-color-4)","background-image":"","background-repeat":"repeat","background-position":"center center","background-size":"auto","background-attachment":"scroll","background-type":"","background-media":"","overlay-type":"","overlay-color":"","overlay-opacity":"","overlay-gradient":""},"tablet":{"background-color":"","background-image":"","background-repeat":"repeat","background-position":"center center","background-size":"auto","background-attachment":"scroll","background-type":"","background-media":"","overlay-type":"","overlay-color":"","overlay-opacity":"","overlay-gradient":""},"mobile":{"background-color":"","background-image":"","background-repeat":"repeat","background-position":"center center","background-size":"auto","background-attachment":"scroll","background-type":"","background-media":"","overlay-type":"","overlay-color":"","overlay-opacity":"","overlay-gradient":""}},"ast-content-background-meta":{"desktop":{"background-color":"var(--ast-global-color-5)","background-image":"","background-repeat":"repeat","background-position":"center center","background-size":"auto","background-attachment":"scroll","background-type":"","background-media":"","overlay-type":"","overlay-color":"","overlay-opacity":"","overlay-gradient":""},"tablet":{"background-color":"var(--ast-global-color-5)","background-image":"","background-repeat":"repeat","background-position":"center center","background-size":"auto","background-attachment":"scroll","background-type":"","background-media":"","overlay-type":"","overlay-color":"","overlay-opacity":"","overlay-gradient":""},"mobile":{"background-color":"var(--ast-global-color-5)","background-image":"","background-repeat":"repeat","background-position":"center center","background-size":"auto","background-attachment":"scroll","background-type":"","background-media":"","overlay-type":"","overlay-color":"","overlay-opacity":"","overlay-gradient":""}},"footnotes":""},"categories":[16],"tags":[],"class_list":["post-554","post","type-post","status-publish","format-standard","has-post-thumbnail","hentry","category-archives-cms"],"_links":{"self":[{"href":"https:\/\/lavoiedessansvoix.fr\/lavoie\/wp-json\/wp\/v2\/posts\/554","targetHints":{"allow":["GET"]}}],"collection":[{"href":"https:\/\/lavoiedessansvoix.fr\/lavoie\/wp-json\/wp\/v2\/posts"}],"about":[{"href":"https:\/\/lavoiedessansvoix.fr\/lavoie\/wp-json\/wp\/v2\/types\/post"}],"author":[{"embeddable":true,"href":"https:\/\/lavoiedessansvoix.fr\/lavoie\/wp-json\/wp\/v2\/users\/1"}],"replies":[{"embeddable":true,"href":"https:\/\/lavoiedessansvoix.fr\/lavoie\/wp-json\/wp\/v2\/comments?post=554"}],"version-history":[{"count":1,"href":"https:\/\/lavoiedessansvoix.fr\/lavoie\/wp-json\/wp\/v2\/posts\/554\/revisions"}],"predecessor-version":[{"id":3127,"href":"https:\/\/lavoiedessansvoix.fr\/lavoie\/wp-json\/wp\/v2\/posts\/554\/revisions\/3127"}],"wp:featuredmedia":[{"embeddable":true,"href":"https:\/\/lavoiedessansvoix.fr\/lavoie\/wp-json\/wp\/v2\/media\/4137"}],"wp:attachment":[{"href":"https:\/\/lavoiedessansvoix.fr\/lavoie\/wp-json\/wp\/v2\/media?parent=554"}],"wp:term":[{"taxonomy":"category","embeddable":true,"href":"https:\/\/lavoiedessansvoix.fr\/lavoie\/wp-json\/wp\/v2\/categories?post=554"},{"taxonomy":"post_tag","embeddable":true,"href":"https:\/\/lavoiedessansvoix.fr\/lavoie\/wp-json\/wp\/v2\/tags?post=554"}],"curies":[{"name":"wp","href":"https:\/\/api.w.org\/{rel}","templated":true}]}}