{"id":552,"date":"2021-12-04T10:43:00","date_gmt":"2021-12-04T09:43:00","guid":{"rendered":"https:\/\/lavoiedessansvoix.fr\/lavoie\/2021\/12\/04\/archive-lettre-a-claudette\/"},"modified":"2026-04-26T20:48:31","modified_gmt":"2026-04-26T18:48:31","slug":"archive-lettre-a-claudette","status":"publish","type":"post","link":"https:\/\/lavoiedessansvoix.fr\/lavoie\/2021\/12\/04\/archive-lettre-a-claudette\/","title":{"rendered":"LETTRE A CLAUDETTE,"},"content":{"rendered":"<p>LETTRE A CLAUDETTE,A l\u2019affiche \u00e9lectronique d\u2019appel \u00e0 manifester le samedi 20 novembre, Claudette L avait r\u00e9agi en posant la question \u00ab Il faudrait savoir pourquoi le personnel refuse d\u2019\u00eatre inject\u00e9 ? \u00bb.Je me dois tout d\u2019abord de lui r\u00e9pondre par un grand \u00e9tonnement ; Comment Madame, vous ne le savez-pas ? Qu\u2019elles sont donc vos sources d\u2019informations ? Si c\u2019est \u00ab la t\u00e9l\u00e9 \u00bb bien entendu, cela se comprend,, cet instrument \u00e9tant un outil de propagande officielle, plus que \u00ab d\u2019information \u00bb, il m\u00e9rite dans les temps o\u00f9 nous sommes le qualificatif d\u2019instrument de d\u00e9sinformation Mais vous \u00eates connect\u00e9e, je le vois, puisque vous voil\u00e0 sur \u00ab Facebook \u00bb, et l\u00e0, si vous cherchez vous trouverez toutes les informations utiles.Alors certes, je vous le conc\u00e8de, tout n\u2019est pas \u00e0 prendre pour argent comptant ; Mais vous n\u2019\u00eates pas idiote madame, la preuve en est que vous posez, donc que vous vous posez des questions. Vous avez du jugement et un libre arbitre, nul doute que vous \u00eates capable de faire le tri n\u00e9cessaire. Les d\u00e9tracteurs de l\u2019information sur le net sont ceux qui pestent que vous d\u00e9sertiez leurs usines \u00e0 mensonges pour acc\u00e9der \u00e0 d\u2019autres v\u00e9rit\u00e9s. Ils accusent le \u00ab Net \u00bb de v\u00e9hiculer des \u00e2neries et beaucoup de \u00ab fake News \u00bb. Mais eux-m\u00eames en v\u00e9hiculent tout autant ; Ils multiplient les dispositifs liberticides pr\u00e9tendument pour faire le tri \u00ab entre le bon grain et l\u2019ivraie \u00bb de la \u00ab Toile \u00bb Mais alors ne faudrait-il pas faire aussi le tri dans les librairies et biblioth\u00e8ques entre \u00ab les bons \u00bb et les \u00ab mauvais \u00bb livres ? Ceux que vous avez le droit de lire et ceux qui sont proscrits ? Moi qui fais enti\u00e8re confiance \u00e0 votre jugement et \u00e0 votre libre arbitre, je veux bien aussi vous faire MA r\u00e9ponse, qui \u00ab n\u2019est pas parole d\u2019\u00e9vangile \u00bb. Vous en prendrez ce que vous voulez, et si vous n\u2019en prenez rien, tant pis, je n\u2019en serai pas offens\u00e9 pour autant.Je dois vous dire tout d\u2019abord que ce ne sont pas sp\u00e9cifiquement des personnels soignants qui refusent de se faire injecter, mais des millions de fran\u00e7ais, des dizaines de millions d\u2019europ\u00e9ens dont je suis. Si l\u2019on parle plus sp\u00e9cifiquement du refus des soignants c\u2019est d\u2019une part parce que la loi du 5 ao\u00fbt 2021 leur impose de se faire vacciner et que leur refus d\u2019\u00eatre injecter est aussi, de ce fait un refus d\u2019obtemp\u00e9rer \u00e0 l\u2019injonction de la loi. C\u2019est parce que par mesure de coercition, en contravention avec le code du travail, les pouvoirs publics \u00ab suspendent \u00bb ces personnels ainsi priv\u00e9s d\u2019emploi de salaire ou de revenu, c\u2019est aussi et surtout parce que ces suspensions ont un impact n\u00e9faste sur les patient\u00e8les de ces soignants..Pourquoi donc ces \u00ab soignants \u00bb et des millions d\u2019autres citoyens refusent-ils d\u2019\u00eatre inject\u00e9s. 1 &#8211; Vaccin ? Inject\u00e9s c\u2019est le mot qui a \u00e9t\u00e9 adopt\u00e9 et dont vous usez vous-m\u00eame, pour ne pas dire vaccin\u00e9. Car les pr\u00e9tendus vaccins n\u2019en sont pas. Ce sont des \u00ab th\u00e9rapies-g\u00e9nies \u00bb, non pas des \u00ab virus att\u00e9nu\u00e9s qui sollicitent votre syst\u00e8me immunitaire en lui faisant s\u00e9cr\u00e9ter des anticorps, mais un \u00ab messager \u00bb qui vient modifier vos cellules.2 &#8211; Traitement exp\u00e9rimental ; Il s\u2019agit d\u2019une technique enti\u00e8rement nouvelle, pleine d\u2019inconnues quant \u00e0 ses effets et cons\u00e9quences \u00e0 court, moyens et long-termes, d\u2019ailleurs encore au stade EXPERIMENTAL \u00bb. Ces traitements n\u2019ont re\u00e7u jusque-l\u00e0 qu\u2019une autorisation de mise sur le march\u00e9 (AMM) provisoire, dans l\u2019attente de fin de l\u2019exp\u00e9rimentation.N\u2019est-ce pas d\u2019ailleurs une des raisons qu\u2019ont les gouvernements de brutaliser les populations afin de conclure la \u00ab campagne de vaccination \u00bb sous ce statut exp\u00e9rimental, avant m\u00eame que l\u2019AMM d\u00e9finitif soit d\u00e9livr\u00e9 ? Ne veulent-ils pas dissimuler de la sorte les diff\u00e9rence des observations cliniques qui pouraient \u00eatre faites entre des \u00e9chantillons de populations \u00ab vaccin\u00e9s \u00bb et \u00ab non vaccin\u00e9s \u00bb ? (Devenus impossible si tout le monde est \u00ab vaccin\u00e9s \u00bb).C\u2019est la premi\u00e8re fois dans l\u2019Histoire de l\u2019humanit\u00e9, de la m\u00e9decine et du m\u00e9dicament, que par ce biais d\u2019AMM-provisoire, les pouvoirs publics autorisent une telle exp\u00e9rimentation en population g\u00e9n\u00e9rale. Cela m\u00eame, en soi, est d\u00e9j\u00e0 un immense scandale. Cela revient en effet \u00e0 prendre l\u2019humanit\u00e9 toute enti\u00e8re comme sujet d\u2019exp\u00e9rimentation m\u00e9dicale et chaque \u00eatre humain comme cobaye \u00bb, \u00e0 son insu, sans son consentement.3 &#8211; Consentement \u00e9clair\u00e9 : Ceux qui se font \u00ab injecter \u00bb sont consentant me direz-vous. Soit ! Mais de qu\u2019elle nature est leur consentement ? Il y a ceux qui croient \u00e0 la v\u00e9rit\u00e9 officielle sur la grande dangerosit\u00e9 du Covid et que \u00ab la vaccination \u00bb est la seule planche de salut possible. Ceux-l\u00e0 sont consentant en effet. Mais leur consentement est-il \u00ab bien \u00e9clair\u00e9 \u00bb comme le voudrais la loi ? La v\u00e9rit\u00e9 \u00e0 laquelle ils adh\u00e8rent est-elle bien la v\u00e9rit\u00e9 ?Puis il y a ceux qui se sont fait vacciner pour \u00ab avoir la paix \u00bb, pour pouvoir aller travailler, pour pouvoir se faire soigner, pour pouvoir voyager aller au restaurant ou au spectacle. Ils sont all\u00e9s d\u2019eux-m\u00eames se faire \u00ab injecter \u00bb, \u00e9taient-ils donc \u00ab consentants \u00bb ? Qu\u2019elle est la valeur de leur consentement ? Ce consentement leur a \u00e9t\u00e9 \u00ab forc\u00e9 \u00bb ou arrach\u00e9 \u00bb ou encore m\u00eame \u00ab extorqu\u00e9 \u00bb. Les pouvoirs publics se f\u00e9licitent que la grande majorit\u00e9 ait \u00ab accept\u00e9 \u00bb cette injection. Mais ce succ\u00e8s est en \u00ab trompe l\u2019\u0153il \u00bb. Tous ces \u00ab vaccin\u00e9s sous la contrainte \u00bb ont toutes les raisons de nourrir une grande animosit\u00e9 envers les d\u00e9cideurs en exercice.Mais au-del\u00e0 m\u00eame, cent pour cent de ces \u00ab vaccin\u00e9s \u00bb consentant abus\u00e9s ou extorqu\u00e9s, ont \u00e9t\u00e9 tous abus\u00e9s sur un point au moins, aucun n\u2019est clairement inform\u00e9 du caract\u00e8re exp\u00e9rimental de son injection. Aucun n\u2019a en conscience accept\u00e9 de servir de cobaye. Tout individu a le droit de connaitre la nature de son traitement et les risques encourus. (Code de la sant\u00e9 publique) Le moins qu\u2019on puisse dire c\u2019est que ces pr\u00e9tendus consentements sont loin d\u2019avoir \u00e9t\u00e9 \u00ab \u00e9clair\u00e9s \u00bb.4 &#8211; Effets secondaires : Bon, c\u2019est vrai, on n\u2019en entend gu\u00e8re parler. Ils sont si nombreux et si graves que si l\u2019information avait circul\u00e9, il y a belle lurette que plus personne n\u2019accepterait de se faire injecter.  C\u2019est pourquoi les pouvoirs publics ont ordonn\u00e9 aux grands m\u00e9dias de ne pas en parler. Mais de temps \u00e0 autre une information alarmante perce tout de m\u00eame la \u00ab chape de plomb \u00bb de la censure, comme le cas de cette jeune fille (17 ans) de Gardanne dans les Bouches du Rh\u00f4ne morte d\u2019une embolie pulmonaire massive qq jours apr\u00e8s la premi\u00e8re injection ou ce jeune-gar\u00e7on (14 ans) mort \u00e0 Toulon d\u2019un arr\u00eat cardiaque 2 jours apr\u00e8s sa premi\u00e8re injection.En v\u00e9rit\u00e9, sources officielles de l\u2019Agence Europ\u00e9enne du m\u00e9dicament, ce sont plus de 29 000 europ\u00e9ens qui sont d\u00e9c\u00e9d\u00e9s dans les jours suivant l\u2019injection. Or ces chiffres sont minimis\u00e9s, de nombreux cas suspects ne sont pas m\u00eame signal\u00e9s (j\u2019en connais deux pour ma part). A quoi il faut ajouter les AVC, les c\u00e9cit\u00e9s, les myocardites et p\u00e9ricardites, les emboliesVoil\u00e0 des choses que les soignants et les pompiers savent mieux que d\u2019autres et qui explique la pr\u00e9venance de certains d\u2019entre eux.5 &#8211; Enflure de la crise du Covid et manipulation de masse. Pour les besoins d\u2019une mauvaise cause, sur laquelle je ne m\u2019\u00e9tendrais pas ici,  la crise du covid, sa l\u00e9talit\u00e9, ont \u00e9t\u00e9 exag\u00e9r\u00e9s jusqu\u2019au ridicule. Combien de fois depuis deux ans, \u00e0 chaque \u00ab dite nouvelle vague \u00bb ne nous a-t-on pas annonc\u00e9 une catastrophe humanitaire avec des centaines de milliers voire des millions de morts. Cela ne s\u2019est jamais produit. Afin d\u2019abuser l\u2019opinion avec des chiffres ils ont pris le parti de cumuler les d\u00e9c\u00e8s sur bient\u00f4t trois ann\u00e9es, ce qui ne s\u2019\u00e9tait jamais fait en mati\u00e8re d\u2019\u00e9pid\u00e9mie. Ces chiffres alarmants l\u00e2ch\u00e9s \u00e0 la cantonade pour terroriser les populations et justifier des mesures de r\u00e9torsions et liberticides de plus en plus drastiques, ne se sont jamais v\u00e9rifi\u00e9s. Non pas que les mesures prises par les autorit\u00e9s aient permis d\u2019endiguer quoique que ce soit, mais tout simplement parce que c\u2019est la loi du genre. Les terroristes d\u2019\u00c9tats nous annoncent des \u00ab variants \u00bb chaque fois plus dangereux. Mais en mati\u00e8re d\u2019\u00e9pid\u00e9mie la r\u00e9alit\u00e9 a toujours \u00e9t\u00e9 totalement contraire. Chaque nouveau variant est moins dangereux que le pr\u00e9c\u00e9dent. Cela tourne \u00e0 l\u2019absurde pour qui est attentif aux r\u00e9alit\u00e9s. Ainsi, un terroriste verbal de haut vol, \u00ab Le pr\u00e9sident de l\u2019Association m\u00e9dicale mondiale \u00bb lui-m\u00eame pr\u00e9tendait il y a 5 jours que le variant \u00ab Omicron \u00bb \u00e9tait comparable \u00e0 \u00ab Ebola \u00bb. Mais le lendemain on apprenait une autre r\u00e9alit\u00e9 de la part du docteur Ang\u00e9lique Coetzee, qui est aussi pr\u00e9sidente de \u00ab l\u2019Association m\u00e9dicale Sud-africaine \u00bb. Cette dame op\u00e8re en Afrique du Sud o\u00f9 ce variant a \u00e9t\u00e9 identifi\u00e9. Or, elle n\u2019a constat\u00e9 jusque-l\u00e0 que des sympt\u00f4mes l\u00e9gers : \u00ab des convalescences sans hospitalisation. \u00bb \u00ab Outre la fatigue, (les patients) souffraient de courbatures, d&rsquo;une toux s\u00e8che ou \u00ab\u00a0d&rsquo;une gorge qui gratte\u00a0\u00bb, a-t-elle d\u00e9taill\u00e9. Seulement quelques-uns avaient une faible fi\u00e8vre. \u00bb6 &#8211; Utilit\u00e9 de la vaccination ? Certes le Covid a \u00e9t\u00e9 dramatis\u00e9 un maximum par les autorit\u00e9s relay\u00e9es par les m\u00e9dias. On a voulu nous faire croire \u00e0 une \u00ab nouvelle peste des temps modernes \u00bb ; Mais la r\u00e9alit\u00e9 en est fort \u00e9loign\u00e9e. La l\u00e9talit\u00e9 de cette maladie est en v\u00e9rit\u00e9 tr\u00e8s limit\u00e9e. Une campagne massive de \u00ab vaccination \u00bb pour une telle maladie virale est en v\u00e9rit\u00e9 hors propos car tout \u00e0 fait disproportionn\u00e9e et inutile. Ce seul argument aurait d\u00fb suffire a dissuader les pouvoirs publics d\u2019entreprendre une telle campagne s\u2019il n\u2019avaient \u00e9taient mues par d\u2019autres motivations inavou\u00e9es.7 &#8211; Traitements ? La vaccination contre le covid est d\u2019autant moins n\u00e9cessaire, dans la plupart des cas, qu\u2019il existe des traitements et que l\u2019usage de ceux-ci r\u00e9duirait \u00e0 peu de choses les \u00ab cas graves \u00bb et les d\u00e9c\u00e8s \u00bb cons\u00e9cutifs \u00e0 la maladie. Mais pr\u00e9cis\u00e9ment les pouvoirs publics se sont employ\u00e9s \u00e0 interdire ces traitements ou \u00e0 les disqualifier, ont entrav\u00e9 la libert\u00e9 de prescrire des m\u00e9decins, afin d\u2019ouvrir une \u00ab voie royale \u00bb \u00e0 la \u00ab vaccination \u00bb d\u00e8s-lors r\u00e9put\u00e9e \u00ab la seule issue possible \u00bb. Il existe de plus des traitements prophylactiques (pr\u00e9ventifs) qui permettent d\u2019\u00e9viter de contracter la maladie et d\u2019autres maladies virales.8 &#8211; La raison du droit et de la loi. Mais au-del\u00e0 de toutes ces raisons de ne pas se faire \u00ab injecter \u00bb, il y en a d\u2019autres aussi qui rel\u00e8vent non plus du m\u00e9dical proprement dit, mais de la loi, des droits de l\u2019homme, des libert\u00e9s imprescriptibles. C\u2019est le droit de tout \u00eatre humain en effet de disposer librement de son corps et de sa sant\u00e9. C\u2019est le droit de tout \u00eatre humain d\u2019\u00eatre suffisamment inform\u00e9 des traitements qu\u2019on lui propose afin de pouvoir former ce que l\u2019on appelle \u00ab le consentement \u00e9clair\u00e9 \u00bb. Mais c\u2019est aussi son droit le plus absolu de refuser tel ou tel traitement, voire tout traitement \u00bb ; Pourquoi les pouvoirs publics s\u2019autorisent ils par des lois de circonstances, illicites, \u00e0 s\u2019\u00e9manciper du respect de ces lois fondamentales ?9 &#8211; Conclusion. Ainsi, sans m\u00eame rentrer dans des consid\u00e9rations m\u00e9dicales ou scientifiques d\u2019efficacit\u00e9 ou d\u2019effets secondaires, tout citoyens, soignants et m\u00e9decins compris, est justifi\u00e9 \u00e0 refuser d\u2019\u00eatre inject\u00e9 et la loi qui pr\u00e9tend le lui imposer est une loi illicite. Les gouvernements qui s\u2019avisent d\u2019\u00e9dicter de telles lois ill\u00e9gales se mettent eux-m\u00eames au banc de l\u2019humanit\u00e9 et m\u00e9ritent d\u2019en \u00eatre extirp\u00e9s.Je vous souhaite Claudette une bonne lecture.Patrick Seignon. \u00ab lavoiedessansvoix.fr \u00bb Lundi 22 novembre 2021.<\/p>\n","protected":false},"excerpt":{"rendered":"<p>LETTRE A CLAUDETTE,A l\u2019affiche \u00e9lectronique d\u2019appel \u00e0 manifester le samedi 20 novembre, Claudette L avait r\u00e9agi en posant la question [&hellip;]<\/p>\n","protected":false},"author":1,"featured_media":4135,"comment_status":"open","ping_status":"open","sticky":false,"template":"","format":"standard","meta":{"sfsi_plus_gutenberg_text_before_share":"","sfsi_plus_gutenberg_show_text_before_share":"","sfsi_plus_gutenberg_icon_type":"","sfsi_plus_gutenberg_icon_alignemt":"","sfsi_plus_gutenburg_max_per_row":"","site-sidebar-layout":"default","site-content-layout":"","ast-site-content-layout":"default","site-content-style":"default","site-sidebar-style":"default","ast-global-header-display":"","ast-banner-title-visibility":"","ast-main-header-display":"","ast-hfb-above-header-display":"","ast-hfb-below-header-display":"","ast-hfb-mobile-header-display":"","site-post-title":"","ast-breadcrumbs-content":"","ast-featured-img":"","footer-sml-layout":"","ast-disable-related-posts":"","theme-transparent-header-meta":"","adv-header-id-meta":"","stick-header-meta":"","header-above-stick-meta":"","header-main-stick-meta":"","header-below-stick-meta":"","astra-migrate-meta-layouts":"default","ast-page-background-enabled":"default","ast-page-background-meta":{"desktop":{"background-color":"var(--ast-global-color-4)","background-image":"","background-repeat":"repeat","background-position":"center center","background-size":"auto","background-attachment":"scroll","background-type":"","background-media":"","overlay-type":"","overlay-color":"","overlay-opacity":"","overlay-gradient":""},"tablet":{"background-color":"","background-image":"","background-repeat":"repeat","background-position":"center center","background-size":"auto","background-attachment":"scroll","background-type":"","background-media":"","overlay-type":"","overlay-color":"","overlay-opacity":"","overlay-gradient":""},"mobile":{"background-color":"","background-image":"","background-repeat":"repeat","background-position":"center center","background-size":"auto","background-attachment":"scroll","background-type":"","background-media":"","overlay-type":"","overlay-color":"","overlay-opacity":"","overlay-gradient":""}},"ast-content-background-meta":{"desktop":{"background-color":"var(--ast-global-color-5)","background-image":"","background-repeat":"repeat","background-position":"center center","background-size":"auto","background-attachment":"scroll","background-type":"","background-media":"","overlay-type":"","overlay-color":"","overlay-opacity":"","overlay-gradient":""},"tablet":{"background-color":"var(--ast-global-color-5)","background-image":"","background-repeat":"repeat","background-position":"center center","background-size":"auto","background-attachment":"scroll","background-type":"","background-media":"","overlay-type":"","overlay-color":"","overlay-opacity":"","overlay-gradient":""},"mobile":{"background-color":"var(--ast-global-color-5)","background-image":"","background-repeat":"repeat","background-position":"center center","background-size":"auto","background-attachment":"scroll","background-type":"","background-media":"","overlay-type":"","overlay-color":"","overlay-opacity":"","overlay-gradient":""}},"footnotes":""},"categories":[16],"tags":[],"class_list":["post-552","post","type-post","status-publish","format-standard","has-post-thumbnail","hentry","category-archives-cms"],"_links":{"self":[{"href":"https:\/\/lavoiedessansvoix.fr\/lavoie\/wp-json\/wp\/v2\/posts\/552","targetHints":{"allow":["GET"]}}],"collection":[{"href":"https:\/\/lavoiedessansvoix.fr\/lavoie\/wp-json\/wp\/v2\/posts"}],"about":[{"href":"https:\/\/lavoiedessansvoix.fr\/lavoie\/wp-json\/wp\/v2\/types\/post"}],"author":[{"embeddable":true,"href":"https:\/\/lavoiedessansvoix.fr\/lavoie\/wp-json\/wp\/v2\/users\/1"}],"replies":[{"embeddable":true,"href":"https:\/\/lavoiedessansvoix.fr\/lavoie\/wp-json\/wp\/v2\/comments?post=552"}],"version-history":[{"count":1,"href":"https:\/\/lavoiedessansvoix.fr\/lavoie\/wp-json\/wp\/v2\/posts\/552\/revisions"}],"predecessor-version":[{"id":3123,"href":"https:\/\/lavoiedessansvoix.fr\/lavoie\/wp-json\/wp\/v2\/posts\/552\/revisions\/3123"}],"wp:featuredmedia":[{"embeddable":true,"href":"https:\/\/lavoiedessansvoix.fr\/lavoie\/wp-json\/wp\/v2\/media\/4135"}],"wp:attachment":[{"href":"https:\/\/lavoiedessansvoix.fr\/lavoie\/wp-json\/wp\/v2\/media?parent=552"}],"wp:term":[{"taxonomy":"category","embeddable":true,"href":"https:\/\/lavoiedessansvoix.fr\/lavoie\/wp-json\/wp\/v2\/categories?post=552"},{"taxonomy":"post_tag","embeddable":true,"href":"https:\/\/lavoiedessansvoix.fr\/lavoie\/wp-json\/wp\/v2\/tags?post=552"}],"curies":[{"name":"wp","href":"https:\/\/api.w.org\/{rel}","templated":true}]}}