{"id":551,"date":"2021-12-06T10:23:00","date_gmt":"2021-12-06T09:23:00","guid":{"rendered":"https:\/\/lavoiedessansvoix.fr\/lavoie\/2021\/12\/06\/archive-le-lievre-et-les-balourds-la-gauche-a-la-poursuite-du-zemmour\/"},"modified":"2026-04-26T20:48:22","modified_gmt":"2026-04-26T18:48:22","slug":"archive-le-lievre-et-les-balourds-la-gauche-a-la-poursuite-du-zemmour","status":"publish","type":"post","link":"https:\/\/lavoiedessansvoix.fr\/lavoie\/2021\/12\/06\/archive-le-lievre-et-les-balourds-la-gauche-a-la-poursuite-du-zemmour\/","title":{"rendered":"LE LIEVRE ET LES BALOURDS (La \u00ab gauche \u00bb \u00e0 la poursuite du zemmour)"},"content":{"rendered":"<p>LE LI\u00c8VRE ET LES BALOURDS(La \u00ab gauche \u00bb \u00e0 la poursuite du zemmour)Lors d\u2019une \u00e9lection vol\u00e9e en 2017 un homme lige de leur s\u00e9rail a \u00e9t\u00e9 coopt\u00e9 par les banquiers \u00e0 la t\u00eate de l\u2019Etat Fran\u00e7ais. Ains fait, Chef d\u2019Etat ill\u00e9gitime de la 5\u00e8me R\u00e9publique Emanuel macron en restera dans les m\u00e9moires comme le plus n\u00e9faste  et le plus honni des Pr\u00e9sidents. Menteurs, cynique, pervers, hautain, m\u00e9prisant, narcissique, grossier, verniss\u00e9, inculte, arrogant, \u2026. Il est de tous ceux qui l\u2019ont pr\u00e9c\u00e9d\u00e9, s le plus ha\u00ef du peuple. Cet homme s\u2019est rendu coupable des pires attaques contre les acquis sociaux et le niveau de vie de la population, des pires exactions contre la d\u00e9mocratie politique et les libert\u00e9s. Cet homme est la terreur et le v\u00e9ritable danger encore de la France populaire. Il tient les r\u00eanes du pouvoir et projette de faire renouveler son contrat quinquennal avec comme perspective, clairement affich\u00e9e, la destruction de notre syst\u00e8me de retraite et ce qui reste du mod\u00e8le social fran\u00e7ais, l\u2019imposition d\u2019une soci\u00e9t\u00e9 num\u00e9rique enti\u00e8rement d\u00e9shumanis\u00e9. Les travailleurs, les salari\u00e9s, la totalit\u00e9 des couches populaires \u00ab classes moyennes comprises \u00bb, n\u2019ont pas de pires ennemis que Macron et ses \u00e9quipes au service exclusif de la Finance internationale.Or que voit-on, \u00e0 quel \u00e9tonnant paradoxe assistons-nous ?Emmanuel Macron, depuis deux ans, sous l\u2019\u00e9gide de l\u2019Etat d\u2019urgence sanitaire, a shunt\u00e9 les instances repr\u00e9sentatives de la nation et gouverne seul flanqu\u00e9 d\u2019un conseil de d\u00e9fense et d\u2019un conseil scientifique d\u2019ailleurs choisis par lui-m\u00eame.  Le r\u00e9gime politique sous lequel vit actuellement la France n\u2019est donc d\u00e9j\u00e0 plus, autrement qu\u2019en titre, celui de la 5\u00e9me R\u00e9publique. Celle-ci a en quelque sorte abdiqu\u00e9 au profit du \u00ab souverain-Prince \u00bb. C\u2019est un r\u00e9gime de consulat, ou mieux, ce que l\u2019on appelait \u00ab dictature \u00bb dans la Rome antique. Cette \u00ab dictature politique institutionnelle \u00bb est aussi, dans la main de ce \u00ab satrape \u00bb, un r\u00e9gime despotique qui se plait \u00e0 brimer, humilier, et tyranniser le peuple : confiscation des libert\u00e9s les plus \u00e9l\u00e9mentaires et les plus fondamentales., imposition de brimades telles que le (port d\u2019un masque, obligation vaccinale de certaines cat\u00e9gories sociales ou professionnelles), de punitions : amandes, suspension sans salaires et sans revenus de personnels soignants, pompiers, gendarmes ou militaires. Etc.Tous dispositifs coercitifs qui sont utilis\u00e9s en foulant au pied les r\u00e8gles du droit du travail et les principes fondateurs de la d\u00e9claration des droits de l\u2019Homme. Or que voit-on ? Des Partis qui se disent de gauche, des syndicats ouvriers qui se caract\u00e9risent eux-m\u00eames \u00ab de luttes de classes \u00bb, des micros partis qui osent encore se pr\u00e9tendre d\u2019extr\u00eame gauche ou m\u00eame \u00ab r\u00e9volutionnaires \u00bb, de pr\u00e9tendus \u00ab antifas \u00bb, qui refusent de mener contre se pouvoir autocratique la lutte pour les libert\u00e9s, qui sont m\u00eame les premiers \u00e0 r\u00e9clamer plus d\u2019autoritarisme et de coercition et qui assistent sans s\u2019insurger \u00e0 la suspension et \u00e0 la privation des moyens de subsistances de leurs amis ou camarades salari\u00e9sDu point de vue de la purulence sociale, m\u00eame l\u2019\u00e9poque noire de l\u2019occupation allemande (1940\/1944) ne nous avait pas offert un tel tableau. Ils refusent de lutter pour les libert\u00e9s, contre la tyrannie macroniste, bien r\u00e9elle, bien pr\u00e9sente, bien dangereuse et mutilante. Aucune de ces organisations n\u2019a pris part aux manifestations qui se d\u00e9roulent en France chaque samedi contre le passe (sanitaire) pour la libert\u00e9 vaccinale, pour la d\u00e9fense des libert\u00e9s. Mais voil\u00e0 que tout \u00e0 coup elle se r\u00e9veillent. Le pouvoir et ses acolytes leur ont l\u00e2ch\u00e9 un leurre. Balourds comme des l\u00e9vriers s\u00e9niles ils se lancent tout de \u00ab go \u00bb, sans plus de r\u00e9flexion, \u00e0 la poursuite du \u00ab Zemmour \u00bb. \u00a0\u00bb Une cinquantaine d\u2019organisations syndicales, de partis et d\u2019associations (appelaient) \u00e0 manifester dimanche \u00e0 Paris pour \u00ab faire taire \u00bb Eric Zemmour, qui tiendra dans l\u2019apr\u00e8s-midi son premier meeting en Seine-Saint-Denis. Si le candidat \u00e0 la pr\u00e9sidentielle a chang\u00e9 le lieu de son meeting, les organisations syndicales conservent l\u2019endroit initial de la manifestation.\u00a0\u00bb (Ouest-France ; 2\/12\/2021)Ils avaient fait, nous dit-on, le pari du nombre \u00bb. Ils \u00e9taient 2000. Bravo ! Qu\u2019elle terrifiante mobilisation populaire. Et ils sont pourtant tr\u00e8s fiers d\u2019eux : \u00ab avoir fait fuir Eric Zemmour c\u2019est d\u00e9j\u00e0 une petite victoire \u00bb se rassurent-ils.Mais l\u2019avez-vous fait taire ?\u2026 Au fait, faire taire un adversaire politique, en voil\u00e0 une  jolie perspective pour les d\u00e9mocrates que vous \u00eates. \u00ab Zemmour \u00bb professe sans nul doute des id\u00e9es dangereuses et naus\u00e9abondes. Mais Zemmour n\u2019est pas aux commandes et probablement n\u2019y sera-t-il jamais ; Il a \u00e9t\u00e9 mis en piste par les soutiens financiers et m\u00e9diatiques de Macron pour servir de d\u00e9rivatif \u00e0 des \u00e9lecteurs potentiels de Marine Le Pen, en \u00e9garer quelques dizaines de milles dans un cul de sac politico m\u00e9diatique afin d\u2019emp\u00eacher celle-ci de figurer au second tour des \u00e9lection Pr\u00e9sidentielles de 2022.La candidature Zemmour, enfl\u00e9e pour l\u2019heure par toute la machinerie m\u00e9diatique, a aussi un autre avantage au point de vue du pouvoir sortant ; En focalisant le d\u00e9bat Droite\/extr\u00eame droite, pour un peu elle nous ferait apparaitre le pire r\u00e9actionnaire de l\u2019Histoire contemporaine de la France comme \u00ab un gentil progressiste \u00bb.Et voil\u00e0 que ces imb\u00e9ciles de l\u00e9vriers balourds foncent t\u00eate baiss\u00e9e dans \u00ab le pas \u00bbde la b\u00eate la truffe au sol, sans rien voir ni comprendre de la r\u00e9alit\u00e9. En se lan\u00e7ant \u00e0 la poursuite \u00ab du Zemmour \u00bb ils ne voient pas qu\u2019ils contribuent \u00e0 fixer eux-m\u00eames le d\u00e9bat politico social \u00e0 l\u2019extr\u00eame droite. Ils ne comprennent pas qu\u2019ils contribuent \u00e0 corriger par comparaison l\u2019ex\u00e9crable image de Macron et \u00e0 creuser l\u2019orni\u00e8re dans laquelle celui-ci veut pi\u00e9ger le d\u00e9bat politique \u00e0 telle fin qu\u2019 il puisse une nouvelle fois (m\u00eame mal) se faire \u00e9lire \u00ab contre l\u2019extr\u00eame droite \u00bb.  Faire de se sujet contre tous les autres \uf04clibert\u00e9s, d\u00e9mocratie, casse sociale) le sujet central, obs\u00e9dant,  de la campagne des Pr\u00e9sidentielles. Il ne voient pas non plus l\u2019ignominie qu\u2019il y a \u00e0 se mobiliser contre un danger supput\u00e9,  sinon carr\u00e9ment fictif, non encore r\u00e9el, dans le temps m\u00eame o\u00f9 ils refusent de le faire contre l\u2019extr\u00eame droite \u00ab financiaro\/lib\u00e9rale \u00bb (le vrai fascisme de notre temps) qui pr\u00e9cipite des millions d\u2019\u00eatres humains dans la mis\u00e8re et la d\u00e9sesp\u00e9rance confisque les libert\u00e9s et \u00e9crase les peuples sous une chape de plomb autoritariste.. Ces gens marchent \u00e0 c\u00f4t\u00e9 de leurs chaussures, seriez-vous tent\u00e9s de dire ?C\u2019est pire, ils marchent \u00e0 c\u00f4t\u00e9 de l\u2019Histoire ! Pauvre gauche sociale !Patrick Seignon. \u00ab lavoiedessansvoix.fr \u00bb ; Lundi 6 d\u00e9cembre 2021.<\/p>\n","protected":false},"excerpt":{"rendered":"<p>LE LI\u00c8VRE ET LES BALOURDS(La \u00ab gauche \u00bb \u00e0 la poursuite du zemmour)Lors d\u2019une \u00e9lection vol\u00e9e en 2017 un homme [&hellip;]<\/p>\n","protected":false},"author":1,"featured_media":4133,"comment_status":"open","ping_status":"open","sticky":false,"template":"","format":"standard","meta":{"sfsi_plus_gutenberg_text_before_share":"","sfsi_plus_gutenberg_show_text_before_share":"","sfsi_plus_gutenberg_icon_type":"","sfsi_plus_gutenberg_icon_alignemt":"","sfsi_plus_gutenburg_max_per_row":"","site-sidebar-layout":"default","site-content-layout":"","ast-site-content-layout":"default","site-content-style":"default","site-sidebar-style":"default","ast-global-header-display":"","ast-banner-title-visibility":"","ast-main-header-display":"","ast-hfb-above-header-display":"","ast-hfb-below-header-display":"","ast-hfb-mobile-header-display":"","site-post-title":"","ast-breadcrumbs-content":"","ast-featured-img":"","footer-sml-layout":"","ast-disable-related-posts":"","theme-transparent-header-meta":"","adv-header-id-meta":"","stick-header-meta":"","header-above-stick-meta":"","header-main-stick-meta":"","header-below-stick-meta":"","astra-migrate-meta-layouts":"default","ast-page-background-enabled":"default","ast-page-background-meta":{"desktop":{"background-color":"var(--ast-global-color-4)","background-image":"","background-repeat":"repeat","background-position":"center center","background-size":"auto","background-attachment":"scroll","background-type":"","background-media":"","overlay-type":"","overlay-color":"","overlay-opacity":"","overlay-gradient":""},"tablet":{"background-color":"","background-image":"","background-repeat":"repeat","background-position":"center center","background-size":"auto","background-attachment":"scroll","background-type":"","background-media":"","overlay-type":"","overlay-color":"","overlay-opacity":"","overlay-gradient":""},"mobile":{"background-color":"","background-image":"","background-repeat":"repeat","background-position":"center center","background-size":"auto","background-attachment":"scroll","background-type":"","background-media":"","overlay-type":"","overlay-color":"","overlay-opacity":"","overlay-gradient":""}},"ast-content-background-meta":{"desktop":{"background-color":"var(--ast-global-color-5)","background-image":"","background-repeat":"repeat","background-position":"center center","background-size":"auto","background-attachment":"scroll","background-type":"","background-media":"","overlay-type":"","overlay-color":"","overlay-opacity":"","overlay-gradient":""},"tablet":{"background-color":"var(--ast-global-color-5)","background-image":"","background-repeat":"repeat","background-position":"center center","background-size":"auto","background-attachment":"scroll","background-type":"","background-media":"","overlay-type":"","overlay-color":"","overlay-opacity":"","overlay-gradient":""},"mobile":{"background-color":"var(--ast-global-color-5)","background-image":"","background-repeat":"repeat","background-position":"center center","background-size":"auto","background-attachment":"scroll","background-type":"","background-media":"","overlay-type":"","overlay-color":"","overlay-opacity":"","overlay-gradient":""}},"footnotes":""},"categories":[16],"tags":[],"class_list":["post-551","post","type-post","status-publish","format-standard","has-post-thumbnail","hentry","category-archives-cms"],"_links":{"self":[{"href":"https:\/\/lavoiedessansvoix.fr\/lavoie\/wp-json\/wp\/v2\/posts\/551","targetHints":{"allow":["GET"]}}],"collection":[{"href":"https:\/\/lavoiedessansvoix.fr\/lavoie\/wp-json\/wp\/v2\/posts"}],"about":[{"href":"https:\/\/lavoiedessansvoix.fr\/lavoie\/wp-json\/wp\/v2\/types\/post"}],"author":[{"embeddable":true,"href":"https:\/\/lavoiedessansvoix.fr\/lavoie\/wp-json\/wp\/v2\/users\/1"}],"replies":[{"embeddable":true,"href":"https:\/\/lavoiedessansvoix.fr\/lavoie\/wp-json\/wp\/v2\/comments?post=551"}],"version-history":[{"count":2,"href":"https:\/\/lavoiedessansvoix.fr\/lavoie\/wp-json\/wp\/v2\/posts\/551\/revisions"}],"predecessor-version":[{"id":4134,"href":"https:\/\/lavoiedessansvoix.fr\/lavoie\/wp-json\/wp\/v2\/posts\/551\/revisions\/4134"}],"wp:featuredmedia":[{"embeddable":true,"href":"https:\/\/lavoiedessansvoix.fr\/lavoie\/wp-json\/wp\/v2\/media\/4133"}],"wp:attachment":[{"href":"https:\/\/lavoiedessansvoix.fr\/lavoie\/wp-json\/wp\/v2\/media?parent=551"}],"wp:term":[{"taxonomy":"category","embeddable":true,"href":"https:\/\/lavoiedessansvoix.fr\/lavoie\/wp-json\/wp\/v2\/categories?post=551"},{"taxonomy":"post_tag","embeddable":true,"href":"https:\/\/lavoiedessansvoix.fr\/lavoie\/wp-json\/wp\/v2\/tags?post=551"}],"curies":[{"name":"wp","href":"https:\/\/api.w.org\/{rel}","templated":true}]}}