{"id":550,"date":"2021-12-13T04:30:00","date_gmt":"2021-12-13T03:30:00","guid":{"rendered":"https:\/\/lavoiedessansvoix.fr\/lavoie\/2021\/12\/13\/archive-pas-de-treve-des-confiseurs-pour-la-mobilisation\/"},"modified":"2026-04-26T20:48:15","modified_gmt":"2026-04-26T18:48:15","slug":"archive-pas-de-treve-des-confiseurs-pour-la-mobilisation","status":"publish","type":"post","link":"https:\/\/lavoiedessansvoix.fr\/lavoie\/2021\/12\/13\/archive-pas-de-treve-des-confiseurs-pour-la-mobilisation\/","title":{"rendered":"PAS DE TREVE DES CONFISEURS POUR LA MOBILISATION."},"content":{"rendered":"<p>PAS DE TR\u00caVE DES CONFISEURSPOUR LA MOBILISATION.Le 12juillet Emmanuel Macron pronon\u00e7ait une allocution t\u00e9l\u00e9vis\u00e9e qui allait laisser des traces. \u00c7a ne s\u2019\u00e9tait jamais vu durant ce que l\u2019on appelait jusque-l\u00e0, la tr\u00eave estivale, d\u00e8s le 17 juillet des centaines de milliers de manifestants descendaient dans les rues, et les manifestations tr\u00e8s nombreuses dur\u00e8rent tout l\u2019\u00e9t\u00e9. Elles durent encore \u00e0 l\u2019approche de la fin de l\u2019an.La strat\u00e9gie du pouvoir face \u00e0 cette contestation, nouvelle apr\u00e8s celle des \u00ab gilets-jaunes \u00bb et largement inspir\u00e9e d\u2019eux, \u00e0 la r\u00e9pression pr\u00e8s, fut de m\u00eame nature : d\u00e9nigrement et black-out de l\u2019information, verrouillage social avec l\u2019appuis des partis politiques de tous bord et les conf\u00e9d\u00e9rations syndicales (sorte d\u2019union sacr\u00e9e anti contagion) faire le dos rond, laisser passer l\u2019orage, gagner du temps jouer la lassitude et le pourrissement. Il lui fallait tenir bon jusqu\u2019\u00e0 l\u2019entr\u00e9e dans la p\u00e9riode \u00e9lectorale. Il n\u2019y a pas de pire ni de meilleur \u00ab \u00e9touffoir \u00bb des luttes et des contestations sociales que les p\u00e9riodes \u00e9lectorales, particuli\u00e8rement bien s\u00fbr celle de cette \u00e9ch\u00e9ance majeure qu\u2019est l\u2019\u00e9lection pr\u00e9sidentielle. Nous y voil\u00e0. Allons-nous nous laisser pi\u00e9ger dans le \u00ab marais \u00e9lectoral \u00bb ? Allons-nous nous laisser d\u00e9voyer par les singeries des candidats dont aucun n\u2019a d\u00e9nonc\u00e9 clairement la d\u00e9rive liberticide et totalitaire du pouvoir, dont aucun n\u2019a eu la pertinence de d\u00e9noncer la dictature sanitaire ? Allons-nous baisser les bras en attendant le \u00ab verdict des urnes \u00bb dont on sait fort bien, quel qu\u2019il soit, qu\u2019il sera lamentable et tout aussi inacceptable, pour le peuple laborieux et les fran\u00e7ais libres ?NON ! non ! non ! Je ne puis y croire, je ne puis m\u2019y r\u00e9soudre. Je ne puis souffrir l\u2019id\u00e9e de finir ma vie comme une t\u00eate de b\u00e9tail propri\u00e9t\u00e9 de l\u2019\u00e9tat, trac\u00e9 en permanence dans tous les actes de sa vie et forc\u00e9 d\u2019ob\u00e9ir aux injonctions tyranniques d\u2019un pouvoir ubuesque. Je ne puis souffrir l\u2019id\u00e9e, \u00e0 l\u2019heure o\u00f9 tombera pour moi le rideau du th\u00e9\u00e2tre de la vie, de c\u00e9der un monde pareil aux enfants du peuple jaloux de libert\u00e9 que nous f\u00fbmes.Il n\u2019y a pas eu cette ann\u00e9e 2021 de tr\u00eave estivale, il ne doit pas y avoir de tr\u00eave de no\u00ebl. La lutte contre le passe sanitaire, pour la libert\u00e9 vaccinale, contre les suspensions des personnels qui refusent d\u2019\u00eatre inject\u00e9s, pour les libert\u00e9s, doit se poursuivre sans rel\u00e2che afin que l \u00bbann\u00e9e 2022commence sous le signe de la contestation et que l\u2019on ne se laisse pas voler notre lutte par l\u2019emballement m\u00e9diatico-\u00e9lectoral qui marquera n\u00e9cessairement le tournant de l\u2019ann\u00e9e.Alors, direz-vous, mais les manifestations sont en perte de vitesse, moins nombreuses, la lassitude a fait son \u0153uvre. Rien ne sert de s\u2019obstiner. Pour incontestable qu\u2019elle est ette r\u00e9alit\u00e9, est-elle irr\u00e9versible ? je ne suis pas aveugle, ni dans le d\u00e9ni, je la vois bien moi aussi, tout comme vous, mais elle n\u2019est pas la seule r\u00e9alit\u00e9 \u00e0 caract\u00e9riser la situation : La v\u00e9rit\u00e9 officielle, unique et totalitaire se fissure de toute part. D\u2019abord parce que malgr\u00e9 le black-out de l\u2019information les alertes sur les effets secondaires graves et nombreux finissent par bruirent aux oreilles les plus r\u00e9calcitrantes. Ensuite parce que les informations m\u00eame filtr\u00e9es sur l\u2019inefficacit\u00e9 de la vaccination se sont faites l\u00e9gion et que la volont\u00e9 elle-m\u00eame d\u2019imposer une 3\u00e8me puis une quatri\u00e8me dose ne font que contribuer \u00e0 accroitre le doute. ; Enfin parce que des m\u00e9decins ou personnalit\u00e9s du monde scientifique qui s\u2019\u00e9taient jusque-l\u00e0 astreints \u00e0 la r\u00e9serve viennent \u00e0 pr\u00e9sent, presque chaque jour, jeter de nouvelles pierres dans les jardins des Macron et V\u00e9ran. Le t\u00e9moignage le plus \u00e9tonnant et aussi le plus path\u00e9tique de cette fissuration nous est donn\u00e9 par le Docteur Martin Blachier qui apr\u00e8s avoir \u00e9t\u00e9 un ardent d\u00e9fenseur de la politique sanitaire du gouvernement parait \u00e0 pr\u00e9sent marcher \u00e0 cot\u00e9 de ses chaussures victime d\u2019une \u00ab terrible temp\u00eate sous le cr\u00e2ne \u00bb.Les motifs de m\u00e9contentements et les griefs, contre le pouvoir ne cessent de s\u2019accumuler. Avec les cons\u00e9quences catastrophiques, tant sanitaires que sociales et \u00e9conomiques, les mat\u00e9riaux de la r\u00e9volte sont de plus en plus nombreux et de plus en plus inflammables.NON, le temps n\u2019est pas au repli et \u00e0 la d\u00e9bandade ; Il est au contraire \u00e0 l\u2019offensive et \u00e0 la pers\u00e9v\u00e9rance. Comment donc ! Rel\u00e2cherait-on notre effort quand l\u2019\u00e9difice branlant donne des signes de vouloir se l\u00e9zarder sous l\u2019action des luttes et des faits ?Il faut maintenir la flamm\u00e8che allum\u00e9e malgr\u00e9 les vents contraires du moment. Il faut franchir dans l\u2019action le cap fatidique des f\u00eates de fins d\u2019ann\u00e9e et que la campagne \u00e9lectorale des pr\u00e9sidentielles qui arrive s\u2019ouvre sous le signe des luttes sociales contre la d\u00e9rive totalitaire pour la d\u00e9fense des libert\u00e9s.Nous qui ne sommes ni cigale ni fourmi, comme nous avons manifest\u00e9 tout l\u2019\u00e9t\u00e9, nous manifesterons encore tout l\u2019hiver et au-del\u00e0. Par nos manifestations, nos actions, nos interventions, nous inscrirons, cette campagne \u00e9lectorale des pr\u00e9sidentielles 2022, sous le signe de la lutte du peuple pour les libert\u00e9s contre le passe-(sanitaire) et contre la casse sociale.L\u2019abstention, les votes blancs et nuls cumul\u00e9s, \u00e9tait \u00e9norme lors des \u00e9lections pr\u00e9sidentielles de 2017, sans compter les votes \u00ab extorqu\u00e9s \u00bb \u00e0 beaucoup d\u2019\u00e9lecteurs avec des arguments fallacieux. Emmanuel Macron \u00e9lu par une minorit\u00e9 de fran\u00e7ais aux termes d\u2019une campagne men\u00e9e tambours battant par les m\u00e9dias propri\u00e9t\u00e9 des milliardaires, fut ainsi d\u2019avantage coopt\u00e9 par les Banquiers \u00e0 la t\u00eate de l\u2019Etat qu\u2019il n\u2019a \u00e9t\u00e9 l\u2019\u00e9lu du peuple.Depuis l\u2019arrogance du pouvoir et le rejet de celui-ci par le corps \u00e9lectoral n\u2019ont cess\u00e9 de croitre. Les derniers scrutins (municipaux, r\u00e9gionaux, d\u00e9partementaux, ou partiels) semblent n\u2019avoir fait que confirmer cette tendance. Tout porte \u00e0 croire qu\u2019il en ira des prochaines pr\u00e9sidentielles comme des pr\u00e9c\u00e9dentes, dans une ambiance de rejet global de toute \u00ab la classe politique, droite et gauche confondues. Au bout de quoi une abstention si massive qu\u2019elle pourrait-\u00eatre de nature \u00e0 entacher la l\u00e9gitimit\u00e9 d\u2019un nouveau pr\u00e9sident (si mal \u00e9lu).C\u2019est \u00e0 cela qu\u2019il faut \u0153uvrer, c\u2019est \u00e0 creuser la fosse o\u00f9 doit s\u2019engloutir la R\u00e9publique honnie, afin de d\u00e9gager l\u2019horizon pour la naissance d\u2019une nouvelle R\u00e9publique populaire et vraiment d\u00e9mocratique, fond\u00e9e sur la valeur travail, le partage et la solidarit\u00e9.C\u2019est \u00e0 \u00e9viter cela que vont s\u2019employer les pouvoirs publics, le monde politique se serrant les coudes dans une sorte d\u2019Union Sacr\u00e9e pour sauver les institutions, et les m\u00e9dias coalis\u00e9s.Toutes les options qui consistent \u00e0 rendre du cr\u00e9dit et de l\u2019int\u00e9r\u00eat \u00e0 l\u2019\u00e9lection Pr\u00e9sidentielle en donnant \u00e0 croire \u00e0 une issue institutionnelle possible, \u00e0 un nouveau sauveur supr\u00eame, (Pr\u00e9sident, Bonaparte ou \u00ab Boulanger \u00bb), parce qu\u2019il est jeune beau riche et intelligent, ou parce qu\u2019il est vieux pauvre sage et messianique, ou parce qu\u2019elle est une femme et que les femmes \u00ab c\u2019est diff\u00e9rent \u00bb, ne seraient que des d\u00e9rivatifs pour tenter de prolonger les jours de cette R\u00e9publique moribonde.Dans la lutte contre le passe (sanitaire) pour les libert\u00e9s, s\u2019est scell\u00e9e une sorte d\u2019alliance de classe de facto entre monde ouvrier, couches salari\u00e9s, professions lib\u00e9rales, et classes moyennes de ce pays. Il y a \u00e0 cela une raison de fond. C\u2019est que le capital financier aux commandes ne se contente plus de pressurer les couches populaires les moins favoris\u00e9es, mais qu\u2019il attaque de front, les acquis, les certitudes, le statut social et les valeurs de ces \u00ab classes moyennes \u00bb qui se croyaient jusqu\u2019ici plus ou moins pr\u00e9serv\u00e9es. C\u2019est une chance historique inou\u00efe qui permet d\u2019envisager comme un horizon possible, une vraie et profonde transformation sociale, la mise sous tutorat public du syst\u00e8me financier bancaire et des \u00ab G.A.F.A.M. \u00bb dont la puissance d\u00e9mesur\u00e9e met en p\u00e9ril nos libert\u00e9s et notre d\u00e9mocratie, et pousse nos soci\u00e9t\u00e9s vers une catastrophe totalitaire plan\u00e9taire. Tout cela doit commencer par un grand coup de balai historique. C\u2019est \u00ab le d\u00e9gagisme \u00bb qui est \u00e0 l\u2019ordre du jour et non pas un sc\u00e9nario \u00e9lectoral, quel qu\u2019il soit, par la vertu duquel les ayants chass\u00e9s par la porte ils revendraient par la fen\u00eatre.Les urnes n\u2019entendent pas le peupleVous ne voulez pas \u00eatre bern\u00e9s, flou\u00e9s une fois de plus, Alors je vous en conjure \u00ab ne l\u00e2chez pas la proie pour l\u2019ombre. \u00bb. Restez mobilis\u00e9s, revenez plus nombreux et plus d\u00e9termin\u00e9s aux manifestations.C\u2019est dans l\u2019action et la manifestation que nous devons nous faire entendre et respecter.Patrick Seignon. \u00ab lavoiedessansvoix.fr \u00bb. Lundi 13 d\u00e9cembre 2021.<\/p>\n","protected":false},"excerpt":{"rendered":"<p>PAS DE TR\u00caVE DES CONFISEURSPOUR LA MOBILISATION.Le 12juillet Emmanuel Macron pronon\u00e7ait une allocution t\u00e9l\u00e9vis\u00e9e qui allait laisser des traces. \u00c7a [&hellip;]<\/p>\n","protected":false},"author":1,"featured_media":4132,"comment_status":"open","ping_status":"open","sticky":false,"template":"","format":"standard","meta":{"sfsi_plus_gutenberg_text_before_share":"","sfsi_plus_gutenberg_show_text_before_share":"","sfsi_plus_gutenberg_icon_type":"","sfsi_plus_gutenberg_icon_alignemt":"","sfsi_plus_gutenburg_max_per_row":"","site-sidebar-layout":"default","site-content-layout":"","ast-site-content-layout":"default","site-content-style":"default","site-sidebar-style":"default","ast-global-header-display":"","ast-banner-title-visibility":"","ast-main-header-display":"","ast-hfb-above-header-display":"","ast-hfb-below-header-display":"","ast-hfb-mobile-header-display":"","site-post-title":"","ast-breadcrumbs-content":"","ast-featured-img":"","footer-sml-layout":"","ast-disable-related-posts":"","theme-transparent-header-meta":"","adv-header-id-meta":"","stick-header-meta":"","header-above-stick-meta":"","header-main-stick-meta":"","header-below-stick-meta":"","astra-migrate-meta-layouts":"default","ast-page-background-enabled":"default","ast-page-background-meta":{"desktop":{"background-color":"var(--ast-global-color-4)","background-image":"","background-repeat":"repeat","background-position":"center center","background-size":"auto","background-attachment":"scroll","background-type":"","background-media":"","overlay-type":"","overlay-color":"","overlay-opacity":"","overlay-gradient":""},"tablet":{"background-color":"","background-image":"","background-repeat":"repeat","background-position":"center center","background-size":"auto","background-attachment":"scroll","background-type":"","background-media":"","overlay-type":"","overlay-color":"","overlay-opacity":"","overlay-gradient":""},"mobile":{"background-color":"","background-image":"","background-repeat":"repeat","background-position":"center center","background-size":"auto","background-attachment":"scroll","background-type":"","background-media":"","overlay-type":"","overlay-color":"","overlay-opacity":"","overlay-gradient":""}},"ast-content-background-meta":{"desktop":{"background-color":"var(--ast-global-color-5)","background-image":"","background-repeat":"repeat","background-position":"center center","background-size":"auto","background-attachment":"scroll","background-type":"","background-media":"","overlay-type":"","overlay-color":"","overlay-opacity":"","overlay-gradient":""},"tablet":{"background-color":"var(--ast-global-color-5)","background-image":"","background-repeat":"repeat","background-position":"center center","background-size":"auto","background-attachment":"scroll","background-type":"","background-media":"","overlay-type":"","overlay-color":"","overlay-opacity":"","overlay-gradient":""},"mobile":{"background-color":"var(--ast-global-color-5)","background-image":"","background-repeat":"repeat","background-position":"center center","background-size":"auto","background-attachment":"scroll","background-type":"","background-media":"","overlay-type":"","overlay-color":"","overlay-opacity":"","overlay-gradient":""}},"footnotes":""},"categories":[16],"tags":[],"class_list":["post-550","post","type-post","status-publish","format-standard","has-post-thumbnail","hentry","category-archives-cms"],"_links":{"self":[{"href":"https:\/\/lavoiedessansvoix.fr\/lavoie\/wp-json\/wp\/v2\/posts\/550","targetHints":{"allow":["GET"]}}],"collection":[{"href":"https:\/\/lavoiedessansvoix.fr\/lavoie\/wp-json\/wp\/v2\/posts"}],"about":[{"href":"https:\/\/lavoiedessansvoix.fr\/lavoie\/wp-json\/wp\/v2\/types\/post"}],"author":[{"embeddable":true,"href":"https:\/\/lavoiedessansvoix.fr\/lavoie\/wp-json\/wp\/v2\/users\/1"}],"replies":[{"embeddable":true,"href":"https:\/\/lavoiedessansvoix.fr\/lavoie\/wp-json\/wp\/v2\/comments?post=550"}],"version-history":[{"count":1,"href":"https:\/\/lavoiedessansvoix.fr\/lavoie\/wp-json\/wp\/v2\/posts\/550\/revisions"}],"predecessor-version":[{"id":3119,"href":"https:\/\/lavoiedessansvoix.fr\/lavoie\/wp-json\/wp\/v2\/posts\/550\/revisions\/3119"}],"wp:featuredmedia":[{"embeddable":true,"href":"https:\/\/lavoiedessansvoix.fr\/lavoie\/wp-json\/wp\/v2\/media\/4132"}],"wp:attachment":[{"href":"https:\/\/lavoiedessansvoix.fr\/lavoie\/wp-json\/wp\/v2\/media?parent=550"}],"wp:term":[{"taxonomy":"category","embeddable":true,"href":"https:\/\/lavoiedessansvoix.fr\/lavoie\/wp-json\/wp\/v2\/categories?post=550"},{"taxonomy":"post_tag","embeddable":true,"href":"https:\/\/lavoiedessansvoix.fr\/lavoie\/wp-json\/wp\/v2\/tags?post=550"}],"curies":[{"name":"wp","href":"https:\/\/api.w.org\/{rel}","templated":true}]}}