{"id":549,"date":"2021-12-24T03:25:00","date_gmt":"2021-12-24T02:25:00","guid":{"rendered":"https:\/\/lavoiedessansvoix.fr\/lavoie\/2021\/12\/24\/archive-l-il-etait-dans-la-tombe-et-regardait-cain-tribune\/"},"modified":"2026-04-26T20:48:05","modified_gmt":"2026-04-26T18:48:05","slug":"archive-l-il-etait-dans-la-tombe-et-regardait-cain-tribune","status":"publish","type":"post","link":"https:\/\/lavoiedessansvoix.fr\/lavoie\/2021\/12\/24\/archive-l-il-etait-dans-la-tombe-et-regardait-cain-tribune\/","title":{"rendered":"L&rsquo;\u0153il \u00e9tait dans la tombe et regardait Ca\u00efn.TRIBUNE"},"content":{"rendered":"<p>L&rsquo;\u0153il \u00e9tait dans la tombe et regardait Ca\u00efn.Je relaie dans ces colonne (avec la liste compl\u00e8te des premiers signataires) une tribune sign\u00e9e d\u00e9j\u00e0 par 1200 scientifiques et m\u00e9decins et que la censure de la v\u00e9rit\u00e9 unique tente d\u2019enterrer, comme l\u2019eut dit Victor Hugo, \u00ab Dans un silence s\u00e9pulcral \u00bb. C\u2019est que cette tribune sign\u00e9e par des centaines de scientifiques et m\u00e9decins, ne se limite plus, comme de pr\u00e9c\u00e9dentes, livres ou t\u00e9moignages, \u00e0 contester la v\u00e9rit\u00e9 unique officielle ni \u00e0 critiquer la politique sanitaire, elle d\u00e9signe le mensonge plan\u00e9taire, \u00e0 des fins d\u2019escroquerie, d\u2019une \u00e9pid\u00e9mie qui n\u2019en est pas une. L\u2019\u0153il accusateur de la conscience humaine regarde les menteurs, les escrocs, les bandits et assassins qui ont con\u00e7ue et mont\u00e9e cette cabale gigantesque afin d\u2019extorquer des centaines de milliards de dollars \u00e0 l\u2019humanit\u00e9 toute enti\u00e8re. Ils veulent \u00e9chapper, mais l\u2019\u0153il les poursuivra partout jusqu\u2019au fond de la tombe.Ils veulent enterrer cette tribune.Qu\u2019elle fleurisse partout, sur des milliers de blogs, des dizaines de milliers de page Facebook. Qu\u2019elle les poursuive, qu\u2019elle les tourmente, qu\u2019elle les pr\u00e9cipite aux t\u00e9n\u00e8bres.Patrick Seignon ; 24 d\u00e9cembre 2021.Les croquis et graphiques contenus dans cette tribune n&rsquo;ont pas \u00e9t\u00e9 reproduit lors de sa publication sur ce site. Nous tenterons de le faire dans les heures \u00e0 venir. Avec nos excuses \u00e0 vous. (LVDSV.)TRIBUNEL\u2019id\u00e9ologie de la vaccination int\u00e9grale et r\u00e9p\u00e9t\u00e9e des populations est une sorte de nouvelle religion, avec son dieu, ses grands ma\u00eetres argentiers, ses d\u00e9vots, ses techniques de propagande de masse et ses mensonges \u00e9hont\u00e9s. En ouvrant d\u00e9sormais la voie \u00e0 la vaccination des enfants et en cr\u00e9ant par ailleurs entre les citoyens des discriminations in\u00e9dites pour des r\u00e9gimes r\u00e9put\u00e9s d\u00e9mocratiques, elle viole des droits humains que l\u2019on croyait \u00ab inali\u00e9nables \u00bb et dresse les citoyens les uns contre les autres. Plus de 2.200 universitaires, m\u00e9decins et soignants alertent dans une tribune sur QG, le m\u00e9dia libre\u2022\tLa s\u00e9quence d\u2019appel \u00e0 la vaccination des enfants par le gouvernement fran\u00e7ais ce lundi 6 d\u00e9cembre \u00e9tait \u00e9crite d\u2019avance. L\u2019Agence europ\u00e9enne du m\u00e9dicament (EMA) avait autoris\u00e9 le 25 novembre l\u2019usage des vaccins exp\u00e9rimentaux contre le Covid-19 chez les enfants \u00e2g\u00e9s de 5 \u00e0 11 ans, ne faisant que suivre une nouvelle fois la Food and Drug Administration (FDA) am\u00e9ricaine (communiqu\u00e9 du 29 octobre). Ceci ne concerne plus d\u00e9sormais que le produit de Pfizer\/BioNTech, m\u00eame s\u2019il faut bien par ailleurs continuer \u00e0 \u00e9couler le stock de celui de Moderna dans les vaccinodromes. En France, la Haute Autorit\u00e9 de Sant\u00e9 (HAS) lui embo\u00eetait le pas en proposant (le 30 novembre) de vacciner tous les \u00ab enfants fragiles \u00bb, \u00e0 savoir \u00ab tous ceux qui pr\u00e9sentent un risque de faire une forme grave de la maladie et de d\u00e9c\u00e9der et pour ceux vivant dans l\u2019entourage de personnes immunod\u00e9prim\u00e9es ou vuln\u00e9rables non prot\u00e9g\u00e9es par la vaccination \u00bb. Elle appelle cela \u00ab la strat\u00e9gie du cocooning \u00bb, une appellation d\u2019apparence bienfaisante, qui masque le fait que les enfants sont bien moins contaminants que leurs parents et leurs enseignants (comme le montre une \u00e9tude de l\u2019Institut Pasteur). Et la HAS annonce d\u00e9j\u00e0 qu\u2019elle \u00ab se prononcera ult\u00e9rieurement sur la pertinence d\u2019\u00e9largir cette vaccination \u00bb. Le premier groupe (les enfants \u00ab \u00e0 risque \u00bb) concernerait d\u00e9j\u00e0 au bas mot 360.000 personnes. Mais, bizarrement, la HAS ne chiffre pas le second groupe, celui des \u00ab enfants de 5 \u00e0 11 ans vivant dans l\u2019entourage de personnes immunod\u00e9prim\u00e9es ou celui de personnes vuln\u00e9rables non prot\u00e9g\u00e9es par la vaccination \u00bb. Il faut dire que, selon le gouvernement, le taux de vaccination des personnes de plus de 65 ans d\u00e9passe les 92% en France, de sorte que l\u2019on ne voit pas tr\u00e8s bien combien de \u00ab personnes immunod\u00e9prim\u00e9es ou vuln\u00e9rables \u00bb ne seraient pas encore vaccin\u00e9es. Mais peu importe en r\u00e9alit\u00e9, l\u2019essentiel est de continuer la grande marche en avant vers la vaccination int\u00e9grale (et r\u00e9p\u00e9t\u00e9e tous les six mois au minimum) de toute l\u2019humanit\u00e9. Telle est la nouvelle religion qui se r\u00e9pand dans le monde et permet aux grands ma\u00eetres argentiers Pfizer et Moderna d\u2019engranger 1 000 dollars de b\u00e9n\u00e9fice par seconde \u00e0 chaque instant de nos vies, le tout orchestr\u00e9 par leurs vassaux r\u00e9gionaux que sont devenus la plupart des gouvernements occidentaux ainsi que les agences internationales \u2013 \u00e0 commencer par une Commission Europ\u00e9enne emmen\u00e9e par une Ursula von der Leyen orchestrant la grande op\u00e9ration vaccinale tout en ayant un fils travaillant pour le cabinet McKinsey et un mari directeur d\u2019une entreprise de biotechnologies orient\u00e9e vers les th\u00e9rapies g\u00e9n\u00e9tiques.En France, la Haute Autorit\u00e9 de Sant\u00e9 (HAS) propose de vacciner tous les \u00ab enfants fragiles \u00bb, \u00e0 savoir \u00ab tous ceux qui pr\u00e9sentent un risque de faire une forme grave de la maladie et de d\u00e9c\u00e9der \u00bbLes ressorts \u00e9cul\u00e9s de la propagande de massePour y parvenir, ces gouvernements (et les nombreux journalistes qui les suivent au garde-\u00e0-vous) utilisent toutes les vieilles ficelles de la propagande. La logique de base est celle qu\u2019expliquait d\u00e9j\u00e0 Jacques Ellul il y a 60 ans (Propagandes, 1962) : \u00ab En face de la propagande d\u2019agitation , nous trouvons la propagande d\u2019int\u00e9gration, qui est la propagande des nations \u00e9volu\u00e9es, et caract\u00e9ristique de notre civilisation. C\u2019est une propagande de conformisation \u00bb. En effet, \u00ab dans une d\u00e9mocratie, il faut associer les citoyens aux d\u00e9cisions de l\u2019Etat. C\u2019est l\u00e0 le grand r\u00f4le de la propagande. Il faut donner aux citoyens le sentiment d\u2019avoir voulu les actes du gouvernement, d\u2019en \u00eatre responsables, d\u2019\u00eatre engag\u00e9s \u00e0 les d\u00e9fendre et \u00e0 les faire r\u00e9ussir \u00bb. On reconna\u00eet l\u00e0 le fondement de ce qui est appel\u00e9 nudge de nos jours, un mot anglais \u00e0 la mode pour d\u00e9signer de vieilles techniques de marketing et de publicit\u00e9. C\u2019est en effet aux ann\u00e9es d\u2019entre-deux-guerres que remonte cette conception moderne de la propagande. L\u2019un de ses ma\u00eetres \u00e0 penser fut Edward Bernays, dont toute l\u2019\u0153uvre de propagandiste et de publicitaire reposait sur l\u2019id\u00e9e que \u00ab la masse est incapable de juger correctement des affaires publiques et que les individus qui la composent sont inaptes \u00e0 exercer le r\u00f4le de citoyens en puissance qu\u2019une d\u00e9mocratie exige de chacun d\u2019eux : bref, que le public, au fond, constitue pour la gouvernance de la soci\u00e9t\u00e9 un obstacle \u00e0 contourner et une menace \u00e0 \u00e9carter \u00bb, comme le r\u00e9sume son pr\u00e9facier fran\u00e7ais.Le premier socle permanent de cette propagande est la peur, qui permet de placer les sujets en \u00e9tat de suggestibilit\u00e9. Apr\u00e8s avoir longtemps ni\u00e9 l\u2019existence des variants (sans doute parce que c\u2019est l\u2019IHU de Marseille qui le montrait), le gouvernement s\u2019en est empar\u00e9 pour renouveler cette strat\u00e9gie de la peur. Chaque nouveau variant permet ainsi de relancer l\u2019id\u00e9e simplette des \u00ab vagues \u00bb successives cens\u00e9es nous submerger, et vient justifier de nouvelles \u00e9tapes dans l\u2019objectif de vaccination int\u00e9grale, tout en d\u00e9tournant l\u2019attention des v\u00e9ritables causes de la mortalit\u00e9 occasionn\u00e9e par ces virus. Causes qui sont essentiellement d\u2019une part la proportion croissante de personnes atteintes de maladies chroniques environnementales (ob\u00e9sit\u00e9, diab\u00e8te, insuffisances cardiaques ou respiratoires, etc.), d\u2019autre part la tiers-mondisation de l\u2019h\u00f4pital public.Vient ensuite la technique de propagande \u00ab blouses blanches et galons \u00bb bien d\u00e9crite par Etienne Aug\u00e9 (Petit trait\u00e9 de propagande. \u00c0 l\u2019usage de ceux qui la subissent, 2007). Elle consiste \u00e0 \u00ab faire appel \u00e0 des individus disposant de par leur titre, grade ou mandat, d\u2019une autorit\u00e9 sociale susceptible de b\u00e9n\u00e9ficier d\u2019une cr\u00e9dibilit\u00e9 sans rapport avec leurs propos et de provoquer chez leur audience une adh\u00e9sion \u00e0 leurs id\u00e9es, arguments ou actions \u00bb. Ainsi peut-on constater dans les m\u00e9dias \u00ab l\u2019apparition de sp\u00e9cialistes-professionnels, capables d\u2019intervenir sur des sujets dont ils n\u2019ont parfois pas une connaissance suffisante mais sur lesquels ils parviennent \u00e0 s\u2019exprimer avec un langage convaincant. Leur discours est per\u00e7u par la plupart des non-sp\u00e9cialistes comme un avis valant expertise car on a pris soin de les pr\u00e9senter, par exemple par le biais d\u2019un bandeau \u00e0 la t\u00e9l\u00e9vision, en mettant en valeur leurs titres, tels que docteur, professeur, g\u00e9n\u00e9ral, ainsi que leur domaine d\u2019expertise \u00bb. Bien entendu, pour que cela fonctionne, il faut soigneusement dissimuler leurs fr\u00e9quents liens avec les industries pharmaceutiques.En outre, les gouvernements comme celui de la France utilisent massivement un autre classique de la propagande d\u2019Etat qu\u2019Etienne Aug\u00e9 appelle \u00ab le choix truqu\u00e9 \u00bb. Il consiste \u00e0 \u00ab proposer \u00e0 un public un choix, comme s\u2019il lui revenait de trancher et de choisir la meilleure option, tout en sachant \u00e0 l\u2019avance quel sera le r\u00e9sultat de cette consultation. Ainsi, le propagandiste met l\u2019auditoire devant l\u2019alternative entre un choix inacceptable qui sera n\u00e9cessairement rejet\u00e9, et une option qui appara\u00eetra comme peu d\u00e9sir\u00e9e mais in\u00e9luctable devant l\u2019ampleur du danger qui menace \u00bb. Vaccin\u00e9s ou reconfin\u00e9s ? Vaccin\u00e9s ou remasqu\u00e9s ? Vaccin\u00e9s, gu\u00e9ris ou morts ? L\u2019histoire \u00e9tait \u00e9crite d\u2019avance pour qui sait la reconna\u00eetre: \u00ab on utilise le choix truqu\u00e9 principalement pour expliquer des sacrifices ou pour annoncer des mesures drastiques. Il n\u2019est pas rare, dans ces cas-l\u00e0, que l\u2019on utilise des expressions inqui\u00e9tantes, car l\u2019objectif est de montrer qu\u2019il n\u2019existe qu\u2019une solution pour pr\u00e9venir une catastrophe \u00bb. Et l\u2019auteur de conclure que le chef politique doit alors\u00ab s\u2019imposer dans un r\u00f4le de sauveur qui sait appr\u00e9cier l\u2019altruisme de ses \u2018ouailles\u2019. Il peut demander qu\u2019on lui sacrifie certaines libert\u00e9s primaires afin de mieux garantir la s\u00e9curit\u00e9 de chacun dans des temps troubl\u00e9s. Cette technique se retrouve \u00e0 l\u2019origine de la plupart des syst\u00e8mes de domination massifs qui conduisent \u00e0 des dictatures \u00bb.Enfin, arrive la technique de la grenouille \u00e9bouillant\u00e9e dans la c\u00e9l\u00e8bre fable : plongez une grenouille dans de l\u2019eau bouillante et elle bondira pour s\u2019\u00e9chapper, mais plongez-la dans de l\u2019eau froide et portez progressivement l\u2019eau \u00e0 \u00e9bullition, la grenouille s\u2019engourdira et finira par mourir de cette cuisson sans s\u2019en apercevoir. Les gouvernements usent et abusent de cette technique de contrainte en passant leur temps \u00e0 jurer que telle obligation n\u2019arrivera jamais ou que telle cat\u00e9gorie de la population ne sera jamais concern\u00e9e, afin de ne pas alarmer la population. Tout en r\u00e9alisant la chose petit \u00e0 petit. Ainsi la vaccination fut-elle d\u2019abord r\u00e9serv\u00e9e aux personnes les plus \u00e2g\u00e9es et aux professionnels de soins. Ensuite, elle a \u00e9t\u00e9 \u00e9largie progressivement aux adultes des tranches d\u2019\u00e2ge inf\u00e9rieures, avant de passer aux adolescents, puis aux enfants. Aujourd\u2019hui ce sont les enfants r\u00e9put\u00e9s \u00ab fragiles \u00bb, pour continuer \u00e0 jouer le noble r\u00f4le de protecteur. Demain, ce sera en r\u00e9alit\u00e9 la totalit\u00e9.La r\u00e9alit\u00e9 n\u2019a pas grand-chose \u00e0 voir avec cette propagandeLa r\u00e9alit\u00e9, elle, se moque de ces manipulations des peuples. Elle se r\u00e9sume en cinq constats.Figure 1  : \u00c9volution par rapport \u00e0 2019 du nombre de d\u00e9c\u00e8s cumul\u00e9 selon l\u2019\u00e2geSource : INSEE, \u00e9tat civil. Nombre de d\u00e9c\u00e8s quotidiens transmis jusqu\u2019au 8 novembre 2021Note de lecture : manque l\u2019ann\u00e9e sur la derni\u00e8re couleur (1er mars-30 avril 2020)Le premier est que la pr\u00e9tendue \u00ab pand\u00e9mie du si\u00e8cle \u00bb n\u2019a jamais menac\u00e9 les personnes \u00e2g\u00e9es de moins de 60 ans. S\u2019il y a bien une cat\u00e9gorie de personnes qui ne risquent rien statistiquement, ce sont les enfants. Les statistiques de mortalit\u00e9 \u00e9tablies par l\u2019INSEE montrent m\u00eame que les personnes \u00e2g\u00e9es de moins de 25 ans ont connu une sous-mortalit\u00e9 en 2020 et 2021 par rapport \u00e0 2019 (Figure 1 ci-contre). Quant \u00e0 celles \u00e2g\u00e9es de 25 \u00e0 49 ans, elles n\u2019ont globalement pas vu la diff\u00e9rence. La figure montre aussi que, sur la p\u00e9riode actuelle (1er juin \u2013 8 novembre 2021), il n\u2019y a pas non plus de surmortalit\u00e9 chez les 50-64 ans.Le deuxi\u00e8me constat est qu\u2019il n\u2019est pas justifi\u00e9 d\u2019annoncer syst\u00e9matiquement le pire, aujourd\u2019hui l\u2019imminence d\u2019une \u00ab cinqui\u00e8me vague \u00bb. La r\u00e9alit\u00e9 est d\u2019abord qu\u2019il est fallacieux de pr\u00e9senter une courbe des \u00ab cas positifs \u00bb (qui d\u00e9pend de nombreux facteurs, \u00e0 commencer par la fr\u00e9quence des tests) comme une courbe du nombre de \u00ab malades \u00bb. L\u2019immense majorit\u00e9 des personnes porteuses de ce virus ont toujours \u00e9t\u00e9 peu ou pas symptomatiques. Ensuite, les hospitalisations et les d\u00e9c\u00e8s augmentent certes lentement, mais c\u2019est le cas chaque ann\u00e9e \u00e0 cette p\u00e9riode d\u2019entr\u00e9e dans l\u2019hiver. Les donn\u00e9es du r\u00e9seau Sentinelles (un r\u00e9seau fran\u00e7ais qui existe depuis 1984 et qui constitue un \u00e9chantillon de plusieurs centaines de m\u00e9decins g\u00e9n\u00e9ralistes faisant remonter leur activit\u00e9 m\u00e9dicale sur les maladies infectieuses) montrent m\u00eame que le nombre de malades se situe actuellement tr\u00e8s en de\u00e7\u00e0 non seulement des deux principales \u00e9pid\u00e9mies de Covid (mars-avril 2020 et octobre-novembre 2020), mais aussi des ann\u00e9es de plus fortes grippes saisonni\u00e8res (Figure 2 ci-contre). Ceci signifie que la sp\u00e9cificit\u00e9 de l\u2019\u00e9pid\u00e9mie de Covid ne r\u00e9side probablement pas dans sa dangerosit\u00e9 intrins\u00e8que, mais bien plut\u00f4t dans la r\u00e9ponse th\u00e9rapeutique, ou plut\u00f4t l\u2019absence de r\u00e9ponse th\u00e9rapeutique, qui lui a \u00e9t\u00e9 oppos\u00e9e par les m\u00e9decins du fait des consignes gouvernementales qui ont privil\u00e9gi\u00e9 d\u2019abord des mesures non-pharmaceutiques (confinements, couvre-feux, etc.), ensuite la \u00ab solution vaccinale \u00bb.Figure 2 : comparaison du nombre de malades recens\u00e9s lors des \u00e9pid\u00e9mies de Covid (2020-2021) et des \u00e9pid\u00e9mies de grippes saisonni\u00e8res 2019 et 2020 Source : r\u00e9seau Sentinelles, mise en forme IRSANLe troisi\u00e8me constat est que la vaccination se dirige vers 100% de couverture de la population g\u00e9n\u00e9rale sans que cela ne change rien \u00e0 la dynamique des \u00e9pid\u00e9mies successives provoqu\u00e9es par les variants. C\u2019\u00e9tait d\u00e9j\u00e0 le cas du variant Delta (Indien) lors de l\u2019\u00e9t\u00e9 dernier, et c\u2019est \u00e0 nouveau le cas du variant sud-africain dit Omicron (apparemment moins dangereux que les pr\u00e9c\u00e9dents). La conclusion est fatale : le sauvetage par la vaccination g\u00e9n\u00e9rale est un mythe. Comme toutes les religions, il ne repose que sur la foi des croyants. La r\u00e9alit\u00e9, visible depuis plusieurs mois, est que la vaccination n\u2019enraye nullement la propagation de l\u2019\u00e9pid\u00e9mie. Et pour cause, il est bien \u00e9tabli que la vaccination n\u2019emp\u00eache ni la contamination ni la transmission du virus.Le quatri\u00e8me constat est que, comme toutes les id\u00e9ologies religieuses ou la\u00efques, la vaccination int\u00e9grale est une structure psychorigide aveugle \u00e0 tout effet pervers et sourde \u00e0 toute remise en cause. En l\u2019occurrence, il est tabou de parler d\u2019effets ind\u00e9sirables graves li\u00e9s \u00e0 la vaccination des jeunes. Or la r\u00e9alit\u00e9 est l\u00e0, qui ne pourra pas \u00eatre ind\u00e9finiment cach\u00e9e sous le tapis. Les adeptes de la nouvelle religion ont d\u00e9ploy\u00e9 de grands efforts pour d\u00e9nier toute pertinence aux donn\u00e9es de pharmacovigilance qui \u00e9taient disponibles d\u00e9j\u00e0 l\u2019\u00e9t\u00e9 dernier. Ils ne pourront rien contre l\u2019accumulation des publications scientifiques qui documentent notamment les risques in\u00e9dits de probl\u00e8mes cardiaques (thromboses, p\u00e9ricardites, myocardites) chez les adolescents vaccin\u00e9s (voir par exemple ici, ici, ici, ici et l\u00e0). En d\u2019autres termes, le rapport b\u00e9n\u00e9fice\/risque est clairement d\u00e9favorable \u00e0 la vaccination des jeunes. Pour cette raison, plusieurs pays scandinaves ont d\u00e9j\u00e0 renonc\u00e9 \u00e0 injecter aux jeunes les vaccins ARNm, rejoints il y a quelques jours par le Japon. Au demeurant, lorsque le gouvernement avait saisi le Comit\u00e9 Consultatif National d\u2019Ethique le 27 avril 2021, ce dernier avait conclu que \u00ab la vaccination des enfants de moins de 12 ans ne semble pas \u00e9thiquement et scientifiquement acceptable \u00bb. Mais qui se soucie encore de l\u2019\u00e9thique ?Enfin, le cinqui\u00e8me et dernier constat est que cette id\u00e9ologie industrielle et scientiste de la vaccination int\u00e9grale fonctionne comme les religions en temps de crise par le pass\u00e9. Elle a ses grands pr\u00eatres et ses d\u00e9vots, qui monopolisent plus que jamais la parole sur les plateaux de t\u00e9l\u00e9vision. Elle a son inquisition m\u00e9diatique qui excommunie les penseurs d\u00e9viants et r\u00eaverait de pouvoir les br\u00fbler comme jadis les sorci\u00e8res. Et elle produit massivement des boucs-\u00e9missaires (les non-vaccin\u00e9s) qui sont trait\u00e9s comme autrefois les pestif\u00e9r\u00e9s ou les l\u00e9preux, plus r\u00e9cemment les victimes du Sida que J.-M. Le Pen voulait enfermer dans des \u00ab sanatoriums \u00bb. Situation d\u2019autant plus absurde que tout vaccin\u00e9 est un futur non-vaccin\u00e9 qui s\u2019ignore, puisque tout sera remis en cause pour celui ou celle qui ne fera pas sa troisi\u00e8me dose, avant sa quatri\u00e8me (d\u00e9j\u00e0 act\u00e9e par M. Delfraissy), sa cinqui\u00e8me, sa sixi\u00e8me, etcetera. Le principe m\u00eame du \u00ab pass sanitaire \u00bb a beau reposer sur un mensonge \u00e9hont\u00e9 (r\u00e9p\u00e9tons que la vaccination ne bloque ni l\u2019infection ni la transmission), sa logique discriminatoire se d\u00e9ploie dramatiquement depuis plusieurs mois. Et comme si la perte d\u2019emploi, le non-acc\u00e8s aux restaurants, aux lieux culturels, etc., ne suffisait pas, les gouvernements europ\u00e9ens rivalisent \u00e0 pr\u00e9sent d\u2019imagination contre l\u2019esp\u00e8ce de nouvel ennemi public n\u00b01 qu\u2019est devenu le non-vaccin\u00e9. A l\u2019image de l\u2019Autriche, il ne suffit plus d\u2019exclure, on voudrait maintenant mettre \u00e0 l\u2019amende, punir et enfermer. Cette logique discriminatoire morbide, qui viole des droits humains que l\u2019on croyait \u00ab inali\u00e9nables \u00bb, dresse les citoyens les uns contre les autres et sera certainement d\u00e9crite un jour par les historiens comme une sorte de folie collective orchestr\u00e9e par des personnes ayant perdu tout sens des valeurs d\u00e9mocratiques et des droits de l\u2019homme. Nous ne devons pas nous y r\u00e9signer et rester muets devant un tel d\u00e9sastre intellectuel et moral.Vous souhaitez soutenir cette tribune? Vous \u00eates chercheur, universitaire ou professionnel de sant\u00e9? Vous pouvez signer en envoyant un mail ici: tribune.liberte.expression@gmail.comLes 1 200 premiers signatairesLaurent Mucchielli, sociologue, directeur de recherche au CNRS (site)Laurent Toubiana, chercheur \u00e0 l\u2019INSERM, directeur de l\u2019IRSANPaul Touboul, professeur de m\u00e9decine (cardiologie, rythmologie) \u00e0 l\u2019universit\u00e9 de LyonJean Roudier, professeur de m\u00e9decine \u00e0 l\u2019Universit\u00e9 d\u2019Aix-Marseille, directeur de l\u2019unit\u00e9 INSERM UMRs 1097Christian V\u00e9lot, g\u00e9n\u00e9ticien mol\u00e9culaire, enseignant-chercheur \u00e0 l\u2019Universit\u00e9 Paris-SaclayJean-Paul Bourdineaud, professeur de toxicologie et biochimie \u00e0 l\u2019Universit\u00e9 de BordeauxClaude Escarguel microbiologiste, ex pr\u00e9sident du syndicat national des praticiens des h\u00f4pitaux g\u00e9n\u00e9raux, porte-parole du collectif de m\u00e9decins \u00ab traitants \u00bb \u00ab AZI-THRO-d\u2019hospitalisations, Co-pr\u00e9sident de l\u2019association de malades Covid-longs UPGCSDidier Lambert, pr\u00e9sident d\u2019une association de patients, ancien membre du Comit\u00e9 Scientifique Permanent Pharmacovigilance de l\u2019ANSMElise Carpentier, professeur de droit public \u00e0 l\u2019Universit\u00e9 d\u2019Aix-Marseille, directrice du GREDIAUCJuliette Rouchier, \u00e9conomiste, directrice de recherche au CNRSMarie-Th\u00e9r\u00e8se Dimanche-Boitrel, biologiste, directrice de recherche \u00e0 l\u2019INSERMJean-Marc Sabatier, microbiologiste, directeur de recherche au CNRSAlain Wurtz, MD, PhD, professeur \u00e9m\u00e9rite de chirurgie thoracique \u00e0 l\u2019Universit\u00e9 de LilleJacques Tilouine, professeur de Math\u00e9matiques, Universit\u00e9 de Paris XIIIBernard Boitrel, biochimiste et chimiste, directeur de recherche au CNRS, Universit\u00e9 de Rennes 1Jean-Louis Rouvillain, professeur de m\u00e9decine \u00e0 l\u2019Universit\u00e9 des Antilles-GuyaneYouri Timsit, microbiologiste, directeur de recherche au CNRSBoris Bardot, g\u00e9n\u00e9ticien, enseignant-chercheur \u00e0 Sorbonne Universit\u00e9Christian Meny, physicien, Directeur de recherche au CNRSDenis Geraads, directeur de recherches \u00e9m\u00e9rite au CNRSDani\u00e8le Dehouve, anthropologue, directrice de recherche \u00e9m\u00e9rite au CNRSPhilippe Cluzeau, Enseignant Chercheur en Chimie \u00e0 l\u2019Universit\u00e9 de BordeauxAlessandro A. Negroni, professeur de philosophie du droit, chercheur \u00e0 l\u2019Universit\u00e9 de G\u00eanes (Italie)David Lepoutre, Professeur de sociologie \u00e0 l\u2019Universit\u00e9 de Paris NanterreGa\u00ebtan Flocco, ma\u00eetre de conf\u00e9rences en sociologie, Universit\u00e9 d\u2019Evry Paris-SaclayFabrice Caudron, ma\u00eetre de conf\u00e9rences \u00e0 l\u2019Universit\u00e9 de LilleJean Baratgin, professeur en psychologie cognitive \u00e0 l\u2019Universit\u00e9 Paris 8Thierry Huck, PhD, chercheur au CNRSThomas Fernique, charg\u00e9 de recherche CNRSMarielle Aguilar, biostatisticienne au CNRSChristian Toinard, professeur des Universit\u00e9sMatthieu Smyth, professeur \u00e0 l\u2019Institut des Sciences Religieuses de l\u2019Universit\u00e9 de StrasbourgMarianne Bordenave-Jacquemin, ma\u00eetre de conf\u00e9rences en physiologie v\u00e9g\u00e9tale, Sorbonne-Universit\u00e9Rafa\u00eblle Maison, professeur de droit public \u00e0 l\u2019Universit\u00e9 Paris-SaclayChristopher Pollmann, professeur des universit\u00e9s agr\u00e9g\u00e9 de droit public, Universit\u00e9 de Lorraine\u2013MetzNicolas Sembel, professeur de sociologie \u00e0 Aix-Marseille Universit\u00e9Boris Kolev, math\u00e9maticien, directeur de recherche au CNRSEdith Galy, Professeure des universit\u00e9s en ErgonomieDominique Labb\u00e9, chercheur, retrait\u00e9 de l\u2019Universit\u00e9 de Grenoble-AlpesClaude Roux, directeur de recherche honoraire au CNRSJean-Marie Seca, professeur de sociologie \u00e0 l\u2019Universit\u00e9 de LorraineAlain Deville, Physicien, Professeur Em\u00e9rite Universit\u00e9 Aix-Marseille, membre de l\u2019APSMaryse Esterle, sociologue, Universit\u00e9 d\u2019ArtoisH\u00e9l\u00e8ne Banoun, pharmacien biologiste, PhD, ancienne charg\u00e9e de recherches \u00e0 l\u2019INSERMEmmanuelle Darles, ma\u00eetresse de conf\u00e9rences en informatique \u00e0 l\u2019Universit\u00e9 de PoitiersVincent Pavan, ma\u00eetre de conf\u00e9rences en math\u00e9matique \u00e0 Aix-Marseille Universit\u00e9Marie C\u00e9cile Gu\u00e9rin, ma\u00eetre de conf\u00e9rences HDR en droit \u00e0 l\u2019Universit\u00e9 de BordeauxSt\u00e9phane Vautier, professeur des Universit\u00e9s (psychom\u00e9trie et m\u00e9thodologie)Yves Martinez-Maure, professeur de math\u00e9matiques \u00e0 Sorbonne Universit\u00e9Carolyn Granier-Deferre, ma\u00eetre de conf\u00e9rences \u00e9m\u00e9rite \u00e0 l\u2019Universit\u00e9 de ParisNicolas Bonnet, professeur \u00e0 l\u2019Universit\u00e9 de Bourgogne-Franche-Comt\u00e9Jacques Maillard, physicien des particules et nucl\u00e9aire, retrait\u00e9 du CNRS, docteur d\u2019EtatMichel Duyme, Directeur de recherches Honoraire du CNRS, Sciences de la VieIsabelle Bore, Ma\u00eetre de Conf\u00e9rences \u00e0 l\u2019Universit\u00e9 de Picardie-Jules VerneYves Andr\u00e9, docteur en astrophysique, prix Servant de l\u2019Acad\u00e9mie des Sciences de ParisDaniel Muller, Charg\u00e9 de recherche en chimie, Universit\u00e9 de Rennes 1Nathalie Prudhomme, ma\u00eetresse de conf\u00e9rences en psychologie \u00e0 Aix-Marseille Universit\u00e9Fr\u00e9d\u00e9ric Grillot, professeur \u00e0 l\u2019Institut Polytechnique de ParisElsa Faug\u00e8re, anthropologue, charg\u00e9e de Recherches \u00e0 l\u2019INRAEClaire Berton-Carabin, directrice de rechercheAlain Joets, physicien, charg\u00e9 de recherche au CNRSFran\u00e7ois R\u00e9veret, physicien, ing\u00e9nieur de recherche au CNRSGuy Chapouilli\u00e9, professeur \u00c9m\u00e9rite ENSAV, Universit\u00e9 de Toulouse Jean Jaur\u00e8sPhilippe Schepens, professeur en Sciences du langage (retrait\u00e9) Universit\u00e9 de Franche-Comt\u00e9Pierre Bouopda, ma\u00eetre de conf\u00e9rences en Sciences \u00e9conomiques, Universit\u00e9 Polytechnique Hauts-De-FranceCatherine Frier, maitre de conf\u00e9rences \u00e0 l\u2019Universit\u00e9 de GrenobleJocelyne Porcher, directrice de recherche \u00e0 l\u2019INRAEDaniel Krob, directeur de recherches au CNRS (en disponibilit\u00e9), ancien professeur de l\u2019Ecole PolytechniqueB\u00e9atrice Mabilon-Bonfils, professeur de sociologie \u00e0 l\u2019Universit\u00e9 de Cergy-PontoiseSerge Chaumier, professeur \u00e0 l\u2019Universit\u00e9 d\u2019Artois Doroth\u00e9e Dussy, anthropologue, directrice de recherche au CNRSChristophe Al-Saleh, philosophe, ma\u00eetre de conf\u00e9rences \u00e0 l\u2019Universit\u00e9 de PicardieBernard Lamizet, ancien professeur des universit\u00e9s, Institut d\u2019\u00e9tudes politiques de LyonJean Philippe Garnier, \u00c9cole Nationale Sup\u00e9rieure d\u2019Ing\u00e9nieurs de Poitiers, Universit\u00e9 de PoitiersChristine Zimmer, ma\u00eetre de conf\u00e9rences, Universit\u00e9 de BourgogneJean-Igor Ghidina, Ma\u00eetre de conf\u00e9rences HDR \u00e0 l\u2019Universit\u00e9 de Clermont-AuvergneMichael Esfeld, professeur de philosophie des sciences, Universit\u00e9 de Lausanne (Suisse)Fr\u00e9d\u00e9ric Planchet, membre agr\u00e9g\u00e9 de l\u2019Institut des Actuaires, Professeur des universit\u00e9sJean Ch\u00e9ry, CNRS &#038; Universit\u00e9 de MontpellierGuillaume Zambrano, ma\u00eetre de conf\u00e9rences en Droit \u00e0 l\u2019Universit\u00e9 de N\u00eemesEvelyne Fargin, Professeur Em\u00e9rite \u00e0 l\u2019Universit\u00e9 de BordeauxMaryse Badel, Professeur \u00e0 l\u2019Universit\u00e9 de BordeauxCornelia Personne, PhD, Universit\u00e9 technique de Darmstadt (Allemagne)Jean Garagnon, ma\u00eetre de conf\u00e9rences honoraire \u00e0 l\u2019Universit\u00e9 de Montpellier 3Nathalie Leroux, ma\u00eetresse de conf\u00e9rences \u00e0 l\u2019Universit\u00e9 Paris NanterreHenri Courivaud, docteur en droit, charg\u00e9 de conf\u00e9rences \u00e0 l\u2019universit\u00e9 de Grenoble-AlpesAlain L\u00e9ger, Professeur de sociologie, retrait\u00e9 de l\u2019Universit\u00e9M\u00e9lanie Guyonvarch, ma\u00eetresse de conf\u00e9rences \u00e0 l\u2019Universit\u00e9 EvryLucien Samir Oulahbib, Ph. D., HDR, sociologie et sciences politiques, chercheur associ\u00e9 au CLESIDDanielle Deville, agr\u00e9g\u00e9e de sciences physiques, professeur en CPGEFran\u00e7oise Clerc, professeur \u00e9m\u00e9rite des universit\u00e9s, Sciences de l\u2019EducationPierre Chaillot, statisticienPierre Roche, docteur en sociologie HDRBruno Courcelle, Professeur \u00e9m\u00e9rite \u00e0 l\u2019Universit\u00e9 de BordeauxVincent Bertrand, ma\u00eetre de conf\u00e9rences \u00e0 l\u2019Universit\u00e9 de LorraineDenis Lafarge, Charg\u00e9 de Recherche au CNRSH\u00e9l\u00e8ne San Clemente, ing\u00e9nieur CNRSMatthieu Jouvert, ing\u00e9nieur d\u2019\u00e9tudes CNRSHerv\u00e9 Guyon, ma\u00eetre de conf\u00e9rences en Psychologie Statistique \u00e0 l\u2019Universit\u00e9 de Bretagne OccidentalePascal Visine, Ing\u00e9nieur d\u2019\u00e9tudes CNRSLaurent Le Guillou, ma\u00eetre de conf\u00e9rences (Physique) \u00e0 la Sorbonne Universit\u00e9Christakis Georgiou, politiste \u00e0 l\u2019Universit\u00e9 de Gen\u00e8veJ\u00e9r\u00f4me Vincent, ing\u00e9nieur et professeur agr\u00e9g\u00e9 de physiqueFlorence Poirier, biochimiste, Ing\u00e9nieure de Recherche \u00e0 l\u2019Universit\u00e9 Paris 13Fernand Bentolila, retrait\u00e9, professeur des universit\u00e9sFabrice Megrot, m\u00e9decin (PhD \/ HDR), chercheur associ\u00e9 au CNRSChristian Germanaz, maitre de conf\u00e9rences \u00e0 l\u2019Universit\u00e9 de La R\u00e9unionPierre-Jacques Hamard, Senior Research Scientist, Memorial Sloan Kettering Cancer Center (New York, USA)Christophe Pouzat, neurophysiologiste et statisticien, chercheur au CNRSGuillaume Lavou\u00e9, Professeur des Universit\u00e9s en Informatique, \u00c9cole Centrale de LyonIdriss Aberkane, Ph.DFabrice Colomb, sociologue, enseignant-chercheur \u00e0 l\u2019Universit\u00e9 d\u2019Evry Val d\u2019EssonneOlivier Dagnelie, ma\u00eetre de conf\u00e9rences en \u00e9conomie, Universit\u00e9 de Pau et des pays de l\u2019AdourNicolas Gu\u00e9rin, Ma\u00eetre de conf\u00e9rences (HDR) en Psychologie \u00e0 Aix-Marseille Universit\u00e9Marie-Ange Dat, enseignante-chercheuse en Sciences du langage Universit\u00e9 de NantesAndr\u00e9 Bernold, retrait\u00e9 de la Michigan State UniversitySt\u00e9phanie Dupoiron, statisticienne et professeure de math\u00e9matiques \u00e0 l\u2019Universit\u00e9 et en Grande \u00c9coleAgathe Torti Alcayaga, ma\u00eetresse de conf\u00e9rences \u00e0 l\u2019Universit\u00e9 Sorbonne Paris NordAndr\u00e9 Cayol, enseignant-chercheur retrait\u00e9 de l\u2019Universit\u00e9 de Compi\u00e8gne-SorbonneEric Teinturier, enseignant au Conservatoire National des Arts et M\u00e9tiers (CNAM)Pascal Bouchez, enseignant-chercheur \u00e0 l\u2019Universit\u00e9 Polytechnique Hauts-de-FranceRenaud Gabet, Institut Polytechnique de ParisJean Vall\u00e8s, ma\u00eetre de conf\u00e9rences en math\u00e9matiques \u00e0 l\u2019Universit\u00e9 de PauAnne-Marie Bonnand-Reilly, ex ing\u00e9nieur d\u2019\u00e9tudes \u00e0 l\u2019INSERM (m\u00e9thodologiste et biostatisticienne)Michel Deshaies, est professeur de g\u00e9ographie \u00e0 l\u2019Universit\u00e9 de LorraineGenevi\u00e8ve Lheureux, ma\u00eetresse de conf\u00e9rences \u00e0 l\u2019Universit\u00e9 Lyon 3Oscar Brousse, docteur en g\u00e9ographie, charg\u00e9 de recherche au University College London (Royaume-Uni)Martine Timsit-Berthier, docteur en m\u00e9decine, docteur en sciences, retrait\u00e9e de l\u2019Universit\u00e9 de Li\u00e8ge (Belgique)Paule Seite, Professeur de biochimie \u00e0 l\u2019Universit\u00e9 de PoitiersOllivier Charlade, enseignant-chercheur \u00e0 l\u2019Universit\u00e9 Grenoble AlpesPascal Fugier, ma\u00eetre de conf\u00e9rences \u00e0 l\u2019Universit\u00e9 de Cergy ParisLuc Forest, professeur agr\u00e9g\u00e9 de Physique, Universit\u00e9 de BordeauxMaxime Audebert, enseignant-chercheur \u00e0 l\u2019Universit\u00e9 de LyonDamien Jeanne, charg\u00e9 d\u2019enseignement aux universit\u00e9s de Caen et du Havre, chercheur associ\u00e9 au CNRSJean-Louis Olive, anthropologue, professeur \u00e0 l\u2019universit\u00e9 de Perpignan Via DomitiaOlivier Crevoisier, professeur d\u2019\u00e9conomie \u00e0 l\u2019Universit\u00e9 de Neuch\u00e2tel (Suisse)Magali Soulatges, ma\u00eetresse de conf\u00e9rences \u00e0 l\u2019Universit\u00e9 d\u2019AvignonFran\u00e7ois Hou, docteur en histoire, enseignant \u00e0 l\u2019Universit\u00e9Marie Estripeaut-Bourjac, Professeur \u00c9m\u00e9rite \u00e0 l\u2019Universit\u00e9 de BordeauxPierre Bitoun, sociologue, retrait\u00e9 de l\u2019INRAEC\u00e9line Schott, Ing\u00e9nieure d\u2019\u00e9tudes INRAEDan Ioan Muresan, ma\u00eetre de conf\u00e9rences \u00e0 l\u2019Universit\u00e9 de Rouen NormandieJo\u00ebl Colonna, Ma\u00eetre de conf\u00e9rences en droit priv\u00e9 \u00e0 Aix-Marseille Universit\u00e9Chantal Carpentier, docteur d\u2019Etat, ma\u00eetresse de conf\u00e9rences des Universit\u00e9s retrait\u00e9ePhilippe Huetz, Dr. en biophysique mol\u00e9culaire, chercheurJean-Luc P\u00e9rilli\u00e9, Ma\u00eetre de conf\u00e9rences \u00e9m\u00e9rite en Philosophie, Universit\u00e9 de Montpellier 3Guillaume Saint-Pierre, Statisticien, charg\u00e9 de recherche du d\u00e9veloppement durableAmd\u00e9 Burnol, ing\u00e9nieur, docteur en g\u00e9ochimie environnementaleVincent Lejour, Ing\u00e9nieur en g\u00e9n\u00e9tique mol\u00e9culaire, Institut Curie ParisJacques H. Julliard, Docteur en chimie, Docteur d\u2019Etat es sciences biologiques, retrait\u00e9 du CNRSFanny Kieffer, Ma\u00eetre de Conf\u00e9rences en histoire des sciences \u00e0 l\u2019Universit\u00e9 de StrasbourgFran\u00e7oise Bloch, socio-anthropologue, retrait\u00e9e du CNRSRoland Assaraf, physicien, charg\u00e9 de recherche au CNRS, Sorbonne Universit\u00e9Sylvie Bord\u00e8re, chimiste, charg\u00e9e de recherche au CNRSNicolas Chevalier, physicien, charg\u00e9 de recherche au CNRSCl\u00e9ment Evain, Ma\u00eetre de conf\u00e9rences des universit\u00e9s en physiquePatrick Verovic Ma\u00eetre de conf\u00e9rences en math\u00e9matiques \u00e0 l\u2019Universit\u00e9 Savoie Mont BlancColette Ann\u00e9, math\u00e9maticienne, retrait\u00e9e du CNRSLo\u00efc Renoud, Ph.D, ma\u00eetre de conf\u00e9rences \u00e0 Okayama University (Japon)Sylvain F\u00e8ve, ing\u00e9nieur au CNRSSabine Scarzello, Ing\u00e9nieur d\u2019\u00e9tudes au CNRS, Docteur en Sciences de la vieChristiane Capron, professeur de psychologie honoraire des Universit\u00e9sYan Bour, docteur en anthropologie, chercheur associ\u00e9 \u00e0 l\u2019Universit\u00e9 C\u00f4te d\u2019AzurGwenola Graff, Charg\u00e9e de recherche \u00e0 l\u2019Institut de Recherche pour le D\u00e9veloppement (IRD)Pierre-Marie Gassin, enseignant chercheur \u00e0 l\u2019ENSCMDenis Rotillon, ma\u00eetre de Conf\u00e9rences en Math\u00e9matiques, Universit\u00e9 de ToulouseDelphine Prou, Science Research Manager au Memorial Sloan Kettering Cancer Center a (New York, USA)Pascal Ragouet Professeur de sociologie \u00e0 l\u2019Universit\u00e9 de BordeauxClaude Dechesne, ancien charg\u00e9 de Recherche \u00e0 l\u2019INSERMEugenia Lamas, chercheuse, ancienne de l\u2019INSERMJacqueline Grima, directeur de recherches au CNRSAndr\u00e9 PICOT (pr\u00e9sident de l\u2019ATC), Directeur de recherche honoraire du CNRSAlexandra Henrion Caude, g\u00e9n\u00e9ticienne, directrice de l\u2019Institut de recherche SimplissimaFabrice Wilhelm, professeur des universit\u00e9, PR 9E section, \u00e0 l\u2019Universit\u00e9 de Franche-Comt\u00e9Olivier Ozenda, Dr en math appliqu\u00e9es de l\u2019Universit\u00e9 Grenoble alpes, post doc INRAEMich\u00e8le Leclerc-Olive, Chercheure (HDR) au CNRS honoraireGa\u00eblle Martin-Gassin, ma\u00eetre de conf\u00e9rences \u00e0 l\u2019Universit\u00e9 Montpellier Ma\u00eft\u00e9 Lascaud, professeure agr\u00e9g\u00e9e, chercheure associ\u00e9e LVis LyonMassimo Nespolo, enseignant-chercheur \u00e0 l\u2019Universit\u00e9 de Lorraine, NancySophie Le Gal, Ma\u00eetre de conf\u00e9rences \u00e0 l\u2019Universit\u00e9 de NantesRosolino Lionti, ing\u00e9nieur de rechercheMich\u00e8le Ramond, Professeur honoraire de l\u2019Universit\u00e9 Paris 8Alain Chatelet, enseignant-chercheur \u00e0 l\u2019\u00c9cole Nationale Sup\u00e9rieure d\u2019architecture de ToulouseClara Romero, Maitre de conf\u00e9rences en Sciences du langage \u00e0 l\u2019Universit\u00e9 de ParisSabine Fenner-Wegener, enseignante aux universit\u00e9s de Darmstadt et Marbourg (Allemagne)Ariel Prunell, ex Directeur de Recherche CNRS, sp\u00e9cialit\u00e9 Biologie mol\u00e9culaireShirin Jindani, PhD., enseignant \u00e0 l\u2019Universit\u00e9 Rennes 2Muriel Cassel-Piccot, ma\u00eetre de conf\u00e9rences \u00e0 l\u2019Universit\u00e9 Lyon 3Thierry Oblet, Ma\u00eetre de Conf\u00e9rences en Sociologie \u00e0 l\u2019Universit\u00e9 de BordeauxJean-Christophe Cousin, ma\u00eetre de conf\u00e9rences, Telecom Paris, Institut Polytechnique de ParisR\u00e9gis Chambert, enseignant-chercheur retrait\u00e9 de l\u2019Institut Jacques Monod de l\u2019Universit\u00e9 Paris 7Henri Persat, Dr \u00e8s Science, PhD en Biologie, m\u00e9daill\u00e9 du CNRSDuval Marie-France, Professeur retrait\u00e9e, Aix-Marseille Universit\u00e9Sacha Singh, enseignant \u00e0 l\u2019Universit\u00e9 de LilleXavier Moniot-Lundy, juriste et enseignant (droit, \u00e9conomie) \u00e0 l\u2019Universit\u00e9Etienne Fieux, Ma\u00eetre de conf\u00e9rences, Institut de Math\u00e9matiques de Toulouse, Universit\u00e9 Paul SabatierIsabelle Aubert, Maitre de conf\u00e9rences en sciences de l\u2019ing\u00e9nierie et du num\u00e9rique \u00e0 l\u2019Universit\u00e9 de BordeauxMichel Massol, Chimiste-M\u00e9decin, Professeur Honoraire \u00e0 l\u2019Universit\u00e9 Toulouse IIIIsabelle Salle, enseignante-chercheuse \u00e0 l\u2019Ecole d\u2019Economie d\u2019Amsterdam (Pays-Bas)Anne Isla, Economiste, Universit\u00e9 de ToulouseH\u00e9l\u00e8ne Conjeaud, Retrait\u00e9e, Chercheure au CNRS (Biophysique)Eric Desmons, agr\u00e9g\u00e9 de droit public, professeur des universit\u00e9sAlain P\u00e9no\u00ebl, professeur agr\u00e9g\u00e9 de math\u00e9matiques, docteur de l\u2019Universit\u00e9 Paris VIPatrick Labarthe, Professeur \u00e9m\u00e9rite \u00e0 l\u2019Universit\u00e9 de Zurich (Suisse)Anselm Gerhard, professeur \u00e0 l\u2019Universit\u00e9 de Berne (Suisse)Joseph Romano, sociologue, ma\u00eetre de conf\u00e9rences HDR, retrait\u00e9 de l\u2019Universit\u00e9 de LorraineAndr\u00e9 Fougerousse, professeur de Chimie \u00e9m\u00e9rite \u00e0 l\u2019Universit\u00e9 de StrasbourgAlain Bernard, agr\u00e9g\u00e9 de droit priv\u00e9, professeur \u00e9m\u00e9rite des universit\u00e9sRoland Hinnion, professeur de math\u00e9matiques (retrait\u00e9) \u00e0 l\u2019Universit\u00e9 Libre de Bruxelles (Belgique)Pierre Couturier, Ma\u00eetre de conf\u00e9rences \u00e0 l\u2019Universit\u00e9 de Clermont-AuvergneDenis Roux, docteur d\u2019Etat, retrait\u00e9 de l\u2019universit\u00e9Marc Cizeron, ma\u00eetre de conf\u00e9rences HDR \u00e0 l\u2019Universit\u00e9 de Clermont-AuvergneJeanne-Louise Deschamps, doctorante en droit public de l\u2019Universit\u00e9 de LimogesAgn\u00e8s Rouby, enseignante-chercheuse dans l\u2019enseignement sup\u00e9rieurGiordano Mastrocola, chercheur \u00e0 l\u2019Universit\u00e9 Toulouse \u2013 Jean Jaur\u00e8sDominique Harmand, professeur \u00e9m\u00e9rite de l\u2019Universit\u00e9 de LorraineG\u00e9raldine Victoir, ma\u00eetre de conf\u00e9rences, universit\u00e9 Paul Val\u00e9ry Montpellier 3Shanti Rouvier, docteur en Psychologie Clinique et Psychopathologie, charg\u00e9e de cours \u00e0 Aix Marseille Universit\u00e9 Thierry Ternisien d\u2019Ouville, chercheur retrait\u00e9 au Centre National d\u2019\u00e9tudes des T\u00e9l\u00e9communicationFran\u00e7oise Morato Lallemand, Maitre de conf\u00e9rences, Facult\u00e9 des sciences, Universit\u00e9 de MontpellierCharles Bourdeau, ing\u00e9nieur de recherche, retrait\u00e9 du CNRSR\u00e9mi Mongruel, \u00e9conomiste, chercheur \u00e0 l\u2019IFREMEREric Perera, Sociologue, ma\u00eetre de conf\u00e9rences HDR \u00e0 l\u2019Universit\u00e9 de MontpellierMarie lecomte-Tilouine, anthropologue, chercheuse au CNRSDaniel Richard, Professeur retrait\u00e9 des Universit\u00e9s en NeurosciencesDaniel Boichu, Enseignant-chercheur retrait\u00e9 de l\u2019Universit\u00e9 de Compi\u00e8gne\u00c9lisabeth Campagna-Paluch, docteure en Anthropologie Sociale, Universit\u00e9 Paris VIII- Saint-DenisClaude Depollier, professeur \u00e9m\u00e9rite \u00e0 le Mans Universit\u00e9Estelle Garbay-Vel\u00e1zquez, ma\u00eetre de conf\u00e9rences \u00e0 l\u2019Universit\u00e9 de Bourgogne Franche-Comt\u00e9Nadine Piat, professeur \u00e0 l\u2019\u00c9cole Nationale Sup\u00e9rieure de M\u00e9canique et des MicrotechniquesEmmanuel Piat, Ma\u00eetre de Conf\u00e9rences HDR \u00e0 l\u2019\u00c9cole Nationale Sup\u00e9rieure de M\u00e9canique et des MicrotechniquesBernard Valette, doctorat d\u2019\u00c9tat, chercheur associ\u00e9 au Laboratoire ISTerre (Chamb\u00e9ry-Grenoble, UGA, USMB), retrait\u00e9 de l\u2019IRDMartine Timsit-Berthier, Docteur en M\u00e9decine, Docteur en Sciences. Retrait\u00e9e de l\u2019Universit\u00e9 de Li\u00e8ge (Belgique)Marie-Fran\u00e7oise Petit-Glatron, chercheuse retrait\u00e9e du CNRS, Sciences de la VieMaxime Parisotto, Ph.D et chercheur en biochimiePauline Garnier-G\u00e9r\u00e9, PhD, Chercheur en g\u00e9n\u00e9tique \u00e9volutive \u00e0 INRAEPhilippe Mengue, Agr\u00e9g\u00e9 et Docteur d\u2019\u00c9tat en philosophieMarc Richevaux, ma\u00eetre de conf\u00e9rences \u00e0 l\u2019Universit\u00e9 du Littoral C\u00f4te d\u2019OpaleJ\u00e9r\u00f4me Couillerot, professeur \u00e0 l\u2019Universit\u00e9 Lyon 3, d\u00e9tach\u00e9 aupr\u00e8s de l\u2019universit\u00e9 St Joseph (Beyrouth, Liban)Bruno D\u00e9coret, maitre de conf\u00e9rences agr\u00e9g\u00e9 de math\u00e9matiques HDRChristophe Lemardel\u00e9, enseignant, historien des religionsChristophe Brochier, sociologue, ma\u00eetre de conf\u00e9rences \u00e0 l\u2019Universit\u00e9 Paris 8Maxime Pr\u00e9vost, Professeur titulaire \u00e0 l\u2019Universit\u00e9 d\u2019Ottawa (Canada)Franck Galtier, chercheur en \u00e9conomie politique au CIRADAnne Mandeville, Ma\u00eetre de conf\u00e9rences HDR en science politique \u00e0 l\u2019Universit\u00e9 Toulouse CapitoleMilagros Ezquerro, Professeure des Universit\u00e9sRapha\u00ebl G\u00e9ly, Professeur aux Universit\u00e9 Saint-Louis (Bruxelles, Belgique)Caroline De Mulder, professeur \u00e0 l\u2019Universit\u00e9 de Namur (Belgique)Mich\u00e8le Crogiez Labarthe, professeur ordinaire \u00e0 l\u2019Universit\u00e9 de Berne (Suisse)Madalina Calamaz, ma\u00eetre de conf\u00e9rences des universit\u00e9sBenoit Marpeau, Ma\u00eetre de conf\u00e9rences en Histoire \u00e0 l\u2019Universit\u00e9 de Caen-NormandieJean-Fran\u00e7ois Georgis, Physicien, Ma\u00eetre de Conf\u00e9rences \u00e0 l\u2019Universit\u00e9 Toulouse IIINadia Lamm professeure retrait\u00e9e de l\u2019Universit\u00e9 de RouenFran\u00e7ois Rosset, professeur \u00e0 la Facult\u00e9 des Lettres de l\u2019Universit\u00e9 de Lausanne (Suisse)H\u00e9l\u00e8ne Bregani, psychologue (retrait\u00e9e) \u00e0 l\u2019Universit\u00e9 de Gen\u00e8ve (Suisse)Anne Mantero, ma\u00eetre de conf\u00e9rences \u00e0 l\u2019Universit\u00e9 de Franche-Comt\u00e9Christian Ferri\u00e9, Professeur de chaire sup\u00e9rieure (CPGE, Strasbourg)H\u00e9l\u00e8ne Pelczar Ma\u00eetre de conf\u00e9rencesGeorgie Durosoir, professeur \u00e9m\u00e9rite \u00e0 la Sorbonne Universit\u00e9Aur\u00e9lien Dyjak, docteur en sociologie, enseignant-chercheur \u00e0 l\u2019Universit\u00e9 d\u2019Aix-MarseilleVal\u00e9rie Lowit Ing\u00e9nieure d\u2019\u00e9tudes \u00e0 l\u2019Universit\u00e9 de ParisChristophe Leroy, Docteur en Biologie Mol\u00e9culaire et CellulaireJean Jimenez, docteur en G\u00e9nie Biologique et M\u00e9dicalAlain Brunel, docteur en biologieMaya Habegger, Docteur en psychologie cognitive, neurosciences et biologie neuraleMichel Herren, docteur en philosophie (Lausanne)Jean-Marc Del Percio-Vergnaud, docteur en science politiqueSimon Archipoff, docteur en informatiqueChristophe Andr\u00e9o, docteur en sociologieNicolas Murcier, docteur en sociologieEveline Jaumary-Lapeyre, Docteur en Science Politique et droit publicDamien Gauden, Docteur \u00e8s sciences physiquesPatrice Gibertie, PhD, g\u00e9ographeFran\u00e7oise Gil, sociologueV\u00e9ronique Verdier, Docteur en philosophie, Universit\u00e9 Paris 1Marc G. Wathelet, Ph.D., docteur en biologie mol\u00e9culaireEmmanuelle Reulier, Docteur \u00e8s sciences \u00e9conomiquesPatrick Frayssinet, docteur en m\u00e9decine, docteurs es sciencesMartine Lacour Masvigner, docteur en psychologieAgn\u00e8s Segura, Docteur en psychologieG\u00e9raldine B\u00e9rail, Docteur en chimie de l\u2019environnement et sant\u00e9Maxime Izoulet, docteur en \u00e9conomie de l\u2019Ecole des Hautes Etudes en Sciences Sociales (EHESS, Paris)Agn\u00e8s Lain\u00e9, historienne, Institut des mondes africainsGeorges Herault, Professeur des universit\u00e9sAlain Delannoy, docteur de l\u2019Universit\u00e9 d\u2019Orl\u00e9ansG\u00e9rard Maudrux, m\u00e9decin, ancien pr\u00e9sident de la Caisse maladie des professions lib\u00e9rales et de la Caisse de retraite des m\u00e9decinsMichel Cucchi, Directeur d\u2019h\u00f4pitalJacques Bouaud, charg\u00e9 de valorisation de la recherche \u00e0 l\u2019AP-HPVincent B\u00e9ja, ancien statisticien et charg\u00e9 d\u2019\u00e9tudes \u00e0 l\u2019Observatoire R\u00e9gional de la Sant\u00e9 de Provence Alpes C\u00f4te d\u2019AzurBruno van Peteghem, Association Toxicologie-Chimie (ATC), Pr\u00e9sident du fonds de dotation I For Lyme (iFL)Beno\u00eet Bataille, m\u00e9decin anesth\u00e9siste r\u00e9animateurAnne-Marie Monjo, m\u00e9decin anesth\u00e9siste-r\u00e9animateurOlivier Lhoest, m\u00e9decin anesth\u00e9siste-r\u00e9animateurPierre-Yves Garnier, m\u00e9decin, expert scientifique \u00e0 l\u2019internationalLaure Laffly, biochimiste\/biologiste (ancienne cadre R&#038;D chez Sanofi vaccin)Anne Stein, praticien hospitalier et maitre de conf\u00e9rences en biochimie \u00e0 Aix-Marseille-Universit\u00e9Pascal Trotta, Ancien Interne des H\u00f4pitaux de Paris, Laur\u00e9at de la Facult\u00e9 de M\u00e9decine de Paris, m\u00e9decin radiologue, fondateur de l\u2019institut de m\u00e9decine naturelle de Saint-S\u00e9bastienNancy B\u00e9chard RadiologueAndrei Cividjian, Charg\u00e9 de mission \u2013 recherche, Hospices Civils de LyonMichel Ternoy, psychologue retrait\u00e9 de la Fonction Publique Hospitali\u00e8re, Docteur d\u2019\u00e9tatLouis-Claude Le Gueult, m\u00e9decin biologiste, ancien Directeur du site transfusionnel du HavrePaul Bousquet, m\u00e9decin, sant\u00e9 publique (\u00e9valuateur de risques)Judith Ribbe, m\u00e9decin en sant\u00e9 du travailPhilippe Teyber, cadre sup\u00e9rieur de sant\u00e9Jacqueline Collard, chimiste, pr\u00e9sidente associative, ancienne administratrice CHU de Grenoble, repr\u00e9sentante ARS AURAMarie-Estelle Dupont psychologue clinicienneCarole Xavier, m\u00e9decin sp\u00e9cialiste en Anatomie PathologiqueBeatrice Fort m\u00e9decin anesth\u00e9siste r\u00e9animatriceLouis Fouch\u00e9, m\u00e9decin anesth\u00e9siste-r\u00e9animateurNabil Bensalem, M\u00e9decin G\u00e9n\u00e9raliste et urgentisteMichel Thomas, docteur en m\u00e9decineIsabelle Chivilo, m\u00e9decin g\u00e9n\u00e9ralisteG\u00e9rard Vigneron, m\u00e9decin g\u00e9n\u00e9ralistePhilip Siegenthaler, m\u00e9decin g\u00e9n\u00e9raliste (Suisse)Yves Colliez, m\u00e9decin g\u00e9n\u00e9ralisteAlain Garenne, m\u00e9decin g\u00e9n\u00e9ralisteIsabelle Gr\u00e9goire, Docteur en m\u00e9decine, m\u00e9decine g\u00e9n\u00e9raleFranck Hugb\u00e9k\u00e9, chirurgien-dentisteAmandine Thomasset, psychiatre, praticien hospitalier Dominique Lesuisse, psychiatre (Bruxelles)Fran\u00e7ois Thioly, psychiatreLaurent Jacquemin m\u00e9decin psychiatreWilliam Suerinck, Dr en m\u00e9decine, psychiatre, ex Praticien HospitalierMaria Ancona, psychoth\u00e9rapeute en Psychiatrie (Fonction Publique Hospitali\u00e8re)Michel Brack, m\u00e9decin ex attach\u00e9 INSERMFran\u00e7ois-Xavier Roth, praticien hospitalier, p\u00e9diatreMarie Grenet, m\u00e9decin, p\u00e9diatreChristine Coremans, Cardio-p\u00e9diatreG\u00e9rard Machline, m\u00e9decin g\u00e9n\u00e9ralisteHelene Chollet m\u00e9decin g\u00e9n\u00e9ralisteFran\u00e7oise Volot, m\u00e9decin g\u00e9n\u00e9ralisteBernard Verdoux, m\u00e9decin g\u00e9n\u00e9ralisteMarie Pasquier, m\u00e9decin coordonnateur en EHPAD (suspendue)Marl\u00e8ne Mellinger Chirurgien-dentistePierre-Laurent Vidal, m\u00e9decin g\u00e9n\u00e9ralisteV\u00e9ronique P\u00e9castaings, sage-femmeSandrine Mathieu, sage-femmeH\u00e9l\u00e8ne Roux, m\u00e9decin g\u00e9n\u00e9ralisteBrigitte Bertoldo m\u00e9decin r\u00e9gulateur lib\u00e9ral SAMU (suspendue)Daniel Chollet pneumologueCatherine Raulin, m\u00e9decin ost\u00e9patheMarc L\u2019Hospitalier, ost\u00e9opathePhilippe Ollivier, m\u00e9decin, ophtalmologieIdriss Abiola, infirmier anesth\u00e9siste \u00c9ric Reboli, m\u00e9decin urgentisteArturo Perez, m\u00e9decin urgentisteFabien Qu\u00e9deville, m\u00e9decin g\u00e9n\u00e9ralisteSandro Provenzano, m\u00e9decin g\u00e9n\u00e9ralisteCatherine Dubien, m\u00e9decin g\u00e9n\u00e9ralisteMarc Arer, m\u00e9decin g\u00e9n\u00e9raliste (suspendu)Catherine Delmas, m\u00e9decin dermatologueDominique Rivi\u00e8re, m\u00e9decin, g\u00e9riatre, praticien hospitalierDiane Williot, m\u00e9decin g\u00e9n\u00e9raliste et m\u00e9decin coordonnateur en EhpadRoseline Marie, m\u00e9decin g\u00e9n\u00e9ralisteDominique Eraud m\u00e9decin g\u00e9n\u00e9ralisteEmmanuel Pichot, m\u00e9decin radiologueCatherine Solignac Fernstrom, immuno-allergologueDelphine Rive m\u00e9decin g\u00e9n\u00e9ralisteVincent Reliquet, m\u00e9decin g\u00e9n\u00e9raliste (AIMSIB)Laurent Huillard, m\u00e9decin g\u00e9n\u00e9ralisteEmmanuelle Lemonnier, m\u00e9decin g\u00e9n\u00e9ralisteRobert Le Texier, m\u00e9decin g\u00e9n\u00e9ralisteBrigitte Weiss, m\u00e9decin g\u00e9n\u00e9ralisteChristian Marquis, m\u00e9decin g\u00e9n\u00e9ralisteAlain Berthier, m\u00e9decin g\u00e9n\u00e9ralistePhilippe Cliquet, m\u00e9decin g\u00e9n\u00e9ralistePascale Mourgues, m\u00e9decin g\u00e9n\u00e9raliste retrait\u00e9eLine Cabot, m\u00e9decin g\u00e9n\u00e9ralisteChristian Sarthe m\u00e9decin g\u00e9n\u00e9ralistePatrick Viot, m\u00e9decin g\u00e9n\u00e9ralisteAnne-Laure Geslin, m\u00e9decin g\u00e9n\u00e9ralisteBertrand Calichiama, m\u00e9decin g\u00e9n\u00e9ralisteGeorges Oberzusser, m\u00e9decin g\u00e9n\u00e9raliste et m\u00e9decin du travailH\u00e9l\u00e8ne Oberzusser, radiologueIda Berar, radiologueMarie Josephe Contrucci. Cadre de sant\u00e9 en Centre hospitalierDenise Peyrat-Colonna, chirurgien dentisteChristophe Grangeon, m\u00e9decin urgentisteJean-Luc Lebrun, m\u00e9decin, ex-praticien hospitalier (cessation d\u2019activit\u00e9s)Jacques Le Lann, m\u00e9decin g\u00e9n\u00e9raliste, g\u00e9riatre et sp\u00e9cialiste de Sant\u00e9 Publique et M\u00e9decine TropicaleEric Beeth, Docteur en M\u00e9decine (Bruxelles)Fr\u00e9d\u00e9ric Schnee, Docteur en m\u00e9decine g\u00e9n\u00e9raleAnne Marie Begu\u00e9-Simon, m\u00e9decin hom\u00e9opathe retrait\u00e9, ancien ma\u00eetre de conf\u00e9rences et expert pr\u00e8s des TribunauxJean-Philippe Cros, m\u00e9decin Honoraire des H\u00f4pitaux, ancien chef de serviceFran\u00e7oise Caumont, chirurgien-dentisteCorinne Masson, sage-femme (interdite d\u2019exercer)Bertrand Jop, Cardiologue Jacques Mabit, m\u00e9decin g\u00e9n\u00e9ralisteCatherine Maso, m\u00e9decin g\u00e9n\u00e9ralisteJoelle Locatelli, m\u00e9decin g\u00e9n\u00e9ralisteV\u00e9ronique Ahari, m\u00e9decin g\u00e9n\u00e9ralistePhilippe Lemasson, m\u00e9decin g\u00e9n\u00e9ralisteJean-Bernard Morez, m\u00e9decin g\u00e9n\u00e9ralisteBernard Bozzi, m\u00e9decin g\u00e9n\u00e9ralisteB\u00e9atrice Georget-Tard, m\u00e9decin g\u00e9n\u00e9ralisteJean-Marc Rehby, m\u00e9decin g\u00e9n\u00e9ralisteFloriane Lef\u00e8vre, m\u00e9decin g\u00e9n\u00e9ralisteOlivier Vercruysse, m\u00e9decin g\u00e9n\u00e9ralisteAlain Mazeyrat, m\u00e9decin g\u00e9n\u00e9raliste\u00c9ric Portes, m\u00e9decin g\u00e9n\u00e9ralisteBruno Geoffray, m\u00e9decin g\u00e9n\u00e9ralisteFranck Zeiger, m\u00e9decin g\u00e9n\u00e9ralisteAlain Carillon, m\u00e9decin g\u00e9n\u00e9ralisteDaniel Fagnano, m\u00e9decin g\u00e9n\u00e9ralisteAnne Nespolo, m\u00e9decin g\u00e9n\u00e9ralisteClaire Lenclud m\u00e9decin g\u00e9n\u00e9ralisteChristiane Vallin, m\u00e9decin g\u00e9n\u00e9ralisteMaryse Morin-Bateau, m\u00e9decin g\u00e9n\u00e9ralisteMichel Marcad\u00e9, m\u00e9decin g\u00e9n\u00e9ralisteAnne Catherine Martin, m\u00e9decin g\u00e9n\u00e9ralisteCatherine Gal Bozzi, m\u00e9decin g\u00e9n\u00e9ralisteSylvie Leroux, m\u00e9decin g\u00e9n\u00e9ralisteHubert Sroussi, m\u00e9decin g\u00e9n\u00e9ralisteAlain-Philippe Maniette, m\u00e9decin g\u00e9n\u00e9ralisteDominique Prost m\u00e9decin g\u00e9n\u00e9ralisteDaniel Robinson, m\u00e9decin g\u00e9n\u00e9raliste, ancien m\u00e9decin des h\u00f4pitaux de LyonPatrice Perrette, m\u00e9decin g\u00e9n\u00e9raliste, ancien pr\u00e9sident du Coll\u00e8ge des G\u00e9n\u00e9ralistesAlain Batarec, m\u00e9decin g\u00e9n\u00e9ralisteSimone Casabon, m\u00e9decin g\u00e9n\u00e9ralisteMichel Boudet, m\u00e9decin g\u00e9n\u00e9ralisteAnne-Lise Vidal, docteur en m\u00e9decineGa\u00eblle Douhet, docteur en m\u00e9decine g\u00e9n\u00e9rale Ren\u00e9 Messagier, docteur en m\u00e9decineOlivier Personne, m\u00e9decin g\u00e9n\u00e9raliste (Allemagne)Daniel Dhaussy, m\u00e9decin g\u00e9n\u00e9raliste retrait\u00e9Jean Marie Pavard, m\u00e9decin retrait\u00e9Isabelle Rossetti, m\u00e9decin g\u00e9n\u00e9ralisteDaniela Engel m\u00e9decin g\u00e9n\u00e9ralistePhilippe Imbert, m\u00e9decin g\u00e9n\u00e9ralisteFran\u00e7oise Douady, m\u00e9decin g\u00e9n\u00e9ralisteCaroline Chalbos. M\u00e9decin g\u00e9n\u00e9ralistePhilippe Bonnet, m\u00e9decin g\u00e9n\u00e9ralisteJean-Luc Boesch, m\u00e9decin g\u00e9n\u00e9ralisteCatherine Artviga, m\u00e9decin g\u00e9n\u00e9ralisteEstelle Prevost, m\u00e9decin psychiatreJ\u00e9r\u00f4me Jeudy m\u00e9decin g\u00e9n\u00e9ralisteB\u00e9atrice Mullie, m\u00e9decin g\u00e9n\u00e9ralisteCorinne Constantin, m\u00e9decin g\u00e9n\u00e9ralistePascal Henriot, m\u00e9decin g\u00e9n\u00e9ralisteChrystelle Martin, m\u00e9decin g\u00e9n\u00e9ralisteMarie-Christine Rabut, m\u00e9decin g\u00e9n\u00e9ralisteJean Grimberg, Chirurgien Orthop\u00e9disteFr\u00e9d\u00e9ric Pic, m\u00e9decin, rhumatologueMartine M\u00e9rour pneumologueFarida Ouadghiri chirurgien gyn\u00e9cologue \u00e0 l\u2019h\u00f4pital de Niort (suspendue)Laurence Duboc-Lecocq, docteur en M\u00e9decine V\u00e9t\u00e9rinaire Claire Martin, m\u00e9decin v\u00e9t\u00e9rinaireNadine Prouilhac, sage-femmeAur\u00e9lie Colin, sage-femme Nathalie Ba, sage-femmeFanny Semblat, sage-femmeMorgane Chazaud, sage-femme hospitali\u00e8reNicolas Bojic, m\u00e9decin g\u00e9riatreMarie Gaspard, m\u00e9decin biologisteV\u00e9ronique Grasset m\u00e9decin g\u00e9n\u00e9ralisteJacky Maillard, m\u00e9decin g\u00e9n\u00e9ralisteEric Menat, m\u00e9decin g\u00e9n\u00e9ralisteChristine Le Pezron m\u00e9decin g\u00e9n\u00e9ralisteMichel Souid, m\u00e9decin g\u00e9n\u00e9raliste et g\u00e9riatreJean Claude Bourrin, m\u00e9decin g\u00e9n\u00e9raliste retrait\u00e9Alix Moulanier, M\u00e9decin g\u00e9n\u00e9ralisteArmelle Blanchard, m\u00e9decin g\u00e9n\u00e9ralisteCorinne Bernard, Docteur en m\u00e9decineJacques Gardan, m\u00e9decin g\u00e9n\u00e9ralisteMurielle Oger Rucker, m\u00e9decin g\u00e9n\u00e9ralisteAgn\u00e8s Koenig, m\u00e9decin anesth\u00e9siste r\u00e9animateurPhilippe Bos, m\u00e9decine anesth\u00e9siste r\u00e9animateurSylvie Cagnin, m\u00e9decin anesth\u00e9siste-r\u00e9animateurIsabelle Curtet, m\u00e9decin anesth\u00e9siste r\u00e9animateurRichard Faitg, m\u00e9decin anesth\u00e9siste r\u00e9animateurLaurent Durinck, Anesth\u00e9sisteVal\u00e9rie Mach-Alingrin, m\u00e9decin en soins intensifs, Centre hospitalier\u00c9lisabeth Angoujard, docteur en m\u00e9decine, radiologue Nelly Blanchet, m\u00e9decin inspecteur de sant\u00e9 publiqueJean Gabriel Balique, chirurgien hospitalierEve Lefrancq, M\u00e9decin CardiologueVal\u00e9rie Sierra, m\u00e9decin cardiologueBernard Hardt, Chirurgien UrologueJanine Nazaire docteur en chirurgie dentaireFrancis Fiocconi, radiologueB\u00e9atrice Gay, oncologue m\u00e9dical et m\u00e9decine interne g\u00e9n\u00e9raleJ. Oosterlinck, m\u00e9decin g\u00e9n\u00e9ralistePierre Jacq, chirurgien-dentisteIsabelle Le Bras chirurgien-dentisteJacqueline Mariani, chirurgien-dentisteMarie-Jacques Poncet, m\u00e9decin gyn\u00e9cologueAntoine Gastal, m\u00e9decin MPR des H\u00f4pitaux de Saint MauriceH\u00e9l\u00e8ne De Cristoforo, m\u00e9decin g\u00e9n\u00e9ralisteVirginie Thomas-Haag, m\u00e9decin urgentisteAnne Crepy, m\u00e9decin g\u00e9riatreGenevi\u00e8ve Pagnard, psychiatreDavid Esfandi, Psychiatre Fr\u00e9d\u00e9ric Badel, psychiatreMarie H\u00e9l\u00e8ne Lottin, psychiatreJacques Vigne, psychiatreLouise Riguet, M\u00e9decin psychiatreMuriele Savigny, psychiatreJean-Michel Delaroche, psychiatreLise Gandolfi, psychologueFabienne Carver Psychologue clinicienneAline Gosset-Rage, psychologue clinicienneYamina Cherrou, psychologue clinicienneIsaline Heulin, psychologueAlexandra Meert, PsychologueLaure Novarese psychologue clinicienneSylvie Blasquez, Psychologue clinicienneLise Nathanson, psychologue clinicienneClaire Roy, pharmacienneJean-Jacques Devic, pharmacien Fran\u00e7ois Carre, docteur en pharmacieCoralie Amar, Dr v\u00e9t\u00e9rinaireLaurent Aufrere, docteur en chirurgie dentaireJacqueline Warnet, Gastro-ent\u00e9rologuePaul-Andr\u00e9 Bellot, chirurgiuen-dentisteJean-Pierre Letourneur, Gastroent\u00e9rologueH\u00e9l\u00e8ne Costamagna, Gyn\u00e9cologueTess Deffinis Ost\u00e9opathe H\u00e9l\u00e8ne Hamon p\u00e9diatreCorinne Tilloy, m\u00e9decin g\u00e9n\u00e9ralisteHilde De Smet m\u00e9decin g\u00e9n\u00e9raliste (Belgique)Fran\u00e7ois Le Corre, m\u00e9decin g\u00e9n\u00e9raliste retrait\u00e9Val\u00e9rie Papapietro, m\u00e9decin gastro-ent\u00e9rologuePatrick Bruno, Ing\u00e9nieur hospitalierArnaud Brun, Docteur en pharmacieAurore Rizzon, psychologue clinicienne (suspendue)Jean-Luc Laurent, psychologue clinicienRose-Marie Roh\u00e9 Psychologue clinicienneViviane Truel psychologue clinicienneLaurence Maury, psychologueHerv\u00e9 Staub, m\u00e9decin g\u00e9n\u00e9ralistePatrick Marcon, m\u00e9decin g\u00e9n\u00e9ralisteFran\u00e7ois Berenger, m\u00e9decin, p\u00e9dopsychiatreCatherine Bonnet, m\u00e9decin, p\u00e9dopsychiatreFr\u00e9d\u00e9ric Goar\u00e9guer, m\u00e9decin, p\u00e9dopsychiatreV\u00e9ronique Helmlinger, m\u00e9decin psychiatre (suspendue)Cl\u00e9lia Dubois, aide m\u00e9dico-psychologique en psychiatrieDanielle Vautrin, m\u00e9decin g\u00e9n\u00e9ralisteClaude Murtaza m\u00e9decin g\u00e9n\u00e9ralistePhilip Keros, m\u00e9decin g\u00e9n\u00e9ralisteGilles Cizeron, m\u00e9decin g\u00e9n\u00e9ralisteAnnie Logli-Poumerol, m\u00e9decin g\u00e9n\u00e9ralisteCecile Miraglia Romer, m\u00e9decin g\u00e9n\u00e9ralisteBernadette Meignan m\u00e9decin g\u00e9n\u00e9ralisteLaurent Hervieux, m\u00e9decin g\u00e9n\u00e9ralisteDidier Tarte m\u00e9decin g\u00e9n\u00e9ralisteCatherine Noel, Docteur en m\u00e9decineAnne Marie Pillon, m\u00e9decin g\u00e9n\u00e9raliste retrait\u00e9Yannick Jouan, docteur en M\u00e9decineJean-Luc Stanek, Sant\u00e9 Navale et docteur en chirurgie dentaireXavier Le Gregam, m\u00e9decin g\u00e9n\u00e9raliste hom\u00e9opathePhilippe Vernet, docteur en m\u00e9decine \u2013 chirurgienAntoine Damotte, chirurgien orthop\u00e9disteMarc Franchini, Chirurgien Ophtalmologiste Philippe Gombourg, chirurgien-dentisteGabin Lopez, m\u00e9decin ophtalmologisteL\u00e9na Le Flem, biologiste m\u00e9dical, PhDVal\u00e9rie Daubi\u00e9 sage-femmeGuylaine Lestienne Sage-femmeFran\u00e7oise Casas, Psychomotricienne Psychoth\u00e9rapeutePascale Cloquell-Munos psychomotricienneAnne-Sita Forest, PsychomotricienneMarion James-Leduc, PsychomotricienneMarianna Drinoczi, Psychologue clinicienneCharline Chaveneau OrthophonisteLaurent Redien, masseur-kin\u00e9sith\u00e9rapeute, ost\u00e9opatheSabine David, masseur-kin\u00e9sith\u00e9rapeuteCyrille Ortman, kin\u00e9sith\u00e9rapeuteSylvain Lafargue, masseur-kin\u00e9sith\u00e9rapeuteMatthias Giraudon, kin\u00e9sith\u00e9rapeuteKim Gallois, kin\u00e9sith\u00e9rapeuteCl\u00e9ment Belmahdi, Masseur-kin\u00e9sith\u00e9rapeuteFran\u00e7oise Cluzeau kin\u00e9sith\u00e9rapeuteMarie-Laure Pignier, masseur-kin\u00e9sith\u00e9rapeuteCaroline Grante, masseur-kin\u00e9sith\u00e9rapeuteRose-Blanche Lehours Chaboud, infirmi\u00e8re en sant\u00e9 mentaleLaurence Jacquin Infirmi\u00e8reIsabelle Rousset, Infirmi\u00e8reVirginie Guillaume infirmi\u00e8reDeniz Sevim, infirmi\u00e8reFlorence Marechaux, infirmi\u00e8re Education NationaleMarie-Claude Durel, infirmi\u00e8reMonique Lars, infirmi\u00e8reVal\u00e9rie Hutsebaut Infirmi\u00e8reNelly Cahuzac, Infirmi\u00e8reV\u00e9ronique Chevalier Infirmi\u00e8re Marielle Raggi, infirmi\u00e8reGuillaume Renouf\u00b8 infirmierNicolas Wodiczko, infirmierB\u00e9n\u00e9dicte Huguet infirmi\u00e8reCynthia Thezenas, infirmi\u00e8re Pu\u00e9ricultrice\u00c9ric Comellini, PsychomotricienFabienne Garcia Kin\u00e9sith\u00e9rapeuteGhislaine Le Corre, Kin\u00e9sith\u00e9rapeuteThomas Brossier masseur kin\u00e9sith\u00e9rapeuteLaurence Meert, Kin\u00e9sith\u00e9rapeuteBernard Chervet, psychiatre Pierre Babilliot, m\u00e9decin psychiatreSuzette Vieira Roth, p\u00e9diatreNicolas Ziolkowski Responsable Affaires R\u00e9glementaires et \u00c9valuations cliniques \u2013 Dispositifs M\u00e9dicauxIsabelle Hoehne, docteur en m\u00e9decine, m\u00e9decin g\u00e9n\u00e9raliste (cessation d\u2019activit\u00e9)Rose-Marie Castello, m\u00e9decin du TravailDonia Hammami, v\u00e9t\u00e9rinaireIngrid Labb\u00e9, cadre de sant\u00e9 hospitalier, masseur kin\u00e9sith\u00e9rapeuteJulie Ceccone Radiophysicienne m\u00e9dicale en canc\u00e9rologie, en CHRUFrancoise Poulain, praticien hospitalier urgentisteNathalie Caradot, docteur en m\u00e9decineB\u00e9atrice Petit, m\u00e9decin g\u00e9n\u00e9raliste retrait\u00e9ePhilippe Martin, Ost\u00e9opatheEmmanuelle Gaultron, ost\u00e9opatheMarie Labat M\u00e9decin sp\u00e9cialistePhilippe Saegesser m\u00e9decin anesth\u00e9sisteVincent Morault Docteur en PharmacieIsabelle Lagny, M\u00e9decin du travailMarie Pascual, m\u00e9decin du travailYves Richard, docteur en Chirurgie DentaireCatherine Lidon, sage-femmeS\u00e9bastien Moret, kin\u00e9sith\u00e9rapeute Virginie Pichault, infirmi\u00e8re en psychiatrieClaude Deroussent, M\u00e9decin G\u00e9n\u00e9ralisteDominique Ricci Cagnol, m\u00e9decin ORLFran\u00e7oise Giorgetti-D\u2019Esclercs, m\u00e9decin ORLG\u00e9rard Del\u00e9pine chirurgien orthop\u00e9diste et canc\u00e9rologueNicole Del\u00e9pine p\u00e9diatre canc\u00e9rologueMarie Dominique Tronchon, Ost\u00e9opathe, psychoth\u00e9rapeuteRichard Defay neuropediatreAnnie Aubin, docteur en m\u00e9decineGenevi\u00e8ve Farrachi, m\u00e9decin g\u00e9n\u00e9ralisteJulien Petit, m\u00e9decin g\u00e9n\u00e9ralisteIsabelle Chivilo, m\u00e9decin g\u00e9n\u00e9ralisteJean Fran\u00e7ois Teyssier, m\u00e9decin g\u00e9n\u00e9ralisteGilles Spagnolo, m\u00e9decin Gyn\u00e9cologue Obst\u00e9tricienJean-Luc Lauer, Kin\u00e9sith\u00e9rapeute-ost\u00e9opatheSt\u00e9phan Lepetit-Teston, Ost\u00e9opathe, Kin\u00e9sith\u00e9rapeuteLaurent Redien, kin\u00e9sith\u00e9rapeuteFr\u00e9d\u00e9ric Texereau, chirurgien dentisteAnne-Fran\u00e7oise Van den Bulke, infirmi\u00e8re anesth\u00e9sisteJean-Marc Le Gall, kin\u00e9sith\u00e9rapeuteDani\u00e8le Aug\u00e9 psychanalysteSandrine Raison. Infirmi\u00e8reNoelle Vial, infirmi\u00e8reLucie Campitelli infirmi\u00e8reFlottes No\u00e9mie, orthophonisteChristine Mathou OrthophonisteAnne-Gabrielle Mottier, orthophoniste (radi\u00e9e)Corinne Martin Rondeau, Orthophoniste (suspendue)Emmanuelle Colson, OrthophonisteFran\u00e7oise Font OrthophonisteThibaut Berry, \u00e9lectroradiologie m\u00e9dicaleJolanta Amouyal, Psychologue Clinicienne et du TravailFran\u00e7oise Verriest, psychoth\u00e9rapeuteJos\u00e9 Pedralva da Silva, Psychologue clinicienElsa Hybertie psychologue clinicienneSandra Pain psychologueAgathe Vastel-Paris, docteur en pharmacie, dipl\u00f4m\u00e9e en biologie m\u00e9dicaleLaura Minart, docteur en m\u00e9decine, m\u00e9decine du travailD\u00e9borah Busidan, m\u00e9decin du travailMartine Breteau, m\u00e9decin du travailZineb Deheb, m\u00e9decin, dermatologueJean-Charles Luizard, psychiatreLaura Giusti, m\u00e9decin psychiatre Bernard Chervet, psychiatreSylvie Imbert psychiatreMagali Delvaux, m\u00e9decin psychiatreAnne Meriglier, psychologue clinicienne (suspendue)Fran\u00e7oise Ternoy, psychomotricienneDelphine Bensa\u00efd, psychologue clinicienneYvette Klein Wurtz psychologue clinicienneDominique Lismonde, psychologue clinicienneRoselyne Charvet Dischly, psychologue clinicienneAleth Naquet, psychologue clinicienneCatherine Vasseur psychoth\u00e9rapeuteCharles-Henri Crochet, psychologue clinicienMichel Forn\u00e9-Viv\u00f3, m\u00e9decin, psychoth\u00e9rapeuteMarie-B\u00e9n\u00e9dicte Hibon, m\u00e9decin g\u00e9n\u00e9ralisteChristian Latriche, m\u00e9decin g\u00e9n\u00e9raliste, hom\u00e9opathe, acupuncteurJacqueline Gu\u00e9rin, docteur en m\u00e9decinePhilippe Danjou Urologue, praticien hospitalier.Benjamin Guy, m\u00e9decin hospitalierDominique Jaulmes, m\u00e9decin hospitalierV\u00e9ronique Aymes, docteur en chirurgie dentaire et professeur de math\u00e9matiquesNadine Dumont, psychoth\u00e9rapeuteElodie Petit-Aguilar, psychologue clinicienneFabrice Guilbaud, psychologue clinicienJean-Pierre Morini\u00e8re docteur en pharmacieSophia Hamdi, psychologueKarine Baillieu, psychologueFlorence Amat, psychologueFlorence Pichot, psychologueGilles Rochette, psychologueSophie Plantade, psychologue\u00c8ve Cottignies, psychologue clinicienne Catherine Duchossoy, psychologue clinicienneChristophe Charpiot, Psychologue de l\u2019Education nationaleEve Martin, psychologue de l\u2019\u00c9ducation nationaleFran\u00e7oise Zannier, Psychologue et docteur en PsychologieVal\u00e9rie A.G. Ventureyra, PhD, Docteur en PsychologieV\u00e9ronique Debeaumont, psychologue sociale Ir\u00e9ne Bouchaud psychoth\u00e9rapeuteMonique-C\u00e9cile Drouet, psychiatreCl\u00e9mence Gar\u00e7on, soignante (suspendue)Alain Freby, M\u00e9decin g\u00e9n\u00e9ralisteMarceline Bogaert, kin\u00e9sith\u00e9rapeuteJohanna Radosevic, psychomotricienne (suspendue)Marjorie Etienne, cadre de sant\u00e9, infirmier fonction publique hospitali\u00e8re (suspendue)Sarah Kharmouche, kin\u00e9sith\u00e9rapeuteMathieu Armessen Ost\u00e9opatheGoulven Saliou, infirmier sp\u00e9cialis\u00e9 en bloc op\u00e9ratoireAnne-Fran\u00e7oise H\u00e9mion, p\u00e9dicure-podologueJacques Guillet, masseur-kin\u00e9sith\u00e9rapeuteMich\u00e8le Serres m\u00e9decin g\u00e9n\u00e9ralisteFran\u00e7oise Salkowsky m\u00e9decin g\u00e9n\u00e9ralistePierre Pennamen, Docteur en M\u00e9decineLaurence Le Gall, m\u00e9decin g\u00e9n\u00e9ralisteC\u00e9cile Poiroux, m\u00e9decin g\u00e9n\u00e9ralisteSophie Colmart, m\u00e9decin g\u00e9n\u00e9ralisteSandra Jasmin m\u00e9decin g\u00e9n\u00e9ralisteChristophe Robin, m\u00e9decin g\u00e9n\u00e9ralisteKarine Delaum\u00f4ne, m\u00e9decin g\u00e9n\u00e9ralisteMichel Jreige, m\u00e9decin g\u00e9n\u00e9raliste, ancien urgentiste (suspendu)Pierre Billon, docteur en m\u00e9decine g\u00e9n\u00e9raleEmmanuel Peyre m\u00e9decin g\u00e9n\u00e9ralisteGuaracy Gadegbeku, m\u00e9decin g\u00e9n\u00e9raleValerie Vigne Chazaud sage-femmeSternotte Isabelle, Ost\u00e9opathe, Sage-femmeB\u00e9n\u00e9dicte Dassonville, m\u00e9decin g\u00e9n\u00e9raliste, ing\u00e9nieur de l\u2019ENSHMarc Naudin, ost\u00e9opatheSophie Bezert, OrthophonisteCharline Chaveneau, orthophonisteLaurence Ducol, orthophonisteNajia Majdi, sage-femmeAnne Veyrac, infirmi\u00e8reMurielle Jouannet Infirmi\u00e8re Alain Giordanetto, infirmierMartine Gaillard, infirmi\u00e8reSandy Bonne, infirmierBenjamin Guglielmi, infirmier, cadre de Sant\u00e9Claude Robert, OrthodontisteZo\u00e9 Debain, masseur kin\u00e9sith\u00e9rapeuteLaurent Lalliot Masseur kin\u00e9sith\u00e9rapeuteIsabelle Lalliot Masseur kin\u00e9sith\u00e9rapeuteB\u00e9atrice Adam \u2013 Kin\u00e9sith\u00e9rapeuteFabienne Carbonnel masseur-kin\u00e9sith\u00e9rapeuteJo\u00eblle Thuet, infirmi\u00e8reMagali Morroni, infirmi\u00e8re anesth\u00e9sisteJean-Marc Casamatta, infirmier de bloc op\u00e9ratoireRapha\u00eblle Montassut-Diarra, infirmi\u00e8reVirginie Rossi, infirmi\u00e8re en psychiatrie \u00e0 l\u2019h\u00f4pitalFabienne Ormillien, infirmi\u00e8reMarc Heinrich, infirmierNathalie Vigat, infirmi\u00e8reJacqueline Segot, Infirmi\u00e8reSt\u00e9phanie Montagut infirmi\u00e8reDominique Danjou Loire, infirmi\u00e8re de bloc op\u00e9ratoireMarie-Line Ferreira, infirmi\u00e8reLyne Furco infirmi\u00e8reMarie-H\u00e9l\u00e8ne Scheidel infirmi\u00e8reAlexandra Wendel, infirmi\u00e8rePatricia Bacquet, infirmi\u00e8re faisant fonction de cadreC\u00e9cile Fernandez, infirmi\u00e8re en p\u00e9dopsychiatrieVladimir Pavlovic, Educateur sp\u00e9cialis\u00e9 en p\u00e9dopsychiatrieSylvain POIREL, infirmier, CHU de Montr\u00e9al (Canada)Catherine Huerta, infirmi\u00e8re en EHPADMargot Schnell, infirmi\u00e8reEmmanuelle Mesmacque, infirmi\u00e8re Aude Buche, infirmi\u00e8reJackie Trividic, infirmi\u00e8reChristine Fernandez, infirmi\u00e8reCristine-Isabel Goncalves. Infirmi\u00e8re en CHRUMarie-Anne F\u00e9vrier, Infirmi\u00e8re Pu\u00e9ricultriceYvette Laugier, Infirmi\u00e8reIsabelle C\u00f4te, Infirmi\u00e8reAnnie Dumas, infirmi\u00e8reNathalie Devaucoup Infirmi\u00e8reJean Michel Valentini, infirmierSophie Cauchois, infirmi\u00e8reMarie-Odile Desvalois, Infirmi\u00e8reMarion Philippon infirmi\u00e8re en h\u00e9matologie \u00e0 l\u2019h\u00f4pitalViviane Defrance, infirmi\u00e8re scolaire, retrait\u00e9Nathalie Blanchard, infirmi\u00e8re pu\u00e9ricultriceJean-Roch Aubertein, InfirmierZo\u00e9 Moutel, Infirmi\u00e8reNadine Mulas, infirmi\u00e8reSylvie Bonnefoy InfirmiereFlorence Joyeux, Infirmi\u00e8reCarole Auger, Infirmi\u00e8reLaurence Villedieu infirmi\u00e8re, auxiliaire de vieFran\u00e7oise Astier, agents des services hospitaliers qualifi\u00e9s en EhpadFatima Jriri, aide-soignanteMarie-Pierre Barrier, aide-soignanteCyril Sala, aide-soignantHasna Bouzid aide-soignanteCharl\u00e8ne Kluck, aide-soignante (suspendue)Lise-Marie Chemineau Infirmi\u00e8reChristine Keiser, sage-femmeChristophe Joie, ergoth\u00e9rapeute en Centre hospitalier Province de Li\u00e8ge (Belgique)Emmanuelle Cart-Tanneur, pharmacienne biologisteFr\u00e9d\u00e9rique Pegeot, pharmacienMartine Dejean, pharmacienneSt\u00e9phanie Cellier, pharmacienneCathy Nicoud, infirmi\u00e8re urgences p\u00e9diatriquesJulia Froment, aide-soignanteMargaux Chopin, aide-soignante g\u00e9rontologieMarie Weinrich, m\u00e9decin g\u00e9n\u00e9ralisteLaurent Hennequin, Docteur en M\u00e9decine, ancien chef de service de Radiologie en CHRLuc Quintin, m\u00e9decin anesth\u00e9siste r\u00e9animateur, charge de recherches au CNRS (physiologie cardiovasculaire)Guy Van Hoonacker, m\u00e9decin anesth\u00e9siste r\u00e9animateur Bernard Marsigny, m\u00e9decin anesth\u00e9siste r\u00e9animateur hospitalierDenis Asselineau, m\u00e9decin anesth\u00e9siste r\u00e9animateurKoryna Socha, PhD, m\u00e9decin et docteur en sciences m\u00e9dicalesMarie-H\u00e9l\u00e8ne Poirier Garcia, psychiatre, EPSMGa\u00ebl Puget, orthophonisteRen\u00e9e Marx, orthophonisteAnne Mouri\u00e8s, orthophonisteMarie France Coquillay, pharmacienne et enseignante chercheuse retrait\u00e9eAlain Le Hyaric, m\u00e9decin en sant\u00e9 publiqueFlorence Parent, M\u00e9decin de sant\u00e9 publiquePierre Buet, m\u00e9decin g\u00e9n\u00e9ralisteChau Huu Tin, docteur en M\u00e9decineNathalie Souzan-Delagrave, docteur en M\u00e9decineC\u00e9cile Morgan, m\u00e9decin g\u00e9n\u00e9ralisteBrigitte Chorliet, m\u00e9decin g\u00e9n\u00e9ralisteClaire Paris, m\u00e9decin G\u00e9n\u00e9ralisteJulie Chataing, m\u00e9decin g\u00e9n\u00e9ralisteVirginie Airiau, m\u00e9decin g\u00e9n\u00e9ralisteSylvie Descriaud, Chirurgien-dentisteAnne Damais-Cepitelli, m\u00e9decin biologisteJean Emsallem, M\u00e9decin VasculaireMarcel Hoehne, chirurgien vasculairePhilippe Cepitelli, m\u00e9decinPerrine Millet, m\u00e9decin, gyn\u00e9cologue obst\u00e9triqueChristian Quichaud m\u00e9decin g\u00e9n\u00e9ralisteAmel Abbad, attach\u00e9e de Recherche CliniqueBenoit Artault, m\u00e9decin, ancien directeur m\u00e9dical de centre de sant\u00e9Marie Claude Granget-Calliet, psychologue clinicienneJulien Reboul Coordinateur Service \u00e9ducatif de soins de sant\u00e9 \u00e0 domicile (SESSAD)Monique Marien Sroussi, gyn\u00e9cologueLinh Hoang-thi m\u00e9decin acupuncteurRoman Florent, infirmierAmandine Laurent infirmi\u00e8reAnne Laissus, Infirmi\u00e8reMarianne Passarrieu, pharmacienneAnne Gardiesn pharmacienneMarie Belliot, infirmi\u00e8re de r\u00e9animation \u00e0 l\u2019h\u00f4pital Jacques c\u0153ur de Bourges (suspendue)Fatima Rezig, infirmi\u00e8rePascale Morbois, infirmi\u00e8reArlette F\u00e9tat, infirmi\u00e8reFlorence Verbaenen, infirmi\u00e8re en psychiatrieCaroline Giron, psychologueDenis Bellano, Docteur en psychologie, psychologue clinicien\u00c9ric Leml\u00e9, docteur en chirurgie dentaireLaetitia Trossat, m\u00e9decin en soins palliatifsJean-Jacques Picard, kin\u00e9sith\u00e9rapeute ost\u00e9opatheRapha\u00ebl Sendrez masseur-kin\u00e9sith\u00e9rapeuteMarie-Christine Faure, infirmi\u00e8re pu\u00e9ricultriceJacques Pollini, anthropologue de la sant\u00e9Anne Camus-Bruneau, orthophonisteNicole Chaudi\u00e8re, pharmacienneLaurent Tonnerre, infirmierNicolas Soloy, Art Th\u00e9rapeute en H\u00f4pital de jourFlorence Pierre, masseur kin\u00e9sith\u00e9rapeuteDenis Chefdor, Masseur-Kin\u00e9sith\u00e9rapeute ost\u00e9opatheMarie-Laure Martin, kin\u00e9sith\u00e9rapeuteCaroline Lecouvette kin\u00e9sith\u00e9rapeuteSerge Hou\u00ebl, Masseur Kin\u00e9sith\u00e9rapeute (interdit d\u2019exercer)Fr\u00e9d\u00e9ric Barbier Damiette, kin\u00e9sith\u00e9rapeute (suspendu)Dimitri Jacques, psychoth\u00e9rapeute, biologiste en nutritionEberhardt Wittich, ex biologiste et chimisteTh\u00e9odore Rottier, psychologueEmmanuelle Schulz psychologue clinicienneMartine Durand Jullien, m\u00e9decin g\u00e9n\u00e9ralistePatricia Melot m\u00e9decin g\u00e9n\u00e9ralisteLagorce Sebastien, m\u00e9decin g\u00e9n\u00e9ralisteSophie D\u00e9v\u00e9, m\u00e9decin g\u00e9n\u00e9ralisteNicole Perrot m\u00e9decin g\u00e9n\u00e9ralisteCaroline Mouzet, M\u00e9decin g\u00e9n\u00e9ralisteMartin Gauthier, m\u00e9decin g\u00e9n\u00e9ralisteRomain Dupont Docteur en m\u00e9decineDonald Archer, m\u00e9decin g\u00e9n\u00e9raliste retrait\u00e9Benoit Ochs, m\u00e9decin g\u00e9n\u00e9raliste (Luxembourg)Jean Pascal Serbera m\u00e9decin g\u00e9n\u00e9ralisteMarie-C\u00e9cile Tellier, m\u00e9decin g\u00e9n\u00e9ralisteOurdia Krim, m\u00e9decin sp\u00e9cialisteMarie-Line Eon, m\u00e9decin et docteur en science de l\u2019\u00e9ducationPhilippe Yannic m\u00e9decin biologisteCyril Loubradou, ost\u00e9opatheMarie Fages, kin\u00e9sith\u00e9rapeuteJean-Marie Kerlo, masseur kin\u00e9sith\u00e9rapeuteJean-Pierre Gay-Montchamp, praticien hospitalier, pharmacologie-toxicologieDaniele Guieu, Docteur V\u00e9t\u00e9rinaireGr\u00e9gory Desfilles, Masseur Kin\u00e9sith\u00e9rapeuteVal\u00e9rie Franco, infirmi\u00e8reLaura Roux, infirmi\u00e8reChristine Munier Infirmi\u00e8re lib\u00e9raleGabrielle Charvet, infirmi\u00e8reLaurence Queffurus-Lepetit, infirmi\u00e8re dans un centre de canc\u00e9rologie en CHRUPascale Grimm, infirmi\u00e8reLucie Massart-Chauvet, v\u00e9t\u00e9rinaireClotilde Maurin, masseur-kin\u00e9sith\u00e9rapeuteAntoine Rault, v\u00e9t\u00e9rinaireChristine Goldie, Attach\u00e9e de Recherche CliniqueSerge Perrin, sapeur-pompier professionnelJean-Dominique Michel, anthropologue de la sant\u00e9Murielle Bauchet, \u00e9conomiste et consultante en sant\u00e9 publiqueTetsuaki Shigemitsu, M\u00e9decin-\u00e9pid\u00e9miologisteSilvia Moreno, Microbiologiste PhDKaren Brandin, docteur en th\u00e9orie alg\u00e9brique des nombres (math\u00e9matiques)Virginie Charreau, ing\u00e9nieur en nutrition, di\u00e9t\u00e9ticienne nutritionnisteThierry Raffin, PhD, sociologueEmmanuelle Lepoutre, sophrologueClaire Seigneur, PsychologueMargot Szefer, ergoth\u00e9rapeuteJosiane Risacher, Ergoth\u00e9rapeuteMartine Crogiez, ErgotherapeuteNathalie Pech, PhD, \u00e9conomisteGauthier Lasou, ing\u00e9nieur chercheurCatherine Vaillandet, orthophonisteKarine Rabiet, orthophonisteXavier Gallet, psychopraticienLucia Martinez, Aide m\u00e9dico-psychologique en EHPADC\u00e9line Merigot, \u00e9ducatrice sp\u00e9cialis\u00e9e aupr\u00e8s d\u2019adultes ayant des troubles psychologiquesChristine Qu\u00e9lier, Sociologue et psychologuePierre Concialdi, chercheur en sciences socialesMonique Plaza, chercheur en neuropsychologieAnna Marie Cournil, g\u00e9rontologie socialeRenaud de Bellefon, docteur en histoireG\u00e9rald Pech, ing\u00e9nieur, ancien chercheur dans le spatialFran\u00e7ois Sanchez, doctorant \u00e0 l\u2019universit\u00e9 de MulhouseHerv\u00e9 Brochart, chercheur, docteur \u00e8s sciences pharmaceutiquesOlivier Rimbault, docteur en lettres classiques, chercheur ind\u00e9pendantJean-Claude Barescut, ing\u00e9nieur (nucl\u00e9aire, radioprotection)Anne-Marie Ropert, ing\u00e9nieur g\u00e9n\u00e9ral des ponts, des eaux et des for\u00eatsJulie Lior\u00e9, anthropologue, r\u00e9dactrice scientifique ind\u00e9pendantePierre Goletto, retrait\u00e9, \u00c9cole Centrale de Marseille, IAE d\u2019Aix en ProvenceVictor Molini\u00e9, interne en m\u00e9decine (sp\u00e9cialit\u00e9 g\u00e9riatrie) en CHUMartine Ladouce, Docteur en chirurgie dentairePhilippe Ladouce, Docteur en chirurgie dentaireIrina-Maria Stefanescu ChirurgienneAnna Levy Bencheton DermatologueRomy Roudier, pharmacienneOdile Huchet, pharmacienneYannick Marcadet, pharmacienMarie-Claude Marcadet Fi\u00e8vet, pharmacienneMireille Coulon, masseure-kin\u00e9sith\u00e9rapeute, cadre de sant\u00e9S\u00e9verine Guitton, Cadre de sant\u00e9Anne Vincent, Cadre de sant\u00e9Fabienne Consoli, m\u00e9decin g\u00e9n\u00e9ralisteFran\u00e7oise Rometti PsychiatreSylvie Laval, psychiatreSophie Sabatier, m\u00e9decin g\u00e9n\u00e9ralisteBrigitte Faure m\u00e9decin g\u00e9n\u00e9ralisteFabienne Emonnot psychiatreYvette Dor\u00e9mieux, psychiatreHanna Kump p\u00e9diatreDaniel Avisse m\u00e9decin g\u00e9n\u00e9ralisteR\u00e9gis Pouthier, m\u00e9decin g\u00e9n\u00e9ralisteCorinne Navarro, m\u00e9decin g\u00e9n\u00e9ralisteDominique Sabatier, m\u00e9decin g\u00e9n\u00e9ralisteV\u00e9ronique Beranger, m\u00e9decin g\u00e9n\u00e9ralisteGa\u00ebtan Cantineau, radiologueClaudie Henru, pharmacienneKatia Bustamante, chirurgienFr\u00e9d\u00e9ric Teste, Ost\u00e9opatheM\u00e9lanie Faucher, psychologue en centre hospitalierCaroline Collin-Blondel, psychologue clinicienne et ancienne attach\u00e9e de recherche clinique (suspendue)Dani\u00e8le Santini, psychologueErika Cadat, psychologue cliniciennePatricia Bres, infirmi\u00e8reMireille Klenovski, infirmi\u00e8reFr\u00e9d\u00e9rique Yampolsky, infirmi\u00e8reFlorie Gaeta, infirmi\u00e8re hospitali\u00e8rePhilippe Chauveau, infirmierMarie-Anne Morien, infirmi\u00e8reMarie-Fran\u00e7oise Stigliani, pharmacienneJean-Pierre Moutel, m\u00e9decin g\u00e9n\u00e9ralisteSt\u00e9phane Cheslet, podologue posturologueSolen Halloin, sage-femme (suspendue)Laurence Borgogno, m\u00e9decin v\u00e9t\u00e9rinaireAmandine Eloy, opticienneMarie Berthet, dermatologueThierry Coquet, aide-soignantNicolas Ecobichon infirmierFabienne Tremillon, Infirmi\u00e8reSt\u00e9phanie Delaigue infirmi\u00e8reDominique Cadoret, psychologueMarie Boutrolle psychologueMuriel Chetcuti, ergoth\u00e9rapeuteJosiane Risacher, Ergoth\u00e9rapeuteG\u00e9rard Martinez psychologue ClinicienBernard Guibbaud, psychologue, sexologueElisabeth Griffon, assistante sociale hospitali\u00e8re (suspendue)Nicolas Erhardt, cadre socio-\u00e9ducatif dans la fonction publique hospitali\u00e8re (suspendu)Eddy Prave, ing\u00e9nieur et technicien de recherche, Universit\u00e9 de Rennes 2Raymond Barbry, chercheur au Centre international de recherche en \u00e9tude transdisciplinaire (CIRET)J\u00e9r\u00e9mie Salvadero, docteur en psychopathologie clinique et psychanalyseMarc Guibert, gyn\u00e9cologue obst\u00e9tricienCharles B\u00e9nard, \u00e9lectro-radiologieThuy Chi Nguyen, m\u00e9decin g\u00e9n\u00e9ralisteSuzanne Vanet, chirurgienNicole Sicard, docteur en m\u00e9decine, ancien chef de service hospitalier, accompagnante en sant\u00e9Thierry Deliere, chirurgien vasculaire, ancien Chef de service \u00e0 l\u2019H\u00f4pitalGa\u00eblle Saliou, docteur en pharmaciePatrick Gu\u00e9rin, docteur v\u00e9t\u00e9rinaireJolivet Delphine, infirmi\u00e8rePaul Polis, m\u00e9decin v\u00e9t\u00e9rinaireFlorence Lair, m\u00e9decin radiologueClaire Pasquinelli Masseur-Kin\u00e9sith\u00e9rapeuteAnne Gauquelin, orthophonisteJosselyne Abadie, consultante \u00e9thiqueA\u00efd Zair, kin\u00e9sith\u00e9rapeuteMarie-Christine H\u00e9naut, kin\u00e9sith\u00e9rapeuteDelphine Leterrier kin\u00e9sith\u00e9rapeuteSylvain Deleplanque, psychologue clinicienMarie-Claire Hemptinne, psychoth\u00e9rapeuteG\u00e9rard Ostermann, psychoth\u00e9rapeuteMarie-Gabrielle Vasseur, chirurgien-dentiste Christine Blanc, m\u00e9decin G\u00e9n\u00e9ralisteC\u00e9line Arnaud, sage-femmeClaire Soulas, infirmi\u00e8reFabrice Davison, InfirmierAndr\u00e9e Martini, infirmi\u00e8re anesth\u00e9sisteFrederic Jolly, PodologueChristine Oliveira, psychoth\u00e9rapeuteVanessa Girard, ost\u00e9opatheJ\u00e9r\u00f4me Turostowski OsteopatheAnne Bastin, orthophonisteAntoine Fredot, p\u00e9dicure Podologue Gw\u00e9na\u00eblle Gombourg, chirurgien-dentisteDenis Ribbe, Praticien Hospitalier Urgentiste et g\u00e9riatreAnna Rosset, biologiste, m\u00e9decin sp\u00e9cialiste en radio-oncologiePhilippe de Joux, m\u00e9decin g\u00e9n\u00e9ralisteYvonne Parquer, m\u00e9decin g\u00e9n\u00e9ralisteVal\u00e9rie Mayaud, m\u00e9decin g\u00e9n\u00e9ralisteFran\u00e7ois Ribi\u00e8re, m\u00e9decin g\u00e9n\u00e9ralisteH\u00e9l\u00e8ne Skolka, m\u00e9decin g\u00e9n\u00e9ralisteAnnie Bendayan, m\u00e9decin g\u00e9n\u00e9ralisteMarcel-Marie Gricourt, m\u00e9decin g\u00e9n\u00e9ralisteAnne Belin m\u00e9decin g\u00e9n\u00e9ralisteOlivier Boumendil, m\u00e9decin radiologueSamira El Ouali, m\u00e9decin ost\u00e9opatheJean-Dominique Maupu, M\u00e9decin retrait\u00e9Christine Cieur, docteur en pharmacieOdile Normant, directrice d\u2019\u00c9tablissements M\u00e9dico-sociauxCarole Pellissier, Masseur kin\u00e9sith\u00e9rapeuteFran\u00e7oise Rouill\u00e9, infirmi\u00e8re cadre et psycho-clinicienneHenri Duchemin, ambulancier (suspendu)Pascale Le Marquand, Ambulanci\u00e8re hospitali\u00e8reNathalie Ingenito, laboratoire bio-m\u00e9dicalMarie-H\u00e9l\u00e8ne Lacarra, kin\u00e9sith\u00e9rapeuteSol\u00e8ne Charon, kin\u00e9sith\u00e9rapeute et Ost\u00e9opatheJulia Froment, aide-soignanteEsther Joly, sociologie et psychanalysteFlorence Belasco, psychologue clinicienneYoanna Micoud, psychologueLecomte Val\u00e9rie, infirmi\u00e8reG\u00e9rard Bunel, infirmierDani\u00e8le Mullet, infirmi\u00e8reAnne-Laure Durix, infirmi\u00e8rePascale Polly, infirmi\u00e8rePhilippe Baudier, infirmier de Secteur Psychiatrique Clothilde Mora, di\u00e9t\u00e9ticienne-nutritionnisteVanessa Szpatkowski, infirmi\u00e8reAm\u00e9lie Huberlant, infirmi\u00e8re anesth\u00e9sisteAram Ndiaye, Infirmi\u00e8re en canc\u00e9rologieViviane Dubost, psychologueLucile Brochot, v\u00e9t\u00e9rinaireCharles-Antoine Winter, di\u00e9t\u00e9ticien nutritionnisteJean-Guillaume Bellier, professeur agr\u00e9g\u00e9 de g\u00e9ographieBeno\u00eet Din\u00e9, ing\u00e9nieur de rechercheJean-Pierre Reyal, ing\u00e9nieur \u00e0 l\u2019INSANicolas Tetaz, Ing\u00e9nieur spatialGabrielle Radault, PhD., Ing\u00e9nieur BrevetsPatrick Meunier, enseignant agr\u00e9g\u00e9 de Biochimie-g\u00e9nie biologiqueXavier Audebert, audioproth\u00e9sisteXavier Pascal, Ing\u00e9nieur informaticienSabine Lasou, ing\u00e9nieur chercheurPatrick Lawson, ing\u00e9nieur d\u2019\u00e9tudesBruno Vassoille, ing\u00e9nieur d\u2019\u00e9tudesThomas Metge, ing\u00e9nieur d\u2019\u00e9tudesMaxime Goulon, Ing\u00e9nieur d\u2019\u00e9tudesOlivier Gosselet, Ing\u00e9nieur d\u2019\u00e9tudesDoroth\u00e9e Dumay, Ing\u00e9nieur d\u2019\u00e9tudesSandrine Marasco, technicienne de laboratoire d\u2019analyses m\u00e9dicalesJean-Jacques Navarro, ing\u00e9nieur \u00e0 Centrale ParisFr\u00e9d\u00e9ric Goupil, Ing\u00e9nieur a\u00e9ronautiqueMarc Savall, docteur en informatique de l\u2019INSAHelene Chambatte Abeille, ancien interne des h\u00f4pitaux de LyonJean Soldini, Ph.D, philosophe et historien de l\u2019artRoland Dubourg, chercheur en s\u00fbret\u00e9 nucl\u00e9aireRen\u00e9 Chiche, professeur de philosophie, Vice-pr\u00e9sident du syndicat Action et D\u00e9mocratie\/CFE-CGC, membre du Conseil sup\u00e9rieur de l\u2019\u00e9ducationBeno\u00eet Brandin, professeur agr\u00e9g\u00e9 de philosophieMarc Thibault professeur agr\u00e9g\u00e9 de philosophieSophie Amant, professeur de sciences \u00e9conomiques et sociales, doctorante en sociologieMarie-Virginie Cambriels, doctorante \u00e0 l\u2019Universit\u00e9 Paul-Val\u00e9ry Montpellier 3J\u00f6rg-Andreas B\u00f6tticher, Professeur FHNW\/ Musikhochschule, Basel (Suisse)Jean Leplant, enseignant dans les \u00c9tablissement et Services de R\u00e9adaptation ProfessionnelleLaurent Gaillard, professeur de sciences physiquesAnne Girerd, professeur agr\u00e9g\u00e9 de Sciences de la vie et de la terreK\u00e9vin Krantz, professeur agr\u00e9g\u00e9 de philosophieJacques Eutrope, Ph.D, retrait\u00e9 de l\u2019industrieDenis Guillec, professeur agr\u00e9g\u00e9 de philosophieMarie-Suzanne Bourgeade, enseignante-chercheuse retrait\u00e9e de l\u2019universit\u00e9Georges Sorais, Professeur de math\u00e9matique\/Sciences physiquesJean-Claude Villanueva, psychologue clinicien, charg\u00e9 d\u2019enseignement \u00e0 l\u2019Universit\u00e9 de MontpellierChristophe M. Dubois, ancien chercheur \u00e0 l\u2019Institut d\u2019\u00e9tudes europ\u00e9ennes de l\u2019Universit\u00e9 Catholique de Louvain, ancien attach\u00e9 de cabinet minist\u00e9rielSylvie Lasserre, PhD, grand reporterRenaud Vidal, chercheur en gestion de criseG\u00e9rald Sawicki, professeur agr\u00e9g\u00e9 et docteur en histoire contemporaineS\u00e9bastien Aubert, normalien, professeur agr\u00e9g\u00e9 de g\u00e9nie m\u00e9caniqueDominique Arnaud, ing\u00e9nieur retrait\u00e9e du corps de l\u2019industrie et des mines, Autorit\u00e9 de s\u00fbret\u00e9 nucl\u00e9aireMichel Doucet, ing\u00e9nieur chercheur retrait\u00e9 du CEAAlvaro Buero Buoro, g\u00e9ophysicienCathy Brunel, microbiologisteMich\u00e8le Florquin, biologiste (Belgique)Guylain Cabantous, vice-pr\u00e9sident de CPAM, membre de la commission ex\u00e9cutive CGT Sant\u00e9 Action SocialeAnthony Boccaletti, Astronome, Directeur de Recherche au CNRSPatrice Petit Directeur de recherche CNRSSylvie Mellet, Directrice de recherche au CNRSBenjamin Thomas, ex-Ing\u00e9nieur de Recherche CNRSJean Cabane, professeur de m\u00e9decine \u00e0 l\u2019Universit\u00e9 Paris VISt\u00e9phanie Auzoux-Bordenave, Maitre de conf\u00e9rences en Biologie \u00e0 Sorbonne-Universit\u00e9Christian Ghasarian, Professeur \u00e0 l\u2019Institut d\u2019ethnologie de l\u2019Universit\u00e9 de Neuch\u00e2tel (Suisse)Damien Lacroix, Professeur de Biom\u00e9canique \u00e0 l\u2019Universit\u00e9 de Sheffield (Grande Bretagne)Jean-Vincent Loddo, Ma\u00eetre de conf\u00e9rences \u00e0 l\u2019Universit\u00e9 Sorbonne Paris NordSandrine Dubel, ma\u00eetresse de conf\u00e9rences HDR \u00e0 l\u2019universit\u00e9 Clermont AuvergneBruno Poucet, Directeur de Recherche Em\u00e9rite au CNRS, NeurosciencesSamuel Bates, Professeur de sciences d\u2019\u00e9conomie \u00e0 l\u2019Universit\u00e9 d\u2019AngersPascal Vrignat, ma\u00eetre de conf\u00e9rences \u00e0 l\u2019Universit\u00e9 d\u2019Orl\u00e9ansMaxence Bailly, Ma\u00eetre de Conf\u00e9rences HDR Aix-Marseille Universit\u00e9Mich\u00e8le Monte, professeure \u00e9m\u00e9rite \u00e0 l\u2019Universit\u00e9 de ToulonLaurence Cousin. Docteur en M\u00e9canique. Ing\u00e9nieur-Chercheur CEAYves Limoge, Directeur de recherches du CEA, docteur d\u2019\u00c9tat en PhysiqueOlivier Poinsot, Juriste en droit de la sant\u00e9, Chercheur associ\u00e9 \u00e0 l\u2019Universit\u00e9 de Lyon 3Alain Jacquot, \u00e9conomiste et statisticienMariane Borie, Docteur en philosophieHubert de Foresta, ex Charg\u00e9 de Recherche \u00e0 l\u2019IRDSerge Carfantan, docteur agr\u00e9g\u00e9 de philosophieAlexandre Gonzalez Professeur agr\u00e9g\u00e9 de chimiePierre Guidicelli, Agr\u00e9g\u00e9 Sciences physiquesHerve laloy, docteur et professeur de phosophieSt\u00e9phane Wojnarowski, ing\u00e9nieur et sociologieJean-Fran\u00e7ois Briefer, Docteur en psychologie, Psychologue Jo\u00eblle Goudineau, Universit\u00e9 C\u00f4te d\u2019AzurJulien Ogereau, docteur en Sciences Humaines, chercheur \u00e0 l\u2019Universit\u00e9 de Vienne (Autriche)Etienne Vernaz, physicien, ex Directeur de Recherche au CEA et professeur \u00e0 l\u2019Institut National des Sciences et Techniques Nucl\u00e9aires (INSTN)Vivien Verg\u00e8s, Ing\u00e9nieur d\u2019\u00e9tude \u00e0 l\u2019ENS de LyonJean-Luc Stigliani, ma\u00eetre de conf\u00e9rences \u00e0 l\u2019Universit\u00e9 de Toulouse 3William Sassi, G\u00e9ologue, Dr. Universit\u00e9 d\u2019Orsay, HDR Universit\u00e9 Cergy-PontoiseJean-Pierre Fleury, docteur en sociologieMichel Simon, ma\u00eetre de conf\u00e9rences retrait\u00e9 de l\u2019universit\u00e9 Paris Diderot, Paris 7Chantal Duprez, maitre de conf\u00e9rences en physique, retrait\u00e9e de l\u2019universit\u00e9 de LilleRenaud Bouchard, docteur en \u00e9conomie (EHESS)Annette Lexa, Docteur en Toxicologie, Evaluateur de risque en sant\u00e9 environnementJacques Durand, Docteur es Sciences, Chercheur au CNRS retrait\u00e9Marie-H\u00e9l\u00e8ne Tandonnet, Agr\u00e9g\u00e9e \u00e8s Lettres, Charg\u00e9e de mission MESRMaurice Margenstern, professeur \u00e9m\u00e9rite de l\u2019Universit\u00e9 de LorraineJean-Fran\u00e7ois Matteudi, docteur en anthropologie sociale et culturelleMarion Feledziak, docteure en sciences et professeure de chimie en Haute Ecole \u00e0 Bruxelles (Belgique)Karine B\u00e9nac-Giroux, ma\u00eetresse de conf\u00e9rences HDHerv\u00e9 Janecek, Docteur V\u00e9t\u00e9rinaire, chercheur en biophysiqueJean-Yves Monnat, biologiste en retraiteCharles Alunni philosophe (ENS)Denis Lemercier, Ma\u00eetre de conf\u00e9rences HDR de psychologieFranck Bourges, ing\u00e9nieur en Datascience, donn\u00e9es statistiques de sant\u00e9Dominique Santens, professeur agr\u00e9g\u00e9 de g\u00e9nie \u00e9lectrique, \u00e9cole d\u2019ing\u00e9nieur ENSEA puis universit\u00e9 de ValenciennesEva Lavaud, Pharmacien, docteur en immunopharmacologie et immunotoxicologieYoann Dumel-Vaillot , Docteur en philosophie, chercheur Jean-Pierre Desmoulins Ing\u00e9nieur, professeur agr\u00e9g\u00e9 de g\u00e9nie \u00e9lectriqueVal\u00e9rie Riou, enseignant-chercheur \u00e0 l\u2019Universit\u00e9 d\u2019Evry Val d\u2019EssonneMarie-Christine Haza\u00ebl-Massieux, Professeur des Universit\u00e9s, retrait\u00e9e d\u2019Aix-Marseille Universit\u00e9Marie-Jos\u00e9 Arnoux \u2013 Enseignante Chercheur en Chimie en \u00e9cole d\u2019ing\u00e9nieur \u00e0 LyonHubert de Bon, agronome, retrait\u00e9 du CIRADH\u00e9l\u00e8ne Vivien, ma\u00eetre de conf\u00e9rences de math\u00e9matiques (retrait\u00e9e)Alain Baguet professeur honoraire de sciences physiques Jean Defrenne, Docteur d\u2019Etat es Science; professeur d\u2019Universit\u00e9 (retrait\u00e9)Robert Arrieux Professeur des Universit\u00e9s retrait\u00e9 de l\u2019Universit\u00e9 Savoie Mont BlancVincent-Marie Bonaldi, M\u00e9decin, Docteur en Sciences, Habilit\u00e9 \u00e0 Diriger les RecherchesMichel Pocchiola, Professeur, Institut de Math\u00e9matiques de Jussieu, Sorbonne Universit\u00e9Alain Wurtz, MD, PhD, Professeur \u00c9m\u00e9rite de Chirurgie Thoracique, Universit\u00e9 de LilleJean-Marc K\u00e9risit, ing\u00e9nieur, docteur en intelligence artificielleMaurice Mahieu, ing\u00e9nieur d\u2019\u00e9tudes retrait\u00e9 INRAPierre Sochala, docteur ing\u00e9nieur, chercheur en math\u00e9matiques appliqu\u00e9es Jean-Pierre Meeschaert, Professeur en sciences de l\u2019information et de la communication : Universit\u00e9 Lille III et Universit\u00e9 de ValenciennesJo\u00eblle Vernet, docteur en m\u00e9decine, universit\u00e9 Claude Bernard, LyonChristian V\u00e9ron, Docteur en chirurgie dentaire, habilit\u00e9 \u00e0 diriger les  recherches, Universit\u00e9 de LilleRomain Telliez, Ma\u00eetre de Conf\u00e9rences (Histoire), Universit\u00e9 Sorbonne-Universit\u00e9 (Paris)Andr\u00e9 Eberhardt, Retrait\u00e9. Professeur des Universit\u00e9sG\u00e9rard Monnier-Besombes, Biologiste, Ph.D, D\u00e9put\u00e9 europ\u00e9en honoraireGilles Sene, professeur agr\u00e9g\u00e9 de Sciences de la vie et de la terre, et chercheur Dana Martin-Steinbr\u00fcck, ma\u00eetre de conf\u00e9rences \u00e0 l\u2019Universit\u00e9 Clermont AuvergneBruno Riondel, Docteur en Histoire, professeurAubeline Vinay, Professeure des Universit\u00e9s, Psychologie clinique du lien socialJean-R\u00e9mi Lapaire, professeur de linguistique, Universit\u00e9 Bordeaux MontaigneBernard Anselmetti, Ancien professeur des universit\u00e9s, Universit\u00e9 Paris SaclayDominique Messineo, Ma\u00eetre de conf\u00e9rences en histoire du droit \u00e0 l\u2019Universit\u00e9 d\u2019Orl\u00e9ansCatherine Lucquiaud, PhD, Ing\u00e9nieur de recherche INRIACarole Waldvogel, ing\u00e9nieure de recherche en sciences sociales, StrasbourgH\u00e9l\u00e8ne Bregani, psychologue (retrait\u00e9e), Universit\u00e9 de Gen\u00e8ve (Suisse)Gilbert Klam, professeur retrait\u00e9 de math\u00e9matiques, INSA de StrasbourgSophie Evrard, M\u00e9decin g\u00e9n\u00e9raliste et m\u00e9decin r\u00e9gulateur SamuFran\u00e7oise Baunaure, Pharmacien hospitalier (interdiction d\u2019exercer) et Docteur en Parasitologie mol\u00e9culaireLaurent Jacquemin, m\u00e9decin psychiatre au centre hospitalier de Digne-les-Bains Guy Mazairac, chirurgien-UrgentisteCamille Besch, m\u00e9decinH\u00e9l\u00e8ne Riot, pharmacienne hospitali\u00e8re, dipl\u00f4m\u00e9e en Pharmacologie et PharmacodynamieSt\u00e9phanie Dor, docteur en pharmacieAnnette Le Quang, m\u00e9decin psychiatreAlain Gressard m\u00e9decin (retrait\u00e9) des h\u00f4pitaux de Lyon (cardiologue)Jacques Soufron, chirurgien visc\u00e9ral.Fr\u00e9d\u00e9ric Vernerey, m\u00e9decin anatomopathologisteMarl\u00e8ne Charpentier, psychologue clinicienneMarie Victoria Josson, m\u00e9decin retrait\u00e9eSophie Conord m\u00e9decin sp\u00e9cialisteDocteur Alain Butnaru, Docteur en M\u00e9decineJean-Marie Lupart, m\u00e9decin psychiatre en retraiteNadia Fernandez, m\u00e9decinSt\u00e9phanie Cordelier, psychologue clinicienneJean-Yves Colin, psychiatre (cessation d\u2019activit\u00e9)Val\u00e9rie Durand, Cadre de Sant\u00e9 (Suspendue)Juliette Lombard, chirurgien, d\u00e9missionnaire du CHU de NancyAnne-Sophie Wurtz, H\u00e9pato-gastro-ent\u00e9rologue, M\u00e9decin du sportNina martin, infirmi\u00e8reCorinne Mayer, M\u00e9decin de Pr\u00e9vention \u00e0 la retraite Florence Leiros, sage-femmeDupont V\u00e9ronique, M\u00e9decin Retrait\u00e9eVal\u00e9rie Servajean, ergoth\u00e9rapeuteMarie-Paule Cabrol, m\u00e9decine interne maladies du sangMarie-Odile Meyer, cadre de sant\u00e9 infirmierAlexis Billes, Docteur V\u00e9t\u00e9rinaireGilles Gauzeran, Chirurgie- DentaireS\u00e9verine Roquain, m\u00e9decinMartine Durieux M\u00e9decin g\u00e9n\u00e9ralisteMaud Charvieux, psychologue clinicienneJean Eric Bouch\u00e9-Pillon, V\u00e9t\u00e9rinaireCaroline Terrenoir, docteur en m\u00e9decine, retrait\u00e9eDenis de Valmont, M\u00e9decin g\u00e9n\u00e9ralisteFran\u00e7ois de Chabalier, M\u00e9decin, psychiatre, \u00e9pid\u00e9miologisteLaura Kuster-Besnier, Orthophoniste et docteur v\u00e9t\u00e9rinaireGwendal Le Boit\u00e9, infirmier en sant\u00e9 mentale et addictologieBernadette Barral-Baron, infirmi\u00e8re territorialeVal\u00e9rie Leclerc, v\u00e9t\u00e9rinaireIsabelle Ducrocq, ost\u00e9opatheL\u00e9a Goldberg, M\u00e9decinPierre Flouck, m\u00e9decin anesth\u00e9siste intensiviste (Suisse)Isabelle de Lorme, p\u00e9dopsychiatre, psychoth\u00e9rapeutePascale Miniou, Docteur en M\u00e9decineAndr\u00e9 Girier, P\u00e9diatreChristian Escafre, PsychiatreJean-Baptiste Mouzet, m\u00e9decin g\u00e9n\u00e9ralisteMartine Thomas, ex cadre de sant\u00e9, enseignante en IFSICristina Sans, psychoth\u00e9rapeuteFr\u00e9d\u00e9rique Giacomoni, Psychiatre-Psychoth\u00e9rapeuteDominique Leiber, m\u00e9decin g\u00e9n\u00e9ralisteSandrine Vanlaethem, ex infirmi\u00e8reRegazzi Christine, sage-femme (suspendue)Eric Saintilan, Masseur Kin\u00e9sith\u00e9rapeute (suspendu)Cristian Ionescu, Masseur-Kin\u00e9sith\u00e9rapeute (suspendu)Fabian Dortu, docteur en sciences physiques appliqu\u00e9es, chercheur en optique appliqu\u00e9e au diagnostic biomol\u00e9culaireNathalie Allain, M\u00e9decin sp\u00e9cialisteMichelle Camelin, m\u00e9decin g\u00e9n\u00e9ralisteGuy Etelage, m\u00e9decin g\u00e9n\u00e9ralisteChristine Boisserie, ost\u00e9opatheSylvianne Honorez, infirmi\u00e8re, enseignante en soins infirmiers (Belgique)Christelle Sinoquet, agents des services hospitaliers qualifi\u00e9s (suspendue)Claire Chanu, Chirurgien-dentisteMarie Radigois, M\u00e9decin psychiatreGenevi\u00e8ve Ch\u00e9reau-Lazdunski, p\u00e9diatreLaugier Yvette, infirmi\u00e8reClaudine Asencio, infirmi\u00e8re pu\u00e9ricultriceA\u00eessa Sanogo, m\u00e9decin vasculaireAnny Aug\u00e9, infirmi\u00e8re\u00c9lisabeth Auzel, infirmi\u00e8re de bloc op\u00e9ratoireMorel Sebastien, pharmacienPhilippe Collomb, psychologueMarie Nivault, psychologue (suspendue)H\u00e9l\u00e8ne Godefroi, docteur en M\u00e9decineCaroline Durolek, m\u00e9decin g\u00e9n\u00e9ralisteDavid Durolek, m\u00e9decin g\u00e9n\u00e9ralisteJean Gou\u00e9zo, m\u00e9decin g\u00e9n\u00e9ralisteMartine Fargier, retrait\u00e9e infirmi\u00e8re hospitali\u00e8reJean Michel Segur, m\u00e9decinThierry Gibergues, m\u00e9decin Bernard Fontes, m\u00e9decin anesth\u00e9siste r\u00e9animateur retrait\u00e9Val\u00e9rie M\u00e9t\u00e9ier, psychologueJanick Wysocki, Infirmi\u00e8reAstrid Dreyer kin\u00e9sith\u00e9rapeute (suspendue)Nathalie P\u00e9ronnet Sala\u00fcn, m\u00e9decin g\u00e9n\u00e9ralisteMartine Steck, infirmi\u00e8reAntoine Chevalier, th\u00e9rapeuteJean-Claude Aubry, docteur en m\u00e9decine, sp\u00e9cialis\u00e9 en radiologie et imagerie m\u00e9dicaleAnne-Marie Roudot, orthophoniste (suspendue)Sylv\u00e8re Caron, Kin\u00e9sith\u00e9rapeute Ost\u00e9opatheMichel Angles m\u00e9decin g\u00e9n\u00e9raliste (suspendu)Denys Holder, infirmier (suspendu)Docteur Bernard Fauch\u00e8re, anesth\u00e9siste r\u00e9animateur retrait\u00e9Agn\u00e8s Perier, Infirmi\u00e8reNicole Karsenti, M\u00e9decin NutritionnisteIsabelle Titti Dingong, m\u00e9decin p\u00e9diatreJean Pierre Garc\u00eda, m\u00e9decin g\u00e9n\u00e9raliste Marie-France, Alessandri physicienne m\u00e9dicaleLouise Claverie, m\u00e9decin gyn\u00e9cologueMohamed Khelif, p\u00e9diatreLydia Bourriez, ex Agent des Services Hospitaliers en EHPADMarie-Line Allard, kin\u00e9sith\u00e9rapeuteFr\u00e9d\u00e9rique Paquet, Chirurgien-dentisteMichel Malige, infirmier de secteur psychiatriqueSofia Cotta, professionnelle de sant\u00e9Ariane Bilheran, psychologue clinicienne, docteur en psychopathologieLionel Suchet, kin\u00e9sith\u00e9rapeute ost\u00e9opathe Sandrine Bascoul, PsychologueMarie-Clotilde Hemery-Legrain, th\u00e9rapeute, orthophonisteGonthier Murielle, masseur-kinesitherapeute Cyril Lecomte, praticien hospitalier psychiatreNathalie Avril, g\u00e9riatreNatacha Stanojevic, infirmi\u00e8reThierry Borg m\u00e9decin g\u00e9n\u00e9ralisteAnnie Bergere, aide-soignanteCorinne Chesnais, Chirurgien-DentisteAnne Vittecoq, psychoth\u00e9rapeuteMihaela Matei, Psychiatre Centre Hospitalier Thierry Bataille, masseur kin\u00e9sith\u00e9rapeuteMariette Halilaj, Masseur-kinesitherapeuteEmmanuelle Jacquier, Ost\u00e9opatheR\u00e9gine Hochard, aide-soignante (suspendue)Yves Faribault, M\u00e9decin g\u00e9n\u00e9ralisteSiham Aubry-Alaoui, M\u00e9decin g\u00e9n\u00e9ralisteSylvie Rosset, m\u00e9decin g\u00e9n\u00e9ralisteChristine Pradines, m\u00e9decine du travail Cl\u00e9ment Heinisch, psychoth\u00e9rapeuteNicolas V\u00e9drines, kin\u00e9sith\u00e9rapeuteLaure Wagner, m\u00e9decin psychiatreNadine Bourgeaud, psychiatreJeanne Maze, infirmi\u00e8reSt\u00e9phane Cohas. Aide-soignant Ad\u00e8le Macrez, Cadre de sant\u00e9 \u00e0 la retraiteJacques Lamothe, p\u00e9diatreArnaud Greselin \u2013 Podologue, enseignant en biom\u00e9caniqueFanny Cantono , infirmi\u00e8reBrigitte Gevaudan, orthophonisteMichel Soussaline AIHP-ACCHP Chirurgien PlasticienCathy-Anne Piette Pireyn, Sage-femmePeter El Baze, Ex M\u00e9decin Attach\u00e9 des H\u00f4pitaux CHU Fanny Ecochard, Psychologue cliniciennePatrizia Chiaramello, gyn\u00e9cologueDominique Le Houezec, p\u00e9diatre R\u00e9seau de P\u00e9rinatalit\u00e9 de NormandieMargaux Chopin, aide-soignante G\u00e9rontologie (suspendue)Philippe Chambatte, ancien M\u00e9decin des H\u00f4pitauxAnne Soret, m\u00e9decin du travailSylvie Monamy, Docteur en pharmacieJean-Louis Meuric, masseur kin\u00e9sith\u00e9rapeute Laurence Pellegrina, pharmacien biologisteJean-Pierre Pilet, M\u00e9decin G\u00e9n\u00e9ralistePhilippe Seigneurin, OsteopatheAnne C\u00e9cile Bideau, psychologueFrance Benso, Docteur en PharmacieLaurence Borgogno, Dr V\u00e9t\u00e9rinaireMarion Lefebvre, infirmi\u00e8reB\u00e9atrice Vermeulen Gyn\u00e9co obst\u00e9tricienBrigitte Rochelemagne, infirmi\u00e8re anesth\u00e9sisteJean-Marc Jugand, psychologue retrait\u00e9, personne qualifi\u00e9e ARS NormandieAna\u00eblle Gaillard Infirmi\u00e8re Beatrice Guillaume, infirmi\u00e8re en addictologie, retrait\u00e9e Sara Delbecque, infirmi\u00e8rePascale Brun acupuncteurMartine Sochala, m\u00e9decin g\u00e9n\u00e9raliste \u00e0 la retraite Michel Sochala, medecin g\u00e9n\u00e9raliste \u00e0 la retraiteMarie Jos\u00e9 Teisseire, Docteur en m\u00e9decine et g\u00e9riatreClaire Lauffenburger, psychiatre retrait\u00e9eMichel Beguier, InfirmierKarine Biarnes, infirmi\u00e8re Marianne Dusson, sage-femmePascaline Provoost, Psychoth\u00e9rapeuteJean-Luc Humblet, Ost\u00e9opathe et physioth\u00e9rapeute Lecomte Val\u00e9rie, infirmi\u00e8reSandrine Mastier, psychologue clinicienneNathalie Toublanc, pharmacienneHenri Le Lan, M\u00e9decin retrait\u00e9Hugo Patourel, InfirmierFanny Heuze, anthropologue et sage-femme (Belgique)Catherine Vincent, aide-soignanteMarie Th\u00e9 Ducluzeau. Infirmi\u00e8re en Ehpad (suspendue)Yassine Benamrane, m\u00e9decin anesth\u00e9siste r\u00e9animateurThomas Sochala, psychologue hospitalierChristine Regazzi Sage-femmeMarie Christine Grennerat, infirmi\u00e8re cadre sup\u00e9rieure de sant\u00e9 en psychiatrieMarie-France Mao, infirmi\u00e8re retrait\u00e9ePierrette Sourisseau retrait\u00e9e hospitali\u00e8reCarole Monnier, pr\u00e9paratrice en pharmacie (suspendue)Claudine Noel ex psychologue clinicienne dans les h\u00f4pitaux publicsBeatrice Donot, KinesitherapeuteVal\u00e9rie Le Corneur, m\u00e9decin g\u00e9n\u00e9ralisteAnn Bojko, Kin\u00e9sith\u00e9rapeuteMarc Beranger, OsteopatheVal\u00e9rie Ch\u00e9nard, psychologue sociale et du travailFlores Maxime, Kin\u00e9sith\u00e9rapeute Emmanuel Thomas, m\u00e9decin v\u00e9t\u00e9rinairePatricia Bres, chef de service \u00e9ducatif, ex Infirmi\u00e8re Michel Malige, infirmier de secteur psychiatriqueMathieu Goldstein, masseur-kin\u00e9sith\u00e9rapeute \u2013 ost\u00e9opathe Christine Girard-Blanc, ing\u00e9nieur de recherche en biologieJean-Pierre Minier, Ing\u00e9nieur-Chercheur, Physique Appliqu\u00e9eAlexandra Delcamp, doctorante \u00e0 l\u2019Universit\u00e9 de B\u00e2le (Suisse)Jean Luc Maurin, Kin\u00e9sith\u00e9rapeute Patrick Besnier, Dr v\u00e9t\u00e9rinaireRomuald Tatard, technicien biom\u00e9dicalPhilippe Despeyroux Pharmacien retrait\u00e9Jean-luc Deconinck , psychologueAnne-Marie Hyvernaud, psychologue clinicienneLaurent Lafargue, psychanalyste (Association des Psychanalyste Europ\u00e9ens APE)Marie-Pierre Monnerat Schneider, Pharmacien, PhDChristine Femmelat, infirmi\u00e8re Anesth\u00e9sisteS\u00e9gol\u00e8ne Qu\u00e9ro-Chatelet, Chirurgien-dentisteJules Duroch, Master en sciences pharmaceutiquesJean-Pierre R\u00e9au, professeur de math\u00e9matiquesChristine Quintana, aum\u00f4nier des cliniques de MontpellierMichel Tauc, directeur de recherche \u00e0 l\u2019INSERMFran\u00e7ois Ledrappier, math\u00e9maticien, Directeur de recherches \u00e9m\u00e9rite au CNRSEric Mercier, professeur \u00e0 l\u2019Universit\u00e9 de Nantes, Facult\u00e9 des Sciences et TechniquesPierre Verlot, Enseignant-Chercheur (Physique), Institut Universitaire de FranceJanine Robert-Baudouy, professeur \u00e9m\u00e9rite des universit\u00e9s, ancienne directrice d\u2019une unit\u00e9 mixte INSA-CNRS en biologie cellulaire et mol\u00e9culaireYves Besan\u00e7on, professeur de sciences \u00e9conomiques et sociales, ancien Attach\u00e9 de l\u2019Institut national de la statistique et des \u00e9tudes \u00e9conomiques (INSEE)Thibaut Jarrosson, ma\u00eetre de Conf\u00e9rences \u00e0 l\u2019Ecole Nationale Sup\u00e9rieure de Chimie de MontpellierEmmanuelle Sultan, Ph.D., Ing\u00e9nieure de Recherche en Environnement au MNHNThierry Morvan, Ing\u00e9nieur de Recherches INRAEDiane Dorelon, enseignante-chercheuse \u00e0 l\u2019Universit\u00e9 Grenoble AlpesPierre Arbus, ma\u00eetre de Conf\u00e9rences HDR \u00e0 l\u2019Universit\u00e9 de Toulouse Jean Jaur\u00e8sAbdessadek El Ahmadi, PhD, ma\u00eetre de conf\u00e9rences en psychologie math\u00e9matique \u00e0 l\u2019Universit\u00e9 d\u2019Aix-MarseilleNour\u00e9dine Yahya Bey, maitre de conf\u00e9rences en Physique \u00e0 l\u2019Universit\u00e9 de ToursHubert Gall\u00e9e, directeur de recherches \u00e9m\u00e9rite au CNRS, climatologie et \u00e9pid\u00e9miologieLuc Leli\u00e8vre, sociologueFabrice Rizzoli : docteur en sciences politiquesBernard Courbot, agr\u00e9g\u00e9, Pd.D. de math\u00e9matiques, processus stochastiques et statistiqueRobin Candau, professeur \u00e0 l\u2019Universit\u00e9 de MontpellierFlorian Deloup, ma\u00eetre de conf\u00e9rences, institut de math\u00e9matiques de ToulouseNathalie Auger, MD, PhD, m\u00e9decin biologisteJean-Luc Kop, ma\u00eetre de Conf\u00e9rences en psychologie \u00e0 Universit\u00e9 de Lorraine Alain Vidal, Professeur Consultant, AgroParisTech, Membre Acad\u00e9mie d\u2019Agriculture de FranceMarie-Line Cal, \u00e9conomiste de la sant\u00e9 \u00e0 l\u2019universit\u00e9Luc Mampaey, Docteur de l\u2019Universit\u00e9 Versailles St-Quentin et ancien ma\u00eetre de conf\u00e9rences \u00e0 l\u2019Universit\u00e9 Libre de Bruxelles (Belgique)Colette Camelin, Professeure \u00e9m\u00e9rite des universit\u00e9sAgn\u00e8s Boutet, Ma\u00eetre de Conf\u00e9rences, Sorbonne Universit\u00e9Patrice Pattegay, Docteur en sociologie de l\u2019EHESSAnne Surgers, professeur des Universit\u00e9s, en retraiteArnaud Chiffaudel, Chercheur physicien, ancien charg\u00e9 de recherches au CNRSRen\u00e9 Gu\u00e9non, ma\u00eetre de conf\u00e9rences en microbiologie environnementaleSophie Allain, Sociologue HDR \u00e0 l\u2019INRAEFranck Waille, Docteur en histoire contemporaine, Chercheur associ\u00e9 au LARHRAJean Lerbet Professeur aux universit\u00e9s d\u2019Evry Val d\u2019Essonne et Paris-SaclayLo\u00efc Mazou, Enseignant-chercheur \u00e0 l\u2019Universit\u00e9 de PoitiersFran\u00e7oise Willmann, ma\u00eetre de conf\u00e9rences \u00e9m\u00e9rite, Universit\u00e9 de LorraineMario Culotti, Ex professeur au CNAMJean-Pierre Combe, ing\u00e9nieur, ancien \u00e9l\u00e8ve de l\u2019Ecole PolytechniquePhilippe Fritsch, professeur de sociologie (retrait\u00e9) \u00e0 l\u2019Universit\u00e9 Lyon 2Christian Guilleminot, docteur en sciences du langageH\u00e9l\u00e8ne Pignot, Ma\u00eetre de conf\u00e9rences \u00e0 l\u2019Universit\u00e9 Paris 1 Panth\u00e9on SorbonneGeorges Forlen, ing\u00e9nieur retrait\u00e9, docteur en \u00e9lectroniqueMathias Couturier, Ma\u00eetre de conf\u00e9rences en droit priv\u00e9 et sciences criminelles, Universit\u00e9 de Caen NormandieMaria Felice Arezzo, professeur de statistique \u00e0 l\u2019universit\u00e9 de la Sapienza (Rome, Italie)Tony F\u00e9vrier, enseignant en math\u00e9matiques \u00e0 l\u2019universit\u00e9 Paris-SaclayEric Castagne, Professeur des sciences du langage \u00e0 l\u2019Universit\u00e9 de Reims Champagne-ArdenneMarc Vigneron Charg\u00e9 de Recherche INSERMMarie-Jos\u00e9 Minassian, philosopheFanny Pascual, ma\u00eetresse de conf\u00e9rences en informatique \u00e0 Sorbonne Universit\u00e9Jean Paul Fohr, retrait\u00e9 Maitre de Conf\u00e9rences \u00e0 l\u2019Ecole d\u2019Ing\u00e9nieur de l\u2019Universit\u00e9 de PoitiersMichel Le Normand, ancien professeur de botanique et pathologie v\u00e9g\u00e9tale en Ecole Nationale Sup\u00e9rieure Agronomique, docteur es sciencesBenjamon Rondeau, ma\u00eetres de conf\u00e9rences en g\u00e9ologie \u00e0 l\u2019Universit\u00e9 de NantesPatrick Leh\u00e9bel, docteur es sciences math\u00e9matiques, professeur agr\u00e9g\u00e9 honoraireR\u00e9gis Gougeon, professeur de l\u2019Universit\u00e9 de BourgogneOlivier Albagli Curiel, chercheur au CNRSLyu Abe, astronome-adjoint, Observatoire de la C\u00f4te d\u2019Azur, Universit\u00e9 de la C\u00f4te d\u2019Azur Fran\u00e7ois Migeot, directeur de recherches honoraire en sciences du langage \u00e0 l\u2019universit\u00e9 de Franche Comt\u00e9Leslie Carnoye, maitre de conf\u00e9rences en \u00e9conomie \u00e0 AgroSup DijonFlorent Pasquier, ma\u00eetre de Conf\u00e9rences HDR \u00e0 Sorbonne Universit\u00e9, directeur du CIRETDidier Coureau, Professeur \u00e0 l\u2019Universit\u00e9 Grenoble Alpes Youssef Serrestou, professeur agr\u00e9g\u00e9 \u00e0 l\u2019universit\u00e9 du MansH\u00e9l\u00e8ne Palma, ma\u00eetre de conf\u00e9rences \u00e0 Aix-Marseille Universit\u00e9Claudie Rey, ma\u00eetre de conf\u00e9rences \u00e0 l\u2019Universit\u00e9 de ToursMichel Mulliez, chercheur en chimie organique biologique, retrait\u00e9 du CNRSMichel Emsalem, professeur \u00e9m\u00e9rite \u00e0 l\u2019Universit\u00e9 de LilleNadine de Courtenay, ma\u00eetresse de conf\u00e9rences en histoire et philosophie des sciences \u00e0 l\u2019Universit\u00e9 de ParisJulien Neuville, doctorant et vacataire \u00e0 l\u2019universit\u00e9 de Caen-NormandieSandra Schmieder, Docteur en Sciences de la Vie, dipl\u00f4m\u00e9e de l\u2019Universit\u00e9 de NiceSylvain Lebreton, chercheur post-doctoral en HistoireMathilde Pflieger, docteure en histoire de l\u2019artKarine Sellegri, Directrice de Recherche CNRS, Laboratoire de M\u00e9t\u00e9orologie Physique, Universit\u00e9 Clermont AuvergneLydie Venteo, docteur es science sp\u00e9cialit\u00e9 sciences biologiques pharmaceutiquesSabine Philippin, ing\u00e9nieure de recherche au CNRSJean-Claude Trap, Docteur-Ing\u00e9nieur en G\u00e9nie des Proc\u00e9d\u00e9sS\u00e9bastien Larrue, ma\u00eetre de conf\u00e9rences (HDR) \u2013 Universit\u00e9 Clermont AuvergneRaoul Huys, charg\u00e9 de recherche au CNRSSandra Negro, docteur en sciences biologiques dipl\u00f4m\u00e9e de l\u2019Universit\u00e9 de Canterbury, (Nouvelle-Z\u00e9lande)Michel Duru, directeur de recherche, retrait\u00e9 INRAEPatricia Chirot, enseignante chercheuse et directrice de recherchesMichel Stanislas Professeur des Universit\u00e9s \u00e9m\u00e9riteClaude Tregnier, Docteur en psychologie, Universit\u00e9 Paris 5 Ren\u00e9 DescartesJoel Abadie, Phd, ing\u00e9nieur de recherche au CNRSJacques Joas  Dr en science des aliments, retrait\u00e9 CIRADSara Jaleco, PhD \/IGGM-CNRS MontpellierSylvie Lasserre, docteur en physiqueEric Guasco, m\u00e9decin urgentiste, urgences p\u00e9diatriquesPatrice Guedj, m\u00e9decin Anesth\u00e9siste R\u00e9animateurCarole Lebrun, Praticien Hospitalier, P\u00e9dopsychiatreChristine Perrot, m\u00e9decin p\u00e9dopsychiatre retrait\u00e9, ancien chef de clinique du CHU ToulouseJeanne Sigalla, p\u00e9diatreGerlind Gilbert, m\u00e9decin g\u00e9n\u00e9ralisteClaude Swaenepoel, p\u00e9diatreGenevi\u00e8ve Sibold p\u00e9dopsychiatrePascal Martin, M\u00e9decin g\u00e9n\u00e9ralisteDenis Ri\u00e8s, chirurgien-dentisteSonia Bonnaire, sapeur-pompier volontaire (cessation d\u2019activit\u00e9)Estelle de Giovanni, psychologue (suspendue)Julie Boisson, Orthophoniste (suspendue)Florence Bosse, psychologue de l\u2019\u00e9ducation nationale (suspendue)Jeanne-Marie Brossollet, Docteur en chirurgie-dentairePhilippe Harvaux, Pr\u00e9sident de l\u2019AIMSIB (Association Internationale pour une M\u00e9decine Scientifique, Ind\u00e9pendante et Bienveillante)St\u00e9phane Darteyre, neurop\u00e9diatre et docteur en recherche clinique, sant\u00e9 publique, innovation technologique (universit\u00e9 Claude Bernard Lyon), Polyn\u00e9sie Fran\u00e7aiseMarie-Laure Martin-Poulet, m\u00e9decin vasculaireDelphine Perche, m\u00e9decin g\u00e9n\u00e9ralistePatricia Meyer Fuhrer, M\u00e9decin g\u00e9n\u00e9raliste, M\u00e9decin du sportAndr\u00e9e-Line Ponce-Biaggini, infirmi\u00e8reArnaud de Chateaubriant, rhumatologueJean Marc Meysonnet \u2013 ex kin\u00e9sith\u00e9rapeute hospitalierJean Kopp, m\u00e9decin g\u00e9n\u00e9ralisteIsabelle Chaussee-Ruzzica M\u00e9decin dermatologueJean Suignard psychologue (retrait\u00e9)Julie Legaut, OrthophonisteFranck Dubus, PharmacienJean-Paul Gu\u00e9rard, docteur en m\u00e9decinePhilippe Hunaut, Ost\u00e9opatheNo\u00eblle Girod, infirmi\u00e8reAuriane de Fenoyl, psychologue clinicienneJean-Philippe Labreze. M\u00e9decin (poursuivi par l\u2019ordre des m\u00e9decins)Annelore Raveneau, m\u00e9decin g\u00e9n\u00e9raliste (cessation d\u2019activit\u00e9)Matthieu Bonnery, sage-femme (suspendu)Charles Pellissier, m\u00e9decin g\u00e9n\u00e9raliste (retir\u00e9 de la vie professionnelle par la loi d\u2019ao\u00fbt 2021Marcoux Marie Kin\u00e9sith\u00e9rapeute (cessation d\u2019activit\u00e9 en ao\u00fbt 2021)Emmanuelle Menard, infirmi\u00e8re responsable d\u2019accueil de jour pour personnes Alzheimer (suspendue)Catherine Fernstrom, m\u00e9decin allergologue (retraite anticip\u00e9e)Kirsten Mc Murtry, chirurgien-dentisteOlivier Vautey, ost\u00e9opatheDevika Apavou, m\u00e9decin g\u00e9n\u00e9ralisteSabine de Monvallier, M\u00e9decin g\u00e9n\u00e9ralisteElisabeth Artaud, M\u00e9decin g\u00e9n\u00e9raliste \u00e0 la retraiteSabine Prothon, infirmi\u00e8reNicolas Rahmani, psychologueFlorian Pailh\u00e8s, dipl\u00f4m\u00e9 en pharmacie de l\u2019Universit\u00e9 de Li\u00e8ge (Belgique)Dominique Bourdin, docteur en m\u00e9decineNathalie Genot, infirmi\u00e8re (sans emploi depuis le 25 novembre 2021)Patricia Henry, Masseur-Kin\u00e9sith\u00e9rapeute (cessation d\u2019activit\u00e9)Alain Drux, m\u00e9decin (suspendu)Anne Leml\u00e9-Le Roux, orthophoniste (suspendue)Catherine Thomas, infirmi\u00e8re (suspendue)Corine Lopez, psychologue territoriale (cessation d\u2019activit\u00e9)Marie-Claude Clair, soignante \u00e0 La R\u00e9union (suspendue)V\u00e9ronique Bouvet, aide-soignante (non renouvel\u00e9e)Marie-Anne Beltjens pharmacien d\u2019officine (d\u00e9missionnaire)Eric Loridan, Chirurgien visc\u00e9ral et bariatrique en CH V\u00e9ronique Boireau infirmi\u00e8reParisa Azeri, Infirmi\u00e8reThierry Danglot, aide-soignantJo\u00eblle Barnabo, infirmi\u00e8re retrait\u00e9eVal\u00e9rie Jouband, cadre de sant\u00e9, formatrice en travail socialPauline Roux, psychologue clinicienne exer\u00e7ant en milieu hospitalierJulie Lascols, psychologueAnne Daumalin, gyn\u00e9cologue m\u00e9dicaleM\u00e9lanie Audureau-Picaut, Psychologue clinicienneS\u00e9bastien Kalaydjian PharmacienB\u00e9atrice Le Barillec, Chirurgien dentisteJ\u00e9r\u00f4me Goud\u00e9 Masseur kin\u00e9sith\u00e9rapeuteOlivier Raymaekers Kin\u00e9sith\u00e9rapeuteMarion Quinchard, psychologue clinicienneDanielle Delporte, psychiatre hospitalierMarie-Jos\u00e9 Munier infirmi\u00e8reJean-Claude Sroussi, cardiologueAntonella Bertoli psychologue\/Psychoth\u00e9rapeute Patrick Chetcuti, v\u00e9t\u00e9rinaireDani\u00e8le Aug\u00e9 psychologue-psychanalysteVincent Bentolila, chirurgien orthop\u00e9diste \u00e0 La R\u00e9unionAnne Moro L\u2019Kaissi chirurgien infantile CHU La R\u00e9unionSophie Augustin, m\u00e9decin g\u00e9n\u00e9raliste, La R\u00e9unionAlbert Waysberg, radiologue, Nouvelle-Cal\u00e9donieMarion Court m\u00e9decin anesth\u00e9sisteEric Billard, P\u00e9diatre retrait\u00e9 Julie Diqu\u00e9lou, Orthophoniste (cessation d\u2019activit\u00e9)Isabelle Foucher, OrthophonisteDoriane, Lpage, aide-soignanteG\u00e9raldine Stevenin, psychologue, psychoth\u00e9rapeuteLuca Oppizzi, Psychologue, psychoth\u00e9rapeuteClotilde Hennequin Rivoire, Psychologue clinicienneJean-Fran\u00e7ois Huet, Anesth\u00e9siste R\u00e9animateur Retrait\u00e9 Ahmed Wadjinny, m\u00e9decin, endoctrinologueH\u00e9l\u00e8ne Flouquet, m\u00e9decin ophtalmologisteFr\u00e9d\u00e9rique Peteaux, infirmi\u00e8re anesth\u00e9sisteYves Lepennetier, m\u00e9decin g\u00e9n\u00e9ralisteMarc Maine, m\u00e9decin g\u00e9n\u00e9raliste retrait\u00e9Yvonne Lebarbier retrait\u00e9e de PharmacieClaire Pernot ergoth\u00e9rapeuteNathalie Klein, Pharmacien HospitalierFr\u00e9d\u00e9rique Hautefeuille, infirmi\u00e8reFabienne Basiletti, assistante sociale au Chu de Nantes en service de psychiatrie (suspendue) Elodie Tartrat, Cadre de sant\u00e9Marie-Jos\u00e9 Colibeau, ost\u00e9opatheSimon Rey-Dor\u00e8ne, ost\u00e9opatheEstelle de Giovanni, psychologue clinicienneChristelle Chaillou, psychologueJocelyn Astier, Psychologue retrait\u00e9No\u00e9mie Scheffler, ex Kin\u00e9sith\u00e9rapeuteV\u00e9ronique D\u00e9pinoy, orthophonisteBrigitte Gevaudan, orthophonisteMarie Grandjacquet, Kin\u00e9sith\u00e9rapeute en milieu hospitalier, r\u00e9animationMarie-Fran\u00e7oise Stigliani, PharmacienneRebekah Rossignol, psychologueHerenui Vonsy, psychiatreMyriane Boucher, cadre de Sant\u00e9Laurence Gerardin, infirmi\u00e8re retrait\u00e9eAndr\u00e9 Arnaud m\u00e9decin G\u00e9n\u00e9raliste retrait\u00e9 Catherine Billod, m\u00e9decin g\u00e9n\u00e9ralisteThierry Duclos M\u00e9decin g\u00e9n\u00e9ralisteLuc Ribeton, m\u00e9decin g\u00e9n\u00e9raliste retrait\u00e9Guillaume Lemonde, M\u00e9decin g\u00e9n\u00e9ralisteH\u00e9l\u00e8ne Boulay M\u00e9decin g\u00e9n\u00e9ralisteSomaly Kaing, m\u00e9decin g\u00e9n\u00e9ralistePatrick Aufr\u00e8re M\u00e9decin g\u00e9n\u00e9ralisteAnnick Telegone M\u00e9decin g\u00e9n\u00e9ralistePaule Pierron, M\u00e9decin g\u00e9n\u00e9ralisteJean-Louis Puricelli \u2013 psychologue clinicienAnnick Picard Pharmacien biologiste retrait\u00e9eJoel Fritschy Psychologue- psychanalysteB\u00e9atrice Manceau-Meynier, m\u00e9decin, ost\u00e9opatheLaurent Bauer, infimierAnthony Chauvet, Psychologue ClinicienLa\u00efla Tomaiuolo, kin\u00e9sith\u00e9rapeute et \u00e9tudiante en neuropsychologieRachel Icard, Infirmi\u00e8reHubert Hiron, Dr V\u00e9t\u00e9rinaireAgn\u00e8s Souillard, pharmacien hospitalierFran\u00e7oise Portal, Psychiatre retrait\u00e9eMatthieu Audureau, Psychologue ClinicienMarie Mac\u00e9, infirmi\u00e8re retrait\u00e9eGabrielle Gothi\u00e9, OrthophonisteMarie-Laure Cadart, m\u00e9decin et anthropologueSuzette Laugier, M\u00e9decinAriane Cassiot, psychologueP. Vidal, Psychologue et psychanalysteNicole Robert, Psychologue clinicienneLa\u00efla Malaga PsychologueFabienne Le Coq, Kin\u00e9sith\u00e9rapeuteMarie Lalfert, orthophoniste Daniel Denayrou, Kin\u00e9sith\u00e9rapeute, ost\u00e9opatheS\u00e9bastien Constans, Kin\u00e9sith\u00e9rapeute, ost\u00e9opatheLouise Qu\u00e9r\u00e9 Psychologue-Psychoth\u00e9rapeuteJulia Ripault, Psychologue clinicienne, Psychologue scolaireJean-Marie Terpereau, kin\u00e9sith\u00e9rapeute retrait\u00e9, th\u00e9rapeuteJean Teisseire, M\u00e9decin g\u00e9n\u00e9ralisteMich\u00e8le Rommens, infirmi\u00e8re retrait\u00e9eChristine Marescaux, art th\u00e9rapeute en psychiatrieBeatrice Bobay P\u00e9dicure podologueDelphine Monteville, \u00e9cole d\u2019infirmi\u00e8reMarie Pataud PharmacienneMartine Ladouce, Docteur en chirurgie dentaire retrait\u00e9ePhilippe Ladouce, Docteur en chirurgie dentaire retrait\u00e9Anne Planchon, Cadre de sant\u00e9 formateur infirmierCarole Larmanou, Kin\u00e9sith\u00e9rapeuteFrancoise Dusart, ost\u00e9opathe (suspendu) C\u00e9lya Maury, ex-Pr\u00e9paratrice en Pharmacie Hospitali\u00e8reG\u00e9rard Nauret, Psychologue hospitalier, psychanalysteIsabelle Donot m\u00e9decin g\u00e9n\u00e9raliste\u00c9meline Bastide, infirmi\u00e8reEmmanuelle Zoratti, infirmi\u00e8reAnne Frouin, infirmi\u00e8re en EHPAD (cessation d\u2019activit\u00e9)Richard Laffont, Aide-SoignantCharlotte Harbeby. Aide-soignanteChristine Pomer, Aide-soignanteAriane Baldacchino, aide m\u00e9dico-psychologiqueMa\u00eblle Gajan masseur-kin\u00e9sith\u00e9rapeute ost\u00e9opatheJean-Claude Hennebicq, Cadre m\u00e9dico-socialDr Claude Swaenepoel p\u00e9diatreFabienne Bonnet infirmi\u00e8re Fran\u00e7oise Ferir Kin\u00e9sith\u00e9rapeuteSarah Wauquiez, psychologueArnaud Bozek, Infirmier coordinateur PSDMMichel Ch\u00e2teau infirmierIrene Bretones infirmi\u00e8reBrigitte Lehours infirmi\u00e8re Chantal Pi\u00e9ton, infirmi\u00e8re retrait\u00e9eAude Lambert sage-femmeThierry Wacker, aide-soignantJuliette Jeandron, psychologuePhilippe Van Acker, docteur en psychologiePetra Jarry, Psychologue cliniciennePatrick B\u00e9lier, m\u00e9decin g\u00e9n\u00e9ralisteIsabelle Galy, infirmi\u00e8reGhislaine Usureau, orthophoniste retrait\u00e9e Cl\u00e9mentine Bertrand, Accompagnante P\u00e9rinataleMbap\u00e9 Gwladys infirmi\u00e8rePatricia Goldberg infirmi\u00e8rePatrick Sigwalt, PsychanalysteMonique Maquik, m\u00e9decin du travail en milieu hospitalier (retrait\u00e9e)Jean-Thomas Colmant, chirurgien-dentiste \u00e0 la retraiteMbap\u00e9 Gwladys infirmi\u00e8reMartine Long, Pharmacien Biologiste retrait\u00e9eLaetitia Bouvier, r\u00e9dactrice m\u00e9dicale, biologiste de formationMarie-Th\u00e9r\u00e8se Bal-Craquin, directrice de l\u2019universit\u00e9 libre europ\u00e9enne en sciences infirmi\u00e8res et sciences de la vieJulie Poinsot-Meininger, psychologue clinicienneOnEstEnsemble, collectif d\u2019\u00e9tudiants qui souhaite lib\u00e9rer la parole sur la question de la crise sanitaire et de son impact sur la sant\u00e9 mentale des jeunesLucile Daumas, Charg\u00e9e de projet en sant\u00e9 publique, pr\u00e9vention, promotion de la sant\u00e9Fran\u00e7ois Caces, M\u00e9decin ORL et Chirurgie Cervico-facialeJean-Claude Richard, ost\u00e9opatheDenis Lairon, Directeur de recherche \u00e9m\u00e9rite \u00e0 l\u2019INSERM (Aix-Marseille Universit\u00e9)Johan Hoebeke, Directeur de Recherches au CNRS (retrait\u00e9)Simon Joly, Ma\u00eetre de Conf\u00e9rence en Physique, Universit\u00e9 de BordeauxGlenda Comai, chercheuse en biologie au CNRSOlivier Jaquet, Docteur \u00e8s sciencesJeanine Belgodere, Ma\u00eetresse de Conf\u00e9rences \u00e0 l\u2019Universit\u00e9 du HavreCl\u00e9ment Gass, statisticien \u00e0 l\u2019INSEEOlivier Sedeyn, ENS, agr\u00e9g\u00e9 de philosophie, professeurJulien Bettane, Ing\u00e9nieur de recherche CNRSPatrick Stocco, Biologiste et virologue retrait\u00e9Vincent Lescarret, enseignant chercheur \u00e0 CentralesupelecOlivier Jourdan Ma\u00eetre de Conf\u00e9rences en physique de l\u2019atmosph\u00e8re \u00e0 l\u2019Universit\u00e9 Clermont AuvergneFr\u00e9ville Patrick, Ing\u00e9nieur de Recherche, Universit\u00e9 Clermont AuvergnePatrizia Cavalli, Docteur en Economie et Gestion, Universit\u00e9 Catholique de l\u2019OuestPhilippe Barascud, docteur \u00e8s lettres, enseignant au lyc\u00e9e et \u00e0 l\u2019universit\u00e9Muriel Cassel-Piccot, Ma\u00eetre de conf\u00e9rences \u00e0 l\u2019Universit\u00e9 Jean Moulin Lyon 3Gilles Sajous, docteur en sciences de la TerreFrancisco Cabello Hurtado, Docteur en Biochimie et Biologie Mol\u00e9culaire, Ma\u00eetre de Conf\u00e9rences \u00e0 l\u2019Universit\u00e9 de Rennes 1Fran\u00e7oise Watteau, Ing\u00e9nieure de rechercheBernadette Leclercq-Neveu, Ma\u00eetre de conf\u00e9rences \u00e0 l\u2019ENS (retrait\u00e9e)Evelyn Freney, chercheuse au CNRS, Universit\u00e9 Clermont AuvergneJ\u00e9r\u00e9mie Seguin, Docteur en NeurosciencesJulien Lapichella, Docteur en Chimie Jean Pouzat, biologiste, professeur retrait\u00e9 de l\u2019Universit\u00e9 de ToursJean-Marie Lacrosse, sociologue, professeur \u00e9m\u00e9rite des universit\u00e9s (Belgique)Sandrine Stanislas, Docteur en chimieFabrice Alliot Ing\u00e9nieur, EPHE, Sorbonne Universit\u00e9Dominique Delmaire, enseignant-chercheur \u00e0 l\u2019Universit\u00e9 Lumi\u00e8re-Lyon 2Murielle MATUS, doctorante au CNAMAnne Carbonnel, enseignante chercheure en Sciences de gestion \u00e0 l\u2019Universit\u00e9 de LorraineMuriel Brian\u00e7on, Ma\u00eetresse de conf\u00e9rences HDR, Universit\u00e9 Catholique de l\u2019Ouest \u00e0 La R\u00e9unionPhilippe Couraud, Docteur ing\u00e9nieur en agro-\u00e9conomieNad\u00e8ge Pandraud, sociologue, ma\u00eetre de conf\u00e9rences \u00e0 l\u2019Universit\u00e9 de LilleViviane Ridard, Enseignante universitaireYann Henry, Enseignement Sup\u00e9rieur, Biochimiste \u2013 MicrobiologisteJ\u00e9r\u00e9mie Kroubo Dagnini, Docteur d\u2019Etudes anglophones, enseignant \u00e0 l\u2019Universit\u00e9 d\u2019Orl\u00e9ans Sarah Berndt, Docteur en Sciences Biom\u00e9dicales et Pharmaceutiques Mich\u00e8le Minet, G\u00e9n\u00e9ticienne Enseignante Chercheuse \u00e0 l\u2019Universit\u00e9 Paris VI, Guy Genevois, Psychologue, Ma\u00eetre de conf\u00e9rences honoraire des universit\u00e9s, retrait\u00e9eAnne-Sophie Armand, enseignant chercheur \u00e0 l\u2019universit\u00e9 de Paris en Biologie cellulaireFr\u00e9d\u00e9ric Souli\u00e9, ancien psychiatre des h\u00f4pitaux, ancien chef d\u2019un p\u00f4le de psychiatrieDocteur Jean-Pascal Medurio, Praticien Hospitalier-Psychiatre des H\u00f4pitauxMarie-Jo\u00eblle Haardt, m\u00e9decin sp\u00e9cialiste Endocrinologue \u2013 Diab\u00e9tologueConstance Yver Elleaume M\u00e9decin Soins PalliatifsMich\u00e8le Cl\u00e9ment, m\u00e9decin anesth\u00e9sisteBruno Barroso, Neurologue. P H. Centre hospitalier Serge Bellet, M\u00e9decin g\u00e9n\u00e9ralisteAlain Coiffard, M\u00e9decin g\u00e9n\u00e9ralisteJudith R\u00e9my, m\u00e9decin cardiologueFran\u00e7ois-Xavier Cl\u00e9ment Anesth\u00e9siste retrait\u00e9Pierre Matthieu, m\u00e9decin g\u00e9n\u00e9raliste retrait\u00e9Sybille Burtin, m\u00e9decin sp\u00e9cialiste de Sant\u00e9 Publique Vanessa Rigault, directrice d\u2019\u00e9tablissements et services m\u00e9dico-sociauxJehanne Van Wynsberghe, m\u00e9decin p\u00e9dopsychiatre en BelgiquePatrick Fonvielle m\u00e9decin g\u00e9n\u00e9ralisteMyriam de Dinechin sage-femmeGenevi\u00e8ve Fribourg-Blanc, m\u00e9decin retrait\u00e9Philippe Dubar, chirurgien-dentistePhilippe Fleury, m\u00e9decin radiologisteFran\u00e7ois-Marie Tanazacq, M\u00e9decin g\u00e9n\u00e9ralisteNadine Lebrun, psychologue clinicienneAgn\u00e8s Perrette Infirmi\u00e8re (cessation d\u2019activit\u00e9)Natacha Galet Psychologue Clinicienne (mise \u00e0 pied)Julia Normand, psychologue clinicienneAgn\u00e8s Legras, docteur en chirurgie dentaire Fran\u00e7ois Richard, m\u00e9decin g\u00e9n\u00e9raliste retrait\u00e9 (Belgique)Arnaud Huboud-Peron, Chirurgien orthop\u00e9diste praticien hospitalier (suspendu) Christophe Julian, chirurgien-dentisteElisabeth Le Guen-Barazer, p\u00e9diatreElise G\u00e9rard, m\u00e9decin g\u00e9n\u00e9ralisteOlivier ANNE, NeurologueH\u00e9l\u00e8ne Beaumont \u2013 PsychomotricienneMagali Gondal, psychomotricienne (en arr\u00eat)Isabelle Leotard masseur kin\u00e9sith\u00e9rapeuteBruno Thezier, masseur kin\u00e9sith\u00e9rapeute (radi\u00e9)Alain Lecavelier, docteur v\u00e9t\u00e9rinaire, ancien chef de service sant\u00e9 et protection animaleLaurent Damiens Psychoth\u00e9rapeuteH\u00e9l\u00e8ne Prins, psychoth\u00e9rapeuteCl\u00e9mence Leconte OrthoptisteLaurence castes, infirmi\u00e8reLionel Reisdorffer, Docteur v\u00e9t\u00e9rinaireC\u00e9cile Torro, infirmi\u00e8reCatherine Jaeger Both, Psychologue \u2013 Psychoth\u00e9rapeute (Suisse)Isabelle Grange, masseur kin\u00e9sith\u00e9rapeute (cessation d\u2019activit\u00e9)Nathalie Jezegou, infirmi\u00e8reLorys Elmayan, ancienne carde de l\u2019industrie pharmaceutique, patiente-experte VIHGermain Lasterade masseur kin\u00e9sith\u00e9rapeuteB\u00e9n\u00e9dicte Paillard masseur kin\u00e9sith\u00e9rapeuteChristophe Moorghen, Masseur Kin\u00e9sith\u00e9rapeute (cessation d\u2019activit\u00e9)Dominique Guilhaumon, OrthophonisteSylvie Blanc Chirurgien-dentiste Fran\u00e7ois Lhuisset, chirurgien-dentiste, ancien assistant de biophysique \u00e0 la facult\u00e9 de ParisCatherine Coblence, ancienne sage-femme et th\u00e9rapeuteAnnie Benrhamous, Docteur en pharmacie Christ\u00e8le Randon, infirmi\u00e8reNadine Maillet, infirmi\u00e8reDoroth\u00e9e Lopes, psychologue clinicienne en EHPADPatrice Burgot Ex Aide-Soignant Patrick Perreard, Masseur-kin\u00e9sith\u00e9rapeuteVal\u00e9rie Peyraud-Gilly, ophtalmologiste (suspendue)Anne Duche, masseur kin\u00e9sith\u00e9rapeute Anna Cobbett, infirmi\u00e8reFr\u00e9d\u00e9rique Galaup, assistant dentaireMarie-Madeleine Bonaldi, psychologueSylvie Malfroid, Masseur-kin\u00e9sith\u00e9rapeuteVincent Di Piero, psychologue clinicien Chahra Darfilal, Docteur en m\u00e9decineMarie-Laure R\u00e9m\u00e9zy, Docteur en pharmacieClaire-Anne Bordier, ost\u00e9opathe, Neuch\u00e2tel (Suisse)Philippe Jullian, infirmierEmmanuelle Portha, Ost\u00e9opatheVal\u00e9rie Henry, psychologue clinicienneBernadette Lucas, psychologue clinicienneNadine Maillet, infirmiereMorgane Bardouil \u2013 Infirmi\u00e8reE-M Westphal, infirmi\u00e8reJoelle Piedquin infirmi\u00e8re Groupe Hospitalier R\u00e9gionalFlorence Duvigneau, infirmi\u00e8re en p\u00e9dopsychiatrie (suspendue)Fr\u00e9d\u00e9rique Faure PsychologueFlorent Daujat, Ost\u00e9opathe, masseur-kin\u00e9sith\u00e9rapeuteIsabelle Idrac, professionnelle du secteur m\u00e9dico-social (cessation d\u2019activit\u00e9)Lise Rebattu, orthophonisteLina Bourgeois, orthophonisteV\u00e9ronique Larrauffie, infirmi\u00e8re (suspendue)Catherine Favre, docteur en biologie, psychologue clinicienneMalika Lounis, m\u00e9decin, m\u00e9decine physique et de r\u00e9adaptationB\u00e9n\u00e9dicte Herbez, chirurgien-dentiste Chatain Val\u00e9rie, Th\u00e9rapeuteCatherine Sabre ost\u00e9opatheV\u00e9ronique Billeret, docteur en m\u00e9decine Fran\u00e7oise Montpeyroux, M\u00e9decin de Sant\u00e9 PubliqueSimone Bassinot M\u00e9decinEsmeralda Virlan, endocrinologue (cessation d\u2019activit\u00e9)Stephanie Roguet sage-femmeAnne-Marie Georget kin\u00e9sith\u00e9rapeuteMathilde Baissac, orthophonisteJustine Muffat, Kin\u00e9sith\u00e9rapeuteNathalie Mosnier, Psychomotricienne dans la fonction publique hospitali\u00e8re (suspendue)Hubert Debiolles, M\u00e9decin gyn\u00e9cologue obst\u00e9tricienFranck Pisiaux, Kin\u00e9sith\u00e9rapeute ost\u00e9opatheElisabeth Pellenq-Zemek, M\u00e9decin g\u00e9n\u00e9raliste et r\u00e9gulateur lib\u00e9ral (suspendue)Mich\u00e8le Cl\u00e9vy m\u00e9decin g\u00e9n\u00e9raliste retrait\u00e9eNicole Verdier, m\u00e9decin du travailGabrielle Seynave kin\u00e9sith\u00e9rapeute Eve Marty, psychologue clinicienneRomuald Caquiere, Psychologue Clinicien \u2013 Psychoth\u00e9rapeuteBruyat Sylvain InfirmierG\u00e9raldine Morel-Paulme Sage-Femme Caroline Mathis, kin\u00e9sith\u00e9rapeuteMartine Migaud, m\u00e9decin et acupunctriceJolanta Amouyal, psychologue clinicienne et psychologue du travailJacqueline Foriel, Pr\u00e9paratrice en Pharmacie Hospitali\u00e8re (suspendue)Nicole Belin cadre de sant\u00e9 \u00e0 la retraiteAur\u00e9lie Bragagia, kin\u00e9sith\u00e9rapeuteCharlotte Adenot, Infirmi\u00e8reIsabelle Ledig, infirmi\u00e8reGenevi\u00e8ve Fonvielle orthophonisteAnne Robert, directrice de recherche au CNRSC\u00e9cile Bourdais, Ma\u00eetresse de conf\u00e9rences \u00e0 l\u2019Universit\u00e9 Paris 8Pascal Bussy, Professeur de M\u00e9canique \u00e0 l\u2019Universit\u00e9 de PicardieYan Gerard, maitre de conf\u00e9rences \u00e0 l\u2019Universit\u00e9 Clermont AuvergneVal\u00e9rie Vidal, chercheuse en biologie \u00e0 l\u2019INSERMSabine Kraus, chercheur en histoire des sciencesXuxia Wang, charg\u00e9e de cours \u00e0 Sorbonne Universit\u00e9Isabelle Dangeard, Ma\u00eetre de Conf\u00e9rences en Sciences de Gestion \u00e0 l\u2019Universit\u00e9 de Bretagne OccidentaleVictor Dupuis, Ph.D., enseignant-chercheur post-doctoral \u00e0 l\u2019Institut Technologique de Karlsruhe (Allemagne)Emmanuel Carre, Docteur en sciences de l\u2019informationBruno Maurer, professeur des Universit\u00e9s en Sciences du langage (Montpellier 3) et Professeur ordinaire Universit\u00e9 de LausanneFlorian Fouchet, technicien de recherche au d\u00e9partement pharmacie de l\u2019Universit\u00e9 d\u2019AngersRichard Hubert, chirurgien-dentiste, ancien pr\u00e9sident du Revih49 (r\u00e9seau ville-h\u00f4pital VIH)Florence Langendorff, Docteur en psychologie clinique, ex psychologue clinicienne \u00e0 l\u2019AP-HPHenri Kotobi, Chirurgien p\u00e9diatre Josiane Martelin, PharmacienneNadine Charbonnel, m\u00e9decin g\u00e9n\u00e9ralisteSamuel Belloir, m\u00e9decin g\u00e9n\u00e9ralisteV\u00e9ronique Ferry-Christin Masseur-kin\u00e9sith\u00e9rapeuteKarine Godefroy, Cadre de Sant\u00e9Karine Albernhe, P\u00e9dopsychiatreJean-Marie Menin, infirmierB\u00e9n\u00e9dicte Chauvelot, psychomotricienneMarie Bonnard Infirmi\u00e8reBernard Maillat, m\u00e9decin gyn\u00e9cologue obst\u00e9tricien retrait\u00e9Genevi\u00e8ve Soulas, m\u00e9decin dermatologue retrait\u00e9eMarie Lains M\u00e9decin g\u00e9riatreCatherine Tran Kiem m\u00e9decin du travailClaudette Barallier, sage-femme (interdite d\u2019exercer)Fran\u00e7ois Martin v\u00e9t\u00e9rinaireC\u00e9cile Chailloux, psychomotricienne, th\u00e9rapeuteSofia Soual infirmi\u00e8re en EHPADMorgane Maurel masseur kin\u00e9sith\u00e9rapeute (cessation d\u2019activit\u00e9)Alain Gibily m\u00e9decin g\u00e9n\u00e9ralisteVal\u00e9rie Dejaune, chirurgien-dentisteClaire Bossard masseur kin\u00e9sith\u00e9rapeuteFr\u00e9d\u00e9ric Ronsse, Masseur-Kin\u00e9sith\u00e9rapeuteDanielle Gomaris, infirmi\u00e8re retrait\u00e9eMarcel Derrier, M\u00e9decin anesth\u00e9siste retrait\u00e9Nathalie Bonnefoy, directeur de recherche au CNRS, g\u00e9n\u00e9tique et microbiologieCarole Groussard, Maitresse de conf\u00e9rences HDR \u00e0 l\u2019Universit\u00e9 Rennes 2Marc Devillard, Charg\u00e9 de Recherche en Chimie, Universit\u00e9 de Rennes 1Marina B\u00e9ly, enseignante-chercheur \u00e0 l\u2019Universit\u00e9 de BordeauxSarah Zorman, docteur en biologie mol\u00e9culaireAthanasia Bara, \u00e9conomiste historienne doctorante en Histoire CRHAlain Maskens, docteur en m\u00e9decine, agr\u00e9g\u00e9 de l\u2019enseignement sup\u00e9rieur (Belgique)Spyros Marchetos, historien, professeur adjoint \u00e0 l\u2019Universit\u00e9 Aristote de Thessalonique (Gr\u00e8ce)Mohan Ranganathan, Professeur des Universit\u00e9s, ToursSylvie Monchatre, sociologue, professeure \u00e0 l\u2019Universit\u00e9 Lumi\u00e8re Lyon 2Gilbert Herv\u00e9, chimiste, professeur Universit\u00e9 retrait\u00e9David Le Roux, ma\u00eetre de conf\u00e9rences \u00e0 l\u2019Universit\u00e9 Rennes 2Philippe Guillemant, physicien, Ing\u00e9nieur de recherche au CNRSJeanne Mallet, Ph.D. Harvard, Professeur \u00e9m\u00e9rite des universit\u00e9sPascal Guillot, historien, Universit\u00e9 Versailles Saint-QuentinChristophe P\u00e9barthe, ma\u00eetre de conf\u00e9rences en histoire grecque, Universit\u00e9 Bordeaux MontaigneAnne Sylvie Ehrensperger, biochimiste, retrait\u00e9e de l\u2019Universit\u00e9 Claude Bernard de LyonC\u00e9cile Folschweiller, agr\u00e9g\u00e9e de philosophie, ma\u00eetre de conf\u00e9rences \u00e0 l\u2019universit\u00e9Jacques Luzi, Ma\u00eetre de conf\u00e9rences, Critique sociale, Universit\u00e9 de Bretagne-SudAlain Sergent, Enseignant-Chercheur \u00e0 l\u2019Universit\u00e9 Savoie Mont BlancJean-Luc Peiry, professeur des universit\u00e9s, universit\u00e9 Clermont AuvergneEsra Aykin, doctorante \u00e0 l\u2019Universit\u00e9 Gustave Eiffel, Marne-la-Vall\u00e9eHenri Louis Go, MCF-hdr, universit\u00e9 de LorraineBianca Botea, Ma\u00eetresse de conf\u00e9rences HDR en anthropologie, Universit\u00e9 Lyon 2Franck Olivier De Winne, m\u00e9decin anesth\u00e9siste r\u00e9animateurCatherine Deshays m\u00e9decin psychiatreLucie Dinh, Docteur en m\u00e9decine, m\u00e9decine g\u00e9n\u00e9raleGwendolyn Ang\u00e9lis, directrice d\u2019une r\u00e9sidence autonomie (suspendue)Marc Moz\u00e8s, Chirurgien- DentisteJennifer Bailly, infirmi\u00e8re (suspendue)Sophie Dessauvages, aide-soignanteMonique Bourdais, m\u00e9decin territorial retrait\u00e9eCyril Sala, aide-soignantJean-Fran\u00e7ois Terrasse, docteur, PharmacienGeoffrey Janier-Dubry, Ost\u00e9opatheErik Lafon, M\u00e9decinLucien Ristorcelli, Docteur en PharmacieJuliette Crosnier, M\u00e9decin du travail en retraiteClaude Deroussent, M\u00e9decin G\u00e9n\u00e9ralisteFr\u00e9d\u00e9rick Gallas, masseur kin\u00e9sith\u00e9rapeute en milieu hospitalier (suspendu)Emmanuelle Cristiani, infirmi\u00e8reFabienne Chesnais, infirmi\u00e8reVal\u00e9rie Thoral, infirmi\u00e8re clinicienneBarbara Leguy, aide-soignanteMarielle Ja\u00ebn, sage-femmeOdile Cazes Laurent, psychomotricienneNatasha de F\u00e9lice, aum\u00f4nier sant\u00e9 en charge de 5 Ehpads (suspendue)Serge Lain\u00e9, OphtalmologisteSylvie Eslan, Infirmi\u00e8re pu\u00e9ricultricePascale Fouratier, pharmacienneNolwenn Battistini, infirmi\u00e8re anesth\u00e9sisteMarie Verdier, infirmi\u00e8re retrait\u00e9eRachid Khelifi, Psychologue, docteur en psychologie cognitiveCatherine Ruyssen P\u00e9diatre (Belgique)Catherine Vincent aide -soignante retrait\u00e9e Sylvie Descriaud, Chirurgien-dentisteEvelyne Vercruyssen, infirmi\u00e8re en psychiatrie retrait\u00e9eEmmanuel Daigneau, Ost\u00e9opatheAur\u00e9lie Tur Moreno PsychologueVincent Chazalno\u00ebl, M\u00e9decin g\u00e9n\u00e9raliste et acupuncteurClaire Delattre, Sage-femmeAnne Meunier, Masseur-Kin\u00e9sith\u00e9rapeuteMagali Garric, aide-soignantePascale Nau, pharmacienneAnn Bojko, kin\u00e9sith\u00e9rapeuteFlorence D\u2019Olier, Sage-femme en retraiteMarie Laure Pommier, aide-soignanteCharlotte Laffont, orthophonisteJ.-P. Joubaud infirmier Pierrette Lavezzi, cadre de sant\u00e9, infirmi\u00e8re pu\u00e9ricultrice et formatrice en soins infirmiersAur\u00e9lie Saulnier, \u00e9ducatrice sp\u00e9cialis\u00e9e dans le m\u00e9dico-socialEveline Jaumary-Lapeyre (Docteur en science politique et actuellement avocat\u00c9milie Gey, ost\u00e9opatheJean-Baptiste Tollet, masseur kin\u00e9sith\u00e9rapeute et ost\u00e9opatheLydia Vincent, pr\u00e9paratrice en pharmacie hospitali\u00e8reEmmanuel Daigneau Ost\u00e9opatheS\u00e9verine Laye, infirmi\u00e8re (suspendue)<\/p>\n","protected":false},"excerpt":{"rendered":"<p>L&rsquo;\u0153il \u00e9tait dans la tombe et regardait Ca\u00efn.Je relaie dans ces colonne (avec la liste compl\u00e8te des premiers signataires) une [&hellip;]<\/p>\n","protected":false},"author":1,"featured_media":4131,"comment_status":"open","ping_status":"open","sticky":false,"template":"","format":"standard","meta":{"sfsi_plus_gutenberg_text_before_share":"","sfsi_plus_gutenberg_show_text_before_share":"","sfsi_plus_gutenberg_icon_type":"","sfsi_plus_gutenberg_icon_alignemt":"","sfsi_plus_gutenburg_max_per_row":"","site-sidebar-layout":"default","site-content-layout":"","ast-site-content-layout":"default","site-content-style":"default","site-sidebar-style":"default","ast-global-header-display":"","ast-banner-title-visibility":"","ast-main-header-display":"","ast-hfb-above-header-display":"","ast-hfb-below-header-display":"","ast-hfb-mobile-header-display":"","site-post-title":"","ast-breadcrumbs-content":"","ast-featured-img":"","footer-sml-layout":"","ast-disable-related-posts":"","theme-transparent-header-meta":"","adv-header-id-meta":"","stick-header-meta":"","header-above-stick-meta":"","header-main-stick-meta":"","header-below-stick-meta":"","astra-migrate-meta-layouts":"default","ast-page-background-enabled":"default","ast-page-background-meta":{"desktop":{"background-color":"var(--ast-global-color-4)","background-image":"","background-repeat":"repeat","background-position":"center center","background-size":"auto","background-attachment":"scroll","background-type":"","background-media":"","overlay-type":"","overlay-color":"","overlay-opacity":"","overlay-gradient":""},"tablet":{"background-color":"","background-image":"","background-repeat":"repeat","background-position":"center center","background-size":"auto","background-attachment":"scroll","background-type":"","background-media":"","overlay-type":"","overlay-color":"","overlay-opacity":"","overlay-gradient":""},"mobile":{"background-color":"","background-image":"","background-repeat":"repeat","background-position":"center center","background-size":"auto","background-attachment":"scroll","background-type":"","background-media":"","overlay-type":"","overlay-color":"","overlay-opacity":"","overlay-gradient":""}},"ast-content-background-meta":{"desktop":{"background-color":"var(--ast-global-color-5)","background-image":"","background-repeat":"repeat","background-position":"center center","background-size":"auto","background-attachment":"scroll","background-type":"","background-media":"","overlay-type":"","overlay-color":"","overlay-opacity":"","overlay-gradient":""},"tablet":{"background-color":"var(--ast-global-color-5)","background-image":"","background-repeat":"repeat","background-position":"center center","background-size":"auto","background-attachment":"scroll","background-type":"","background-media":"","overlay-type":"","overlay-color":"","overlay-opacity":"","overlay-gradient":""},"mobile":{"background-color":"var(--ast-global-color-5)","background-image":"","background-repeat":"repeat","background-position":"center center","background-size":"auto","background-attachment":"scroll","background-type":"","background-media":"","overlay-type":"","overlay-color":"","overlay-opacity":"","overlay-gradient":""}},"footnotes":""},"categories":[16],"tags":[],"class_list":["post-549","post","type-post","status-publish","format-standard","has-post-thumbnail","hentry","category-archives-cms"],"_links":{"self":[{"href":"https:\/\/lavoiedessansvoix.fr\/lavoie\/wp-json\/wp\/v2\/posts\/549","targetHints":{"allow":["GET"]}}],"collection":[{"href":"https:\/\/lavoiedessansvoix.fr\/lavoie\/wp-json\/wp\/v2\/posts"}],"about":[{"href":"https:\/\/lavoiedessansvoix.fr\/lavoie\/wp-json\/wp\/v2\/types\/post"}],"author":[{"embeddable":true,"href":"https:\/\/lavoiedessansvoix.fr\/lavoie\/wp-json\/wp\/v2\/users\/1"}],"replies":[{"embeddable":true,"href":"https:\/\/lavoiedessansvoix.fr\/lavoie\/wp-json\/wp\/v2\/comments?post=549"}],"version-history":[{"count":1,"href":"https:\/\/lavoiedessansvoix.fr\/lavoie\/wp-json\/wp\/v2\/posts\/549\/revisions"}],"predecessor-version":[{"id":3117,"href":"https:\/\/lavoiedessansvoix.fr\/lavoie\/wp-json\/wp\/v2\/posts\/549\/revisions\/3117"}],"wp:featuredmedia":[{"embeddable":true,"href":"https:\/\/lavoiedessansvoix.fr\/lavoie\/wp-json\/wp\/v2\/media\/4131"}],"wp:attachment":[{"href":"https:\/\/lavoiedessansvoix.fr\/lavoie\/wp-json\/wp\/v2\/media?parent=549"}],"wp:term":[{"taxonomy":"category","embeddable":true,"href":"https:\/\/lavoiedessansvoix.fr\/lavoie\/wp-json\/wp\/v2\/categories?post=549"},{"taxonomy":"post_tag","embeddable":true,"href":"https:\/\/lavoiedessansvoix.fr\/lavoie\/wp-json\/wp\/v2\/tags?post=549"}],"curies":[{"name":"wp","href":"https:\/\/api.w.org\/{rel}","templated":true}]}}