{"id":547,"date":"2022-01-04T14:06:00","date_gmt":"2022-01-04T13:06:00","guid":{"rendered":"https:\/\/lavoiedessansvoix.fr\/lavoie\/2022\/01\/04\/archive-on-meurt-tous-du-covid\/"},"modified":"2026-04-26T20:47:44","modified_gmt":"2026-04-26T18:47:44","slug":"archive-on-meurt-tous-du-covid","status":"publish","type":"post","link":"https:\/\/lavoiedessansvoix.fr\/lavoie\/2022\/01\/04\/archive-on-meurt-tous-du-covid\/","title":{"rendered":"ON MEURT TOUS DU COVID ?"},"content":{"rendered":"<p>ON MEURT TOUS DU COVID ?Grichka et Igor Bogdanoff sont morts.Ah les cons, ils n\u2019\u00e9taient pas vaccin\u00e9s. Excusez-moi, \u00e7a m\u2019a \u00e9chapp\u00e9. Aucun m\u00e9pris, juste du d\u00e9pit dans cette interjection. \u00c7a tombe fort bien pour les besoins de la propagande officielle., laquelle omet de parler des morts du Covid triplement vaccin\u00e9s, ou plus simplement encore de ceux du vaccin.La propagande fait feu de tout bois.Mais Igor et Grichka sont-ils vraiment morts du covid. Ces deux gar\u00e7ons souffraient d\u2019une maladie que nul secret m\u00e9dical ni salto arri\u00e8re journalistique ne peuvent cacher, car elle se porte sur le visage. Or les visages des fr\u00e8res Bogdanoff disaient toute la terrible v\u00e9rit\u00e9. Cette maladie nomm\u00e9e Acrom\u00e9galie est de nature a r\u00e9duire l\u2019esp\u00e9rance de vie des sujets atteints (10 ANS environ). \u00ab L&rsquo;acrom\u00e9galie touche principalement les adultes d&rsquo;\u00e2ge moyen. Elle peut entra\u00eener une maladie s\u00e9rieuse et une mort pr\u00e9matur\u00e9e \u00bb (fiche Wikip\u00e9dia) Ne pourrait-elle \u00eatre \u00e0 elle seule, une explication suffisante des d\u00e9c\u00e8s des c\u00e9l\u00e8bres jumeaux ?Si ce n\u2019\u00e9tait pas le cas, si le Covid avait tout de m\u00eame quelque chose \u00e0 voir \u00e0 ces disparitions, plut\u00f4t que d\u2019imputer l\u2019absence de vaccination, ne serait-il pas plus judicieux de s\u2019interroger sur le cas de \u00ab comorbidit\u00e9 que constitue cette maladie et qui pourrait \u00eatre en ce cas une explication bien plus rationnelle de leur d\u00e9c\u00e8s. ? \u00bbPatrick Seignon. \u00ab lavoiedessansvoix.fr \u00bb Mardi 4 janvier 2022.<\/p>\n","protected":false},"excerpt":{"rendered":"<p>ON MEURT TOUS DU COVID ?Grichka et Igor Bogdanoff sont morts.Ah les cons, ils n\u2019\u00e9taient pas vaccin\u00e9s. Excusez-moi, \u00e7a m\u2019a [&hellip;]<\/p>\n","protected":false},"author":1,"featured_media":4129,"comment_status":"open","ping_status":"open","sticky":false,"template":"","format":"standard","meta":{"sfsi_plus_gutenberg_text_before_share":"","sfsi_plus_gutenberg_show_text_before_share":"","sfsi_plus_gutenberg_icon_type":"","sfsi_plus_gutenberg_icon_alignemt":"","sfsi_plus_gutenburg_max_per_row":"","site-sidebar-layout":"default","site-content-layout":"","ast-site-content-layout":"default","site-content-style":"default","site-sidebar-style":"default","ast-global-header-display":"","ast-banner-title-visibility":"","ast-main-header-display":"","ast-hfb-above-header-display":"","ast-hfb-below-header-display":"","ast-hfb-mobile-header-display":"","site-post-title":"","ast-breadcrumbs-content":"","ast-featured-img":"","footer-sml-layout":"","ast-disable-related-posts":"","theme-transparent-header-meta":"","adv-header-id-meta":"","stick-header-meta":"","header-above-stick-meta":"","header-main-stick-meta":"","header-below-stick-meta":"","astra-migrate-meta-layouts":"default","ast-page-background-enabled":"default","ast-page-background-meta":{"desktop":{"background-color":"var(--ast-global-color-4)","background-image":"","background-repeat":"repeat","background-position":"center center","background-size":"auto","background-attachment":"scroll","background-type":"","background-media":"","overlay-type":"","overlay-color":"","overlay-opacity":"","overlay-gradient":""},"tablet":{"background-color":"","background-image":"","background-repeat":"repeat","background-position":"center center","background-size":"auto","background-attachment":"scroll","background-type":"","background-media":"","overlay-type":"","overlay-color":"","overlay-opacity":"","overlay-gradient":""},"mobile":{"background-color":"","background-image":"","background-repeat":"repeat","background-position":"center center","background-size":"auto","background-attachment":"scroll","background-type":"","background-media":"","overlay-type":"","overlay-color":"","overlay-opacity":"","overlay-gradient":""}},"ast-content-background-meta":{"desktop":{"background-color":"var(--ast-global-color-5)","background-image":"","background-repeat":"repeat","background-position":"center center","background-size":"auto","background-attachment":"scroll","background-type":"","background-media":"","overlay-type":"","overlay-color":"","overlay-opacity":"","overlay-gradient":""},"tablet":{"background-color":"var(--ast-global-color-5)","background-image":"","background-repeat":"repeat","background-position":"center center","background-size":"auto","background-attachment":"scroll","background-type":"","background-media":"","overlay-type":"","overlay-color":"","overlay-opacity":"","overlay-gradient":""},"mobile":{"background-color":"var(--ast-global-color-5)","background-image":"","background-repeat":"repeat","background-position":"center center","background-size":"auto","background-attachment":"scroll","background-type":"","background-media":"","overlay-type":"","overlay-color":"","overlay-opacity":"","overlay-gradient":""}},"footnotes":""},"categories":[16],"tags":[],"class_list":["post-547","post","type-post","status-publish","format-standard","has-post-thumbnail","hentry","category-archives-cms"],"_links":{"self":[{"href":"https:\/\/lavoiedessansvoix.fr\/lavoie\/wp-json\/wp\/v2\/posts\/547","targetHints":{"allow":["GET"]}}],"collection":[{"href":"https:\/\/lavoiedessansvoix.fr\/lavoie\/wp-json\/wp\/v2\/posts"}],"about":[{"href":"https:\/\/lavoiedessansvoix.fr\/lavoie\/wp-json\/wp\/v2\/types\/post"}],"author":[{"embeddable":true,"href":"https:\/\/lavoiedessansvoix.fr\/lavoie\/wp-json\/wp\/v2\/users\/1"}],"replies":[{"embeddable":true,"href":"https:\/\/lavoiedessansvoix.fr\/lavoie\/wp-json\/wp\/v2\/comments?post=547"}],"version-history":[{"count":1,"href":"https:\/\/lavoiedessansvoix.fr\/lavoie\/wp-json\/wp\/v2\/posts\/547\/revisions"}],"predecessor-version":[{"id":3113,"href":"https:\/\/lavoiedessansvoix.fr\/lavoie\/wp-json\/wp\/v2\/posts\/547\/revisions\/3113"}],"wp:featuredmedia":[{"embeddable":true,"href":"https:\/\/lavoiedessansvoix.fr\/lavoie\/wp-json\/wp\/v2\/media\/4129"}],"wp:attachment":[{"href":"https:\/\/lavoiedessansvoix.fr\/lavoie\/wp-json\/wp\/v2\/media?parent=547"}],"wp:term":[{"taxonomy":"category","embeddable":true,"href":"https:\/\/lavoiedessansvoix.fr\/lavoie\/wp-json\/wp\/v2\/categories?post=547"},{"taxonomy":"post_tag","embeddable":true,"href":"https:\/\/lavoiedessansvoix.fr\/lavoie\/wp-json\/wp\/v2\/tags?post=547"}],"curies":[{"name":"wp","href":"https:\/\/api.w.org\/{rel}","templated":true}]}}