{"id":546,"date":"2022-01-05T06:02:00","date_gmt":"2022-01-05T05:02:00","guid":{"rendered":"https:\/\/lavoiedessansvoix.fr\/lavoie\/2022\/01\/05\/archive-pour-l-arrestation-et-la-destitution-immediate-d-emmenuel-macron\/"},"modified":"2026-04-26T20:47:35","modified_gmt":"2026-04-26T18:47:35","slug":"archive-pour-l-arrestation-et-la-destitution-immediate-d-emmenuel-macron","status":"publish","type":"post","link":"https:\/\/lavoiedessansvoix.fr\/lavoie\/2022\/01\/05\/archive-pour-l-arrestation-et-la-destitution-immediate-d-emmenuel-macron\/","title":{"rendered":"POUR L\u2019ARRESTATION ET LA DESTITUTION IMMEDIATE d\u2019EMMENUEL MACRON."},"content":{"rendered":"<p>POUR  LA DESTITUTION IMM\u00c9DIATE D\u2019EMMANUEL MACRON.Les propos que vient de tenir Emmanuel Macron dans une interview donn\u00e9e hier \u00ab au Parisien \u00bb, suscitent l\u2019indignation de nombreux observateurs. Mais l\u2019indignation est une faible chose, eu \u00e9gard \u00e0 l\u2019ignominie de la doctrine qui \u00e9mane de ce discours. Macron affirme sans d\u00e9tour, vouloir \u00ab emmerder les non vaccin\u00e9s jusqu\u2019au bout \u00bb, la grossi\u00e8ret\u00e9 du langage, la brutalit\u00e9 de l\u2019intention, sont d\u00e9j\u00e0 horrifiant \u00e9manent d\u2019un Pr\u00e9sident de la R\u00e9publique, et n\u00e9cessiterait \u00e0 eux seuls sa mise en accusation imm\u00e9diate. Mais il va plus loin encore, il conteste la qualit\u00e9 de citoyens aux non vaccin\u00e9s, il se propose de les exclure de la \u00ab communaut\u00e9 nationale \u00bb. Non la d\u00e9mocratie ne commence ni ne finit avec la seule \u00ab raison majoritaire. Il n\u2019y a pas de d\u00e9mocratie sans le respect des droits des minorit\u00e9s. Stigmatiser une minorit\u00e9 afin de s\u2019absoudre de l\u2019obligation du respect de ses droits. Vouloir la r\u00e9duire \u00e0 l\u2019\u00e9tat de Parias en l\u2019excluant de la communaut\u00e9 nationale, c\u2019est du totalitarisme; L\u2019homme qui a os\u00e9 de tels propos se signale comme le danger majeur de la France, de la R\u00e9publique, de la d\u00e9mocratie, de la coh\u00e9sion nationale, de la paix civile. Il doit \u00eatre mis hors d\u2019\u00e9tat de nuire. La proximit\u00e9 de fin de son quinquennat ne saurait \u00eatre une justification valable pour temporiser. Il n\u2019est pas question non plus qu\u2019un tel homme puisse briguer un second mandat. Les faits sont trop graves et n\u00e9cessitent la sanction imm\u00e9diate et sans retour.C\u2019est d\u00e9s-lors la responsabilit\u00e9 de chaque Fran\u00e7ais, de tous les fran\u00e7ais, des \u00e9lus de la R\u00e9publique, des responsables politiques, de la haute administration et des corps constitu\u00e9s, d\u2019ordonner et de veiller \u00e0 la destitution imm\u00e9diate de ce Pr\u00e9sident indigne de la France. Il est urgent que les corps de l\u2019\u00c9tat d\u00e9positaires de la force publique et de la l\u00e9gitimit\u00e9 R\u00e9publicaine proc\u00e8dent \u00e0 son arrestation.Patrick Seignon. \u00ab lavoiedessansvoix.fr \u00bb ; Mercredi 5 Janvier 2022. (modifi\u00e9, 5\/1\/2022 \u00e0 18h.25).<\/p>\n","protected":false},"excerpt":{"rendered":"<p>POUR LA DESTITUTION IMM\u00c9DIATE D\u2019EMMANUEL MACRON.Les propos que vient de tenir Emmanuel Macron dans une interview donn\u00e9e hier \u00ab au [&hellip;]<\/p>\n","protected":false},"author":1,"featured_media":4128,"comment_status":"open","ping_status":"open","sticky":false,"template":"","format":"standard","meta":{"sfsi_plus_gutenberg_text_before_share":"","sfsi_plus_gutenberg_show_text_before_share":"","sfsi_plus_gutenberg_icon_type":"","sfsi_plus_gutenberg_icon_alignemt":"","sfsi_plus_gutenburg_max_per_row":"","site-sidebar-layout":"default","site-content-layout":"","ast-site-content-layout":"default","site-content-style":"default","site-sidebar-style":"default","ast-global-header-display":"","ast-banner-title-visibility":"","ast-main-header-display":"","ast-hfb-above-header-display":"","ast-hfb-below-header-display":"","ast-hfb-mobile-header-display":"","site-post-title":"","ast-breadcrumbs-content":"","ast-featured-img":"","footer-sml-layout":"","ast-disable-related-posts":"","theme-transparent-header-meta":"","adv-header-id-meta":"","stick-header-meta":"","header-above-stick-meta":"","header-main-stick-meta":"","header-below-stick-meta":"","astra-migrate-meta-layouts":"default","ast-page-background-enabled":"default","ast-page-background-meta":{"desktop":{"background-color":"var(--ast-global-color-4)","background-image":"","background-repeat":"repeat","background-position":"center center","background-size":"auto","background-attachment":"scroll","background-type":"","background-media":"","overlay-type":"","overlay-color":"","overlay-opacity":"","overlay-gradient":""},"tablet":{"background-color":"","background-image":"","background-repeat":"repeat","background-position":"center center","background-size":"auto","background-attachment":"scroll","background-type":"","background-media":"","overlay-type":"","overlay-color":"","overlay-opacity":"","overlay-gradient":""},"mobile":{"background-color":"","background-image":"","background-repeat":"repeat","background-position":"center center","background-size":"auto","background-attachment":"scroll","background-type":"","background-media":"","overlay-type":"","overlay-color":"","overlay-opacity":"","overlay-gradient":""}},"ast-content-background-meta":{"desktop":{"background-color":"var(--ast-global-color-5)","background-image":"","background-repeat":"repeat","background-position":"center center","background-size":"auto","background-attachment":"scroll","background-type":"","background-media":"","overlay-type":"","overlay-color":"","overlay-opacity":"","overlay-gradient":""},"tablet":{"background-color":"var(--ast-global-color-5)","background-image":"","background-repeat":"repeat","background-position":"center center","background-size":"auto","background-attachment":"scroll","background-type":"","background-media":"","overlay-type":"","overlay-color":"","overlay-opacity":"","overlay-gradient":""},"mobile":{"background-color":"var(--ast-global-color-5)","background-image":"","background-repeat":"repeat","background-position":"center center","background-size":"auto","background-attachment":"scroll","background-type":"","background-media":"","overlay-type":"","overlay-color":"","overlay-opacity":"","overlay-gradient":""}},"footnotes":""},"categories":[16],"tags":[],"class_list":["post-546","post","type-post","status-publish","format-standard","has-post-thumbnail","hentry","category-archives-cms"],"_links":{"self":[{"href":"https:\/\/lavoiedessansvoix.fr\/lavoie\/wp-json\/wp\/v2\/posts\/546","targetHints":{"allow":["GET"]}}],"collection":[{"href":"https:\/\/lavoiedessansvoix.fr\/lavoie\/wp-json\/wp\/v2\/posts"}],"about":[{"href":"https:\/\/lavoiedessansvoix.fr\/lavoie\/wp-json\/wp\/v2\/types\/post"}],"author":[{"embeddable":true,"href":"https:\/\/lavoiedessansvoix.fr\/lavoie\/wp-json\/wp\/v2\/users\/1"}],"replies":[{"embeddable":true,"href":"https:\/\/lavoiedessansvoix.fr\/lavoie\/wp-json\/wp\/v2\/comments?post=546"}],"version-history":[{"count":1,"href":"https:\/\/lavoiedessansvoix.fr\/lavoie\/wp-json\/wp\/v2\/posts\/546\/revisions"}],"predecessor-version":[{"id":3111,"href":"https:\/\/lavoiedessansvoix.fr\/lavoie\/wp-json\/wp\/v2\/posts\/546\/revisions\/3111"}],"wp:featuredmedia":[{"embeddable":true,"href":"https:\/\/lavoiedessansvoix.fr\/lavoie\/wp-json\/wp\/v2\/media\/4128"}],"wp:attachment":[{"href":"https:\/\/lavoiedessansvoix.fr\/lavoie\/wp-json\/wp\/v2\/media?parent=546"}],"wp:term":[{"taxonomy":"category","embeddable":true,"href":"https:\/\/lavoiedessansvoix.fr\/lavoie\/wp-json\/wp\/v2\/categories?post=546"},{"taxonomy":"post_tag","embeddable":true,"href":"https:\/\/lavoiedessansvoix.fr\/lavoie\/wp-json\/wp\/v2\/tags?post=546"}],"curies":[{"name":"wp","href":"https:\/\/api.w.org\/{rel}","templated":true}]}}