{"id":545,"date":"2022-01-06T06:48:00","date_gmt":"2022-01-06T05:48:00","guid":{"rendered":"https:\/\/lavoiedessansvoix.fr\/lavoie\/2022\/01\/06\/archive-face-a-l-agression-la-passivite-n-est-pas-de-mise\/"},"modified":"2026-04-26T20:47:26","modified_gmt":"2026-04-26T18:47:26","slug":"archive-face-a-l-agression-la-passivite-n-est-pas-de-mise","status":"publish","type":"post","link":"https:\/\/lavoiedessansvoix.fr\/lavoie\/2022\/01\/06\/archive-face-a-l-agression-la-passivite-n-est-pas-de-mise\/","title":{"rendered":"FACE A L\u2019AGRESSION LA PASSIVIT\u00c9 N\u2019EST PAS DE MISE"},"content":{"rendered":"<p>APPEL A MANIFESTER EN MASSEFACE A L\u2019AGRESSION LA PASSIVIT\u00c9 N\u2019EST PAS DE MISEParce que vous voulez rester libres de vos choix de sant\u00e9, parce que vous voulez disposer vous-m\u00eame de votre corps et de votre sant\u00e9, parce que vous refusez d\u2019\u00eatre du b\u00e9tail dont l\u2019Etat pourrait disposer \u00e0 sa guise, vous vous faites insulter, brimer, menacer par l\u2019homme dont la charge devrait-\u00eatre de veiller au respect des droits et des libert\u00e9s de tous les Fran\u00e7ais.Cet homme ignominieux, vulgaire en langage et brutal en intention, se campe dans la posture d\u2019un tyran qui s\u00e9pare, les citoyens des parias. ;;Vous voil\u00e0 chers amis r\u00e9trograd\u00e9s au statut \u00ab d\u2019intouchables \u00bb, vous voil\u00e0 \u00ab bout\u00e9s hors de la communaut\u00e9 nationale \u00bb.Il s\u2019agit l\u00e0 d\u2019une agression caract\u00e9ris\u00e9e contre une \u00ab minorit\u00e9 \u00bb, mais se faisant il s\u2019agit aussi d\u2019une agression contre les principes fondamentaux de la d\u00e9mocratie, d\u2019une agression contre la coh\u00e9sion nationale et la paix civile, c\u2019est-\u00e0-dire d\u2019une agression contre la France elle-m\u00eame.Certains d\u2019entre vous ont d\u00e9sert\u00e9 les manifestations anti passe depuis 6 semaines environ, \u00e0 la raison que \u00ab l\u2019on manifeste et \u00e7a ne sert \u00e0 rien \u00bb. Mais le croyez-vous vraiment ? Mais quelqu\u2019un a-t-il trouv\u00e9 mieux et plus efficace ? Parce que les manifestations ne donnent pas tout de suite de r\u00e9sultats tangibles, faut-il c\u00e9der \u00e0 la lassitude et ne rien faire ?NON ! Face \u00e0 l\u2019agression la passivit\u00e9 n\u2019est pas de mise.Je sais chers amis que confront\u00e9s aux derni\u00e8res provocations insultes et menaces de Maron, vous allez cette fois relever le gant, et venir nombreux clamer votre indignation et votre volont\u00e9 de \u00ab DESTITUER \u00bb la brute \u00e9paisse de l\u2019Elys\u00e9e.Votre, Patrick Seignon. 6\/1\/2022.SAMEDI 8 JANVIER 2022, 14 h, PLACE JEAN-JAURES A TOURS ;<\/p>\n","protected":false},"excerpt":{"rendered":"<p>APPEL A MANIFESTER EN MASSEFACE A L\u2019AGRESSION LA PASSIVIT\u00c9 N\u2019EST PAS DE MISEParce que vous voulez rester libres de vos [&hellip;]<\/p>\n","protected":false},"author":1,"featured_media":4127,"comment_status":"open","ping_status":"open","sticky":false,"template":"","format":"standard","meta":{"sfsi_plus_gutenberg_text_before_share":"","sfsi_plus_gutenberg_show_text_before_share":"","sfsi_plus_gutenberg_icon_type":"","sfsi_plus_gutenberg_icon_alignemt":"","sfsi_plus_gutenburg_max_per_row":"","site-sidebar-layout":"default","site-content-layout":"","ast-site-content-layout":"default","site-content-style":"default","site-sidebar-style":"default","ast-global-header-display":"","ast-banner-title-visibility":"","ast-main-header-display":"","ast-hfb-above-header-display":"","ast-hfb-below-header-display":"","ast-hfb-mobile-header-display":"","site-post-title":"","ast-breadcrumbs-content":"","ast-featured-img":"","footer-sml-layout":"","ast-disable-related-posts":"","theme-transparent-header-meta":"","adv-header-id-meta":"","stick-header-meta":"","header-above-stick-meta":"","header-main-stick-meta":"","header-below-stick-meta":"","astra-migrate-meta-layouts":"default","ast-page-background-enabled":"default","ast-page-background-meta":{"desktop":{"background-color":"var(--ast-global-color-4)","background-image":"","background-repeat":"repeat","background-position":"center center","background-size":"auto","background-attachment":"scroll","background-type":"","background-media":"","overlay-type":"","overlay-color":"","overlay-opacity":"","overlay-gradient":""},"tablet":{"background-color":"","background-image":"","background-repeat":"repeat","background-position":"center center","background-size":"auto","background-attachment":"scroll","background-type":"","background-media":"","overlay-type":"","overlay-color":"","overlay-opacity":"","overlay-gradient":""},"mobile":{"background-color":"","background-image":"","background-repeat":"repeat","background-position":"center center","background-size":"auto","background-attachment":"scroll","background-type":"","background-media":"","overlay-type":"","overlay-color":"","overlay-opacity":"","overlay-gradient":""}},"ast-content-background-meta":{"desktop":{"background-color":"var(--ast-global-color-5)","background-image":"","background-repeat":"repeat","background-position":"center center","background-size":"auto","background-attachment":"scroll","background-type":"","background-media":"","overlay-type":"","overlay-color":"","overlay-opacity":"","overlay-gradient":""},"tablet":{"background-color":"var(--ast-global-color-5)","background-image":"","background-repeat":"repeat","background-position":"center center","background-size":"auto","background-attachment":"scroll","background-type":"","background-media":"","overlay-type":"","overlay-color":"","overlay-opacity":"","overlay-gradient":""},"mobile":{"background-color":"var(--ast-global-color-5)","background-image":"","background-repeat":"repeat","background-position":"center center","background-size":"auto","background-attachment":"scroll","background-type":"","background-media":"","overlay-type":"","overlay-color":"","overlay-opacity":"","overlay-gradient":""}},"footnotes":""},"categories":[16],"tags":[],"class_list":["post-545","post","type-post","status-publish","format-standard","has-post-thumbnail","hentry","category-archives-cms"],"_links":{"self":[{"href":"https:\/\/lavoiedessansvoix.fr\/lavoie\/wp-json\/wp\/v2\/posts\/545","targetHints":{"allow":["GET"]}}],"collection":[{"href":"https:\/\/lavoiedessansvoix.fr\/lavoie\/wp-json\/wp\/v2\/posts"}],"about":[{"href":"https:\/\/lavoiedessansvoix.fr\/lavoie\/wp-json\/wp\/v2\/types\/post"}],"author":[{"embeddable":true,"href":"https:\/\/lavoiedessansvoix.fr\/lavoie\/wp-json\/wp\/v2\/users\/1"}],"replies":[{"embeddable":true,"href":"https:\/\/lavoiedessansvoix.fr\/lavoie\/wp-json\/wp\/v2\/comments?post=545"}],"version-history":[{"count":1,"href":"https:\/\/lavoiedessansvoix.fr\/lavoie\/wp-json\/wp\/v2\/posts\/545\/revisions"}],"predecessor-version":[{"id":3109,"href":"https:\/\/lavoiedessansvoix.fr\/lavoie\/wp-json\/wp\/v2\/posts\/545\/revisions\/3109"}],"wp:featuredmedia":[{"embeddable":true,"href":"https:\/\/lavoiedessansvoix.fr\/lavoie\/wp-json\/wp\/v2\/media\/4127"}],"wp:attachment":[{"href":"https:\/\/lavoiedessansvoix.fr\/lavoie\/wp-json\/wp\/v2\/media?parent=545"}],"wp:term":[{"taxonomy":"category","embeddable":true,"href":"https:\/\/lavoiedessansvoix.fr\/lavoie\/wp-json\/wp\/v2\/categories?post=545"},{"taxonomy":"post_tag","embeddable":true,"href":"https:\/\/lavoiedessansvoix.fr\/lavoie\/wp-json\/wp\/v2\/tags?post=545"}],"curies":[{"name":"wp","href":"https:\/\/api.w.org\/{rel}","templated":true}]}}