{"id":541,"date":"2022-01-28T04:06:00","date_gmt":"2022-01-28T03:06:00","guid":{"rendered":"https:\/\/lavoiedessansvoix.fr\/lavoie\/2022\/01\/28\/archive-alerte-diffamation\/"},"modified":"2026-04-26T20:46:49","modified_gmt":"2026-04-26T18:46:49","slug":"archive-alerte-diffamation","status":"publish","type":"post","link":"https:\/\/lavoiedessansvoix.fr\/lavoie\/2022\/01\/28\/archive-alerte-diffamation\/","title":{"rendered":"ALERTE DIFFAMATION !"},"content":{"rendered":"<p>ALERTE DIFFAMATION !(A l\u2019ombre de Staline)Cela se passait hier, jeudi 27 janvier 2022, place Jean-Jaur\u00e8s \u00e0 Tours. Nous avions particip\u00e9 \u00e0 la manifestation syndicale appel\u00e9e le matin \u00e0 10 heures, place de la Libert\u00e9. Celle-ci se termina rue Nationale. Un groupe d\u2019une quarantaine de personnes, \u00e0 l\u2019appel de plusieurs collectifs poursuivit l\u2019action sous la forme \u00ab d\u2019un safari fiscal \u00bb, ainsi qu\u2019ils le nommaient. Devant retourner vers nos v\u00e9hicules, c\u2019est par hasard que nous suivions celui-ci. Place Jean-Jaur\u00e8s un jeune homme \u00ab arm\u00e9 \u00bb d\u2019une sono\/micro se prit \u00e0 faire l\u2019intervention suivante : \u00ab je vois l\u00e0 une personne qui se nomme Philippe Seignon et qui n\u2019a rien \u00e0 faire ici car c\u2019est un fasciste et un dangereux militant d\u2019extr\u00eame droite qui cause avec \u00ab des Tours et des Lys \u00bb \u00bb etc.Bien entendu je me pr\u00e9cipite vers lui : \u00ab Je suis ici et c\u2019est Patrick que je m\u2019appelle et non Philippe, si tu as l\u2019audace de m\u2019insulter en public peut-\u00eatre auras tu aussi le courage de me passer le micro pour un droit de r\u00e9ponse ! \u00bb Bien entendu non, ce provocateur peut faire le mariole avec un micro en main \u00e0 condition d\u2019en garder le monopole. Par contre il apparait que lui moins de trente ans n\u2019aurait pas rechign\u00e9 \u00e0 frapper un homme de 75 ans. Si je viens-vous conter cela mes chers amis, ce n\u2019est pas pour \u00ab repasser mon \u00e2me froiss\u00e9e \u00bb. Mon \u00e9go se fut arrang\u00e9 des injures m\u00eame les plus abracadabrantes, j\u2019en essuie beaucoup ces temps-ci, si elles \u00e9taient l\u00e2ch\u00e9es, en situation de \u00ab perte de contr\u00f4le \u00bb dans un espace priv\u00e9. Mais il s\u2019agit l\u00e0 d\u2019all\u00e9gations diffamatoires\u2026 formul\u00e9es sciemment, pour nuire et dans un espace public. Nous avons d\u00e9pass\u00e9 le stade de l\u2019injure que l\u2019on d\u00e9coche \u00e0 quelqu\u2019un qui nous exc\u00e8de. Nous sommes entr\u00e9s dans la sph\u00e8re de la cabale aux intentions criminelles pr\u00e9m\u00e9dit\u00e9es. Celle qui tend \u00e0 jeter l\u2019opprobre sur une personne, \u00e0 la livrer aux loups. Il s\u2019agit, rien moins que d\u2019un appel public au lynchage. La \u00ab Rumeur \u00bb, que certains, identifi\u00e9s, ont d\u00e9clench\u00e9 et entretiennent sciemment, pousse \u00e0 pr\u00e9sent ses m\u00e9tastases dans un tissus social \u00ab immunod\u00e9pressif \u00bb. Des individus mentalement disponibles (4 au moins ont \u00e9t\u00e9 signal\u00e9s), s\u2019en emparent, la colporte, y adh\u00e8rent totalement, et deviennent des menaces potentielles. (C\u2019est ainsi que furent arm\u00e9s les bras des \u00ab Fran\u00e7ois Ravaillac, Jacques Cl\u00e9ment ou R\u00e0mon Mercader.)Cela, si on y laisse libre court ne peut que d\u00e9boucher, \u00e0 plus ou moins long terme, sur des actes graves d\u2019agressions. Il ne fait pas de doute que ces individus, hyst\u00e9ris\u00e9s et \u00ab arm\u00e9s \u00bb de l\u2019irr\u00e9flexion de la jeunesse, n\u2019auront pas d\u2019\u00e9tats d\u2019\u00e2me, le moment venu, \u00e0 passer \u00e0 l\u2019acte, tabasser, d\u2019eussent-ils le tuer, un homme (ou plut\u00f4t une larve humaine) qu\u2019ils consid\u00e8rent comme \u00ab un fasciste \u00bb, leur pire ennemi, et m\u00eame plus, un traitre et un apostat.C\u2019est pourquoi j\u2019ai pris tout d\u2019abord le parti de vous informer des faits et de vous inviter \u00e0 manifester*, votre condamnation sans appel de telles pratiques moyen\u00e2geuses dignes des plus sombres heures de l\u2019inquisition, ou mieux du stalinisme. Car certes, si L\u2019URRSS a disparu, le Stalinisme semble-t-il n\u2019est pas mort. Il a ensemenc\u00e9 le fumier purulent d\u2019une certaine extr\u00eame gauche \u00e0 la d\u00e9rive. Je n\u2019entends pas en rester l\u00e0. Votre r\u00e9action ne sera qu\u2019une premi\u00e8re \u00e9tape de l\u2019application \u00e0 cette \u00ab rumeur maligne \u00bb d\u2019une \u00ab chimioth\u00e9rapie \u00bb d\u2019enfer enfin d\u2019en stopper net la diss\u00e9mination. Patrick Seignon. Vendredi 28 janvier 2022.* Un texte \u00e0 signer vous sera propos\u00e9 dans les heures qui viennent, ou demain au plus tard.<\/p>\n","protected":false},"excerpt":{"rendered":"<p>ALERTE DIFFAMATION !(A l\u2019ombre de Staline)Cela se passait hier, jeudi 27 janvier 2022, place Jean-Jaur\u00e8s \u00e0 Tours. Nous avions particip\u00e9 [&hellip;]<\/p>\n","protected":false},"author":1,"featured_media":4123,"comment_status":"open","ping_status":"open","sticky":false,"template":"","format":"standard","meta":{"sfsi_plus_gutenberg_text_before_share":"","sfsi_plus_gutenberg_show_text_before_share":"","sfsi_plus_gutenberg_icon_type":"","sfsi_plus_gutenberg_icon_alignemt":"","sfsi_plus_gutenburg_max_per_row":"","site-sidebar-layout":"default","site-content-layout":"","ast-site-content-layout":"default","site-content-style":"default","site-sidebar-style":"default","ast-global-header-display":"","ast-banner-title-visibility":"","ast-main-header-display":"","ast-hfb-above-header-display":"","ast-hfb-below-header-display":"","ast-hfb-mobile-header-display":"","site-post-title":"","ast-breadcrumbs-content":"","ast-featured-img":"","footer-sml-layout":"","ast-disable-related-posts":"","theme-transparent-header-meta":"","adv-header-id-meta":"","stick-header-meta":"","header-above-stick-meta":"","header-main-stick-meta":"","header-below-stick-meta":"","astra-migrate-meta-layouts":"default","ast-page-background-enabled":"default","ast-page-background-meta":{"desktop":{"background-color":"var(--ast-global-color-4)","background-image":"","background-repeat":"repeat","background-position":"center center","background-size":"auto","background-attachment":"scroll","background-type":"","background-media":"","overlay-type":"","overlay-color":"","overlay-opacity":"","overlay-gradient":""},"tablet":{"background-color":"","background-image":"","background-repeat":"repeat","background-position":"center center","background-size":"auto","background-attachment":"scroll","background-type":"","background-media":"","overlay-type":"","overlay-color":"","overlay-opacity":"","overlay-gradient":""},"mobile":{"background-color":"","background-image":"","background-repeat":"repeat","background-position":"center center","background-size":"auto","background-attachment":"scroll","background-type":"","background-media":"","overlay-type":"","overlay-color":"","overlay-opacity":"","overlay-gradient":""}},"ast-content-background-meta":{"desktop":{"background-color":"var(--ast-global-color-5)","background-image":"","background-repeat":"repeat","background-position":"center center","background-size":"auto","background-attachment":"scroll","background-type":"","background-media":"","overlay-type":"","overlay-color":"","overlay-opacity":"","overlay-gradient":""},"tablet":{"background-color":"var(--ast-global-color-5)","background-image":"","background-repeat":"repeat","background-position":"center center","background-size":"auto","background-attachment":"scroll","background-type":"","background-media":"","overlay-type":"","overlay-color":"","overlay-opacity":"","overlay-gradient":""},"mobile":{"background-color":"var(--ast-global-color-5)","background-image":"","background-repeat":"repeat","background-position":"center center","background-size":"auto","background-attachment":"scroll","background-type":"","background-media":"","overlay-type":"","overlay-color":"","overlay-opacity":"","overlay-gradient":""}},"footnotes":""},"categories":[16],"tags":[],"class_list":["post-541","post","type-post","status-publish","format-standard","has-post-thumbnail","hentry","category-archives-cms"],"_links":{"self":[{"href":"https:\/\/lavoiedessansvoix.fr\/lavoie\/wp-json\/wp\/v2\/posts\/541","targetHints":{"allow":["GET"]}}],"collection":[{"href":"https:\/\/lavoiedessansvoix.fr\/lavoie\/wp-json\/wp\/v2\/posts"}],"about":[{"href":"https:\/\/lavoiedessansvoix.fr\/lavoie\/wp-json\/wp\/v2\/types\/post"}],"author":[{"embeddable":true,"href":"https:\/\/lavoiedessansvoix.fr\/lavoie\/wp-json\/wp\/v2\/users\/1"}],"replies":[{"embeddable":true,"href":"https:\/\/lavoiedessansvoix.fr\/lavoie\/wp-json\/wp\/v2\/comments?post=541"}],"version-history":[{"count":1,"href":"https:\/\/lavoiedessansvoix.fr\/lavoie\/wp-json\/wp\/v2\/posts\/541\/revisions"}],"predecessor-version":[{"id":3101,"href":"https:\/\/lavoiedessansvoix.fr\/lavoie\/wp-json\/wp\/v2\/posts\/541\/revisions\/3101"}],"wp:featuredmedia":[{"embeddable":true,"href":"https:\/\/lavoiedessansvoix.fr\/lavoie\/wp-json\/wp\/v2\/media\/4123"}],"wp:attachment":[{"href":"https:\/\/lavoiedessansvoix.fr\/lavoie\/wp-json\/wp\/v2\/media?parent=541"}],"wp:term":[{"taxonomy":"category","embeddable":true,"href":"https:\/\/lavoiedessansvoix.fr\/lavoie\/wp-json\/wp\/v2\/categories?post=541"},{"taxonomy":"post_tag","embeddable":true,"href":"https:\/\/lavoiedessansvoix.fr\/lavoie\/wp-json\/wp\/v2\/tags?post=541"}],"curies":[{"name":"wp","href":"https:\/\/api.w.org\/{rel}","templated":true}]}}