{"id":540,"date":"2022-02-07T04:54:00","date_gmt":"2022-02-07T03:54:00","guid":{"rendered":"https:\/\/lavoiedessansvoix.fr\/lavoie\/2022\/02\/07\/archive-le-testament-de-marcel\/"},"modified":"2026-04-26T20:46:41","modified_gmt":"2026-04-26T18:46:41","slug":"archive-le-testament-de-marcel","status":"publish","type":"post","link":"https:\/\/lavoiedessansvoix.fr\/lavoie\/2022\/02\/07\/archive-le-testament-de-marcel\/","title":{"rendered":"LE TESTAMENT DE MARCEL"},"content":{"rendered":"<p>LE TESTAMENT DE MARCELHier dimanche 6 f\u00e9vrier j\u2019ai fait publier sur nos adresses \u00ab Gilets-Jaunes \u00bb et \u00ab Citoyens libres de Loches \u00bb, un texte de \u00ab Marcel \u00bb post\u00e9 sur un fil de discussion.Or j\u2019ai appris quelques heures seulement apr\u00e8s cette publication que son auteur, gilet-jaune de la premi\u00e8re heure, \u00e9tait d\u00e9c\u00e9d\u00e9.Il a \u00e9t\u00e9 tu\u00e9  le 4 f\u00e9vrier, dans un accident de la route. Nous sommes endeuill\u00e9s. Les Gilets-Jaunes d\u2019Indre et Loire sont dans la peine et bien s\u00fbr comme eux tous mes pens\u00e9es attrist\u00e9es vont d\u2019abord \u00e0 sa famille.Je suis effar\u00e9 et profond\u00e9ment pein\u00e9. Je connaissais peu M\u2026\u2026 mais je commen\u00e7ais \u00e0 le d\u00e9couvrir et \u00e0 l\u2019appr\u00e9cier. Je l\u2019ai vu la derni\u00e8re fois \u00e0 la r\u00e9union des G.J. de Tours le 25 janvier o\u00f9 nous n\u2019\u00e9tions que 5 pr\u00e9sents.M\u2026.. avait donc \u00e9crit, quelques jours avant son d\u00e9c\u00e8s le beau texte dont j\u2019ai parl\u00e9 plus haut et dont les circonstances douloureuses ont voulu qu\u2019il fusse sa derni\u00e8re expression politique. Il s\u2019agit d\u2019un texte clair et vibrant dont nous le remercions infiniment. Le voici :P.S.Marcel :\u00a0\u00bbD\u00e9sol\u00e9 d&rsquo;arriver si tard sur le fil de cette discussion int\u00e9ressante, j&rsquo;\u00e9tais en pleine lecture d&rsquo;un bouquin que plus d&rsquo;un ou une serait inspir\u00e9.e de lire : \u00ab\u00a0manifeste conspirationniste\u00a0\u00bb \u00e9crit par des auteurs anonymes (certains y ont vu la patte du \u00ab\u00a0comit\u00e9 invisible\u00a0\u00bb auteur de \u00ab\u00a0l&rsquo;insurrection qui vient\u00a0\u00bb publi\u00e9 en 2004 et 2007). Je le conseille particuli\u00e8rement \u00e0 Pierre pour \u00e9ventuellement faire \u00e9voluer sa r\u00e9flexion sur la gestion de la crise sanitaire en g\u00e9n\u00e9ral et les injonctions \u00ab\u00a0vaccinales\u00a0\u00bb en particulier. Pour ma part je suis non seulement contre l&rsquo;obligation vaccinale mais aussi contre toutes les restrictions de libert\u00e9s qui ont \u00e9t\u00e9 prises depuis le d\u00e9but de ce qu&rsquo;on appelle la \u00ab\u00a0crise covid\u00a0\u00bb. J&rsquo;\u00e9tais donc contre les mesures de confinement, contre le port du masque \u00e0 l&rsquo;ext\u00e9rieur et dans le milieu scolaire, bien avant que d&rsquo;\u00eatre contre les vaccins que l&rsquo;on essaye aujourd&rsquo;hui de nous injecter de force (ce qui en soi devrait \u00e9veiller l&rsquo;esprit critique de ceux qui revendiquent le statut d&rsquo;anarco-communiste-libertaire). Que les mouvements de gauches et plus particuli\u00e8rement ceux des gauches les plus radicales n&rsquo;aient pas, d\u00e8s le d\u00e9part, marqu\u00e9 leur hostilit\u00e9 franche et d\u00e9termin\u00e9e contre les mesures liberticides impos\u00e9es \u00e0 la population d\u00e8s mars 2020 reste et restera pour moi une \u00e9nigme (bien qu&rsquo;on puisse y voir l\u00e0 la foi aveugle en la science et le progr\u00e8s scientifique, malgr\u00e9 les \u00e9vidences que donnent \u00e0 voir les d\u00e9cennies de corruption qui gangr\u00e8nent la recherche pharmacologique). Comme David il est venu le temps d&rsquo;assumer l&rsquo;\u00e9tiquette d\u00e9bile d&rsquo;antivaxx et s&rsquo;il s&rsquo;agit d&rsquo;affirmer une opposition \u00e0 faire des \u00eatre humains des sujets d&rsquo;exp\u00e9rience, non seulement m\u00e9dicale mais aussi sociale (il n&rsquo;est plus \u00e0 d\u00e9montrer que les mesures prises ces deux derniers ann\u00e9es rel\u00e8vent de l&rsquo;ing\u00e9nierie sociale plus que du m\u00e9dical) alors non seulement j&rsquo;accepte cette \u00e9tiquette mais je la revendique. Et m\u00eame si \u00ab\u00a0le convoi de la libert\u00e9\u00a0\u00bb peut susciter des interrogations quant \u00e0 son projet profond \u00e0 son socle revendicatif, il porte au moins la possibilit\u00e9 de faire frissonner les pouvoirs\u2026.un peu comme au d\u00e9but du mouvement des gilets jaunes\u00a0\u00bbBien que je n&rsquo;en sois pas d&rsquo;accord, je ne pouvais pas, pour des raisons morales et affectives, ne pas acc\u00e9der \u00e0 la demande de l&rsquo;\u00e9pouse du d\u00e9funt qui ne voulait pas qu&rsquo;il soit fait mention de l&rsquo;identit\u00e9 de celui-ci et a \u00e9t\u00e9 choqu\u00e9e de l&rsquo;usage que je faisais du mot \u00ab\u00a0testament\u00a0\u00bb. J&rsquo;ai donc modifi\u00e9 cet article en cons\u00e9quence, ce soir mardi 22 f\u00e9vrier 2022. Je publierai incessamment un article pour m&rsquo;expliquer plus en d\u00e9tail sur cette affaire.<\/p>\n","protected":false},"excerpt":{"rendered":"<p>LE TESTAMENT DE MARCELHier dimanche 6 f\u00e9vrier j\u2019ai fait publier sur nos adresses \u00ab Gilets-Jaunes \u00bb et \u00ab Citoyens libres [&hellip;]<\/p>\n","protected":false},"author":1,"featured_media":4122,"comment_status":"open","ping_status":"open","sticky":false,"template":"","format":"standard","meta":{"sfsi_plus_gutenberg_text_before_share":"","sfsi_plus_gutenberg_show_text_before_share":"","sfsi_plus_gutenberg_icon_type":"","sfsi_plus_gutenberg_icon_alignemt":"","sfsi_plus_gutenburg_max_per_row":"","site-sidebar-layout":"default","site-content-layout":"","ast-site-content-layout":"default","site-content-style":"default","site-sidebar-style":"default","ast-global-header-display":"","ast-banner-title-visibility":"","ast-main-header-display":"","ast-hfb-above-header-display":"","ast-hfb-below-header-display":"","ast-hfb-mobile-header-display":"","site-post-title":"","ast-breadcrumbs-content":"","ast-featured-img":"","footer-sml-layout":"","ast-disable-related-posts":"","theme-transparent-header-meta":"","adv-header-id-meta":"","stick-header-meta":"","header-above-stick-meta":"","header-main-stick-meta":"","header-below-stick-meta":"","astra-migrate-meta-layouts":"default","ast-page-background-enabled":"default","ast-page-background-meta":{"desktop":{"background-color":"var(--ast-global-color-4)","background-image":"","background-repeat":"repeat","background-position":"center center","background-size":"auto","background-attachment":"scroll","background-type":"","background-media":"","overlay-type":"","overlay-color":"","overlay-opacity":"","overlay-gradient":""},"tablet":{"background-color":"","background-image":"","background-repeat":"repeat","background-position":"center center","background-size":"auto","background-attachment":"scroll","background-type":"","background-media":"","overlay-type":"","overlay-color":"","overlay-opacity":"","overlay-gradient":""},"mobile":{"background-color":"","background-image":"","background-repeat":"repeat","background-position":"center center","background-size":"auto","background-attachment":"scroll","background-type":"","background-media":"","overlay-type":"","overlay-color":"","overlay-opacity":"","overlay-gradient":""}},"ast-content-background-meta":{"desktop":{"background-color":"var(--ast-global-color-5)","background-image":"","background-repeat":"repeat","background-position":"center center","background-size":"auto","background-attachment":"scroll","background-type":"","background-media":"","overlay-type":"","overlay-color":"","overlay-opacity":"","overlay-gradient":""},"tablet":{"background-color":"var(--ast-global-color-5)","background-image":"","background-repeat":"repeat","background-position":"center center","background-size":"auto","background-attachment":"scroll","background-type":"","background-media":"","overlay-type":"","overlay-color":"","overlay-opacity":"","overlay-gradient":""},"mobile":{"background-color":"var(--ast-global-color-5)","background-image":"","background-repeat":"repeat","background-position":"center center","background-size":"auto","background-attachment":"scroll","background-type":"","background-media":"","overlay-type":"","overlay-color":"","overlay-opacity":"","overlay-gradient":""}},"footnotes":""},"categories":[16],"tags":[],"class_list":["post-540","post","type-post","status-publish","format-standard","has-post-thumbnail","hentry","category-archives-cms"],"_links":{"self":[{"href":"https:\/\/lavoiedessansvoix.fr\/lavoie\/wp-json\/wp\/v2\/posts\/540","targetHints":{"allow":["GET"]}}],"collection":[{"href":"https:\/\/lavoiedessansvoix.fr\/lavoie\/wp-json\/wp\/v2\/posts"}],"about":[{"href":"https:\/\/lavoiedessansvoix.fr\/lavoie\/wp-json\/wp\/v2\/types\/post"}],"author":[{"embeddable":true,"href":"https:\/\/lavoiedessansvoix.fr\/lavoie\/wp-json\/wp\/v2\/users\/1"}],"replies":[{"embeddable":true,"href":"https:\/\/lavoiedessansvoix.fr\/lavoie\/wp-json\/wp\/v2\/comments?post=540"}],"version-history":[{"count":1,"href":"https:\/\/lavoiedessansvoix.fr\/lavoie\/wp-json\/wp\/v2\/posts\/540\/revisions"}],"predecessor-version":[{"id":3099,"href":"https:\/\/lavoiedessansvoix.fr\/lavoie\/wp-json\/wp\/v2\/posts\/540\/revisions\/3099"}],"wp:featuredmedia":[{"embeddable":true,"href":"https:\/\/lavoiedessansvoix.fr\/lavoie\/wp-json\/wp\/v2\/media\/4122"}],"wp:attachment":[{"href":"https:\/\/lavoiedessansvoix.fr\/lavoie\/wp-json\/wp\/v2\/media?parent=540"}],"wp:term":[{"taxonomy":"category","embeddable":true,"href":"https:\/\/lavoiedessansvoix.fr\/lavoie\/wp-json\/wp\/v2\/categories?post=540"},{"taxonomy":"post_tag","embeddable":true,"href":"https:\/\/lavoiedessansvoix.fr\/lavoie\/wp-json\/wp\/v2\/tags?post=540"}],"curies":[{"name":"wp","href":"https:\/\/api.w.org\/{rel}","templated":true}]}}