{"id":539,"date":"2022-02-09T01:34:00","date_gmt":"2022-02-09T00:34:00","guid":{"rendered":"https:\/\/lavoiedessansvoix.fr\/lavoie\/2022\/02\/09\/archive-cours-elementaire-d-antifascisme\/"},"modified":"2026-04-26T20:46:32","modified_gmt":"2026-04-26T18:46:32","slug":"archive-cours-elementaire-d-antifascisme","status":"publish","type":"post","link":"https:\/\/lavoiedessansvoix.fr\/lavoie\/2022\/02\/09\/archive-cours-elementaire-d-antifascisme\/","title":{"rendered":"COURS ELEMENTAIRE D\u2019ANTIFASCISME"},"content":{"rendered":"<p>COURS ELEMENTAIRE D\u2019ANTIFASCISMEIntro : Dans un pr\u00e9c\u00e9dent article intitul\u00e9 \u00ab Alerte diffamation \u00bb je faisais \u00e9tat d\u2019une agression verbale dont j\u2019ai \u00e9t\u00e9 victime le 27 Janvier. Or cette affaire a pris depuis une dimension nouvelle avec la publication d\u2019une photo accompagn\u00e9 de commentaires calomnieux et au demeurant mensongers. Dans l\u2019attente d\u2019autres r\u00e9actions de ma part et de celle de mes amis d\u00e9fenseurs des libert\u00e9s et des d\u00e9mocrates, je publie aujourd\u2019hui cette \u00ab le\u00e7on d\u2019antifascisme \u00bb  \u00e0 l\u2019intention des \u00ab ostrogoths \u00bb qui agressent un homme dont ils ne savent rien, mais qui passionnera aussi j\u2019en suis s\u00fbr tous ceux qui y d\u00e9couvriront un \u00e9clairage de la question qui leur avait peut-\u00eatre \u00e9chapp\u00e9.P.S.1 \u2013 Faisons d\u2019abord connaissanceMes amis, je sais que vous allez pester de cette \u00ab intrusion \u00bb. Quoi ! direz-vous, Patrick Seignon, le fasciste, l\u2019ami de \u00ab des Tours et des Lys \u00bb, le \u00ab Rouge-brun \u00bb, a l\u2019audace de venir \u00ab d\u00e9poser sa merde \u00bb sur nos plates-bandes ? Mais je fais confiance aux \u00ab grands amis de la d\u00e9mocratie lib\u00e9rale \u00bb et de \u00ab la libert\u00e9 d\u2019expression que vous pr\u00e9tendez \u00eatres. Apr\u00e8s ce premier mouvement d\u2019humeur un autre viendra (peut-\u00eatre) celui de l\u2019intelligence et des lumi\u00e8res dont vous \u00eates encore \u00e0 temps de faire preuve. Alors vous serez heureux d\u2019avoir eu le bonheur de me lire, et fiers d\u2019avoir appris quelque choses.Je sais aussi que vous allez pester de cette formule \u00ab chers amis \u00bb, pourtant fort civile. Vous allez pester parce que moi que vous traitez en ennemi, ai l\u2019audace, goguenarde, je l\u2019admets, de vous appeler \u00ab mes amis \u00bb. Ce n\u2019est pourtant pas faux. Par l\u2019intention par la \u00ab d\u00e9claration \u00bb au moins vous \u00eates \u00ab antifascistes \u00bb. Quoique je n\u2019en fasse pas une sp\u00e9cialit\u00e9 je le suis culturellement moi aussi mais par la connaissance et par la conviction. Moi plus que vous, car moi au moins je sais de quoi je parle, vous pas. J\u2019ai lu vos textes, je les ai analys\u00e9s, d\u00e9cortiqu\u00e9s, et il en ressort que vous les \u00ab antifas \u00bb, \u00e9tiquet\u00e9s, labellis\u00e9s, vous ne savez pas ce qu\u2019est le fascisme Un homme tel que moi qui peut faire \u00e9tat de 60 ann\u00e9es d\u2019engagement fid\u00e8le et sans faille dans le mouvement ouvrier syndical, politique et r\u00e9volutionnaire, adh\u00e9rant \u00e0 la CGT \u00e0 15 ans, au PC et JCF \u00e0 16, d\u00e9l\u00e9gu\u00e9 au congr\u00e8s de fondation de la LC \u00e0 Mannheim en 1969, membre du comit\u00e9 central de la LC de 1969 \u00e0 1971, auteur de plusieurs livres et brochures, \u00ab Social bonapartisme et classe ouvri\u00e8re \u00bb, \u00ab la Social-d\u00e9mocratie est morte \u00bb \u00ab Des armes pour la Palestine \u00bb, \u00ab loi Aubry la grande arnaque \u00bb de diffusion assez confidentielle je dois bien l\u2019admettre, et plus r\u00e9cemment \u00ab SUD a-t-il perdu le nord \u00bb, \u00e0 paraitre ; animateur d\u2019un Site web o\u00f9 figure des centaines d\u2019articles faisant foi de sa probit\u00e9 intellectuelle ; un homme qui a particip\u00e9 \u00e0 toutes les luttes politiques et sociales de son temps, (contre la guerre du Viet Nam, Gr\u00e8ve g\u00e9n\u00e9rale de 68, contre l\u2019invasion des chars  sovi\u00e9tiques en Tch\u00e9coslovaquie, contre le coup d\u2019Etat de Pinochet au chili, aux manifestations f\u00e9ministes pour la libert\u00e9 de l\u2019avortement, contre les proc\u00e8s de Burgos, contre la d\u00e9tention de Bobby Sands, contre l\u2019installation des fus\u00e9es Pershings en Allemagne, \u00e0 la Gr\u00e8ve SNCF de 1971, de 1986, \u00e0 la mobilisation contre la premi\u00e8re guerre du Golfe, aux gr\u00e8ves de 1995, aux manifestations contre les r\u00e9formes des retraites, et quoique retrait\u00e9 pr\u00e9sent d\u00e8s le premier matin des Gilets Jaune et toujours l\u00e0 3 ans apr\u00e8s ; un tel homme vous en conviendrez ne peut \u00eatre qualifi\u00e9 de \u00ab fasciste \u00bb ou de \u00ab rouge brun \u00bb, que par des ignares ou des fous furieux.Je rechigne encore \u00e0 vous \u00ab \u00e9tiqueter \u00bb \u00ab fous furieux \u00bb. C\u2019est pourquoi je suis enclin plut\u00f4t, pour l\u2019instant, \u00e0 vous imaginer \u00ab ignares \u00bb. Cela n\u2019est pas bien m\u00e9chant, vous en conviendrez, car contrairement \u00e0 la folie qui la plupart du temps est incurable, l\u2019ignorance peut se r\u00e9parer par l\u2019\u00e9tude. Or, moi qui viens d\u2019\u00e9taler mon \u00ab curriculum vitae \u00bb, impr\u00e9gn\u00e9 d\u2019histoire et de culture ouvri\u00e8re et marxiste, qui a fait en quelque sorte les \u00ab universit\u00e9s de la vie \u00bb, qui n\u2019est pas avare de son savoir, je suis dispos\u00e9 \u00e0 vous \u00ab \u00e9clairer \u00bb. C\u2019est la raison pour laquelle me voil\u00e0 \u00ab dans votre pr\u00e9-carr\u00e9 \u00bb, je viens vous offrir un enseignement enti\u00e8rement gratuit un \u00ab cours magistral quoique \u00e9l\u00e9mentaire sur le fascisme \u00bb dont j\u2019esp\u00e8res vous ferez le meilleur usage.2 &#8211; Cours \u00e9l\u00e9mentaire d\u2019antifascisme.Il convient d\u2019abord, pour \u00eatre \u00ab anti quelque chose \u00bb de bien identifier et connaitre \u00ab la chose \u00bb dont on se propose d\u2019\u00eatre \u00ab l\u2019anti \u00bb, se garder des id\u00e9es fausses et pr\u00e9munir contre les pr\u00e9jug\u00e9s. Or, Je lis en date du 14 janvier, dans un texte qui est en quelque sorte votre cr\u00e9do, le manifeste fondateur de votre \u00ab collectif \u00bb, cette d\u00e9finition du fascisme :\u00ab Nous devons \u00eatre capable d\u2019analyser l\u2019extr\u00eame droite \u00bb \u2026 \u00ab Notre antifascisme \u2026.. \u00bb N\u2019avez-vous pas le sentiment de sauter \u00ab du coq \u00e0 l\u2019\u00e2ne \u00bb, d\u2019un concept \u00e0 l\u2019autre ? Etes-vous bien s\u00fbr \u00ab qu\u2019extr\u00eame droite et fascisme sont des choses \u00e9quivalentes \u00bb ? Votre antifascisme est tr\u00e8s clair affirmez-vous. A cette lecture \u00e7a n\u2019apparait pas.\u00ab Les utopies sociales font place \u00e0 un id\u00e9al de soci\u00e9t\u00e9 o\u00f9 les travailleurs et travailleuses seraient soumis-es \u00e0 un-e patron-ne, \u00e0 l\u2019\u00c9tat, \u00e0 leur mari ; une soci\u00e9t\u00e9 o\u00f9 le patriotisme remplacerait la solidarit\u00e9. \u00bbEst-ce bien l\u00e0 votre d\u00e9finition du fascisme, aussi fausse que creuse ? Ne venez-vous pas plut\u00f4t de d\u00e9crire \u00e0 gros traits la soci\u00e9t\u00e9 capitaliste lib\u00e9rale telle qu\u2019elle s\u00e9vit depuis deux si\u00e8cles ?  L\u2019inf\u00e9odation de l\u2019ouvrier au patron, cons\u00e9quence du salariat est le fait du syst\u00e8me capitaliste de production, il ne constitue en rien une caract\u00e9risation sp\u00e9cifique du fascisme. Quant \u00e0 l\u2019ali\u00e9nation \u00e0 l\u2019Etat r\u00e9alit\u00e9 trois fois mill\u00e9naires, elle ne peut vraiment pas \u00eatre r\u00e9pertori\u00e9 au nombre des sp\u00e9cificit\u00e9 du \u00ab fascisme \u00bb, pas plus que la domination de la femme, r\u00e9sultant de la soci\u00e9t\u00e9 patriarcale, cinq fois mill\u00e9naire. C\u2019est effarant, votre d\u00e9finition du fascisme est \u00e0 peu pr\u00e8s aussi pr\u00e9cise que celle du lapin que voil\u00e0 \u00ab c\u2019est un animal qui a quatre pattes et une queue \u00bb. Pas \u00e9tonnant \u00e0 cette aune que vous voyiez des fascistes partout. Lisez donc plut\u00f4t :Le fascisme est n\u00e9 dans les ann\u00e9es 1920 en Italie, en r\u00e9action \u00e0 une puissante et longue vague de gr\u00e8ves. Cela \u00e9tait deux ans apr\u00e8s la r\u00e9volution Russe d\u2019octobre 1917 ; l\u2019enthousiasme r\u00e9volutionnaire embrasait les c\u0153urs des masses ouvri\u00e8res partout en Europe, partout la r\u00e9volution socialiste frappait aux portes des nations capitalistes. La bourgeoisie avait peur. La petite bourgeoisie attach\u00e9e \u00e0 la propri\u00e9t\u00e9 priv\u00e9e avait peur des \u00ab expropriateurs \u00bb et \u00ab niveleurs \u00bb bolch\u00e9viques. Alors elle se cabra contre le mouvement ouvrier r\u00e9volutionnaire, enr\u00f4lant contre lui la partie du prol\u00e9tariat d\u00e9structur\u00e9 par la guerre le ch\u00f4mage et la crise.Le fascisme c\u2019est la r\u00e9action violente de la petite bourgeoisie pour conjurer la menace r\u00e9volutionnaire. Pour autant la violence elle-m\u00eame ne constitue pas non plus un crit\u00e8re sp\u00e9cifique de caract\u00e9risation du fascisme. La violence est intrins\u00e8que \u00e0 la soci\u00e9t\u00e9 capitaliste lib\u00e9rale.  Elle est partout. Dans la r\u00e9pression \u00e9tatique, dans l\u2019exploitation capitaliste, dans les guerres, etc. J\u2019ai m\u00eame connu r\u00e9cemment des \u00ab antifascistes \u00bb violents et provocateurs, et au demeurant menteurs. La terrible r\u00e9pression de la commune de Paris se produisit par exemple longtemps avant que le mot m\u00eame de \u00ab fascisme \u00bb ne fusse invent\u00e9. Et ceux qui la men\u00e8rent furent les fondateurs de la plus \u00ab d\u00e9mocratique \u00bb des R\u00e9publique fran\u00e7aise, la troisi\u00e8me \u00bb, celle qui livra ses enfants comme chair \u00e0 canon \u00ab aux d\u00e9mons de la guerre imp\u00e9rialiste \u00bb et en fusilla des centaines sans \u00e9tat d\u2019\u00e2me lorsqu\u2019ils refusaient de se battre.Les temps ont chang\u00e9. L\u2019URSS a disparue. Insult\u00e9, souill\u00e9 par le stalinisme, le communisme est d\u00e9consid\u00e9r\u00e9, marginalis\u00e9. L\u2019ordre du jour actuel n\u2019est pas \u00e0 la r\u00e9volution mondiale. Pas besoin de \u00ab contre-feu \u00bb, pas de mobilisation r\u00e9volutionnaire, pas de mobilisation fasciste non plus. Le fascisme n\u2019existe pas aujourd\u2019hui car les conditions de son existence ne sont pas r\u00e9unies.Ce qui existe, ce sont des droites extr\u00eames, dures, radicales, nationalistes, racistes et homophobes peut-\u00eatre, (la droite \u00ab macroniste \u00bb est au nombre de celles-ci, c\u2019est m\u00eame la pire et la plus dangereuse pour le monde du travail). Appelez les comme vous voulez, mais cela n\u2019a rien \u00e0 voir avec le fascisme. Le mot fascisme vient de l\u2019italien : \u00ab  fascio \u00bb faisceaux . Les fascistes italiens attaquaient les piquets de gr\u00e8ve, tuaient des travailleurs gr\u00e9vistes, et les SA en Allemagne pr\u00e9-nazie pourchassaient les juifs et faisaient r\u00e9gner l\u2019ordre moral par les agressions et le meurtre. Madame Le Pen elle, est candidate aux \u00e9lections pr\u00e9sidentielles. Vous d\u00e9finissez \u00ab le fascisme et l\u2019extr\u00eame droite que vous confondez \u00bb comme les ennemis de la d\u00e9mocratie lib\u00e9rale. Mais ce que vous appelez la d\u00e9mocratie, n\u2019est-elle pas elle-m\u00eame son propre ennemi, ne creuse-t-elle pas son trou toute seule lorsque 20 % des voix donnent 5 d\u00e9put\u00e9s \u00e0 un parti et 400 \u00e0 l\u2019autre ?L\u2019antis\u00e9mitisme et l\u2019homophobie non plus ne sont pas sp\u00e9cifiques du fascisme et ne peuvent servir \u00e0 le d\u00e9finir. L\u2019antis\u00e9mitisme religieux existait dans toute l\u2019Europe bien avant l\u2019antis\u00e9mitisme raciste auquel il a servi de \u00ab terreau \u00bb. L\u2019Amiral Horty qui pris le pouvoir en Hongrie sur les d\u00e9combres de la r\u00e9volution de \u00ab Bella Kun \u00bb inventa la chasse aux \u00ab Jud\u00e9o-communistes \u00bb bien avant que Hitler n\u2019en ait eu l\u2019intuition. Le G\u00e9n\u00e9ral Russe-blanc, D\u00e9nikine qui proposait froidement d\u2019exterminer la moiti\u00e9 de la population russe du temps, si la \u00ab sauvegarde de la Russie traditionnelle le n\u00e9cessitait \u00bb \u00e9tait un antis\u00e9mite force 10, ni fasciste ni hitl\u00e9rien. C\u2019est sous le signe de la chasse aux \u00ab Jud\u00e9o-communistes \u00bb que l\u2019antis\u00e9mitisme religieux, latent ou chronique dans toute l\u2019Europe a \u00e9t\u00e9 \u00ab transcend\u00e9 \u00bb en antis\u00e9mitisme raciste. Quant \u00e0 l\u2019homophobie elle est un chancre des soci\u00e9t\u00e9s patriarcales et machistes, et n\u2019est pas non plus un marqueur sp\u00e9cifique du fascisme.Non, la vraie, la seule d\u00e9finition qui vaille en est la suivante : Le fascisme c\u2019est la mobilisation violente de la petite bourgeoisie et du prol\u00e9tariat d\u00e9structur\u00e9 contre le mouvement ouvrier r\u00e9volutionnaire.Enfin, et ce sera la conclusion de ce premier volet, le fascisme qui enr\u00f4le des fractions du peuple exc\u00e9d\u00e9es par l\u2019\u00e9tat des choses existant, parce qu\u2019il veut pr\u00e9server la propri\u00e9t\u00e9 priv\u00e9e des moyens de production, a besoin de d\u00e9voyer la col\u00e8re des masses de leur ennemi r\u00e9el \u00ab la classe capitaliste \u00bb vers des ennemis de substitution (des leurres pour les imb\u00e9ciles). Tel est le r\u00f4le d\u00e9volu \u00e0 \u00ab l\u2019antis\u00e9mitisme \u00bb \u00e0 \u00ab l\u2019Homophobie \u00bb etc. Or, il est paradoxal de constater la similitude de votre propre conduite avec celle des fascistes av\u00e9r\u00e9s. S\u2019agit-il d\u2019un effet miroir ? Vous aussi afin de d\u00e9tourner les col\u00e8res l\u00e9gitimes de l\u2019ennemi du peuple Macron, que vous semblez vouloir m\u00e9nager, \u00e9prouvez le besoin de lui substituer un leurre, \u00ab votre juif de service \u00bb en la personne de Patrick Seignon. Vous aussi, comme les staliniens d\u2019autre fois tentez de dissimuler votre opportunisme politique par des dithyrambes fanatis\u00e9es, sans concession, mais en apparence seulement Patrick Seignon. 8 f\u00e9vrier 2022.<\/p>\n","protected":false},"excerpt":{"rendered":"<p>COURS ELEMENTAIRE D\u2019ANTIFASCISMEIntro : Dans un pr\u00e9c\u00e9dent article intitul\u00e9 \u00ab Alerte diffamation \u00bb je faisais \u00e9tat d\u2019une agression verbale dont [&hellip;]<\/p>\n","protected":false},"author":1,"featured_media":4121,"comment_status":"open","ping_status":"open","sticky":false,"template":"","format":"standard","meta":{"sfsi_plus_gutenberg_text_before_share":"","sfsi_plus_gutenberg_show_text_before_share":"","sfsi_plus_gutenberg_icon_type":"","sfsi_plus_gutenberg_icon_alignemt":"","sfsi_plus_gutenburg_max_per_row":"","site-sidebar-layout":"default","site-content-layout":"","ast-site-content-layout":"default","site-content-style":"default","site-sidebar-style":"default","ast-global-header-display":"","ast-banner-title-visibility":"","ast-main-header-display":"","ast-hfb-above-header-display":"","ast-hfb-below-header-display":"","ast-hfb-mobile-header-display":"","site-post-title":"","ast-breadcrumbs-content":"","ast-featured-img":"","footer-sml-layout":"","ast-disable-related-posts":"","theme-transparent-header-meta":"","adv-header-id-meta":"","stick-header-meta":"","header-above-stick-meta":"","header-main-stick-meta":"","header-below-stick-meta":"","astra-migrate-meta-layouts":"default","ast-page-background-enabled":"default","ast-page-background-meta":{"desktop":{"background-color":"var(--ast-global-color-4)","background-image":"","background-repeat":"repeat","background-position":"center center","background-size":"auto","background-attachment":"scroll","background-type":"","background-media":"","overlay-type":"","overlay-color":"","overlay-opacity":"","overlay-gradient":""},"tablet":{"background-color":"","background-image":"","background-repeat":"repeat","background-position":"center center","background-size":"auto","background-attachment":"scroll","background-type":"","background-media":"","overlay-type":"","overlay-color":"","overlay-opacity":"","overlay-gradient":""},"mobile":{"background-color":"","background-image":"","background-repeat":"repeat","background-position":"center center","background-size":"auto","background-attachment":"scroll","background-type":"","background-media":"","overlay-type":"","overlay-color":"","overlay-opacity":"","overlay-gradient":""}},"ast-content-background-meta":{"desktop":{"background-color":"var(--ast-global-color-5)","background-image":"","background-repeat":"repeat","background-position":"center center","background-size":"auto","background-attachment":"scroll","background-type":"","background-media":"","overlay-type":"","overlay-color":"","overlay-opacity":"","overlay-gradient":""},"tablet":{"background-color":"var(--ast-global-color-5)","background-image":"","background-repeat":"repeat","background-position":"center center","background-size":"auto","background-attachment":"scroll","background-type":"","background-media":"","overlay-type":"","overlay-color":"","overlay-opacity":"","overlay-gradient":""},"mobile":{"background-color":"var(--ast-global-color-5)","background-image":"","background-repeat":"repeat","background-position":"center center","background-size":"auto","background-attachment":"scroll","background-type":"","background-media":"","overlay-type":"","overlay-color":"","overlay-opacity":"","overlay-gradient":""}},"footnotes":""},"categories":[16],"tags":[],"class_list":["post-539","post","type-post","status-publish","format-standard","has-post-thumbnail","hentry","category-archives-cms"],"_links":{"self":[{"href":"https:\/\/lavoiedessansvoix.fr\/lavoie\/wp-json\/wp\/v2\/posts\/539","targetHints":{"allow":["GET"]}}],"collection":[{"href":"https:\/\/lavoiedessansvoix.fr\/lavoie\/wp-json\/wp\/v2\/posts"}],"about":[{"href":"https:\/\/lavoiedessansvoix.fr\/lavoie\/wp-json\/wp\/v2\/types\/post"}],"author":[{"embeddable":true,"href":"https:\/\/lavoiedessansvoix.fr\/lavoie\/wp-json\/wp\/v2\/users\/1"}],"replies":[{"embeddable":true,"href":"https:\/\/lavoiedessansvoix.fr\/lavoie\/wp-json\/wp\/v2\/comments?post=539"}],"version-history":[{"count":1,"href":"https:\/\/lavoiedessansvoix.fr\/lavoie\/wp-json\/wp\/v2\/posts\/539\/revisions"}],"predecessor-version":[{"id":3097,"href":"https:\/\/lavoiedessansvoix.fr\/lavoie\/wp-json\/wp\/v2\/posts\/539\/revisions\/3097"}],"wp:featuredmedia":[{"embeddable":true,"href":"https:\/\/lavoiedessansvoix.fr\/lavoie\/wp-json\/wp\/v2\/media\/4121"}],"wp:attachment":[{"href":"https:\/\/lavoiedessansvoix.fr\/lavoie\/wp-json\/wp\/v2\/media?parent=539"}],"wp:term":[{"taxonomy":"category","embeddable":true,"href":"https:\/\/lavoiedessansvoix.fr\/lavoie\/wp-json\/wp\/v2\/categories?post=539"},{"taxonomy":"post_tag","embeddable":true,"href":"https:\/\/lavoiedessansvoix.fr\/lavoie\/wp-json\/wp\/v2\/tags?post=539"}],"curies":[{"name":"wp","href":"https:\/\/api.w.org\/{rel}","templated":true}]}}