{"id":538,"date":"2022-02-10T03:15:00","date_gmt":"2022-02-10T02:15:00","guid":{"rendered":"https:\/\/lavoiedessansvoix.fr\/lavoie\/2022\/02\/10\/archive-a-tous-mes-amis-et-aux-vrais-democrates-stop-diffamation\/"},"modified":"2026-04-26T20:46:24","modified_gmt":"2026-04-26T18:46:24","slug":"archive-a-tous-mes-amis-et-aux-vrais-democrates-stop-diffamation","status":"publish","type":"post","link":"https:\/\/lavoiedessansvoix.fr\/lavoie\/2022\/02\/10\/archive-a-tous-mes-amis-et-aux-vrais-democrates-stop-diffamation\/","title":{"rendered":"A TOUS MES AMIS ET AUX VRAIS D\u00c9MOCRATES; STOP DIFFAMATION"},"content":{"rendered":"<p>A TOUS MES AMIS ET AUX VRAIS D\u00c9MOCRATESJe suis la cible de diffamations, injures et calomnies ignobles qui voudraient faire de moi, vieux militant ouvrier syndicaliste et communiste r\u00e9volutionnaire, un supp\u00f4t de l\u2019extr\u00eame droite, un \u00ab Rouge-Brun et un \u00ab Facho \u00bbCette cabale dont je connais l\u2019instigateur a r\u00e9cemment pris des proportions nouvelles extr\u00eamement inqui\u00e9tantes : D\u00e9nonciation publique par sonorisation le 27 janvier, place Jean-Jaur\u00e8s \u00e0 Tours et publication de ma photo accompagn\u00e9e des m\u00eames propos injurieux et diffamatoires sur les r\u00e9seaux sociaux.Bien que je sois pour le moment la cible essentielle (mais d\u00e9j\u00e0 plus la seule) de ces \u00ab billeves\u00e9es \u00bb, vous admettrez ais\u00e9ment que cette affaire d\u00e9passe largement ma personne. Il s\u2019agit l\u00e0 d\u2019une question beaucoup plus grave et g\u00e9n\u00e9rale Si nul n\u2019est tenu de partager mes opinions ou mes engagements, il appartient \u00e0 tous de d\u00e9fendre la libert\u00e9 d\u2019opinions et la moralit\u00e9 du d\u00e9bat public. Dans cette p\u00e9riode trouble o\u00f9 les pouvoirs publics encouragent la d\u00e9lation, ou les conflits s\u2019exacerbent, ou les fran\u00e7ais, dans les familles m\u00eames, se retournent les uns contre les autres, on ne peut laisser s\u2019installer de telles pratiques ex\u00e9crables.Ce n\u2019est donc pas tant de soutien personnel \u00e0 moi-m\u00eame qu\u2019il s\u2019agit mais de conjurer, en en manifestant le rejet, quand il en est encore temps, ces d\u00e9rives ignominieuses.A cette fin, le texte ci-dessous : \u00ab TOP DIFFAMATION \u00bb,  est publi\u00e9 ce jour (10\/1\/2022), que nous vous demandons de diffuser autour de vous et de signer et faire signer en plus grand nombre possible (P\u00e9tition en ligne dont nous communiquerons le lien incessamment) Merci.10\/2\/2022. Patrick SeignonSTOP DIFFAMATIONUn ami de luttes, GJ et Citoyen Libre du Lochois, a \u00e9t\u00e9 la cible d&rsquo;une agression verbale \u00e0 Tours le jeudi 27 janvier.Apr\u00e8s avoir particip\u00e9 \u00e0 la manifestation syndicale, alors que Patrick se trouvait \u00e0 proximit\u00e9 d&rsquo;un petit groupe de manifestants (qui organisait un \u00ab\u00a0safari fiscal\u00a0\u00bb), un jeune homme \u00ab arm\u00e9 \u00bb d\u2019un micro et d&rsquo;une sono \u00a0\u00bb l\u2019a nomm\u00e9ment d\u00e9sign\u00e9 et d\u00e9clar\u00e9 \u00ab Je vois l\u00e0 une personne qui se nomme Philippe Seignon.et qui n&rsquo;a rien \u00e0 faire ici, car c&rsquo;est un fasciste et un dangereux militant d&rsquo;extr\u00eame droite qui cause avec des Tours et des Lys\u2026\u00a0\u00bbErreur sur le pr\u00e9nom certes, mais l\u2019identification n\u2019en \u00e9tait pas moins claire. Il s\u2019agit l\u00e0 de lynchage verbal, d\u2019injures et de diffamation publique. Cet \u00e9v\u00e8nement, qui en pr\u00e9pare d\u2019autres, survient \u00e0 la suite d\u2019une \u00ab cabale \u00bb dont l\u2019instigateur est connu. Une nouvelle et grave \u00e9tape a \u00e9t\u00e9 franchie ce m\u00eame jeudi 27 janvier dans la mont\u00e9e en puissance de cette machination avec la publication d\u2019une photo et de commentaires orduriers sur la page Twiter d\u2019un pr\u00e9tendu \u00ab Collectif antifasciste tourangeau \u00bb.Patrick a \u00e0 son actif soixante ann\u00e9es de militantisme ouvrier, syndicaliste, politique et r\u00e9volutionnaire. Ces injures et attaques diffamatoires \u00e0 son encontre sont simplement ignominieuses. Mais gare, il ne s\u2019agit pas l\u00e0 que d\u2019une affaire personnelle \u00bb. D\u2019autres seront, cela a d\u2019ailleurs d\u00e9j\u00e0 commenc\u00e9, victimes de telles pratiques intol\u00e9rables. Plus m\u00eame, ce qui est en cause ici c\u2019est la moralit\u00e9 du d\u00e9bat public. On ne peut accepter que s\u2019installent de telles d\u00e9rives infiniment dangereuses.Nous ne pouvons pas laisser passer cela sans manifester notre indignation et notre condamnation de telles pratiques inf\u00e2mes qui heurtent l\u2019honneur et la conscience \u00bb et rappellent les heures les plus sombres de l\u2019Histoire.Nous sommons \u00ab les corbeaux qui croassent \u00bb de cesser de r\u00e9pandre de telles rumeurs mensong\u00e8res.Les signataires : (Nom, Pr\u00e9nom, Profession, Commune.)<\/p>\n","protected":false},"excerpt":{"rendered":"<p>A TOUS MES AMIS ET AUX VRAIS D\u00c9MOCRATESJe suis la cible de diffamations, injures et calomnies ignobles qui voudraient faire [&hellip;]<\/p>\n","protected":false},"author":1,"featured_media":4120,"comment_status":"open","ping_status":"open","sticky":false,"template":"","format":"standard","meta":{"sfsi_plus_gutenberg_text_before_share":"","sfsi_plus_gutenberg_show_text_before_share":"","sfsi_plus_gutenberg_icon_type":"","sfsi_plus_gutenberg_icon_alignemt":"","sfsi_plus_gutenburg_max_per_row":"","site-sidebar-layout":"default","site-content-layout":"","ast-site-content-layout":"default","site-content-style":"default","site-sidebar-style":"default","ast-global-header-display":"","ast-banner-title-visibility":"","ast-main-header-display":"","ast-hfb-above-header-display":"","ast-hfb-below-header-display":"","ast-hfb-mobile-header-display":"","site-post-title":"","ast-breadcrumbs-content":"","ast-featured-img":"","footer-sml-layout":"","ast-disable-related-posts":"","theme-transparent-header-meta":"","adv-header-id-meta":"","stick-header-meta":"","header-above-stick-meta":"","header-main-stick-meta":"","header-below-stick-meta":"","astra-migrate-meta-layouts":"default","ast-page-background-enabled":"default","ast-page-background-meta":{"desktop":{"background-color":"var(--ast-global-color-4)","background-image":"","background-repeat":"repeat","background-position":"center center","background-size":"auto","background-attachment":"scroll","background-type":"","background-media":"","overlay-type":"","overlay-color":"","overlay-opacity":"","overlay-gradient":""},"tablet":{"background-color":"","background-image":"","background-repeat":"repeat","background-position":"center center","background-size":"auto","background-attachment":"scroll","background-type":"","background-media":"","overlay-type":"","overlay-color":"","overlay-opacity":"","overlay-gradient":""},"mobile":{"background-color":"","background-image":"","background-repeat":"repeat","background-position":"center center","background-size":"auto","background-attachment":"scroll","background-type":"","background-media":"","overlay-type":"","overlay-color":"","overlay-opacity":"","overlay-gradient":""}},"ast-content-background-meta":{"desktop":{"background-color":"var(--ast-global-color-5)","background-image":"","background-repeat":"repeat","background-position":"center center","background-size":"auto","background-attachment":"scroll","background-type":"","background-media":"","overlay-type":"","overlay-color":"","overlay-opacity":"","overlay-gradient":""},"tablet":{"background-color":"var(--ast-global-color-5)","background-image":"","background-repeat":"repeat","background-position":"center center","background-size":"auto","background-attachment":"scroll","background-type":"","background-media":"","overlay-type":"","overlay-color":"","overlay-opacity":"","overlay-gradient":""},"mobile":{"background-color":"var(--ast-global-color-5)","background-image":"","background-repeat":"repeat","background-position":"center center","background-size":"auto","background-attachment":"scroll","background-type":"","background-media":"","overlay-type":"","overlay-color":"","overlay-opacity":"","overlay-gradient":""}},"footnotes":""},"categories":[16],"tags":[],"class_list":["post-538","post","type-post","status-publish","format-standard","has-post-thumbnail","hentry","category-archives-cms"],"_links":{"self":[{"href":"https:\/\/lavoiedessansvoix.fr\/lavoie\/wp-json\/wp\/v2\/posts\/538","targetHints":{"allow":["GET"]}}],"collection":[{"href":"https:\/\/lavoiedessansvoix.fr\/lavoie\/wp-json\/wp\/v2\/posts"}],"about":[{"href":"https:\/\/lavoiedessansvoix.fr\/lavoie\/wp-json\/wp\/v2\/types\/post"}],"author":[{"embeddable":true,"href":"https:\/\/lavoiedessansvoix.fr\/lavoie\/wp-json\/wp\/v2\/users\/1"}],"replies":[{"embeddable":true,"href":"https:\/\/lavoiedessansvoix.fr\/lavoie\/wp-json\/wp\/v2\/comments?post=538"}],"version-history":[{"count":1,"href":"https:\/\/lavoiedessansvoix.fr\/lavoie\/wp-json\/wp\/v2\/posts\/538\/revisions"}],"predecessor-version":[{"id":3095,"href":"https:\/\/lavoiedessansvoix.fr\/lavoie\/wp-json\/wp\/v2\/posts\/538\/revisions\/3095"}],"wp:featuredmedia":[{"embeddable":true,"href":"https:\/\/lavoiedessansvoix.fr\/lavoie\/wp-json\/wp\/v2\/media\/4120"}],"wp:attachment":[{"href":"https:\/\/lavoiedessansvoix.fr\/lavoie\/wp-json\/wp\/v2\/media?parent=538"}],"wp:term":[{"taxonomy":"category","embeddable":true,"href":"https:\/\/lavoiedessansvoix.fr\/lavoie\/wp-json\/wp\/v2\/categories?post=538"},{"taxonomy":"post_tag","embeddable":true,"href":"https:\/\/lavoiedessansvoix.fr\/lavoie\/wp-json\/wp\/v2\/tags?post=538"}],"curies":[{"name":"wp","href":"https:\/\/api.w.org\/{rel}","templated":true}]}}