{"id":537,"date":"2022-02-15T02:17:00","date_gmt":"2022-02-15T01:17:00","guid":{"rendered":"https:\/\/lavoiedessansvoix.fr\/lavoie\/2022\/02\/15\/archive-discours-a-la-manifestation-de-tours-le-12-fevrier-2022\/"},"modified":"2026-04-26T20:46:16","modified_gmt":"2026-04-26T18:46:16","slug":"archive-discours-a-la-manifestation-de-tours-le-12-fevrier-2022","status":"publish","type":"post","link":"https:\/\/lavoiedessansvoix.fr\/lavoie\/2022\/02\/15\/archive-discours-a-la-manifestation-de-tours-le-12-fevrier-2022\/","title":{"rendered":"Discours \u00e0 la manifestation de Tours le 12 f\u00e9vrier 2022."},"content":{"rendered":"<p>Discours \u00e0 la manifestation de Tours le 12 f\u00e9vrier 2022.M\u2026\u2026\u2026\u2026\u2026., gilet-jaune de la premi\u00e8re heure a \u00e9t\u00e9 tu\u00e9 \u2026\u2026\u2026.le 4 f\u00e9vrier, dans un accident de la route. Nous sommes endeuill\u00e9s. Les Gilets-Jaunes d\u2019Indre et Loire sont dans la peine et bien s\u00fbr comme eux tous mes pens\u00e9es attrist\u00e9es vont d\u2019abord \u00e0 sa famille.Ses amis \u00e9taient l\u00e0, ils ont voulu lui rendre hommage en organisant une marche blanche.Je suis effar\u00e9 et profond\u00e9ment pein\u00e9. Je connaissais peu M\u2026\u2026 mais je commen\u00e7ais \u00e0 le d\u00e9couvrir et \u00e0 l\u2019appr\u00e9cier. Beaucoup d\u2019entre vous ne le connaissaient pas. Pourtant sa disparition nous concerne tous, car M\u2026\u2026..\u00e9tait notre ami qui partageait notre combat pour les libert\u00e9s et contre la dictature sanitaire.Nos amis gilets(jaunes de la marche blanche nous rejoindront dans une petite demi-heure et nous pourrons alors manifester ensemble pour exprimer notre indignation et notre col\u00e8re, protester contre l\u2019ignoble r\u00e9ponse polici\u00e8re, la seule du gouvernement en r\u00e9action au \u00ab convoy de la libert\u00e9 \u00bbM\u2026\u2026 vous dis-je \u00e9tait un des n\u00f4tres et je voudrais \u00e0 tous, et plus particuli\u00e8rement \u00e0 ceux qui ne le connaissaient pas, donner une raison sinc\u00e8re de l\u2019honorer. Cette raison c\u2019est M\u2026\u2026 lui-m\u00eame qui nous l\u2019a donn\u00e9 dans un \u00ab petit\/grand texte \u00bb qu\u2019il a \u00e9crit peu de temps avant l\u2019accident tragique, sur un \u00ab fil de discussion \u00bb Il s\u2019agit d\u2019un beau texte clair et vibrant dont nous le remercions infiniment.Ecoutez plut\u00f4t :\u00ab D\u00e9sol\u00e9 d&rsquo;arriver si tard sur le fil de cette discussion int\u00e9ressante, j&rsquo;\u00e9tais en pleine lecture d&rsquo;un bouquin que plus d&rsquo;un ou une serait inspir\u00e9.e de lire : \u00ab\u00a0manifeste conspirationniste\u00a0\u00bb \u00e9crit par des auteurs anonymes (certains y ont vu la patte du \u00ab\u00a0comit\u00e9 invisible\u00a0\u00bb auteur de \u00ab\u00a0l&rsquo;insurrection qui vient\u00a0\u00bb publi\u00e9 en 2004 et 2007). Je le conseille particuli\u00e8rement ( \u00e0 l\u2019un des n\u00f4tre) pour \u00e9ventuellement faire \u00e9voluer sa r\u00e9flexion sur la gestion de la crise sanitaire en g\u00e9n\u00e9ral et les injonctions \u00ab\u00a0vaccinales\u00a0\u00bb en particulier. Pour ma part je suis non seulement contre l&rsquo;obligation vaccinale mais aussi contre toutes les restrictions de libert\u00e9s qui ont \u00e9t\u00e9 prises depuis le d\u00e9but de ce qu&rsquo;on appelle la \u00ab\u00a0crise covid\u00a0\u00bb. J&rsquo;\u00e9tais donc contre les mesures de confinement, contre le port du masque \u00e0 l&rsquo;ext\u00e9rieur et dans le milieu scolaire, bien avant que d&rsquo;\u00eatre contre les vaccins que l&rsquo;on essaye aujourd&rsquo;hui de nous injecter de force (ce qui en soi devrait \u00e9veiller l&rsquo;esprit critique de ceux qui revendiquent le statut d&rsquo;anarco-communiste-libertaire). Que les mouvements de gauches et plus particuli\u00e8rement ceux des gauches les plus radicales n&rsquo;aient pas, d\u00e8s le d\u00e9part, marqu\u00e9 leur hostilit\u00e9 franche et d\u00e9termin\u00e9e contre les mesures liberticides impos\u00e9es \u00e0 la population d\u00e8s mars 2020 reste et restera pour moi une \u00e9nigme (bien qu&rsquo;on puisse y voir l\u00e0 la foi aveugle en la science et le progr\u00e8s scientifique, malgr\u00e9 les \u00e9vidences que donnent \u00e0 voir les d\u00e9cennies de corruption qui gangr\u00e8nent la recherche pharmacologique).(\u2026..) Il est venu le temps d&rsquo;assumer l&rsquo;\u00e9tiquette d\u00e9bile d&rsquo;antivaxx et s&rsquo;il s&rsquo;agit d&rsquo;affirmer une opposition \u00e0 faire des \u00eatre humains des sujets d&rsquo;exp\u00e9rience, non seulement m\u00e9dicale mais aussi sociale (il n&rsquo;est plus \u00e0 d\u00e9montrer que les mesures prises ces deux dernieers ann\u00e9es rel\u00e8vent de l&rsquo;ing\u00e9nierie sociale plus que du m\u00e9dical) alors non seulement j&rsquo;accepte cette \u00e9tiquette mais je la revendique. Et m\u00eame si \u00ab\u00a0le convoi de la libert\u00e9\u00a0\u00bb peut susciter des interrogations quant \u00e0 son projet profond \u00e0 son socle revendicatif, il porte au moins la possibilit\u00e9 de faire frissonner les pouvoirs\u2026.un peu comme au d\u00e9but du mouvement des gilets jaunes\u2026\u2026\u2026\u2026\u2026\u2026\u2026\u2026\u2026\u2026\u2026\u2026\u2026\u2026\u2026\u2026..Des circonstances douloureuses ont voulu que ce texte soit en quelque sorte l&rsquo;expression de sa derni\u00e8re volont\u00e9.\u2026\u2026\u2026\u2026\u2026\u2026\u2026\u2026\u2026\u2026\u2026\u2026\u2026\u2026\u2026\u2026\u2026\u2026\u2026\u2026\u2026\u2026.Je vous invite \u00e0 observer une minite de silence. Nous manifesterons apr\u00e8s.P.S. Samedi 12 f\u00e9vrier 2022.Bien que je n&rsquo;en sois pas d&rsquo;accord, je ne pouvais pas, pour des raisons morales et affectives, ne pas acc\u00e9der \u00e0 la demande de l&rsquo;\u00e9pouse du d\u00e9funt qui ne voulait pas qu&rsquo;il soit fait mention de l&rsquo;identit\u00e9 de celui-ci et a \u00e9t\u00e9 choqu\u00e9e de l&rsquo;usage que je faisais du mot \u00ab\u00a0testament\u00a0\u00bb. J&rsquo;ai donc modifi\u00e9 cet article en cons\u00e9quence, ce soir mardi 22 f\u00e9vrier 2022. Je publierai incessamment un article pour m&rsquo;expliquer plus en d\u00e9tail sur cette affaire.<\/p>\n","protected":false},"excerpt":{"rendered":"<p>Discours \u00e0 la manifestation de Tours le 12 f\u00e9vrier 2022.M\u2026\u2026\u2026\u2026\u2026., gilet-jaune de la premi\u00e8re heure a \u00e9t\u00e9 tu\u00e9 \u2026\u2026\u2026.le 4 [&hellip;]<\/p>\n","protected":false},"author":1,"featured_media":4119,"comment_status":"open","ping_status":"open","sticky":false,"template":"","format":"standard","meta":{"sfsi_plus_gutenberg_text_before_share":"","sfsi_plus_gutenberg_show_text_before_share":"","sfsi_plus_gutenberg_icon_type":"","sfsi_plus_gutenberg_icon_alignemt":"","sfsi_plus_gutenburg_max_per_row":"","site-sidebar-layout":"default","site-content-layout":"","ast-site-content-layout":"default","site-content-style":"default","site-sidebar-style":"default","ast-global-header-display":"","ast-banner-title-visibility":"","ast-main-header-display":"","ast-hfb-above-header-display":"","ast-hfb-below-header-display":"","ast-hfb-mobile-header-display":"","site-post-title":"","ast-breadcrumbs-content":"","ast-featured-img":"","footer-sml-layout":"","ast-disable-related-posts":"","theme-transparent-header-meta":"","adv-header-id-meta":"","stick-header-meta":"","header-above-stick-meta":"","header-main-stick-meta":"","header-below-stick-meta":"","astra-migrate-meta-layouts":"default","ast-page-background-enabled":"default","ast-page-background-meta":{"desktop":{"background-color":"var(--ast-global-color-4)","background-image":"","background-repeat":"repeat","background-position":"center center","background-size":"auto","background-attachment":"scroll","background-type":"","background-media":"","overlay-type":"","overlay-color":"","overlay-opacity":"","overlay-gradient":""},"tablet":{"background-color":"","background-image":"","background-repeat":"repeat","background-position":"center center","background-size":"auto","background-attachment":"scroll","background-type":"","background-media":"","overlay-type":"","overlay-color":"","overlay-opacity":"","overlay-gradient":""},"mobile":{"background-color":"","background-image":"","background-repeat":"repeat","background-position":"center center","background-size":"auto","background-attachment":"scroll","background-type":"","background-media":"","overlay-type":"","overlay-color":"","overlay-opacity":"","overlay-gradient":""}},"ast-content-background-meta":{"desktop":{"background-color":"var(--ast-global-color-5)","background-image":"","background-repeat":"repeat","background-position":"center center","background-size":"auto","background-attachment":"scroll","background-type":"","background-media":"","overlay-type":"","overlay-color":"","overlay-opacity":"","overlay-gradient":""},"tablet":{"background-color":"var(--ast-global-color-5)","background-image":"","background-repeat":"repeat","background-position":"center center","background-size":"auto","background-attachment":"scroll","background-type":"","background-media":"","overlay-type":"","overlay-color":"","overlay-opacity":"","overlay-gradient":""},"mobile":{"background-color":"var(--ast-global-color-5)","background-image":"","background-repeat":"repeat","background-position":"center center","background-size":"auto","background-attachment":"scroll","background-type":"","background-media":"","overlay-type":"","overlay-color":"","overlay-opacity":"","overlay-gradient":""}},"footnotes":""},"categories":[16],"tags":[],"class_list":["post-537","post","type-post","status-publish","format-standard","has-post-thumbnail","hentry","category-archives-cms"],"_links":{"self":[{"href":"https:\/\/lavoiedessansvoix.fr\/lavoie\/wp-json\/wp\/v2\/posts\/537","targetHints":{"allow":["GET"]}}],"collection":[{"href":"https:\/\/lavoiedessansvoix.fr\/lavoie\/wp-json\/wp\/v2\/posts"}],"about":[{"href":"https:\/\/lavoiedessansvoix.fr\/lavoie\/wp-json\/wp\/v2\/types\/post"}],"author":[{"embeddable":true,"href":"https:\/\/lavoiedessansvoix.fr\/lavoie\/wp-json\/wp\/v2\/users\/1"}],"replies":[{"embeddable":true,"href":"https:\/\/lavoiedessansvoix.fr\/lavoie\/wp-json\/wp\/v2\/comments?post=537"}],"version-history":[{"count":1,"href":"https:\/\/lavoiedessansvoix.fr\/lavoie\/wp-json\/wp\/v2\/posts\/537\/revisions"}],"predecessor-version":[{"id":3093,"href":"https:\/\/lavoiedessansvoix.fr\/lavoie\/wp-json\/wp\/v2\/posts\/537\/revisions\/3093"}],"wp:featuredmedia":[{"embeddable":true,"href":"https:\/\/lavoiedessansvoix.fr\/lavoie\/wp-json\/wp\/v2\/media\/4119"}],"wp:attachment":[{"href":"https:\/\/lavoiedessansvoix.fr\/lavoie\/wp-json\/wp\/v2\/media?parent=537"}],"wp:term":[{"taxonomy":"category","embeddable":true,"href":"https:\/\/lavoiedessansvoix.fr\/lavoie\/wp-json\/wp\/v2\/categories?post=537"},{"taxonomy":"post_tag","embeddable":true,"href":"https:\/\/lavoiedessansvoix.fr\/lavoie\/wp-json\/wp\/v2\/tags?post=537"}],"curies":[{"name":"wp","href":"https:\/\/api.w.org\/{rel}","templated":true}]}}