{"id":536,"date":"2022-02-15T02:28:00","date_gmt":"2022-02-15T01:28:00","guid":{"rendered":"https:\/\/lavoiedessansvoix.fr\/lavoie\/2022\/02\/15\/archive-stop-diffamation-petition-et-lien\/"},"modified":"2026-04-26T20:46:06","modified_gmt":"2026-04-26T18:46:06","slug":"archive-stop-diffamation-petition-et-lien","status":"publish","type":"post","link":"https:\/\/lavoiedessansvoix.fr\/lavoie\/2022\/02\/15\/archive-stop-diffamation-petition-et-lien\/","title":{"rendered":"STOP DIFFAMATION &#8211; P\u00e9tition et lien;"},"content":{"rendered":"<p>STOP DIFFAMATIONUn ami de luttes, GJ et Citoyen Libre du Lochois, a \u00e9t\u00e9 la cible d&rsquo;une agression verbale \u00e0 Tours le jeudi 27 janvier.Apr\u00e8s avoir particip\u00e9 \u00e0 la manifestation syndicale, alors que Patrick se trouvait \u00e0 proximit\u00e9 d&rsquo;un petit groupe de manifestants (qui organisait un \u00ab\u00a0safari fiscal\u00a0\u00bb), un jeune homme \u00ab arm\u00e9 \u00bb d\u2019un micro et d&rsquo;une sono \u00a0\u00bb l\u2019a nomm\u00e9ment d\u00e9sign\u00e9 et d\u00e9clar\u00e9 \u00ab Je vois l\u00e0 une personne qui se nomme Philippe Seignon.et qui n&rsquo;a rien \u00e0 faire ici, car c&rsquo;est un fasciste et un dangereux militant d&rsquo;extr\u00eame droite qui cause avec des Tours et des Lys\u2026\u00a0\u00bbErreur sur le pr\u00e9nom certes, mais l\u2019identification n\u2019en \u00e9tait pas moins claire. Il s\u2019agit l\u00e0 de lynchage verbal, d\u2019injures et de diffamation publique. Cet \u00e9v\u00e8nement, qui en pr\u00e9pare d\u2019autres, survient \u00e0 la suite d\u2019une \u00ab cabale \u00bb dont l\u2019instigateur est connu. Une nouvelle et grave \u00e9tape a \u00e9t\u00e9 franchie ce m\u00eame jeudi 27 janvier dans la mont\u00e9e en puissance de cette machination avec la publication d\u2019une photo et de commentaires orduriers sur la page Twiter d\u2019un pr\u00e9tendu \u00ab Collectif antifasciste tourangeau \u00bb.Patrick a \u00e0 son actif soixante ann\u00e9es de militantisme ouvrier, syndicaliste, politique et r\u00e9volutionnaire. Ces injures et attaques diffamatoires \u00e0 son encontre sont simplement ignominieuses. Mais gare, il ne s\u2019agit pas l\u00e0 que d\u2019une affaire personnelle \u00bb. D\u2019autres seront, cela a d\u2019ailleurs d\u00e9j\u00e0 commenc\u00e9, victimes de telles pratiques intol\u00e9rables. Plus m\u00eame, ce qui est en cause ici c\u2019est la moralit\u00e9 du d\u00e9bat public. On ne peut accepter que s\u2019installent de telles d\u00e9rives infiniment dangereuses.Nous ne pouvons pas laisser passer cela sans manifester notre indignation et notre condamnation de telles pratiques inf\u00e2mes qui heurtent l\u2019honneur et la conscience \u00bb et rappellent les heures les plus sombres de l\u2019Histoire.Nous sommons \u00ab les corbeaux qui croassent \u00bb de cesser de r\u00e9pandre de telles rumeurs mensong\u00e8res.STOP DIFFAMATION. Lien de la p\u00e9tition en ligne :https:\/\/www.mesopinions.com\/petition\/politique\/destruction-ecrits-diffamatoires\/170582Vous pouvez aussi signer et faire signer cette p\u00e9tition par \u00e9crit (Nom, Pr\u00e9nom, Profession, commune) en en copiant vous-m\u00eame le texte. Vous me remettrez ensuite les listes de signatures.Vous pouvez \u00e9galement signer par e-mail \u00e0 mon adresse patrick.seignon@orange.fr<\/p>\n","protected":false},"excerpt":{"rendered":"<p>STOP DIFFAMATIONUn ami de luttes, GJ et Citoyen Libre du Lochois, a \u00e9t\u00e9 la cible d&rsquo;une agression verbale \u00e0 Tours [&hellip;]<\/p>\n","protected":false},"author":1,"featured_media":4118,"comment_status":"open","ping_status":"open","sticky":false,"template":"","format":"standard","meta":{"sfsi_plus_gutenberg_text_before_share":"","sfsi_plus_gutenberg_show_text_before_share":"","sfsi_plus_gutenberg_icon_type":"","sfsi_plus_gutenberg_icon_alignemt":"","sfsi_plus_gutenburg_max_per_row":"","site-sidebar-layout":"default","site-content-layout":"","ast-site-content-layout":"default","site-content-style":"default","site-sidebar-style":"default","ast-global-header-display":"","ast-banner-title-visibility":"","ast-main-header-display":"","ast-hfb-above-header-display":"","ast-hfb-below-header-display":"","ast-hfb-mobile-header-display":"","site-post-title":"","ast-breadcrumbs-content":"","ast-featured-img":"","footer-sml-layout":"","ast-disable-related-posts":"","theme-transparent-header-meta":"","adv-header-id-meta":"","stick-header-meta":"","header-above-stick-meta":"","header-main-stick-meta":"","header-below-stick-meta":"","astra-migrate-meta-layouts":"default","ast-page-background-enabled":"default","ast-page-background-meta":{"desktop":{"background-color":"var(--ast-global-color-4)","background-image":"","background-repeat":"repeat","background-position":"center center","background-size":"auto","background-attachment":"scroll","background-type":"","background-media":"","overlay-type":"","overlay-color":"","overlay-opacity":"","overlay-gradient":""},"tablet":{"background-color":"","background-image":"","background-repeat":"repeat","background-position":"center center","background-size":"auto","background-attachment":"scroll","background-type":"","background-media":"","overlay-type":"","overlay-color":"","overlay-opacity":"","overlay-gradient":""},"mobile":{"background-color":"","background-image":"","background-repeat":"repeat","background-position":"center center","background-size":"auto","background-attachment":"scroll","background-type":"","background-media":"","overlay-type":"","overlay-color":"","overlay-opacity":"","overlay-gradient":""}},"ast-content-background-meta":{"desktop":{"background-color":"var(--ast-global-color-5)","background-image":"","background-repeat":"repeat","background-position":"center center","background-size":"auto","background-attachment":"scroll","background-type":"","background-media":"","overlay-type":"","overlay-color":"","overlay-opacity":"","overlay-gradient":""},"tablet":{"background-color":"var(--ast-global-color-5)","background-image":"","background-repeat":"repeat","background-position":"center center","background-size":"auto","background-attachment":"scroll","background-type":"","background-media":"","overlay-type":"","overlay-color":"","overlay-opacity":"","overlay-gradient":""},"mobile":{"background-color":"var(--ast-global-color-5)","background-image":"","background-repeat":"repeat","background-position":"center center","background-size":"auto","background-attachment":"scroll","background-type":"","background-media":"","overlay-type":"","overlay-color":"","overlay-opacity":"","overlay-gradient":""}},"footnotes":""},"categories":[16],"tags":[],"class_list":["post-536","post","type-post","status-publish","format-standard","has-post-thumbnail","hentry","category-archives-cms"],"_links":{"self":[{"href":"https:\/\/lavoiedessansvoix.fr\/lavoie\/wp-json\/wp\/v2\/posts\/536","targetHints":{"allow":["GET"]}}],"collection":[{"href":"https:\/\/lavoiedessansvoix.fr\/lavoie\/wp-json\/wp\/v2\/posts"}],"about":[{"href":"https:\/\/lavoiedessansvoix.fr\/lavoie\/wp-json\/wp\/v2\/types\/post"}],"author":[{"embeddable":true,"href":"https:\/\/lavoiedessansvoix.fr\/lavoie\/wp-json\/wp\/v2\/users\/1"}],"replies":[{"embeddable":true,"href":"https:\/\/lavoiedessansvoix.fr\/lavoie\/wp-json\/wp\/v2\/comments?post=536"}],"version-history":[{"count":1,"href":"https:\/\/lavoiedessansvoix.fr\/lavoie\/wp-json\/wp\/v2\/posts\/536\/revisions"}],"predecessor-version":[{"id":3091,"href":"https:\/\/lavoiedessansvoix.fr\/lavoie\/wp-json\/wp\/v2\/posts\/536\/revisions\/3091"}],"wp:featuredmedia":[{"embeddable":true,"href":"https:\/\/lavoiedessansvoix.fr\/lavoie\/wp-json\/wp\/v2\/media\/4118"}],"wp:attachment":[{"href":"https:\/\/lavoiedessansvoix.fr\/lavoie\/wp-json\/wp\/v2\/media?parent=536"}],"wp:term":[{"taxonomy":"category","embeddable":true,"href":"https:\/\/lavoiedessansvoix.fr\/lavoie\/wp-json\/wp\/v2\/categories?post=536"},{"taxonomy":"post_tag","embeddable":true,"href":"https:\/\/lavoiedessansvoix.fr\/lavoie\/wp-json\/wp\/v2\/tags?post=536"}],"curies":[{"name":"wp","href":"https:\/\/api.w.org\/{rel}","templated":true}]}}