{"id":535,"date":"2022-02-15T02:39:00","date_gmt":"2022-02-15T01:39:00","guid":{"rendered":"https:\/\/lavoiedessansvoix.fr\/lavoie\/2022\/02\/15\/archive-ils-nous-entendra-quand-meme-lettre-des-manifestants-de-tours-a-monsieur-le-depu\/"},"modified":"2026-04-26T20:45:58","modified_gmt":"2026-04-26T18:45:58","slug":"archive-ils-nous-entendra-quand-meme-lettre-des-manifestants-de-tours-a-monsieur-le-depu","status":"publish","type":"post","link":"https:\/\/lavoiedessansvoix.fr\/lavoie\/2022\/02\/15\/archive-ils-nous-entendra-quand-meme-lettre-des-manifestants-de-tours-a-monsieur-le-depu\/","title":{"rendered":"ILS NOUS ENTENDRA QUAND MEME LETTRE DES MANIFESTANTS DE TOURS A MONSIEUR LE DEPUTE Philippe CHALUMEAU"},"content":{"rendered":"<p>ILS NOUS ENTENDRA QUAND M\u00caMELETTRE DES MANIFESTANTS DE TOURS A MONSIEUR LE DEPUTE Philippe CHALUMEAU (1\u00e8re circonscription d\u2019Indre et Loire. Groupe LREM).Les d\u00e9put\u00e9s de la \u00ab Macronnie \u00bb, qui ont encore parfois l\u2019outrecuidance de s\u2019autod\u00e9signer \u00ab les repr\u00e9sentants du peuple \u00bb, en v\u00e9rit\u00e9 m\u00e9prisent le peuple et en ont peur, au point qu\u2019ils refusent tout contact avec lui.A deux reprises la manifestation de Tours a fait halte \u00e0 proximit\u00e9 de la permanence (le lieu exact o\u00f9 le d\u00e9put\u00e9 est cens\u00e9 recevoir le peuple dont il se pr\u00e9tend le repr\u00e9sentant), et foin de venir \u00e0 la rencontre des manifestants, le d\u00e9put\u00e9 de la 1ercirconscription d\u2019Indre et Loire, fit tenir ceux-ci \u00e0 distance par un cordon de gendarmes mobiles d\u00e9guis\u00e9s en \u00ab tortues ninja \u00bb. Prenant acte de ce fait, c\u2019est avec une lettre adress\u00e9e \u00e0 Monsieur Philippe Chalumeau que les manifestants sont revenus la deuxi\u00e8me semaine. M\u00eame dispositif policier. Il a alors \u00e9t\u00e9 demander \u00e0 ceux-ci de laisser au moins une petite d\u00e9l\u00e9gation de trois personne acc\u00e9der \u00e0 la permanence du d\u00e9put\u00e9 ou qu\u2019elle puisse \u00e0 d\u00e9faut d\u00e9poser la lettre dans sa boite aux lettres. Refus sec et cat\u00e9gorique du chef de groupe.Monsieur Philippe CHALULEAU, d\u00e9put\u00e9, pr\u00e9tendu repr\u00e9sentant du peuple, n\u2019a pas voulu entendre les manifestants ni recevoir une d\u00e9l\u00e9gation r\u00e9duite. Il a peur du peuple son souverain. Qu\u2019\u00e0 cela ne tienne, il entendra quand m\u00eame, non pas \u00ab nos dol\u00e9ance \u00bb nous n&rsquo;en avons pas \u00e0 adresser aux \u00ab godillots \u00bb de l\u2019oligarchie financi\u00e8re et des labos \u00bb, mais nos r\u00e9criminations et notre r\u00e9quisitoire.La lettre que Monsieur Chalumeau refusait de recevoir il l\u2019a re\u00e7u tout de m\u00eame, nous la lui avons adress\u00e9e par \u00ab assignation d\u2019huissier \u00bb.Nous en userons de m\u00eame avec les quatre autres d\u00e9put\u00e9s de notre d\u00e9partement.En voil\u00e0 le texte int\u00e9gral :LETTRE DES MANIFESTANTS DE TOURS A MONSIEUR LE D\u00c9PUTE Philippe CHALUMEAUMonsieur, \u00e0 la requ\u00eate du Pr\u00e9sident de la R\u00e9publique en titre, vous votez r\u00e9guli\u00e8rement, sans \u00e9tats d\u2019\u00e2me, toutes les lois liberticides et anti populaires que souhaite l\u2019ex\u00e9cutif.Le Pr\u00e9sident de la R\u00e9publique insulte une partie du peuple et vous ne jugez pas utile de le recadrer. N\u2019importe quel jeune des quartiers, n\u2019importe quel manifestant se fusse permis de tels d\u00e9rapages verbaux, eut \u00e9t\u00e9 pour le moins convoqu\u00e9 par un capitaine de gendarmerie ou un juge, pour \u00ab un rappel \u00e0 la loi \u00bb. Or vous, ne jugez pas m\u00eame utile de vous d\u00e9solidariser publiquement des propos obsc\u00e8nes et haineux de Monsieur Macron.La situation est de plus en plus claire, le mensonge de plus en plus \u00e9vident, la pr\u00e9tendue 5\u00e8me vagues de \u00ab Covid-19 \u00bb occasionn\u00e9e par le \u00ab variant omicron \u00bb n\u2019est qu\u2019une \u00e9pid\u00e9mie de rhume, de grippe tout au plus, et \u00e0 ce pr\u00e9texte vous vous autorisez \u00e0 confisquer les libert\u00e9s publiques, \u00e0 instaurer un syst\u00e8me de tra\u00e7age et de contr\u00f4le permanent des citoyens, \u00e0 user de contraintes et de coercition pour annuler en fait l\u2019exercice de cette libert\u00e9 fondamentale qu\u2019est le droit de chaque citoyen de disposer librement de son corps et de sa sant\u00e9.Monsieur, vous vous retranchez derri\u00e8re le principe majoritaire pour pr\u00e9tendre avec monsieur Macron que le respect des droits de la minorit\u00e9 mettrait en p\u00e9ril ceux de la majorit\u00e9, obliger les non vaccin\u00e9s \u00e0 se soumettre au nom d\u2019un pr\u00e9tendu droit majoritaire. Mais savez-vous que cette pr\u00e9tention est en v\u00e9rit\u00e9 totalement contraire aux principes r\u00e9publicains. Savez-vous que la premi\u00e8re r\u00e8gle de la d\u00e9mocratie est non pas \u00ab la d\u00e9cision majoritaire \u00bb mais le respect du droit des minorit\u00e9s. Une des plus grandes d\u00e9cisions de la R\u00e9publique nouveau n\u00e9e et qui l\u2019honore et qui a assur\u00e9 son rayonnement international est le d\u00e9cret du 21 f\u00e9vrier 1795 sur la libert\u00e9 des cultes c\u2019est-\u00e0-dire \u00ab le respect des droits des minorit\u00e9s. \u00bb Savez-vous donc qu\u2019en cons\u00e9quence \u00ab la dictature majoritaire \u00bb invoqu\u00e9 pour soumettre une minorit\u00e9, les lois liberticides, le passe vaccinal, sont autant d\u2019agressions et de crimes contre le peuple, contre la d\u00e9mocratie, contre les principes fondamentaux de la R\u00e9publique. Avez-vous r\u00e9alis\u00e9 qu\u2019en soutenant l\u2019ex\u00e9cutif et en votant tous les textes l\u00e9gislatifs que sollicite celui-ci, vous vous rendez complices de ces agressions et de ces crimes ?La roue de l\u2019histoire tourne toujours, la v\u00e9rit\u00e9 finira par sortir du puit, l\u2019ignoble mensonge sur lequel est fond\u00e9 votre \u00ab dictature sanitaire \u00bb finira par \u00eatre d\u00e9voil\u00e9, toutes les cons\u00e9quences n\u00e9fastes ou catastrophiques de ce crime contre l\u2019humanit\u00e9 seront \u00e9tablies (d\u00e9c\u00e8s, effets secondaires graves, corruption, d\u00e9membrement de l\u2019\u00e9conomie, casse sociale, etc.) et le temps viendra monsieur le d\u00e9put\u00e9 o\u00f9 vous et vos amis et \u00ab chefs \u00bb devrez rendre des comptes devant les tribunaux populaires et l\u2019histoire.Croyez-vous que vous vous en tirerez en plaidant que vous n\u2019\u00e9tiez en quelque sorte qu\u2019un sous-officier et que vous n\u2019avez fait qu\u2019ob\u00e9ir aux ordres ?  Non, cela ne marchera pas. Vous n\u2019\u00eates pas \u00ab sous-officier \u00bb monsieur, vous \u00eates \u00ab DEPUTE \u00bb et \u00e0 ce titre cens\u00e9 \u00eatre d\u00e9positaire d\u2019une partie de la souverainet\u00e9 du peuple. Le \u00ab Pr\u00e9sident de la R\u00e9publique \u00bb n\u2019est pas votre sup\u00e9rieur, il est votre vassal. Ce devrait-\u00eatre votre devoir imp\u00e9rieux de le guider et de le contr\u00f4ler et de le mettre hors d\u2019\u00e9tat de nuire lorsque, comme ces derniers mois, il se r\u00e9v\u00e8le \u00eatre l\u2018agresseur et le plus grand danger de la R\u00e9publique.Alors, entendez bien monsieur, si vous et vos semblables ne vous ravisez pas rapidement, si vous ne d\u00e9cidez pas de vous d\u00e9solidariser du pouvoir ex\u00e9cutif pour d\u00e9fendre les droits fondamentaux du peuple et les principes R\u00e9publicains, alors sachez-le bien, vous n\u2019\u00e9chapperez pas \u00e0 la vindicte populaire. Les manifestants de Tours.<\/p>\n","protected":false},"excerpt":{"rendered":"<p>ILS NOUS ENTENDRA QUAND M\u00caMELETTRE DES MANIFESTANTS DE TOURS A MONSIEUR LE DEPUTE Philippe CHALUMEAU (1\u00e8re circonscription d\u2019Indre et Loire. [&hellip;]<\/p>\n","protected":false},"author":1,"featured_media":4117,"comment_status":"open","ping_status":"open","sticky":false,"template":"","format":"standard","meta":{"sfsi_plus_gutenberg_text_before_share":"","sfsi_plus_gutenberg_show_text_before_share":"","sfsi_plus_gutenberg_icon_type":"","sfsi_plus_gutenberg_icon_alignemt":"","sfsi_plus_gutenburg_max_per_row":"","site-sidebar-layout":"default","site-content-layout":"","ast-site-content-layout":"default","site-content-style":"default","site-sidebar-style":"default","ast-global-header-display":"","ast-banner-title-visibility":"","ast-main-header-display":"","ast-hfb-above-header-display":"","ast-hfb-below-header-display":"","ast-hfb-mobile-header-display":"","site-post-title":"","ast-breadcrumbs-content":"","ast-featured-img":"","footer-sml-layout":"","ast-disable-related-posts":"","theme-transparent-header-meta":"","adv-header-id-meta":"","stick-header-meta":"","header-above-stick-meta":"","header-main-stick-meta":"","header-below-stick-meta":"","astra-migrate-meta-layouts":"default","ast-page-background-enabled":"default","ast-page-background-meta":{"desktop":{"background-color":"var(--ast-global-color-4)","background-image":"","background-repeat":"repeat","background-position":"center center","background-size":"auto","background-attachment":"scroll","background-type":"","background-media":"","overlay-type":"","overlay-color":"","overlay-opacity":"","overlay-gradient":""},"tablet":{"background-color":"","background-image":"","background-repeat":"repeat","background-position":"center center","background-size":"auto","background-attachment":"scroll","background-type":"","background-media":"","overlay-type":"","overlay-color":"","overlay-opacity":"","overlay-gradient":""},"mobile":{"background-color":"","background-image":"","background-repeat":"repeat","background-position":"center center","background-size":"auto","background-attachment":"scroll","background-type":"","background-media":"","overlay-type":"","overlay-color":"","overlay-opacity":"","overlay-gradient":""}},"ast-content-background-meta":{"desktop":{"background-color":"var(--ast-global-color-5)","background-image":"","background-repeat":"repeat","background-position":"center center","background-size":"auto","background-attachment":"scroll","background-type":"","background-media":"","overlay-type":"","overlay-color":"","overlay-opacity":"","overlay-gradient":""},"tablet":{"background-color":"var(--ast-global-color-5)","background-image":"","background-repeat":"repeat","background-position":"center center","background-size":"auto","background-attachment":"scroll","background-type":"","background-media":"","overlay-type":"","overlay-color":"","overlay-opacity":"","overlay-gradient":""},"mobile":{"background-color":"var(--ast-global-color-5)","background-image":"","background-repeat":"repeat","background-position":"center center","background-size":"auto","background-attachment":"scroll","background-type":"","background-media":"","overlay-type":"","overlay-color":"","overlay-opacity":"","overlay-gradient":""}},"footnotes":""},"categories":[16],"tags":[],"class_list":["post-535","post","type-post","status-publish","format-standard","has-post-thumbnail","hentry","category-archives-cms"],"_links":{"self":[{"href":"https:\/\/lavoiedessansvoix.fr\/lavoie\/wp-json\/wp\/v2\/posts\/535","targetHints":{"allow":["GET"]}}],"collection":[{"href":"https:\/\/lavoiedessansvoix.fr\/lavoie\/wp-json\/wp\/v2\/posts"}],"about":[{"href":"https:\/\/lavoiedessansvoix.fr\/lavoie\/wp-json\/wp\/v2\/types\/post"}],"author":[{"embeddable":true,"href":"https:\/\/lavoiedessansvoix.fr\/lavoie\/wp-json\/wp\/v2\/users\/1"}],"replies":[{"embeddable":true,"href":"https:\/\/lavoiedessansvoix.fr\/lavoie\/wp-json\/wp\/v2\/comments?post=535"}],"version-history":[{"count":1,"href":"https:\/\/lavoiedessansvoix.fr\/lavoie\/wp-json\/wp\/v2\/posts\/535\/revisions"}],"predecessor-version":[{"id":3089,"href":"https:\/\/lavoiedessansvoix.fr\/lavoie\/wp-json\/wp\/v2\/posts\/535\/revisions\/3089"}],"wp:featuredmedia":[{"embeddable":true,"href":"https:\/\/lavoiedessansvoix.fr\/lavoie\/wp-json\/wp\/v2\/media\/4117"}],"wp:attachment":[{"href":"https:\/\/lavoiedessansvoix.fr\/lavoie\/wp-json\/wp\/v2\/media?parent=535"}],"wp:term":[{"taxonomy":"category","embeddable":true,"href":"https:\/\/lavoiedessansvoix.fr\/lavoie\/wp-json\/wp\/v2\/categories?post=535"},{"taxonomy":"post_tag","embeddable":true,"href":"https:\/\/lavoiedessansvoix.fr\/lavoie\/wp-json\/wp\/v2\/tags?post=535"}],"curies":[{"name":"wp","href":"https:\/\/api.w.org\/{rel}","templated":true}]}}