{"id":533,"date":"2022-02-20T04:12:00","date_gmt":"2022-02-20T03:12:00","guid":{"rendered":"https:\/\/lavoiedessansvoix.fr\/lavoie\/2022\/02\/20\/archive-autopsie-d-une-pensee-mortifere-ou-causerie-avec-cin-dy-di\/"},"modified":"2026-04-26T20:45:37","modified_gmt":"2026-04-26T18:45:37","slug":"archive-autopsie-d-une-pensee-mortifere-ou-causerie-avec-cin-dy-di","status":"publish","type":"post","link":"https:\/\/lavoiedessansvoix.fr\/lavoie\/2022\/02\/20\/archive-autopsie-d-une-pensee-mortifere-ou-causerie-avec-cin-dy-di\/","title":{"rendered":"AUTOPSIE D\u2019UNE PENS\u00c9E MORTIF\u00c8RE Ou, Causerie avec Cin Dy Di"},"content":{"rendered":"<p>AUTOPSIE D\u2019UNE PENS\u00c9E MORTIF\u00c8RE \u00ab Cin dy di \u00bb s\u2019est livr\u00e9 \u00e0 un \u00e9change pol\u00e9mique avec moi, qu\u2019elle qualifie de fasciste, alors m\u00eame qu\u2019elle affirme qu\u2019il ne \u00ab faut pas discuter avec le fascisme, mais l\u2019ELIMINER. \u00bb. Sous cet \u00e9clairage il apparait que cette \u00ab conversation \u00bbconsentie est en soi une victoire \u00e0 mettre \u00e0 mon actif. Moi je suis un vrai d\u00e9mocrate de la pens\u00e9e. Les id\u00e9es d\u2019autrui ne m\u2019effarouchent pas. Je pense avoir suffisamment de ressources intellectuelles et culturelles pour pouvoir converser avec quiconque sans \u00eatre contraint d\u2019avoir recours au stratag\u00e8me de \u00ab l\u2019ostracisme \u00bb pour me mettre \u00e0 l\u2019abri du ridicule. J\u2019ai diss\u00e9qu\u00e9 la derni\u00e8re manifestation \u00e9crite de \u00ab Cin dy di \u00bb. (commentaire paru sur la page Facebook du \u00ab Collectif anti fasciste tourangeau) En voici le r\u00e9sultat.Ou, Causerie avec Cin Dy Di(En noir le texte de Cin Dy di, en rouge le  mien)\u2022  Cin Dy DidiPatrick Seignon tout d abord je m excuse aupr\u00e8s du CAT de pourrir leur fil d actualit\u00e9 avec ces conneries, je sais que le mieux ce serait de ne pas r\u00e9pondre, mais l\u00e0 c est trop pour moi.C\u2019est effarant Madame \u00ab Di di \u00bb \u00e0 quel point d\u00e8s la premi\u00e8re phrase la contradiction et la mauvaise foi suinte de votre texte. Le mieux \u00e9crivez-vous serait de ne pas r\u00e9pondre. Soit ; Mais avez-vous oubli\u00e9 que votre r\u00e9ponse est une \u00ab r\u00e9ponse \u00bb \u00e0 la \u00ab r\u00e9ponse \u00bb que je faisais \u00e0 votre post provocateurs : \u00ab On ne discute pas avec le fascisme, on l\u2019\u00e9limine \u00bb (Menace \u00e0 peine vol\u00e9e). Que ne vous en \u00eates-vous tenue \u00e0 ce pr\u00e9cepte ? C\u2019\u00e9tait votre fa\u00e7on de vous d\u00e9barrasser des doutes que mon article publi\u00e9 sur la page Facebook du \u00ab CAT \u00bb (Cours \u00e9l\u00e9mentaire d\u2019antifascisme \u00bb) ne pouvait manquer d\u2019induire dans votre entendement embrouill\u00e9. Article qui d\u2019ailleurs n\u2019appelait aucune r\u00e9ponse, seulement un temps d\u2019\u00e9tude assidu pour votre meilleur avantage.Parce que la diffamation, mr Seignon, c est vous qui en \u00eates coupable:Phrase p\u00e9remptoire. On attendra la suite pour savoir si la d\u00e9monstration est faite de la justesse de cette affirmation. (Apr\u00e8s avoir comme vous le voyez, soigneusement diss\u00e9qu\u00e9 votre texte, je peux affirmer \u00e0 pr\u00e9sent que je n\u2019ai pas trouv\u00e9 trace d\u2019une telle d\u00e9monstration.)Lorsque des militants de gauche, d&rsquo; apr\u00e8s vos dires, vous seriez de gauche, donc je peux parler de vos \u00a0\u00bb camarades de gauche\u00a0\u00bb? La preuve est l\u00e0 Madame que vous lisez ce que vous croyez lire et non ce qui est \u00e9crit. Cherchez, fouillez, \u00ab ne laissez nul endroit o\u00f9 la main ne passe et repasse \u00bb, vous ne trouverez jamais aucun de mes \u00e9crits o\u00f9 je revendique la moindre appartenance \u00e0 la \u00ab Gauche \u00bb ; Je me revendique de \u00ab La classe ouvri\u00e8re \u00bb, \u00ab du syndicalisme de classe \u00bb, du mouvement communiste r\u00e9volutionnaire international \u00bb. Surtout pas de l\u2019Horrible Gauche qui appelle r\u00e9guli\u00e8rement les travailleurs \u00e0 voter pour leurs ennemis de classe, (Chirac 2002, Macron 2017, etc.) et soutiens actuellement la politique vaccinale et la dictature sanitaire. Donc lorsque des camarades de gauche (NPA, FI, ANARS, ANTIFAS, UCL et syndicalistes) Oui j\u2019ai encore je crois des \u00ab camarades \u00bb dans les partis et mouvements que vous nommez. La LCR a eu une large part dans la formation du NPA. Or je fus moi-m\u00eame au nombre des fondateurs de la LCR et deux ans membre de son premier \u00ab Comit\u00e9 central \u00bb. J\u2019y ai gard\u00e9 de tout temps des amiti\u00e9s sinc\u00e8res. Dont certaines il est vrai sont actuellement froiss\u00e9es par le contexte \u00ab politico-sanitaire \u00bb.d\u00e9cident de ne pas laisser la rue au groupe d&rsquo;extr\u00eame droite de Tours, \u00bbclairement identifi\u00e9 et connu pour leur violence et id\u00e9es naus\u00e9abondes (contre l avortement et la Pma, homophones, transphobes, islamophobes, antis\u00e9mites, racistes\u2026)Je ne commenterai pas ici vos appr\u00e9ciations morales sur la nature des id\u00e9es d\u2019extr\u00eame droite. Elles vous appartiennent. Mais je constaterais que vous avouez l\u00e0 votre responsabilit\u00e9 dans les tensions que vous d\u00e9noncez. Vous le dites tout net ce sont VOS camarades, dont certains ne sont plus les miens, qui \u00ab d\u00e9cident de ne pas laisser la rue au groupe d&rsquo;extr\u00eame droite de Tours, \u00bb Ce qui est une d\u00e9claration de guerre \u00e0 ceux-ci et \u00e9claire, d\u2019une lumi\u00e8re crue, l\u2019origine des violences qui ont suivi. Je n\u2019ai pas m\u00eame dit que vous aviez tort. Je r\u00e9clame seulement de vous que vous assumiez enti\u00e8rement vos propres d\u00e9clarations et vos propres responsabilit\u00e9s. Et qui viennent les exprimer violemment lors des manifs qui d\u00e9fendent la vrai libert\u00e9 de gauche L\u00e0, j\u2019avoue que je ne sais pas quelle est la part de la r\u00e9alit\u00e9 et celle de vos \u00ab fantasmes \u00bb. Je sais par contre que d\u00e8s la premi\u00e8re manifestation \u00ab Antipasse du \u2026\u2026.. juillet 2021, vos camarades vinrent me solliciter pour que nous (le groupe de Loches) se porte en t\u00eate de manifestation afin de damner le pion \u00ab \u00e0 l\u2019extr\u00eame droite \u00bb et que j\u2019ai refus\u00e9 d\u00e8s ce temps \u00e0 la raison que j\u2019\u00e9tais l\u00e0 pour m\u2019opposer au passe sanitaire et non pour faire la \u00ab gu\u00e9guerre \u00e0 l\u2019extr\u00eame droite. la vrai libert\u00e9 de gauche  ( ? ? ? )Il y aurait donc des \u00ab vraies \u00bb et des fausses libert\u00e9s ? Des qui seraient de \u00ab Gauche \u00bb et des qui par d\u00e9duction seraient de \u00ab droite \u00bb ? J\u2019hallucine madame. Nous avons l\u00e0, clairement signal\u00e9, toute la perversion de votre esprit. Seule une vision du monde \u00e0 travers les lorgnons d\u2019une hyst\u00e9rie \u00ab sectariste \u00bb peut conduire \u00e0 de telles extr\u00e9mit\u00e9s. \u00ab Les libert\u00e9s sont les biens communs d\u2019une soci\u00e9t\u00e9 et appartiennent \u00e0 tous ses membres. \u00bbou m\u00eame en faisant leurs \u00ab\u00a0manif pour tous\u00a0\u00bb,Ce qui parait vouloir dire que la \u00ab manif pour tous \u00bb n\u2019est pas \u00e0 votre sens l\u2019expression d\u2019un courant d\u2019opinion mais une violence en soi faite \u00e0 la soci\u00e9t\u00e9. Mais cette fa\u00e7on de voir n\u2019est-elle pas plut\u00f4t la raison que vous vous accordez \u00e0 vous-m\u00eame pour justifier l\u2019interdiction de l\u2019expression d\u2019une opinion adverse ? Pas tr\u00e8s Voltairienne votre attitude.vous, mr Seignon, vous \u00e9crivez 17 pages Oui, je l\u2019avoue bien humblement, je ne me limite pas \u00e0 r\u00e9p\u00e9ter comme un mainate les insanit\u00e9s que j\u2019entends par ci par l\u00e0, ma phrase est authentique, elle a du souffle car elle est l\u2019expression d\u2019une pens\u00e9e qui n\u2019en manque pas.) pour fabuler. Vous avez parfaitement le droit de le dire, \u00e0 la condition expresse que vous le d\u00e9montriez.Vous accusez dans un premier temps les camarades de vouloir d\u00e9truire ce \u00ab\u00a0mouvement social\u00a0\u00bb, Oui c\u2019\u00e9tait mon point de vue en effet, j\u2019en ai donn\u00e9 les preuves dans l\u2019analyse de leurs textes et de leurs discours. Mais peut-\u00eatre me \u00ab tromp\u2019je ? \u00bb. Je ne suis pas ferm\u00e9, je veux bien l\u2019entendre. L\u00e0 encore \u00e0 la condition expresse que l\u2019on en fasse une \u00ab contre-d\u00e9monstration \u00bb aussi soutenue qu\u2019est ma d\u00e9monstration.que ce mouvement doit faire le nombre, Pour ma part Je n\u2019ai jamais dit d\u2019horreur pareille. J\u2019ai simplement d\u00e9fendu \u00ab LA LIBERTE \u00bb pour tous les citoyens de pouvoir protester contre des privations de libert\u00e9. Seuls des \u00ab idiots finis \u00bb peuvent exiger d\u2019autrui, pour lui reconnaitre le droit de s\u2019opposer \u00e0 telle loi liberticide \u00bb, qu\u2019il partage toutes les id\u00e9es de \u00ab leur camp \u00bb.par ce fait vous scandez devoir accepter la pr\u00e9sence de l\u2019extr\u00eame droite. (\u00ab Tol\u00e9rer \u00bb serait un mot mieux appropri\u00e9)Moi, j\u2019appelle \u00e7a du confusionnisme.Et moi du pragmatismeEt l\u00e0, mr Seignon, \u00eates-vous aller discuter avec les camarades avant d \u00e9crire vos conneries Ce jugement vous appartient, il ne vous flatte pas ;Quant \u00e0 savoir si j\u2019avais consult\u00e9 \u00ab VOS \u00bb camarades avant d\u2019\u00e9crire mes\u2026\u2026, je vous r\u00e9pondrez simplement : M\u2019avaient-ils consult\u00e9 avant de d\u00e9biter les leurs \u00bb ? dans votre communiqu\u00e9, o\u00f9 je vous le rappelle, vous nommez un syndicat et un camarade\u2026? communiqu\u00e9 diffamatoire! J\u2019analyse et interpr\u00e8tes les faits et m\u2019efforce de d\u00e9crypter les pens\u00e9es. Celles et ceux que j\u2019attribue, aux uns ou aux autres, ne peuvent en aucun cas constituer une quelconque diffamation. C\u2019est pourquoi je peux nommer un syndicat et une personne sans qu\u2019ils aient la moindre raison de s\u2019en plaindre. (A moins bien s\u00fbr qu\u2019ils n\u2019aient honte de leurs \u00ab faits \u00bb ou de leurs id\u00e9es.)Non! Au lieu de \u00e7a, vous pr\u00e9f\u00e9rez aller discuter avec l extr\u00eame-droiteIl ne s\u2019est pas agi de balancer dans le choix du partenaire. Vos camarades, vous l\u2019avez \u00e9crit juste un peu avant, avaient \u00ab d\u00e9cid\u00e9 d\u2019INTERDIRE la rue \u00e0 l\u2019extr\u00eame droite. ; Je n\u2019\u00e9tais pas de taille \u00e0 les faire changer d\u2019avis. Si une solution existait il fallait la chercher ailleurs. Ce qui vous chagrine vraiment c\u2019est que je l\u2019ai trouv\u00e9 et coup\u00e9 court ainsi aux \u00ab manigances \u00bb de \u00ab VOS \u00bb amis.et n\u00e9gocier le parcours et la t\u00eate de manif avec eux. Ce que j\u2019ai n\u00e9goci\u00e9 avec les gar\u00e7ons de \u00ab des Tours et des Lys \u00bb vous n\u2019en savez absolument rien, alors pourquoi vous autorisez-vous \u00e0 \u00e9mettre un avis l\u00e0-dessus ? Ce que j\u2019ai n\u00e9goci\u00e9 je peux vous l\u2019apprendre \u00e0 pr\u00e9sent, c\u2019est uniquement la tranquillit\u00e9 des manifestations, l\u2019assurance qu\u2019ils ne se porteraient plus en t\u00eate de manifestation afin d\u2019\u00f4ter tout pr\u00e9texte aux agressions de vos camarades. Et l\u00e0 encore, ce qui anime semble-t-il surtout votre ressentiment \u00e0 mon \u00e9gard, c\u2019est que cela a si bien march\u00e9 que vos amis ont d\u00fb renoncer \u00e0 leur projet de \u00ab faire p\u00eater \u00bb la manif. Au demeurant, plut\u00f4t que me bl\u00e2mer, ne devriez-vous pas me remercier ? Ne vous ai-je pas de la sorte, \u00e9pargn\u00e9 les dangers inh\u00e9rents \u00e0 toute rixe ?. Vous avez choisi votre camp.Oui Madame, j\u2019avais 15 ans !De m\u00eame que dans 2 manifs, vous avez , certes la t\u00eate de cort\u00e8ge, mais que derri\u00e8re vous se jouent des sc\u00e8nes \u00e0 vomir, \u00e0 savoir des saluts nazis, \u00e7a ne vous d\u00e9range pas non plus.Vous rapportez l\u00e0 des faits dont vous n\u2019apportez pas le moindre d\u00e9but de preuve. Et quand bien m\u00eame, cela se serait-il vraiment produit, ce serait leur fait, pas le mien. En quoi en serai-je responsable ? En quoi le fait qu\u2019un gar\u00e7on d\u2019extr\u00eame droite faisant un \u00ab salut fasciste \u00bb ferait-il de moi un \u00ab fasciste \u00bb, un \u00ab rouge-brun \u00bb ou un \u00ab confusionniste \u00bb. Faut-il vous rappeler Madame que \u00ab la responsabilit\u00e9 collective \u00bb n\u2019existe pas en droit Fran\u00e7ais ?Lorsque les camarades se font insulter, menacer de mort, harceler dans la rue en dehors des manifs et tabasser, l\u00e0 encore, vous choisissez d enfoncer les camarades. Je me suis prononc\u00e9 sur des faits survenus en \u00ab manif \u00bb dont j\u2019ai \u00e9t\u00e9 un t\u00e9moin oculaire privil\u00e9gi\u00e9, jamais sur autre chose. Je ne vois pas l\u00e0 de quoi vous voulez parler.Dans vos \u00e9crits et vos paroles en AG : vous exprimez une haine contre la gauche, contre ces camarades, Non Madame, je ne suis pas de votre trempe, je n\u2019appartiens \u00e0 aucun collectifs antifasciste \u00bb ou autre, hyst\u00e9ris\u00e9, je n\u2019ai pas de \u00ab haine \u00bb j\u2019ai des avis et des opinions que je d\u00e9fends parfois avec ardeur. vous allez jusqu\u2019\u00e0 dire qu iels l ont cherch\u00e9, que ce sont iels les m\u00e9chant.es\u2026Je ne suis all\u00e9 jusqu\u2019\u00e0 dire que ce que j\u2019ai vu ou savais. Je vous notifie (je prends acte de votre \u00ab notification\u2019) tout de m\u00eame que les camarades n \u00e9taient pas arm\u00e9.es ,(J\u2019ai des photos qui le prouvent)que des la premi\u00e8re manif ce sont les fachos qui sont venus arm\u00e9s \u00e0 chaque fois (gants coques, bouteilles de bi\u00e8re vides dans les poches arri\u00e8res\u2026).Lorsque les partis et les syndicats de gauche organisent des manifs contre les lois autoritaires, s\u00e9curitaires, contre le pass vaccinal et contre les violences de l extr\u00eame droite, encore une fois vous crachez dessus.  De quoi parlez-vous madame ? Des tentatives avort\u00e9es trois samedi matin de faire diversion aux manifestations de l\u2019Apr\u00e8s-midi ? De ces initiatives ridicules qui ont \u00e9t\u00e9 autant d\u2019injures au mouvement ouvrier et syndical ? Je n\u2019ai fait que signaler leur ridicule. Quant \u00e0 cracher, c\u2019est vous-m\u00eames qui avez crach\u00e9 en l\u2019air et \u00e7a vous est retomb\u00e9 dessus.Donc oui mr Seignon, vous avez pactise avec l extr\u00eame droite contre la gauche.Dorian gray avait pactis\u00e9 avec le diable ; Il \u00e9tait jeune et beau. Moi je suis d\u00e9j\u00e0 trop vieux pour y pr\u00e9tendre. Le Diable ne veut pas de moi. Je n\u2019ai pactis\u00e9 avec personne ; Vous m\u00e9langez les mots et les concepts. Un pacte n\u2019est pas une n\u00e9gociation et une n\u00e9gociation n\u2019est pas un pacte (on se demande bien \u00e0 quoi servent les dictionnaires d\u2019aujourd\u2019hui ?) quoiqu&rsquo;une n\u00e9gociation puisse aboutir \u00e0 un pacte.Allez, vite \u00ab Cin Dy di \u00bb dans un Amphi de Fran\u00e7ais, vous y apprendrez plein de jolies choses, lirez les contes de Voltaire et abandonnerez peut-\u00eatre votre m\u00e9chante humeur et votre petite hargne sur les quais de la Loire. Votre, Patrick Seignon. 19\/2\/2022.<\/p>\n","protected":false},"excerpt":{"rendered":"<p>AUTOPSIE D\u2019UNE PENS\u00c9E MORTIF\u00c8RE \u00ab Cin dy di \u00bb s\u2019est livr\u00e9 \u00e0 un \u00e9change pol\u00e9mique avec moi, qu\u2019elle qualifie de [&hellip;]<\/p>\n","protected":false},"author":1,"featured_media":4115,"comment_status":"open","ping_status":"open","sticky":false,"template":"","format":"standard","meta":{"sfsi_plus_gutenberg_text_before_share":"","sfsi_plus_gutenberg_show_text_before_share":"","sfsi_plus_gutenberg_icon_type":"","sfsi_plus_gutenberg_icon_alignemt":"","sfsi_plus_gutenburg_max_per_row":"","site-sidebar-layout":"default","site-content-layout":"","ast-site-content-layout":"default","site-content-style":"default","site-sidebar-style":"default","ast-global-header-display":"","ast-banner-title-visibility":"","ast-main-header-display":"","ast-hfb-above-header-display":"","ast-hfb-below-header-display":"","ast-hfb-mobile-header-display":"","site-post-title":"","ast-breadcrumbs-content":"","ast-featured-img":"","footer-sml-layout":"","ast-disable-related-posts":"","theme-transparent-header-meta":"","adv-header-id-meta":"","stick-header-meta":"","header-above-stick-meta":"","header-main-stick-meta":"","header-below-stick-meta":"","astra-migrate-meta-layouts":"default","ast-page-background-enabled":"default","ast-page-background-meta":{"desktop":{"background-color":"var(--ast-global-color-4)","background-image":"","background-repeat":"repeat","background-position":"center center","background-size":"auto","background-attachment":"scroll","background-type":"","background-media":"","overlay-type":"","overlay-color":"","overlay-opacity":"","overlay-gradient":""},"tablet":{"background-color":"","background-image":"","background-repeat":"repeat","background-position":"center center","background-size":"auto","background-attachment":"scroll","background-type":"","background-media":"","overlay-type":"","overlay-color":"","overlay-opacity":"","overlay-gradient":""},"mobile":{"background-color":"","background-image":"","background-repeat":"repeat","background-position":"center center","background-size":"auto","background-attachment":"scroll","background-type":"","background-media":"","overlay-type":"","overlay-color":"","overlay-opacity":"","overlay-gradient":""}},"ast-content-background-meta":{"desktop":{"background-color":"var(--ast-global-color-5)","background-image":"","background-repeat":"repeat","background-position":"center center","background-size":"auto","background-attachment":"scroll","background-type":"","background-media":"","overlay-type":"","overlay-color":"","overlay-opacity":"","overlay-gradient":""},"tablet":{"background-color":"var(--ast-global-color-5)","background-image":"","background-repeat":"repeat","background-position":"center center","background-size":"auto","background-attachment":"scroll","background-type":"","background-media":"","overlay-type":"","overlay-color":"","overlay-opacity":"","overlay-gradient":""},"mobile":{"background-color":"var(--ast-global-color-5)","background-image":"","background-repeat":"repeat","background-position":"center center","background-size":"auto","background-attachment":"scroll","background-type":"","background-media":"","overlay-type":"","overlay-color":"","overlay-opacity":"","overlay-gradient":""}},"footnotes":""},"categories":[16],"tags":[],"class_list":["post-533","post","type-post","status-publish","format-standard","has-post-thumbnail","hentry","category-archives-cms"],"_links":{"self":[{"href":"https:\/\/lavoiedessansvoix.fr\/lavoie\/wp-json\/wp\/v2\/posts\/533","targetHints":{"allow":["GET"]}}],"collection":[{"href":"https:\/\/lavoiedessansvoix.fr\/lavoie\/wp-json\/wp\/v2\/posts"}],"about":[{"href":"https:\/\/lavoiedessansvoix.fr\/lavoie\/wp-json\/wp\/v2\/types\/post"}],"author":[{"embeddable":true,"href":"https:\/\/lavoiedessansvoix.fr\/lavoie\/wp-json\/wp\/v2\/users\/1"}],"replies":[{"embeddable":true,"href":"https:\/\/lavoiedessansvoix.fr\/lavoie\/wp-json\/wp\/v2\/comments?post=533"}],"version-history":[{"count":1,"href":"https:\/\/lavoiedessansvoix.fr\/lavoie\/wp-json\/wp\/v2\/posts\/533\/revisions"}],"predecessor-version":[{"id":3085,"href":"https:\/\/lavoiedessansvoix.fr\/lavoie\/wp-json\/wp\/v2\/posts\/533\/revisions\/3085"}],"wp:featuredmedia":[{"embeddable":true,"href":"https:\/\/lavoiedessansvoix.fr\/lavoie\/wp-json\/wp\/v2\/media\/4115"}],"wp:attachment":[{"href":"https:\/\/lavoiedessansvoix.fr\/lavoie\/wp-json\/wp\/v2\/media?parent=533"}],"wp:term":[{"taxonomy":"category","embeddable":true,"href":"https:\/\/lavoiedessansvoix.fr\/lavoie\/wp-json\/wp\/v2\/categories?post=533"},{"taxonomy":"post_tag","embeddable":true,"href":"https:\/\/lavoiedessansvoix.fr\/lavoie\/wp-json\/wp\/v2\/tags?post=533"}],"curies":[{"name":"wp","href":"https:\/\/api.w.org\/{rel}","templated":true}]}}