{"id":532,"date":"2022-02-24T17:15:00","date_gmt":"2022-02-24T16:15:00","guid":{"rendered":"https:\/\/lavoiedessansvoix.fr\/lavoie\/2022\/02\/24\/archive-faudra-t-il-aussi-faire-taire-les-morts\/"},"modified":"2026-04-26T20:45:28","modified_gmt":"2026-04-26T18:45:28","slug":"archive-faudra-t-il-aussi-faire-taire-les-morts","status":"publish","type":"post","link":"https:\/\/lavoiedessansvoix.fr\/lavoie\/2022\/02\/24\/archive-faudra-t-il-aussi-faire-taire-les-morts\/","title":{"rendered":"FAUDRA-T-IL AUSSI FAIRE TAIRE LES MORTS ?"},"content":{"rendered":"<p>FAUDRA-T-IL AUSSI FAIRE TAIRE LES MORTS ?C\u2019\u00e9tait un homme engag\u00e9, un militant de diverses causes sociales et humanitaire, un Gilet-jaune aussi. C\u2019\u00e9tait un homme qui parlait, un homme qui s\u2019exprimait, un homme qui avait des avis et qui les d\u00e9fendaient.Cet homme c\u2019est fendu d\u2019une contribution \u00e9crite \u00e0 une discussion dont le destin cruel a voulu que ce fusse sa derni\u00e8re. Il y exprimait avec conviction et clairvoyance une position, un choix incontestable. Par cette clarification sans concession il manifestait sa solidarit\u00e9 pleine et enti\u00e8re avec le mouvement et les manifestations anti-passe et pour la libert\u00e9 vaccinale. Le plus authentique hommage qui pouvait lui \u00eatre rendu n\u2019\u00e9tait-il pas, dans ces circonstances, au sein de, et dans l\u2019unit\u00e9 de la manifestation des samedi apr\u00e8s-midi eNonobstant son ultime message certains ont voulu malgr\u00e9 tout lui d\u00e9cerner un hommage en organisant une \u00ab manifestation silencieuse \u00bb ind\u00e9pendante de la manifestation habituelle concernant laquelle il venait d\u2019exprimer tout son partage.Toutefois, dans un discours \u00e0 sa m\u00e9moire fut lu, ce jour-l\u00e0, \u00ab le beau texte \u00bb qui sera son dernier et une minute de silence a \u00e9t\u00e9 scrupuleusement observ\u00e9e. Ainsi, la manifestation toute enti\u00e8re a-t-elle tout de m\u00eame rendu un hommage poignant \u00e0 cet homme qui venait de dire si fort sa solidarit\u00e9 avec elle.Un homme qui parle et qui s\u2019indigne, un homme fier et debout. Un homme tel qu\u2019on les appr\u00e9cie et les pr\u00e9f\u00e8re, qui pourrait vouloir que sa parole disparaisse avec lui ? Ne parlait-il pas pour \u00eatre entendu ? N\u2019\u00e9crivait-il pas pour \u00eatre lu ? Fallait-il qu\u2019il se taise aussi parce qu\u2019il \u00e9tait mort ? Prolonger sa parole, qui dira que ce n\u2019\u00e9tait pas l\u00e0 le plus grand respect \u00e0 lui t\u00e9moigner ?Or, certains exigent \u00e0 pr\u00e9sent le retrait de l\u2019article \u00ab d\u2019hommage \u00bb qui lui fut d\u00e9di\u00e9 au pr\u00e9texte qu\u2019il est intitul\u00e9 \u00ab testament \u00bb et qu\u2019il aurait choqu\u00e9 ses proches, son \u00e9pouse tout particuli\u00e8rement.L\u2019usage en l\u2019esp\u00e8ce du mot \u00ab testament \u00bb n\u2019a rien d\u2019incongru, il est tout \u00e0 fait courant et largement usit\u00e9. C\u2019est ainsi que l\u2019on nomme les derniers \u00e9crits d\u2019un d\u00e9funt. Rien en cela qui puisse choquer ni offenser qui que ce soit. Mais dans un contexte d\u2019\u00e9motion et de douleur o\u00f9 interf\u00e8re le chant de \u00ab Sir\u00e8nes \u00bb mal intentionn\u00e9es, il est possible que le jugement se trouble et rende des avis inappropri\u00e9s. Nous n\u2019avons pas \u00e0 rentrer dans ces consid\u00e9rations. L\u2019\u00e9pouse du d\u00e9funt souhaite que le mot \u00ab Testament de\u2026. \u00bb soit retir\u00e9 de l\u2019intitul\u00e9, ainsi que les noms et pr\u00e9noms et toute mention permettant l\u2019identification. Nous obtemp\u00e9rons en toute humilit\u00e9. Et si notre louable intention a vraiment \u00e9t\u00e9 mal per\u00e7ue par cette dame, nous lui pr\u00e9sentons nos plus sinc\u00e8res excuses.Quant au \u00ab texte \u00bb, le sien, il d\u00e9range certains dont c\u2019est la raison r\u00e9elle pour laquelle ils souhaitaient \u00ab l\u2019enterrer \u00bb. Nul n\u2019est qualifi\u00e9 pour censurer, tout ou partie, de la pens\u00e9e humaine. Je trouve pour ma part dommage que cet acte de clairvoyance et de courage ne puisse \u00eatre d\u00e8s lors identifi\u00e9 \u00e0 son auteur Mais son texte, je le lui promets, poursuivra tout de m\u00eame sa route dans les m\u00e9andres de la \u00ab V\u00e9rit\u00e9 \u00bb.Pour conclure je vous le demande : Entre qui souhaite prolonger sa parole \u00ab post-mortem \u00bb et cet autre qui lui ordonne \u00ab de rester silencieux dans l\u2019humilit\u00e9 de la mort \u00bb, (Ta gueule M\u2026., en quelque sorte ) \u00bb o\u00f9 donc est le vrai hommage, ou est la v\u00e9ritable offense ?Patrick Seignon. 24\/02\/2022.<\/p>\n","protected":false},"excerpt":{"rendered":"<p>FAUDRA-T-IL AUSSI FAIRE TAIRE LES MORTS ?C\u2019\u00e9tait un homme engag\u00e9, un militant de diverses causes sociales et humanitaire, un Gilet-jaune [&hellip;]<\/p>\n","protected":false},"author":1,"featured_media":4114,"comment_status":"open","ping_status":"open","sticky":false,"template":"","format":"standard","meta":{"sfsi_plus_gutenberg_text_before_share":"","sfsi_plus_gutenberg_show_text_before_share":"","sfsi_plus_gutenberg_icon_type":"","sfsi_plus_gutenberg_icon_alignemt":"","sfsi_plus_gutenburg_max_per_row":"","site-sidebar-layout":"default","site-content-layout":"","ast-site-content-layout":"default","site-content-style":"default","site-sidebar-style":"default","ast-global-header-display":"","ast-banner-title-visibility":"","ast-main-header-display":"","ast-hfb-above-header-display":"","ast-hfb-below-header-display":"","ast-hfb-mobile-header-display":"","site-post-title":"","ast-breadcrumbs-content":"","ast-featured-img":"","footer-sml-layout":"","ast-disable-related-posts":"","theme-transparent-header-meta":"","adv-header-id-meta":"","stick-header-meta":"","header-above-stick-meta":"","header-main-stick-meta":"","header-below-stick-meta":"","astra-migrate-meta-layouts":"default","ast-page-background-enabled":"default","ast-page-background-meta":{"desktop":{"background-color":"var(--ast-global-color-4)","background-image":"","background-repeat":"repeat","background-position":"center center","background-size":"auto","background-attachment":"scroll","background-type":"","background-media":"","overlay-type":"","overlay-color":"","overlay-opacity":"","overlay-gradient":""},"tablet":{"background-color":"","background-image":"","background-repeat":"repeat","background-position":"center center","background-size":"auto","background-attachment":"scroll","background-type":"","background-media":"","overlay-type":"","overlay-color":"","overlay-opacity":"","overlay-gradient":""},"mobile":{"background-color":"","background-image":"","background-repeat":"repeat","background-position":"center center","background-size":"auto","background-attachment":"scroll","background-type":"","background-media":"","overlay-type":"","overlay-color":"","overlay-opacity":"","overlay-gradient":""}},"ast-content-background-meta":{"desktop":{"background-color":"var(--ast-global-color-5)","background-image":"","background-repeat":"repeat","background-position":"center center","background-size":"auto","background-attachment":"scroll","background-type":"","background-media":"","overlay-type":"","overlay-color":"","overlay-opacity":"","overlay-gradient":""},"tablet":{"background-color":"var(--ast-global-color-5)","background-image":"","background-repeat":"repeat","background-position":"center center","background-size":"auto","background-attachment":"scroll","background-type":"","background-media":"","overlay-type":"","overlay-color":"","overlay-opacity":"","overlay-gradient":""},"mobile":{"background-color":"var(--ast-global-color-5)","background-image":"","background-repeat":"repeat","background-position":"center center","background-size":"auto","background-attachment":"scroll","background-type":"","background-media":"","overlay-type":"","overlay-color":"","overlay-opacity":"","overlay-gradient":""}},"footnotes":""},"categories":[16],"tags":[],"class_list":["post-532","post","type-post","status-publish","format-standard","has-post-thumbnail","hentry","category-archives-cms"],"_links":{"self":[{"href":"https:\/\/lavoiedessansvoix.fr\/lavoie\/wp-json\/wp\/v2\/posts\/532","targetHints":{"allow":["GET"]}}],"collection":[{"href":"https:\/\/lavoiedessansvoix.fr\/lavoie\/wp-json\/wp\/v2\/posts"}],"about":[{"href":"https:\/\/lavoiedessansvoix.fr\/lavoie\/wp-json\/wp\/v2\/types\/post"}],"author":[{"embeddable":true,"href":"https:\/\/lavoiedessansvoix.fr\/lavoie\/wp-json\/wp\/v2\/users\/1"}],"replies":[{"embeddable":true,"href":"https:\/\/lavoiedessansvoix.fr\/lavoie\/wp-json\/wp\/v2\/comments?post=532"}],"version-history":[{"count":1,"href":"https:\/\/lavoiedessansvoix.fr\/lavoie\/wp-json\/wp\/v2\/posts\/532\/revisions"}],"predecessor-version":[{"id":3083,"href":"https:\/\/lavoiedessansvoix.fr\/lavoie\/wp-json\/wp\/v2\/posts\/532\/revisions\/3083"}],"wp:featuredmedia":[{"embeddable":true,"href":"https:\/\/lavoiedessansvoix.fr\/lavoie\/wp-json\/wp\/v2\/media\/4114"}],"wp:attachment":[{"href":"https:\/\/lavoiedessansvoix.fr\/lavoie\/wp-json\/wp\/v2\/media?parent=532"}],"wp:term":[{"taxonomy":"category","embeddable":true,"href":"https:\/\/lavoiedessansvoix.fr\/lavoie\/wp-json\/wp\/v2\/categories?post=532"},{"taxonomy":"post_tag","embeddable":true,"href":"https:\/\/lavoiedessansvoix.fr\/lavoie\/wp-json\/wp\/v2\/tags?post=532"}],"curies":[{"name":"wp","href":"https:\/\/api.w.org\/{rel}","templated":true}]}}