{"id":530,"date":"2022-03-05T03:29:00","date_gmt":"2022-03-05T02:29:00","guid":{"rendered":"https:\/\/lavoiedessansvoix.fr\/lavoie\/2022\/03\/05\/archive-pour-une-juste-paix-en-ukraine\/"},"modified":"2026-04-26T20:45:12","modified_gmt":"2026-04-26T18:45:12","slug":"archive-pour-une-juste-paix-en-ukraine","status":"publish","type":"post","link":"https:\/\/lavoiedessansvoix.fr\/lavoie\/2022\/03\/05\/archive-pour-une-juste-paix-en-ukraine\/","title":{"rendered":"POUR UNE JUSTE PAIX EN UKRAINE"},"content":{"rendered":"<p>POUR UNE JUSTE PAIX EN UKRAINE\u00ab L\u2019imp\u00e9rialisme porte la guerre en lui comme la nu\u00e9e porte l\u2019orage \u00bb      A dit Jean-Jaur\u00e8sLes peuples sont eux toujours les victimes des guerres. Les peuples veulent la paix.Pour \u00e9viter l\u2019escalade militaire et d\u00e9fendre v\u00e9ritablement le retour \u00e0 une paix \u00e9quilibr\u00e9e en Ukraine il faut exiger :1)\tQue les USA, l\u2019OTAN et l\u2019UE cessent de jeter de l\u2019huile sur le feu en envoyant des troupes et des armements dans les pays limitrophes et de l\u2019aide en armement \u00e0 l\u2019Ukraine2)\tExiger le respect des accords de Minsk3)\tObtenir : du bloc des pays occidentaux l\u2019assurance qu\u2019il renonce d\u00e9finitivement \u00e0 l\u2019id\u00e9e d\u2019une adh\u00e9sion de l\u2019Ukraine \u00e0 l\u2019OTAN, et, l\u2019adoption d\u2019un statut de neutralit\u00e9 pour l\u2019Ukraine.4)\tL\u2019arr\u00eat imm\u00e9diat de l\u2019intervention militaire et le retrait des troupes Russes d\u2019Ukraine.ALERTE MANIPULATIONL\u2019aubaine est grande pour ceux que les contestations sociales d\u00e9rangent depuis le d\u00e9but, de tenter de les \u00ab bouloter \u00bb en les d\u00e9voyant contre un ennemi ext\u00e9rieur \u00bb, peut-\u00eatre d\u2019ailleurs trop h\u00e2tivement d\u00e9sign\u00e9.Bien entendu chacun est libre de se positionner comme il l\u2019entend sur cette question d\u00e9licate du conflit en Ukraine.  Mais cela ne doit en aucun cas impacter la poursuite de notre lutte contre \u00ab le passe-vaccinal \u00bb, pour la d\u00e9fense des libert\u00e9s, contre la dictature sanitaire, contre la d\u00e9rive totalitaire de notre propre r\u00e9gime politiqueUn pi\u00e8ge abominable nous est tendu, celui de \u00ab l\u2019Union Nationale \u00bb \u00ab contre un ennemi ext\u00e9rieur \u00bb., afin de faire taire et duper encore les Fran\u00e7ais. Nous d\u00e9non\u00e7ons et rejetons cette manipulation ?Nous appelons nos amis \u00e0 ne pas tomber dans le pi\u00e8ge de la manipulation \u00e9tatique. Nous devons d\u00e9fendre notre exigence de paix, contre tous les fauteurs de guerre, sans abandonner notre combat pour la libert\u00e9 contre la dictature sanitaire.Pour la libert\u00e9 contre la dictature sanitaire, nous manifesterons encore le Samedi 5 mars et les suivants. Nous vous exhortons \u00e0 venir plus nombreux que jamais.6\/mars\/2022. Les citoyens libres de Loches.<\/p>\n","protected":false},"excerpt":{"rendered":"<p>POUR UNE JUSTE PAIX EN UKRAINE\u00ab L\u2019imp\u00e9rialisme porte la guerre en lui comme la nu\u00e9e porte l\u2019orage \u00bb A dit [&hellip;]<\/p>\n","protected":false},"author":1,"featured_media":4112,"comment_status":"open","ping_status":"open","sticky":false,"template":"","format":"standard","meta":{"sfsi_plus_gutenberg_text_before_share":"","sfsi_plus_gutenberg_show_text_before_share":"","sfsi_plus_gutenberg_icon_type":"","sfsi_plus_gutenberg_icon_alignemt":"","sfsi_plus_gutenburg_max_per_row":"","site-sidebar-layout":"default","site-content-layout":"","ast-site-content-layout":"default","site-content-style":"default","site-sidebar-style":"default","ast-global-header-display":"","ast-banner-title-visibility":"","ast-main-header-display":"","ast-hfb-above-header-display":"","ast-hfb-below-header-display":"","ast-hfb-mobile-header-display":"","site-post-title":"","ast-breadcrumbs-content":"","ast-featured-img":"","footer-sml-layout":"","ast-disable-related-posts":"","theme-transparent-header-meta":"","adv-header-id-meta":"","stick-header-meta":"","header-above-stick-meta":"","header-main-stick-meta":"","header-below-stick-meta":"","astra-migrate-meta-layouts":"default","ast-page-background-enabled":"default","ast-page-background-meta":{"desktop":{"background-color":"var(--ast-global-color-4)","background-image":"","background-repeat":"repeat","background-position":"center center","background-size":"auto","background-attachment":"scroll","background-type":"","background-media":"","overlay-type":"","overlay-color":"","overlay-opacity":"","overlay-gradient":""},"tablet":{"background-color":"","background-image":"","background-repeat":"repeat","background-position":"center center","background-size":"auto","background-attachment":"scroll","background-type":"","background-media":"","overlay-type":"","overlay-color":"","overlay-opacity":"","overlay-gradient":""},"mobile":{"background-color":"","background-image":"","background-repeat":"repeat","background-position":"center center","background-size":"auto","background-attachment":"scroll","background-type":"","background-media":"","overlay-type":"","overlay-color":"","overlay-opacity":"","overlay-gradient":""}},"ast-content-background-meta":{"desktop":{"background-color":"var(--ast-global-color-5)","background-image":"","background-repeat":"repeat","background-position":"center center","background-size":"auto","background-attachment":"scroll","background-type":"","background-media":"","overlay-type":"","overlay-color":"","overlay-opacity":"","overlay-gradient":""},"tablet":{"background-color":"var(--ast-global-color-5)","background-image":"","background-repeat":"repeat","background-position":"center center","background-size":"auto","background-attachment":"scroll","background-type":"","background-media":"","overlay-type":"","overlay-color":"","overlay-opacity":"","overlay-gradient":""},"mobile":{"background-color":"var(--ast-global-color-5)","background-image":"","background-repeat":"repeat","background-position":"center center","background-size":"auto","background-attachment":"scroll","background-type":"","background-media":"","overlay-type":"","overlay-color":"","overlay-opacity":"","overlay-gradient":""}},"footnotes":""},"categories":[16],"tags":[],"class_list":["post-530","post","type-post","status-publish","format-standard","has-post-thumbnail","hentry","category-archives-cms"],"_links":{"self":[{"href":"https:\/\/lavoiedessansvoix.fr\/lavoie\/wp-json\/wp\/v2\/posts\/530","targetHints":{"allow":["GET"]}}],"collection":[{"href":"https:\/\/lavoiedessansvoix.fr\/lavoie\/wp-json\/wp\/v2\/posts"}],"about":[{"href":"https:\/\/lavoiedessansvoix.fr\/lavoie\/wp-json\/wp\/v2\/types\/post"}],"author":[{"embeddable":true,"href":"https:\/\/lavoiedessansvoix.fr\/lavoie\/wp-json\/wp\/v2\/users\/1"}],"replies":[{"embeddable":true,"href":"https:\/\/lavoiedessansvoix.fr\/lavoie\/wp-json\/wp\/v2\/comments?post=530"}],"version-history":[{"count":1,"href":"https:\/\/lavoiedessansvoix.fr\/lavoie\/wp-json\/wp\/v2\/posts\/530\/revisions"}],"predecessor-version":[{"id":3079,"href":"https:\/\/lavoiedessansvoix.fr\/lavoie\/wp-json\/wp\/v2\/posts\/530\/revisions\/3079"}],"wp:featuredmedia":[{"embeddable":true,"href":"https:\/\/lavoiedessansvoix.fr\/lavoie\/wp-json\/wp\/v2\/media\/4112"}],"wp:attachment":[{"href":"https:\/\/lavoiedessansvoix.fr\/lavoie\/wp-json\/wp\/v2\/media?parent=530"}],"wp:term":[{"taxonomy":"category","embeddable":true,"href":"https:\/\/lavoiedessansvoix.fr\/lavoie\/wp-json\/wp\/v2\/categories?post=530"},{"taxonomy":"post_tag","embeddable":true,"href":"https:\/\/lavoiedessansvoix.fr\/lavoie\/wp-json\/wp\/v2\/tags?post=530"}],"curies":[{"name":"wp","href":"https:\/\/api.w.org\/{rel}","templated":true}]}}