{"id":527,"date":"2022-03-12T16:34:00","date_gmt":"2022-03-12T15:34:00","guid":{"rendered":"https:\/\/lavoiedessansvoix.fr\/lavoie\/2022\/03\/12\/archive-adieu-camarade-adieu-noble-c-ur-mon-hommage-a-alain-krivine\/"},"modified":"2026-04-26T20:44:47","modified_gmt":"2026-04-26T18:44:47","slug":"archive-adieu-camarade-adieu-noble-c-ur-mon-hommage-a-alain-krivine","status":"publish","type":"post","link":"https:\/\/lavoiedessansvoix.fr\/lavoie\/2022\/03\/12\/archive-adieu-camarade-adieu-noble-c-ur-mon-hommage-a-alain-krivine\/","title":{"rendered":"\u00ab ADIEU CAMARADE, ADIEU NOBLE C\u0152UR \u00bb* (Mon hommage \u00e0 Alain Krivine)"},"content":{"rendered":"<p>\u00ab ADIEU CAMARADE, ADIEU NOBLE C\u0152UR \u00bb*(Mon hommage \u00e0 Alain Krivine)Je rentrai de la 34\u00e8me manifestation contre le passe et pour le libert\u00e9 vaccinale, je consulte mon \u00ab t\u00e9l\u00e9phone \u00e0 tout faire \u00bb : \u00ab Alain Krivine leader du Trotskysme en France est mort \u00bb C\u2019\u00e9tait un pot ! La tristesse s\u2019est empar\u00e9e de moi et j\u2019ai les yeux humides encore \u00e0 l\u2019heure o\u00f9 je vous \u00e9cris.Je connaissais Alain \u00ab la cravate \u00bb depuis l\u2019automne 1968 o\u00f9 je participais \u00e0 Paris \u00e0 une premi\u00e8re conf\u00e9rence des \u00ab cercles rouges \u00bb terreau de la future \u00ab Ligue communiste \u00bb qui serait bient\u00f4t fond\u00e9e. D\u00e9l\u00e9gu\u00e9 au congr\u00e8s de fondation de Mannheim, puis membre de son comit\u00e9 central jusqu\u2019au 2\u00e8me congr\u00e8s (de Rouen) en 1972, j\u2019ai beaucoup c\u00f4toy\u00e9 alors Alain Krivine.M\u2019\u00e9tant \u00e9loign\u00e9 en 1981 pour d\u00e9saccord \u00e0 propos de la politique du gouvernement Mauroy, j\u2019ai toujours gard\u00e9 des relations amicales avec mes anciens camarades de la LCR, entre-autre, Alain K que je rencontrai quelque fois pour des \u00e9changes sur la situation.Soucieux des h\u00e9sitations de la LCR que je croyais percevoir dans son engagement contre cette aventure imp\u00e9rialiste, je le vis ainsi en 1991, \u00e0 ma demande, lors du d\u00e9clenchement de la premi\u00e8re guerre du Golfe contre l\u2019Irak.Mais bon, je ne vais pas m\u2019\u00e9tendre sur notre relation. Je vais seulement, ce sera ma mani\u00e8re \u00e0 moi de lui rendre hommage et d\u2019\u00e9voquer sa m\u00e9moire, vous raconter une petite anecdote croustillante.Cela eut lieu en 1969, durant la campagne des \u00e9lections pr\u00e9sidentielles auxquelles Alain fut candidat pour la premi\u00e8re fois. Nous avions dans le cadre de celle-ci lou\u00e9 la salle du Cin\u00e9ma \u00ab Le Saint Georges \u00bb \u00e0 Marseille ; o\u00f9 devait se tenir un grand un meeting. Alain, Daniel et Charles* devaient arriver \u00e0 l\u2019a\u00e9roport de Marignane dans un vieux coucou avec pilote qu\u2019avaient lou\u00e9 les responsables de la campagne. Mauvais signal, \u00e0 l\u2019arriv\u00e9e dans le ciel proven\u00e7al le pilote eut des difficult\u00e9s \u00e0 sortir le train d\u2019atterrissage. L\u2019angoisse gagna les passagers. Alain n\u2019en menait pas large. Enfin le train d\u2019atterrissage sortit et les trois comp\u00e8res touch\u00e8rent terre \u00e0 bon port, non sans quelques frayeurs et retard. Nous avions d\u00e9p\u00each\u00e9 \u00e0 l\u2019a\u00e9roport un de nos amis, adh\u00e9rent de la LC, pour recueillir les trois passagers et les ramener au Saint-Georges. Cet adh\u00e9rent \u00e9tait marin dans la marchande, souvent parti nous ne le voyions que durant ses p\u00e9riodes de cong\u00e9s entre deux missions. Il poss\u00e9dait une voiture performante dont je n\u2019ai pas retenu la marque. Comme il y avait du retard il s\u2019enquit de revenir vers Marseille avec les trois tribuns attendus, \u00ab sur les chapeaux de roues \u00bb. Ah oui mais, pas qu\u2019au sens figur\u00e9. La voiture d\u00e9rapa dans un virage, fit deux ou trois tonneaux, s\u2019immobilisa sur le toit dans le champ en contre bas. Plusieurs v\u00e9hicules s\u2019arr\u00eat\u00e8rent et les plus hardis des t\u00e9moins de l\u2019accident all\u00e8rent pour porter secours. Nos camarades empoussi\u00e9r\u00e9s mais heureusement indemnes s\u2019extraire du v\u00e9hicule hors d\u2019usage. Alors que le visage d\u00e9compos\u00e9 d\u2019Alain apparaissait dans la demi p\u00e9nombre un des t\u00e9moins s\u2019exclama sur le ton de la surprise : \u00ab Regardes bobonne ! C\u2019est monsieur Krivine, on l\u2019a vu hier soir \u00e0 la t\u00e9l\u00e9 \u00bb.  Ces braves gens propos\u00e8rent d\u2019amener les quatre naufrag\u00e9s de la route au cin\u00e9ma Saint-Georges de Marseille, sauvant ainsi notre meeting du naufrage.La salle \u00e9tait pleine \u00e0 craquer, nous e\u00fbmes un peu de mal \u00e0 la faire patienter. Les trois orateurs n\u2019eurent pas de pause pour se remettre de leurs \u00e9motions apr\u00e8s cette arriv\u00e9e mouvement\u00e9e. \u00c7a n\u2019en fut pas moins un grand et beau meeting loin du m\u00e9tropolitain. L\u2019ambiance \u00e9tait br\u00fblante du souffle chaud de 68 qui ne s\u2019\u00e9tait pas encore \u00e9teint. Adieu Alain ! \u00ab Adieu camarade \u00bbJe m\u2019incline devant ce personnage, cet homme humble et sinc\u00e8re,  cette personnalit\u00e9 politique int\u00e8gre, qui n\u2019a jamais cherch\u00e9 \u00e0 profiter du syst\u00e8me, qui est rest\u00e9 toute sa vie fid\u00e8le \u00e0 ses id\u00e9es et \u00e0 ses engagements. Il y en a peu comme \u00e7a dans cette \u00e9poque de corruption g\u00e9n\u00e9ralis\u00e9e o\u00f9 tout s\u2019ach\u00e8te.Votre \u00ab Victor \u00bbAlias Patrick Seignon. \u00ab lavoiedessansvoix.fr \u00bb Samedi 12 mars 2022.* Premier vers du \u00ab\u00a0Chant des Martyrs\u00a0\u00bb de la R\u00e9volution Russe. Que nous chant\u00e2mes \u00e0 10 000 voix au moins (carr\u00e9 de la LCR), lors des obs\u00e8ques de Pierre Overney, qu&rsquo;accompagnait au \u00ab\u00a0P\u00e8re Lachaise\u00a0\u00bb un cort\u00e8ge de 200 000 personnes, le  samedi 4 mars 1972, * Alain Krivine, Daniel Bensa\u00efd, Charles Michaloux.<\/p>\n","protected":false},"excerpt":{"rendered":"<p>\u00ab ADIEU CAMARADE, ADIEU NOBLE C\u0152UR \u00bb*(Mon hommage \u00e0 Alain Krivine)Je rentrai de la 34\u00e8me manifestation contre le passe et [&hellip;]<\/p>\n","protected":false},"author":1,"featured_media":4109,"comment_status":"open","ping_status":"open","sticky":false,"template":"","format":"standard","meta":{"sfsi_plus_gutenberg_text_before_share":"","sfsi_plus_gutenberg_show_text_before_share":"","sfsi_plus_gutenberg_icon_type":"","sfsi_plus_gutenberg_icon_alignemt":"","sfsi_plus_gutenburg_max_per_row":"","site-sidebar-layout":"default","site-content-layout":"","ast-site-content-layout":"default","site-content-style":"default","site-sidebar-style":"default","ast-global-header-display":"","ast-banner-title-visibility":"","ast-main-header-display":"","ast-hfb-above-header-display":"","ast-hfb-below-header-display":"","ast-hfb-mobile-header-display":"","site-post-title":"","ast-breadcrumbs-content":"","ast-featured-img":"","footer-sml-layout":"","ast-disable-related-posts":"","theme-transparent-header-meta":"","adv-header-id-meta":"","stick-header-meta":"","header-above-stick-meta":"","header-main-stick-meta":"","header-below-stick-meta":"","astra-migrate-meta-layouts":"default","ast-page-background-enabled":"default","ast-page-background-meta":{"desktop":{"background-color":"var(--ast-global-color-4)","background-image":"","background-repeat":"repeat","background-position":"center center","background-size":"auto","background-attachment":"scroll","background-type":"","background-media":"","overlay-type":"","overlay-color":"","overlay-opacity":"","overlay-gradient":""},"tablet":{"background-color":"","background-image":"","background-repeat":"repeat","background-position":"center center","background-size":"auto","background-attachment":"scroll","background-type":"","background-media":"","overlay-type":"","overlay-color":"","overlay-opacity":"","overlay-gradient":""},"mobile":{"background-color":"","background-image":"","background-repeat":"repeat","background-position":"center center","background-size":"auto","background-attachment":"scroll","background-type":"","background-media":"","overlay-type":"","overlay-color":"","overlay-opacity":"","overlay-gradient":""}},"ast-content-background-meta":{"desktop":{"background-color":"var(--ast-global-color-5)","background-image":"","background-repeat":"repeat","background-position":"center center","background-size":"auto","background-attachment":"scroll","background-type":"","background-media":"","overlay-type":"","overlay-color":"","overlay-opacity":"","overlay-gradient":""},"tablet":{"background-color":"var(--ast-global-color-5)","background-image":"","background-repeat":"repeat","background-position":"center center","background-size":"auto","background-attachment":"scroll","background-type":"","background-media":"","overlay-type":"","overlay-color":"","overlay-opacity":"","overlay-gradient":""},"mobile":{"background-color":"var(--ast-global-color-5)","background-image":"","background-repeat":"repeat","background-position":"center center","background-size":"auto","background-attachment":"scroll","background-type":"","background-media":"","overlay-type":"","overlay-color":"","overlay-opacity":"","overlay-gradient":""}},"footnotes":""},"categories":[16],"tags":[],"class_list":["post-527","post","type-post","status-publish","format-standard","has-post-thumbnail","hentry","category-archives-cms"],"_links":{"self":[{"href":"https:\/\/lavoiedessansvoix.fr\/lavoie\/wp-json\/wp\/v2\/posts\/527","targetHints":{"allow":["GET"]}}],"collection":[{"href":"https:\/\/lavoiedessansvoix.fr\/lavoie\/wp-json\/wp\/v2\/posts"}],"about":[{"href":"https:\/\/lavoiedessansvoix.fr\/lavoie\/wp-json\/wp\/v2\/types\/post"}],"author":[{"embeddable":true,"href":"https:\/\/lavoiedessansvoix.fr\/lavoie\/wp-json\/wp\/v2\/users\/1"}],"replies":[{"embeddable":true,"href":"https:\/\/lavoiedessansvoix.fr\/lavoie\/wp-json\/wp\/v2\/comments?post=527"}],"version-history":[{"count":1,"href":"https:\/\/lavoiedessansvoix.fr\/lavoie\/wp-json\/wp\/v2\/posts\/527\/revisions"}],"predecessor-version":[{"id":3073,"href":"https:\/\/lavoiedessansvoix.fr\/lavoie\/wp-json\/wp\/v2\/posts\/527\/revisions\/3073"}],"wp:featuredmedia":[{"embeddable":true,"href":"https:\/\/lavoiedessansvoix.fr\/lavoie\/wp-json\/wp\/v2\/media\/4109"}],"wp:attachment":[{"href":"https:\/\/lavoiedessansvoix.fr\/lavoie\/wp-json\/wp\/v2\/media?parent=527"}],"wp:term":[{"taxonomy":"category","embeddable":true,"href":"https:\/\/lavoiedessansvoix.fr\/lavoie\/wp-json\/wp\/v2\/categories?post=527"},{"taxonomy":"post_tag","embeddable":true,"href":"https:\/\/lavoiedessansvoix.fr\/lavoie\/wp-json\/wp\/v2\/tags?post=527"}],"curies":[{"name":"wp","href":"https:\/\/api.w.org\/{rel}","templated":true}]}}