{"id":525,"date":"2022-03-17T17:42:00","date_gmt":"2022-03-17T16:42:00","guid":{"rendered":"https:\/\/lavoiedessansvoix.fr\/lavoie\/2022\/03\/17\/archive-macron-no\/"},"modified":"2026-04-26T20:44:28","modified_gmt":"2026-04-26T18:44:28","slug":"archive-macron-no","status":"publish","type":"post","link":"https:\/\/lavoiedessansvoix.fr\/lavoie\/2022\/03\/17\/archive-macron-no\/","title":{"rendered":"MACRON NO !"},"content":{"rendered":"<p>MACRON NO !Nous approchons de l\u2019\u00e9ch\u00e9ance \u00e9lectorale. Je ne me suis pour ma part pas investi dans la campagne. Certes au premier tour, dans le secret de l\u2019isoloir, chut ! Ne le dites \u00e0 personne, je voterai M\u00e9lenchon. Mais je ne soutiens publiquement aucun candidat.Ce n\u2019est pas que je n\u2019ai pas d\u2019opinion ou de sympathie pour une ou l\u2019autre. C\u2019est que je suis coh\u00e9rant avec moi-m\u00eame. Il faut certes virer Macron, mais ce n\u2019est pas seulement le pr\u00e9sident qu\u2019il faut virer, c\u2019est le syst\u00e8me tout entier, c\u2019est la 5\u00e8me R\u00e9publique, c\u2019est l\u2019\u00e9lection du pr\u00e9sident de la R\u00e9publique au suffrage universel, c\u2019est le capitalisme lib\u00e9ral \u00ab Plan\u00e9tovore \u00bb, c\u2019est la domination des banques et de la haute finance internationale. Or, un tel \u00ab chantier \u00bb, vous l\u2019avez devin\u00e9, n\u2019est pas du ressort \u00e9lectoral mais de celui de l\u2019insurrection populaire. C\u2019est \u00e0 cette \u0153uvre que j\u2019entends consacrer toute mon \u00e9nergie, et mes comp\u00e9tences. C\u2019est l\u00e0 qu\u2019est mon engagement. Et je ne voudrai pas \u00ab flouter \u00bb mon message en jouant au jeu pip\u00e9 et pervers des \u00e9lections pr\u00e9sidentielles. Je ne d\u00e9voilerai donc pas, comme vous l\u2019avez constat\u00e9, mes opinions ni mes sympathies. Mais je peux vous confesser, tout de m\u00eame librement, mes inimiti\u00e9s et mes antipathies.Macron doit disparaitre\u2026..du paysage politique fran\u00e7ais. Macron n\u2019est dans ce XXI\u00e8me  si\u00e8cle qu\u2019un avatar de N\u00e9ron. Une divinit\u00e9 malfaisante. Le danger de la France et la calamit\u00e9 du peuple.Il faut l\u2019\u00e9liminer\u2026\u2026D\u00e8s le premier tour. Pas une voix populaire sur son nom. Quand on est du peuple, quel que soit son statut social ; Quand on a \u00e9t\u00e9 flou\u00e9, moqu\u00e9, insult\u00e9, humili\u00e9, on ne doit pas, sous aucun pr\u00e9texte, donner une seule voix \u00e0 Macron.Quand on a \u00e9t\u00e9 vaccin\u00e9 sous contrainte. Quand on a \u00e9t\u00e9 \u00ab suspendu, vir\u00e9 de son emploi sans salaire parce qu\u2019on a choisi de ne pas l\u2019\u00eatre. Quand on a \u00e9t\u00e9 confin\u00e9 (assign\u00e9 \u00e0 r\u00e9sidence) comme des parias. Quand on a \u00e9t\u00e9 assujetti \u00e0 un \u00ab passeport \u00bb int\u00e9rieur \u00e9lectronique comme un d\u00e9linquant. On ne doit pas sous aucun pr\u00e9texte donner une seule voix \u00e0 Macron.Quand on vous a contraint de laisser mourir votre maman de solitude et d\u2019angoisse dans une EPADH, comme une b\u00eate abandonn\u00e9e de tous. Quand on a d\u00fb accompagner les d\u00e9pouilles de nos proches \u00e0 leur derni\u00e8re demeure sans la pr\u00e9sence de leurs amis. Quand on vous a interdit de rendre un dernier hommage \u00e0 vos parents ou amis. Quand on a \u00e9t\u00e9 interdit d\u2019embrasser son papi ou mamie une derni\u00e8re fois. Quand on a peut-\u00eatre fait mourir un proche de chagrin pr\u00e9tendument pour ne pas le contaminer. Quand on a \u00e9t\u00e9 interdit de visage et du sourire. Quand on a voulu tuer en vous les manifestations \u00e9l\u00e9mentaires d\u2019humanit\u00e9, On ne doit pas sous aucun pr\u00e9texte donner une seule voix \u00e0 Macron.Quand on est un ouvrier ou un salari\u00e9 Que l\u2019on voit nos revenus r\u00e9tr\u00e9cir comme peau de chagrin, le plus grand nombre d\u2019entre nous r\u00e9duits \u00e0 la pr\u00e9carit\u00e9 quand ce n\u2019est carr\u00e9ment \u00ab\u00a0l\u2019ub\u00e9risation\u00a0\u00bb, les services publics liquid\u00e9s, l\u2019h\u00f4pital public d\u00e9membr\u00e9, l\u2019\u00e9cole de la r\u00e9publique d\u00e9mantel\u00e9e, la s\u00e9curit\u00e9 sociale asphyxi\u00e9e ; Le code du travail ray\u00e9 d\u2019un trait de plume, nos camarades priv\u00e9s d\u2019emplois insult\u00e9s et humili\u00e9s : On ne doit pas sous aucun pr\u00e9texte donner une seule voix \u00e0 Macron.Quand on est autoentrepreneur ou artisan et que l\u2019on se voit soumis \u00e0 des taux d\u2019imposition ind\u00e9cents alors que les grandes entreprises et les GAFAM \u00e9chappent \u00e0 la fiscalit\u00e9. Quand on est chef d\u2019entreprise travaillant pour le bien public et que l\u2019on voit ses parts de march\u00e9 r\u00e9duites au rythme de la r\u00e9cession de la part du revenu populaire. Quand on est profession lib\u00e9rale, avocat par exemple et que l\u2019on voit son syst\u00e8me particulier de retraite attaqu\u00e9 et sa caisse de retraite menac\u00e9e par la cleptomanie de l\u2019Etat, ou m\u00e9decin Lib\u00e9ral et que l\u2019on est somm\u00e9 d\u2019ob\u00e9ir comme un fonctionnaire et astreint comme eux au devoir de r\u00e9serve.  Quand on est un magistrat, taxi ou coiffeur et que l\u2019on assiste \u00e0 la destruction du statut de son m\u00e9tier. On ne doit pas sous aucun pr\u00e9texte donner une seule voix \u00e0 Macron.Quand on est un citoyen Fran\u00e7ais et que l\u2019on a vu des milliers de ses compatriotes choir dans l\u2019indigence \u00e0 cause d\u2019entraves ubuesques \u00e0 l\u2019activit\u00e9 \u00e9conomique, la sant\u00e9 mentale des populations se d\u00e9grader \u00e0 cause de dispositifs antisociaux et antihumains. Des milliers de jeunes ou d\u2019agriculteurs pouss\u00e9s au suicide par d\u00e9sesp\u00e9rance de l\u2019avenir. Quand on a vu le patrimoine immobilier de la nation dilapid\u00e9, les fleurons de notre \u00e9conomie vendus \u00e0 l\u2019\u00e9tranger. On ne doit pas sous aucun pr\u00e9texte donner une seule voix \u00e0 Macron.Je ne me prononce que sur \u00e7a : Macron No !Patrick Seignon. \u00ab lavoiedessansvoix.fr \u00bb. Dimanche 13 mars 2022 ;<\/p>\n","protected":false},"excerpt":{"rendered":"<p>MACRON NO !Nous approchons de l\u2019\u00e9ch\u00e9ance \u00e9lectorale. Je ne me suis pour ma part pas investi dans la campagne. Certes [&hellip;]<\/p>\n","protected":false},"author":1,"featured_media":4107,"comment_status":"open","ping_status":"open","sticky":false,"template":"","format":"standard","meta":{"sfsi_plus_gutenberg_text_before_share":"","sfsi_plus_gutenberg_show_text_before_share":"","sfsi_plus_gutenberg_icon_type":"","sfsi_plus_gutenberg_icon_alignemt":"","sfsi_plus_gutenburg_max_per_row":"","site-sidebar-layout":"default","site-content-layout":"","ast-site-content-layout":"default","site-content-style":"default","site-sidebar-style":"default","ast-global-header-display":"","ast-banner-title-visibility":"","ast-main-header-display":"","ast-hfb-above-header-display":"","ast-hfb-below-header-display":"","ast-hfb-mobile-header-display":"","site-post-title":"","ast-breadcrumbs-content":"","ast-featured-img":"","footer-sml-layout":"","ast-disable-related-posts":"","theme-transparent-header-meta":"","adv-header-id-meta":"","stick-header-meta":"","header-above-stick-meta":"","header-main-stick-meta":"","header-below-stick-meta":"","astra-migrate-meta-layouts":"default","ast-page-background-enabled":"default","ast-page-background-meta":{"desktop":{"background-color":"var(--ast-global-color-4)","background-image":"","background-repeat":"repeat","background-position":"center center","background-size":"auto","background-attachment":"scroll","background-type":"","background-media":"","overlay-type":"","overlay-color":"","overlay-opacity":"","overlay-gradient":""},"tablet":{"background-color":"","background-image":"","background-repeat":"repeat","background-position":"center center","background-size":"auto","background-attachment":"scroll","background-type":"","background-media":"","overlay-type":"","overlay-color":"","overlay-opacity":"","overlay-gradient":""},"mobile":{"background-color":"","background-image":"","background-repeat":"repeat","background-position":"center center","background-size":"auto","background-attachment":"scroll","background-type":"","background-media":"","overlay-type":"","overlay-color":"","overlay-opacity":"","overlay-gradient":""}},"ast-content-background-meta":{"desktop":{"background-color":"var(--ast-global-color-5)","background-image":"","background-repeat":"repeat","background-position":"center center","background-size":"auto","background-attachment":"scroll","background-type":"","background-media":"","overlay-type":"","overlay-color":"","overlay-opacity":"","overlay-gradient":""},"tablet":{"background-color":"var(--ast-global-color-5)","background-image":"","background-repeat":"repeat","background-position":"center center","background-size":"auto","background-attachment":"scroll","background-type":"","background-media":"","overlay-type":"","overlay-color":"","overlay-opacity":"","overlay-gradient":""},"mobile":{"background-color":"var(--ast-global-color-5)","background-image":"","background-repeat":"repeat","background-position":"center center","background-size":"auto","background-attachment":"scroll","background-type":"","background-media":"","overlay-type":"","overlay-color":"","overlay-opacity":"","overlay-gradient":""}},"footnotes":""},"categories":[16],"tags":[],"class_list":["post-525","post","type-post","status-publish","format-standard","has-post-thumbnail","hentry","category-archives-cms"],"_links":{"self":[{"href":"https:\/\/lavoiedessansvoix.fr\/lavoie\/wp-json\/wp\/v2\/posts\/525","targetHints":{"allow":["GET"]}}],"collection":[{"href":"https:\/\/lavoiedessansvoix.fr\/lavoie\/wp-json\/wp\/v2\/posts"}],"about":[{"href":"https:\/\/lavoiedessansvoix.fr\/lavoie\/wp-json\/wp\/v2\/types\/post"}],"author":[{"embeddable":true,"href":"https:\/\/lavoiedessansvoix.fr\/lavoie\/wp-json\/wp\/v2\/users\/1"}],"replies":[{"embeddable":true,"href":"https:\/\/lavoiedessansvoix.fr\/lavoie\/wp-json\/wp\/v2\/comments?post=525"}],"version-history":[{"count":1,"href":"https:\/\/lavoiedessansvoix.fr\/lavoie\/wp-json\/wp\/v2\/posts\/525\/revisions"}],"predecessor-version":[{"id":3069,"href":"https:\/\/lavoiedessansvoix.fr\/lavoie\/wp-json\/wp\/v2\/posts\/525\/revisions\/3069"}],"wp:featuredmedia":[{"embeddable":true,"href":"https:\/\/lavoiedessansvoix.fr\/lavoie\/wp-json\/wp\/v2\/media\/4107"}],"wp:attachment":[{"href":"https:\/\/lavoiedessansvoix.fr\/lavoie\/wp-json\/wp\/v2\/media?parent=525"}],"wp:term":[{"taxonomy":"category","embeddable":true,"href":"https:\/\/lavoiedessansvoix.fr\/lavoie\/wp-json\/wp\/v2\/categories?post=525"},{"taxonomy":"post_tag","embeddable":true,"href":"https:\/\/lavoiedessansvoix.fr\/lavoie\/wp-json\/wp\/v2\/tags?post=525"}],"curies":[{"name":"wp","href":"https:\/\/api.w.org\/{rel}","templated":true}]}}