{"id":524,"date":"2022-03-24T04:58:00","date_gmt":"2022-03-24T03:58:00","guid":{"rendered":"https:\/\/lavoiedessansvoix.fr\/lavoie\/2022\/03\/24\/archive-mais-ou-va-macron-liberez-sylvain-baron\/"},"modified":"2026-04-26T20:44:19","modified_gmt":"2026-04-26T18:44:19","slug":"archive-mais-ou-va-macron-liberez-sylvain-baron","status":"publish","type":"post","link":"https:\/\/lavoiedessansvoix.fr\/lavoie\/2022\/03\/24\/archive-mais-ou-va-macron-liberez-sylvain-baron\/","title":{"rendered":"MAIS OU VA MACRON ? Lib\u00e9rez Sylvain Baron !"},"content":{"rendered":"<p>MAIS OU VA MACRON ?Lib\u00e9rez Sylvain Baron !Sylvain Baron, \u00ab gilet-jaune constituant \u00bb, a semble-t-il \u00e9t\u00e9 appr\u00e9hend\u00e9 avant-hier matin \u00e0 son domicile par les services de la DGSI (Direction sp\u00e9ciale de la s\u00e9curit\u00e9 int\u00e9rieure), service du renseignement fran\u00e7ais.Les motifs invoqu\u00e9s pour son arrestation serait \u00ab association de malfaiteurs en lien avec une entreprise terroristes \u00bb et ses liens avec la Russie.Bien que je ne partage pas les vues de Sylvain Baron \u00ab d\u2019insurrection pacifique \u00bb que je caract\u00e9rise comme de \u00ab la l\u00e9vitation intellectuelle \u00bb, je me dois de protester \u00e9nergiquement, et tous les fran\u00e7ais attach\u00e9s \u00e0 la libert\u00e9 avec moi, contre cette arrestation arbitraire qui pr\u00e9sage fort mal de la suite.D\u00e9s le d\u00e9but de l\u2019intervention russe en Ukraine nous avons mis en garde nos amis contre les hurlements des loups guerriers, qui jettent de l\u2019huile sur le feu, et qui foin de chercher l\u2019apaisement et le retour \u00e0 la paix, pr\u00e9cipiteraient toute l\u2019Europe, voire le monde entier, dans un troisi\u00e8me conflit mondial. Qui au pr\u00e9texte de d\u00e9fendre le peuple Ukrainien pr\u00e9cipiteraient dans l\u2019apocalypse, tous les peuples de la plan\u00e8te. Qui au motif de d\u00e9fendre par les armes la paix en Ukraine crucifieraient la paix mondiale.Hier, s\u2019adressant aux d\u00e9put\u00e9s fran\u00e7ais, le Pr\u00e9sident Zelensky appelait les entreprises fran\u00e7aises \u00e0 se retirer du march\u00e9 Russe. Non ! Il ne faut pas entrer dans cette logique d\u2019affrontement global. L\u2019arrestation de notre ami Sylvain Baron au pr\u00e9texte de liens qu\u2019il entretiendrait avec la Russie rel\u00e8ve de la m\u00eame folie. Sauf \u00e0 dire tout de suite que nous sommes en guerre ouverte avec la Russie, et qu\u2019avoir des amis dans ce pays est interdit au risque d\u2019\u00eatre soup\u00e7onn\u00e9 d\u2019intelligence avec une puissance \u00e9trang\u00e8re. Or faire cela c\u2019est clairement prendre le chemin de l\u2019hyst\u00e9risation des foules en vue d\u2019une escalade militaire.Nous ne sommes pas en guerre avec la Russie, et quand bien m\u00eame par la folie de nos dirigeants y serions-nous demain, il est, et il restera de notre devoir de d\u00e9fendre la paix, l\u2019amiti\u00e9 entre les peuples et foin de rompre les contacts, de les multiplier au contraire.L\u2019arrestation et la garde \u00e0 vue* de Sylvain Baron, m\u00eame si l \u00e9v\u00e8nement peut paraitre \u00e0 certains tr\u00e8s marginal, est en fait tr\u00e8s symptomatique de la poursuite de la d\u00e9rive totalitaire du pouvoir Macronien que nous d\u00e9non\u00e7ons depuis plusieurs mois et qui op\u00e8re l\u00e0, sous couvert de guerre, un pas tr\u00e8s significatif.Comme tout un chacun, Sylvain Baron n&rsquo;a pas que des amis. Certains, par inimiti\u00e9s, pourraient \u00eatre tent\u00e9s de croire que cette affaire ne les concerne pas. Nous leur rappellerons donc cette saillie, d\u00e9j\u00e0 tant connue : \u00ab Quand les nazis sont venus chercher les communistes, je n\u2019ai rien dit, je n\u2019\u00e9tais pas communiste. Quand ils ont enferm\u00e9 les sociaux-d\u00e9mocrates, je n\u2019ai rien dit, je n\u2019\u00e9tais pas social-d\u00e9mocrate. Quand ils sont venus chercher les syndicalistes, je n\u2019ai rien dit, je n\u2019\u00e9tais pas syndicaliste. Quand ils sont venus me chercher, il ne restait plus personne pour protester \u00bb (Pasteur Martin Niem\u00f6ller.)Aussi exigeons-nous la lib\u00e9ration imm\u00e9diate de Sylvain Baron avec les excuses du chef de l\u2019\u00c9tat, Patrick Seignon. \u00ab lavoiedessansvoix.fr ? Jeudi 24 mars 2022.* La garde \u00e0 vue pour les affaires en lien avec le terrorisme invoqu\u00e9 ici est de 6 jours<\/p>\n","protected":false},"excerpt":{"rendered":"<p>MAIS OU VA MACRON ?Lib\u00e9rez Sylvain Baron !Sylvain Baron, \u00ab gilet-jaune constituant \u00bb, a semble-t-il \u00e9t\u00e9 appr\u00e9hend\u00e9 avant-hier matin \u00e0 [&hellip;]<\/p>\n","protected":false},"author":1,"featured_media":4106,"comment_status":"open","ping_status":"open","sticky":false,"template":"","format":"standard","meta":{"sfsi_plus_gutenberg_text_before_share":"","sfsi_plus_gutenberg_show_text_before_share":"","sfsi_plus_gutenberg_icon_type":"","sfsi_plus_gutenberg_icon_alignemt":"","sfsi_plus_gutenburg_max_per_row":"","site-sidebar-layout":"default","site-content-layout":"","ast-site-content-layout":"default","site-content-style":"default","site-sidebar-style":"default","ast-global-header-display":"","ast-banner-title-visibility":"","ast-main-header-display":"","ast-hfb-above-header-display":"","ast-hfb-below-header-display":"","ast-hfb-mobile-header-display":"","site-post-title":"","ast-breadcrumbs-content":"","ast-featured-img":"","footer-sml-layout":"","ast-disable-related-posts":"","theme-transparent-header-meta":"","adv-header-id-meta":"","stick-header-meta":"","header-above-stick-meta":"","header-main-stick-meta":"","header-below-stick-meta":"","astra-migrate-meta-layouts":"default","ast-page-background-enabled":"default","ast-page-background-meta":{"desktop":{"background-color":"var(--ast-global-color-4)","background-image":"","background-repeat":"repeat","background-position":"center center","background-size":"auto","background-attachment":"scroll","background-type":"","background-media":"","overlay-type":"","overlay-color":"","overlay-opacity":"","overlay-gradient":""},"tablet":{"background-color":"","background-image":"","background-repeat":"repeat","background-position":"center center","background-size":"auto","background-attachment":"scroll","background-type":"","background-media":"","overlay-type":"","overlay-color":"","overlay-opacity":"","overlay-gradient":""},"mobile":{"background-color":"","background-image":"","background-repeat":"repeat","background-position":"center center","background-size":"auto","background-attachment":"scroll","background-type":"","background-media":"","overlay-type":"","overlay-color":"","overlay-opacity":"","overlay-gradient":""}},"ast-content-background-meta":{"desktop":{"background-color":"var(--ast-global-color-5)","background-image":"","background-repeat":"repeat","background-position":"center center","background-size":"auto","background-attachment":"scroll","background-type":"","background-media":"","overlay-type":"","overlay-color":"","overlay-opacity":"","overlay-gradient":""},"tablet":{"background-color":"var(--ast-global-color-5)","background-image":"","background-repeat":"repeat","background-position":"center center","background-size":"auto","background-attachment":"scroll","background-type":"","background-media":"","overlay-type":"","overlay-color":"","overlay-opacity":"","overlay-gradient":""},"mobile":{"background-color":"var(--ast-global-color-5)","background-image":"","background-repeat":"repeat","background-position":"center center","background-size":"auto","background-attachment":"scroll","background-type":"","background-media":"","overlay-type":"","overlay-color":"","overlay-opacity":"","overlay-gradient":""}},"footnotes":""},"categories":[16],"tags":[],"class_list":["post-524","post","type-post","status-publish","format-standard","has-post-thumbnail","hentry","category-archives-cms"],"_links":{"self":[{"href":"https:\/\/lavoiedessansvoix.fr\/lavoie\/wp-json\/wp\/v2\/posts\/524","targetHints":{"allow":["GET"]}}],"collection":[{"href":"https:\/\/lavoiedessansvoix.fr\/lavoie\/wp-json\/wp\/v2\/posts"}],"about":[{"href":"https:\/\/lavoiedessansvoix.fr\/lavoie\/wp-json\/wp\/v2\/types\/post"}],"author":[{"embeddable":true,"href":"https:\/\/lavoiedessansvoix.fr\/lavoie\/wp-json\/wp\/v2\/users\/1"}],"replies":[{"embeddable":true,"href":"https:\/\/lavoiedessansvoix.fr\/lavoie\/wp-json\/wp\/v2\/comments?post=524"}],"version-history":[{"count":1,"href":"https:\/\/lavoiedessansvoix.fr\/lavoie\/wp-json\/wp\/v2\/posts\/524\/revisions"}],"predecessor-version":[{"id":3067,"href":"https:\/\/lavoiedessansvoix.fr\/lavoie\/wp-json\/wp\/v2\/posts\/524\/revisions\/3067"}],"wp:featuredmedia":[{"embeddable":true,"href":"https:\/\/lavoiedessansvoix.fr\/lavoie\/wp-json\/wp\/v2\/media\/4106"}],"wp:attachment":[{"href":"https:\/\/lavoiedessansvoix.fr\/lavoie\/wp-json\/wp\/v2\/media?parent=524"}],"wp:term":[{"taxonomy":"category","embeddable":true,"href":"https:\/\/lavoiedessansvoix.fr\/lavoie\/wp-json\/wp\/v2\/categories?post=524"},{"taxonomy":"post_tag","embeddable":true,"href":"https:\/\/lavoiedessansvoix.fr\/lavoie\/wp-json\/wp\/v2\/tags?post=524"}],"curies":[{"name":"wp","href":"https:\/\/api.w.org\/{rel}","templated":true}]}}