{"id":523,"date":"2022-03-25T09:20:00","date_gmt":"2022-03-25T08:20:00","guid":{"rendered":"https:\/\/lavoiedessansvoix.fr\/lavoie\/2022\/03\/25\/archive-la-drole-de-question\/"},"modified":"2026-04-26T20:44:11","modified_gmt":"2026-04-26T18:44:11","slug":"archive-la-drole-de-question","status":"publish","type":"post","link":"https:\/\/lavoiedessansvoix.fr\/lavoie\/2022\/03\/25\/archive-la-drole-de-question\/","title":{"rendered":"LA DR\u00d4LE DE QUESTION"},"content":{"rendered":"<p>LA DR\u00d4LE DE QUESTIONL\u2019Histoire a connu ce qu\u2019elle a appel\u00e9 \u00ab La dr\u00f4le de guerre \u00bb (3 septembre 1939\/10 mai 1940). Voil\u00e0 que le journal \u00ab Le Monde \u00bb pose au pr\u00e9sent \u00ab une dr\u00f4le de question \u00bb :\u00ab En r\u00e9alit\u00e9, les Europ\u00e9ens et leur alli\u00e9 am\u00e9ricain font face \u00e0 un dilemme chaque jour plus difficile \u00e0 surmonter : tout faire pour \u00e9viter l\u2019extension du conflit entre la Russie et l\u2019Ukraine, sans entrer en guerre. \u00bb\u00ab Tout faire pour \u00e9viter l\u2019extension du conflit entre la Russie et l\u2019Ukraine, sans entrer en guerre \u00bb ???Est-ce \u00e0 dire qu\u2019il y aurait moyen \u00ab d\u2019\u00e9viter l\u2019extension du conflit en entrant en guerre ?Est-ce \u00e0 dire que pour \u00e9viter l\u2019extension du conflit il faut l\u2019\u00e9tendre ?Serait-ce \u00e0 dire que pour \u00e9viter l\u2019extension du conflit Ukraine Russie il faut mettre le feu \u00e0 la plan\u00e8te ?Et dire qu\u2019il y a parmi \u00ab les vat-en guerre \u00bb des \u00e9cologistes qui nous inciteraient presque \u00e0 r\u00e9duire le rythme de notre respiration afin de limiter nos \u00e9missions de CO2, au motif de pr\u00e9server notre \u00ab belle bleue \u00bb et qui ne rechigneraient pourtant pas \u00e0 la faire exploser ou griller aux radiations nucl\u00e9aires.Eh, Du calme les fous !Patrick Seignon. \u00ab lavoiedessansvoix.fr \u00bb. Vendredi 25\/3\/2022.<\/p>\n","protected":false},"excerpt":{"rendered":"<p>LA DR\u00d4LE DE QUESTIONL\u2019Histoire a connu ce qu\u2019elle a appel\u00e9 \u00ab La dr\u00f4le de guerre \u00bb (3 septembre 1939\/10 mai [&hellip;]<\/p>\n","protected":false},"author":1,"featured_media":4105,"comment_status":"open","ping_status":"open","sticky":false,"template":"","format":"standard","meta":{"sfsi_plus_gutenberg_text_before_share":"","sfsi_plus_gutenberg_show_text_before_share":"","sfsi_plus_gutenberg_icon_type":"","sfsi_plus_gutenberg_icon_alignemt":"","sfsi_plus_gutenburg_max_per_row":"","site-sidebar-layout":"default","site-content-layout":"","ast-site-content-layout":"default","site-content-style":"default","site-sidebar-style":"default","ast-global-header-display":"","ast-banner-title-visibility":"","ast-main-header-display":"","ast-hfb-above-header-display":"","ast-hfb-below-header-display":"","ast-hfb-mobile-header-display":"","site-post-title":"","ast-breadcrumbs-content":"","ast-featured-img":"","footer-sml-layout":"","ast-disable-related-posts":"","theme-transparent-header-meta":"","adv-header-id-meta":"","stick-header-meta":"","header-above-stick-meta":"","header-main-stick-meta":"","header-below-stick-meta":"","astra-migrate-meta-layouts":"default","ast-page-background-enabled":"default","ast-page-background-meta":{"desktop":{"background-color":"var(--ast-global-color-4)","background-image":"","background-repeat":"repeat","background-position":"center center","background-size":"auto","background-attachment":"scroll","background-type":"","background-media":"","overlay-type":"","overlay-color":"","overlay-opacity":"","overlay-gradient":""},"tablet":{"background-color":"","background-image":"","background-repeat":"repeat","background-position":"center center","background-size":"auto","background-attachment":"scroll","background-type":"","background-media":"","overlay-type":"","overlay-color":"","overlay-opacity":"","overlay-gradient":""},"mobile":{"background-color":"","background-image":"","background-repeat":"repeat","background-position":"center center","background-size":"auto","background-attachment":"scroll","background-type":"","background-media":"","overlay-type":"","overlay-color":"","overlay-opacity":"","overlay-gradient":""}},"ast-content-background-meta":{"desktop":{"background-color":"var(--ast-global-color-5)","background-image":"","background-repeat":"repeat","background-position":"center center","background-size":"auto","background-attachment":"scroll","background-type":"","background-media":"","overlay-type":"","overlay-color":"","overlay-opacity":"","overlay-gradient":""},"tablet":{"background-color":"var(--ast-global-color-5)","background-image":"","background-repeat":"repeat","background-position":"center center","background-size":"auto","background-attachment":"scroll","background-type":"","background-media":"","overlay-type":"","overlay-color":"","overlay-opacity":"","overlay-gradient":""},"mobile":{"background-color":"var(--ast-global-color-5)","background-image":"","background-repeat":"repeat","background-position":"center center","background-size":"auto","background-attachment":"scroll","background-type":"","background-media":"","overlay-type":"","overlay-color":"","overlay-opacity":"","overlay-gradient":""}},"footnotes":""},"categories":[16],"tags":[],"class_list":["post-523","post","type-post","status-publish","format-standard","has-post-thumbnail","hentry","category-archives-cms"],"_links":{"self":[{"href":"https:\/\/lavoiedessansvoix.fr\/lavoie\/wp-json\/wp\/v2\/posts\/523","targetHints":{"allow":["GET"]}}],"collection":[{"href":"https:\/\/lavoiedessansvoix.fr\/lavoie\/wp-json\/wp\/v2\/posts"}],"about":[{"href":"https:\/\/lavoiedessansvoix.fr\/lavoie\/wp-json\/wp\/v2\/types\/post"}],"author":[{"embeddable":true,"href":"https:\/\/lavoiedessansvoix.fr\/lavoie\/wp-json\/wp\/v2\/users\/1"}],"replies":[{"embeddable":true,"href":"https:\/\/lavoiedessansvoix.fr\/lavoie\/wp-json\/wp\/v2\/comments?post=523"}],"version-history":[{"count":1,"href":"https:\/\/lavoiedessansvoix.fr\/lavoie\/wp-json\/wp\/v2\/posts\/523\/revisions"}],"predecessor-version":[{"id":3065,"href":"https:\/\/lavoiedessansvoix.fr\/lavoie\/wp-json\/wp\/v2\/posts\/523\/revisions\/3065"}],"wp:featuredmedia":[{"embeddable":true,"href":"https:\/\/lavoiedessansvoix.fr\/lavoie\/wp-json\/wp\/v2\/media\/4105"}],"wp:attachment":[{"href":"https:\/\/lavoiedessansvoix.fr\/lavoie\/wp-json\/wp\/v2\/media?parent=523"}],"wp:term":[{"taxonomy":"category","embeddable":true,"href":"https:\/\/lavoiedessansvoix.fr\/lavoie\/wp-json\/wp\/v2\/categories?post=523"},{"taxonomy":"post_tag","embeddable":true,"href":"https:\/\/lavoiedessansvoix.fr\/lavoie\/wp-json\/wp\/v2\/tags?post=523"}],"curies":[{"name":"wp","href":"https:\/\/api.w.org\/{rel}","templated":true}]}}