{"id":522,"date":"2022-03-26T05:05:00","date_gmt":"2022-03-26T04:05:00","guid":{"rendered":"https:\/\/lavoiedessansvoix.fr\/lavoie\/2022\/03\/26\/archive-jean-luc-melenchon-entre-guerre-et-paix\/"},"modified":"2026-04-26T20:44:02","modified_gmt":"2026-04-26T18:44:02","slug":"archive-jean-luc-melenchon-entre-guerre-et-paix","status":"publish","type":"post","link":"https:\/\/lavoiedessansvoix.fr\/lavoie\/2022\/03\/26\/archive-jean-luc-melenchon-entre-guerre-et-paix\/","title":{"rendered":"JEAN-LUC M\u00c9LENCHON, ENTRE GUERRE ET PAIX"},"content":{"rendered":"<p>JEAN-LUC M\u00c9LENCHON, ENTRE GUERRE ET PAIX(Modifi\u00e9 le 26\/3\/2022 \u00e0 11 h 03.)Je vois ce matin un Tweet de Jean-Luc M\u00e9lenchon post\u00e9 hier soir : \u00ab Les Russes ont viol\u00e9 la fronti\u00e8re. Ils portent l\u2019enti\u00e8re responsabilit\u00e9 de la guerre en Ukraine. \u00bb Cette analyse en raccourci et \u00e0 l\u2019emporte-pi\u00e8ce, \u00e0 quinze jours du premier tour des pr\u00e9sidentielles, pr\u00e9sagent mal, pour le cas ou il serait \u00e9lu, de ce que serait, sous la direction de cet homme, la politique \u00e9trang\u00e8re de la France \u00e0 l&rsquo;\u00e9gard des int\u00e9r\u00eats r\u00e9els des peuples.Cette mani\u00e8re lapidaire de finir la question a pour d\u00e9faut en effet d\u2019occulter totalement les responsabilit\u00e9s de l\u2019OTAN des USA et de l\u2019UE et de leurs men\u00e9es et manigances agressives \u00e0 l\u2019\u00e9gard de la Russie.Comment se pourrait-il que la Russie doive attendre de se faire \u00ab Manger \u00bb pour comprendre qu\u2019il est temps de r\u00e9agir.Alexandre Soljenitsyne, dans l\u2019un de ses bouquins, je ne me souviens plus lequel, raconte que jusqu\u2019au dernier moment, alors que tout autour de lui hurlait \u00e0 la guerre, Staline seul ne voulait pas croire que Hitler attaquerait.Qui peut avoir l\u2019ind\u00e9cence de croire que la Russie qui a v\u00e9cu cette exp\u00e9rience historique catastrophique, puisse n\u2019en avoir pas tirer quelques le\u00e7ons et attendre patiemment que l\u2019imp\u00e9rialisme occidental l\u2019est encercl\u00e9e et pouss\u00e9s les l\u00e9gions et les armements de \u00ab Barbarrossa II \u00bb jusqu\u2019\u00e0 ses fronti\u00e8res ?L\u2019offensive Russe en Ukraine d\u00e9coule des tensions entre l\u2019Occident Otanis\u00e9 et la Russie. L\u2019Occident Otanis\u00e9 doit cesser ses men\u00e9es agressives contre la Russie. La Russie doit rentrer dans ses fronti\u00e8res. Cela peut se n\u00e9gocier. Mais pr\u00e9tendre que la Russie porte l\u2019enti\u00e8re responsabilit\u00e9 du conflit, ce n\u2019est pas se disposer \u00e0 la n\u00e9gociation mais \u00e0 la guerre. Il est surprenant que Jean-Luc M\u00e9lenchon, pourtant partisan je crois, \u00e0 ce qu\u2019il dit tout au moins, de la sortie de la France de l\u2019OTAN et m\u00eame de la disparition de cette alliance obsol\u00e8te, se permette une telle sentence.Dire que \u00ab la Russie porte l\u2019enti\u00e8re responsabilit\u00e9 de la guerre actuelle en Ukraine \u00bb, s\u2019est absoudre son propre imp\u00e9rialisme. Serait-ce aussi vouloir montrer avant le premier tour du scrutin pr\u00e9sidentiel que l\u2019on est apte soi-m\u00eame \u00e0 devenir l\u2019un des chefs de cet imp\u00e9rialisme ?Dans un texte dat\u00e9 du 22 avril 1939, L\u00e9on Trotski* qui d\u00e9fendait alors l\u2019option d\u2019une Ukraine socialiste-Sovi\u00e9tique ind\u00e9pendante, \u00e9crivait : \u00ab Ils ne valent naturellement pas mieux les uns que les autres, tous ces \u00ab nationalistes \u00bb qui proposent de r\u00e9soudre la question Ukrainienne en utilisant un imp\u00e9rialisme contre l\u2019autre \u00bb Certes le contexte international a bien chang\u00e9 depuis. Mais d\u00e9chir\u00e9 entre Occident et Russie, la probl\u00e9matique de l\u2019ind\u00e9pendance de l\u2019Ukraine reste fondamentalement la m\u00eame. L\u2019ind\u00e9pendance Ukrainienne ne peut se fonder que dans le refus de toutes les manigances de tous les imp\u00e9rialismes, celui de l\u2019UE compris. C\u2019est-\u00e0-dire dans l\u2019adoption d\u2019un statut de neutralit\u00e9 qui garantisse la s\u00e9curit\u00e9 de la Russie.Patrick seignon. \u00ab lavoiedessansvoix.fr \u00bb. Samedi 26 mars 2022.*(Un des leader de la R\u00e9volution russe, fondateur de l\u2019Arm\u00e9e rouge, assassin\u00e9 sur ordre de Staline)<\/p>\n","protected":false},"excerpt":{"rendered":"<p>JEAN-LUC M\u00c9LENCHON, ENTRE GUERRE ET PAIX(Modifi\u00e9 le 26\/3\/2022 \u00e0 11 h 03.)Je vois ce matin un Tweet de Jean-Luc M\u00e9lenchon [&hellip;]<\/p>\n","protected":false},"author":1,"featured_media":4104,"comment_status":"open","ping_status":"open","sticky":false,"template":"","format":"standard","meta":{"sfsi_plus_gutenberg_text_before_share":"","sfsi_plus_gutenberg_show_text_before_share":"","sfsi_plus_gutenberg_icon_type":"","sfsi_plus_gutenberg_icon_alignemt":"","sfsi_plus_gutenburg_max_per_row":"","site-sidebar-layout":"default","site-content-layout":"","ast-site-content-layout":"default","site-content-style":"default","site-sidebar-style":"default","ast-global-header-display":"","ast-banner-title-visibility":"","ast-main-header-display":"","ast-hfb-above-header-display":"","ast-hfb-below-header-display":"","ast-hfb-mobile-header-display":"","site-post-title":"","ast-breadcrumbs-content":"","ast-featured-img":"","footer-sml-layout":"","ast-disable-related-posts":"","theme-transparent-header-meta":"","adv-header-id-meta":"","stick-header-meta":"","header-above-stick-meta":"","header-main-stick-meta":"","header-below-stick-meta":"","astra-migrate-meta-layouts":"default","ast-page-background-enabled":"default","ast-page-background-meta":{"desktop":{"background-color":"var(--ast-global-color-4)","background-image":"","background-repeat":"repeat","background-position":"center center","background-size":"auto","background-attachment":"scroll","background-type":"","background-media":"","overlay-type":"","overlay-color":"","overlay-opacity":"","overlay-gradient":""},"tablet":{"background-color":"","background-image":"","background-repeat":"repeat","background-position":"center center","background-size":"auto","background-attachment":"scroll","background-type":"","background-media":"","overlay-type":"","overlay-color":"","overlay-opacity":"","overlay-gradient":""},"mobile":{"background-color":"","background-image":"","background-repeat":"repeat","background-position":"center center","background-size":"auto","background-attachment":"scroll","background-type":"","background-media":"","overlay-type":"","overlay-color":"","overlay-opacity":"","overlay-gradient":""}},"ast-content-background-meta":{"desktop":{"background-color":"var(--ast-global-color-5)","background-image":"","background-repeat":"repeat","background-position":"center center","background-size":"auto","background-attachment":"scroll","background-type":"","background-media":"","overlay-type":"","overlay-color":"","overlay-opacity":"","overlay-gradient":""},"tablet":{"background-color":"var(--ast-global-color-5)","background-image":"","background-repeat":"repeat","background-position":"center center","background-size":"auto","background-attachment":"scroll","background-type":"","background-media":"","overlay-type":"","overlay-color":"","overlay-opacity":"","overlay-gradient":""},"mobile":{"background-color":"var(--ast-global-color-5)","background-image":"","background-repeat":"repeat","background-position":"center center","background-size":"auto","background-attachment":"scroll","background-type":"","background-media":"","overlay-type":"","overlay-color":"","overlay-opacity":"","overlay-gradient":""}},"footnotes":""},"categories":[16],"tags":[],"class_list":["post-522","post","type-post","status-publish","format-standard","has-post-thumbnail","hentry","category-archives-cms"],"_links":{"self":[{"href":"https:\/\/lavoiedessansvoix.fr\/lavoie\/wp-json\/wp\/v2\/posts\/522","targetHints":{"allow":["GET"]}}],"collection":[{"href":"https:\/\/lavoiedessansvoix.fr\/lavoie\/wp-json\/wp\/v2\/posts"}],"about":[{"href":"https:\/\/lavoiedessansvoix.fr\/lavoie\/wp-json\/wp\/v2\/types\/post"}],"author":[{"embeddable":true,"href":"https:\/\/lavoiedessansvoix.fr\/lavoie\/wp-json\/wp\/v2\/users\/1"}],"replies":[{"embeddable":true,"href":"https:\/\/lavoiedessansvoix.fr\/lavoie\/wp-json\/wp\/v2\/comments?post=522"}],"version-history":[{"count":1,"href":"https:\/\/lavoiedessansvoix.fr\/lavoie\/wp-json\/wp\/v2\/posts\/522\/revisions"}],"predecessor-version":[{"id":3063,"href":"https:\/\/lavoiedessansvoix.fr\/lavoie\/wp-json\/wp\/v2\/posts\/522\/revisions\/3063"}],"wp:featuredmedia":[{"embeddable":true,"href":"https:\/\/lavoiedessansvoix.fr\/lavoie\/wp-json\/wp\/v2\/media\/4104"}],"wp:attachment":[{"href":"https:\/\/lavoiedessansvoix.fr\/lavoie\/wp-json\/wp\/v2\/media?parent=522"}],"wp:term":[{"taxonomy":"category","embeddable":true,"href":"https:\/\/lavoiedessansvoix.fr\/lavoie\/wp-json\/wp\/v2\/categories?post=522"},{"taxonomy":"post_tag","embeddable":true,"href":"https:\/\/lavoiedessansvoix.fr\/lavoie\/wp-json\/wp\/v2\/tags?post=522"}],"curies":[{"name":"wp","href":"https:\/\/api.w.org\/{rel}","templated":true}]}}