{"id":521,"date":"2022-03-26T17:30:00","date_gmt":"2022-03-26T16:30:00","guid":{"rendered":"https:\/\/lavoiedessansvoix.fr\/lavoie\/2022\/03\/26\/archive-sous-le-drapeau-de-la-liberte-lettre-aux-gilets-jaunes-deters\/"},"modified":"2026-04-26T20:43:54","modified_gmt":"2026-04-26T18:43:54","slug":"archive-sous-le-drapeau-de-la-liberte-lettre-aux-gilets-jaunes-deters","status":"publish","type":"post","link":"https:\/\/lavoiedessansvoix.fr\/lavoie\/2022\/03\/26\/archive-sous-le-drapeau-de-la-liberte-lettre-aux-gilets-jaunes-deters\/","title":{"rendered":"SOUS LE DRAPEAU DE LA LIBERT\u00c9 LETTRE AUX GILETS-JAUNES-DETERS \u00bb"},"content":{"rendered":"<p>SOUS LE DRAPEAU DE LA LIBERT\u00c9.LETTRE AUX GILETS-JAUNES \u00ab\u00a0DETERS.\u00a0\u00bbBien que je l\u2019ai nomm\u00e9 ainsi, cette lettre en v\u00e9rit\u00e9 s\u2019adresse \u00e0 tous les Gilets-jaunes \u00ab d\u00e9ters \u00bb ou non, \u00e0 tous les citoyens libres, \u00e0 tous les r\u00e9sistants au r\u00e9gime actuel.Voil\u00e0 que les prix des carburants \u00e0 la pompe ont d\u00e9pass\u00e9s et de loin les niveaux atteints en 2018 qui avaient allum\u00e9 le mouvement des gilets-Jaunes. Or, en 2022, rien ou presque ne se passe.Alors certains s\u2019indignent, s\u2019\u00e9nervent, prennent \u00e0 parti tant\u00f4t les syndicats \u00ab vendus \u00bb, tant\u00f4t les fran\u00e7ais \u00ab trop cons \u00bb, tant\u00f4t les manifestations des samedis \u00ab trop molasses \u00bb, tant\u00f4t moi-m\u00eame et d\u2019autres qu\u2019ils appellent \u00ab les moutons \u00bb. (Des injures dont ils nous gratifient c\u2019est sans doute la plus d\u00e9licate). Ceux-l\u00e0 voudraient transformer en manifestations contre la casse-sociale les manifestations pour la v\u00e9rit\u00e9 sanitaire et la d\u00e9fense des libert\u00e9s. Transformer des manifestations populaires pacifiques en libre d\u00e9bordement de la col\u00e8re. Ils se sont autoproclam\u00e9s \u00ab les d\u00e9ters \u00bb, c\u2019est-\u00e0-dire les d\u00e9termin\u00e9s.Cons\u00e9quence de la politique de discr\u00e9dit et d\u2019usure que Macron a appliqu\u00e9 aux \u00ab Gilets-Jaunes, ceux-l\u00e0 ne sont pas tr\u00e8s nombreux. Croient-ils vraiment que des d\u00e9pr\u00e9dations et des actions coup de poings sont de nature \u00e0 \u00e9veiller les consciences ? A leur gagner un soutien large ? N\u2019est-ce pas en s\u2019appesantissant sur les violences, r\u00e9elles ou suppos\u00e9es, des gilets-jaunes que dans un pass\u00e9 r\u00e9cent, le pouvoir est au contraire parvenu \u00e0 les discr\u00e9diter et \u00e0 les isoler ?Alors, \u00e0 d\u00e9faut d\u2019\u00eatre, certains voudraient tout de m\u00eame se bercer d\u2019illusion. S\u2019illusionner soi-m\u00eame, sur la possibilit\u00e9 imm\u00e9diate d\u2019une v\u00e9ritable r\u00e9action sociale en \u00ab embauchant \u00bb au service de leur fantasme les manifestations de la libert\u00e9. Mais quand bien m\u00eame y parviendraient-ils, ce ne serait tout de m\u00eame qu\u2019un simulacre.La v\u00e9ritable solution du probl\u00e8me, de cette mobilisation populaire si n\u00e9cessaire et qui se fait tant languir, n\u2019est pas dans le \u00ab truchement \u00bb volontariste et artificiel d\u2019une manifestation par une autre ? Ce n\u2019est pas en s\u2019affichant \u00e0 dix devant avec une banderole contre \u00ab la casse sociale \u00bb que l\u2019on transforme une manifestation contre le passe-vaccinal en manifestation contre la hausse des carburants ou pour la hausse des salaires ? Tout aussi l\u00e9gitimes soient ces derni\u00e8res revendications. Non, amis, ce ne sont pas les manifestations pacifiques des samedis apr\u00e8s-midi qui font ombrage \u00e0 la mobilisation sur les revendications sociales, ou \u00ab s\u2019\u00e9loigneraient de l\u2019esprit des gilets-jaunes \u00bb. C\u2019est que le CONTEXTE. Le fond des choses est enti\u00e8rement diff\u00e9rent, et d\u00e9favorable au surgissement d\u2019une telle mobilisation Rien ne sert de pester, d\u2019insulter \u00ab des soufres douleurs \u00bb de circonstances, de se pr\u00e9cipiter de son plein gr\u00e8s au fond de l\u2019impasse, de se cogner la t\u00eate contre les murs. Mieux vaut r\u00e9fl\u00e9chir avant d\u2019agir et adapter son mode d\u2019action aux contingences environnementales. Bien entendu pour cela, encore faut-il les avoirs bien comprises. Comme j\u2019\u00e9tais affair\u00e9 \u00e0 \u00e9crire ce qui pr\u00e9c\u00e8de, je d\u00e9couvrais par hasard \u00ab que ceux de mes amis qui m\u2019insultent \u00bb les \u00ab d\u00e9ters \u00bb comme ils disent, appelaient \u00e0 une manifestation sur les revendications sociales samedi 26 matin \u00e0 10 heures 30, place de Verdun \u00e0 Tours. Tr\u00e8s bien, me suis-je dit imm\u00e9diatement, c\u2019est ce qu\u2019il faut qu\u2019ils fassent. C\u2019est ce qu\u2019il faut qu\u2019ils tentent plut\u00f4t que de jouer aux morpions dans une autre manifestation. Et moi bien s\u00fbr je leur ai imm\u00e9diatement souhait\u00e9 le plus grand succ\u00e8s possible, dans cette entreprise. Je souhaitai ce succ\u00e8s aux initiateurs, mais plus encore au r\u00e9veil n\u00e9cessaire du peuple. Si vous r\u00e9ussissez tant mieux. Qu\u2019elle bonne nouvelle ce sera. J\u2019en serai ravi. Je vous f\u00e9liciterai et ne vous insulterai point et vous rejoindrai dans ce combat. Le succ\u00e8s toutefois n\u2019\u00e9tait pas assur\u00e9. C\u2019est ce que je craignais. Car moi, lorsque je subi des d\u00e9boires, j\u2019ai pris la saine habitude depuis longtemps, plut\u00f4t que me mettre en col\u00e8re contre autrui, de m\u2019interroger sur moi-m\u00eame et r\u00e9fl\u00e9chir aux causes objectives et profondes de mes \u00e9checs. Et, comme je r\u00e9fl\u00e9chissais ainsi \u00e0 cette derni\u00e8re initiative des \u00ab d\u00e9ters \u00bb je me disais que celle-ci s\u2019annon\u00e7ait mal. Ce Samedi matin ils ont en effet r\u00e9unies 20 personnes. Nul pourtant ne les a contrari\u00e9s. Ils ne peuvent accuser personne de leur \u00e9chec.Alors, peut-\u00eatre vont-ils enfin l\u00e2cher leurs nerfs et accepter de r\u00e9fl\u00e9chir.La recherche de l\u2019explication passe par la r\u00e9ponse \u00e0 ce questionnement : Pourquoi les ouvriers, les salari\u00e9s, les auto entrepreneurs et artisans, les paysans, les couches populaires ne parviennent-elles pas \u00e0 se mobiliser actuellement ? Qu\u2019elles en sont les raisons v\u00e9ritables et profondes ?.Pour ma part, je peux leur proposer deux pistes de r\u00e9flexion :La premi\u00e8re tient au contexte \u00e9lectoral. De tous temps les syndicats ont tenu \u00e0 assurer \u00ab la paix sociale \u00bb en p\u00e9riode \u00e9lectorale. Mais cette fois plus que tout autre, car ce qu\u2019ils redoutent le plus c\u2019est la victoire possible de Madame Le Pen, et \u00e0 cette raison ils pr\u00e9f\u00e8rent de facto soutenir Macron. Ce qui signifie ne pas permettre \u00ab d\u2019\u00e9pisode de troubles sociaux \u00bb qui \u00e0 proximit\u00e9 des \u00e9lections scellerait la d\u00e9faite de celui-ci. Aussi s\u2019ing\u00e9nient-ils \u00e0 parer toute vell\u00e9it\u00e9 de r\u00e9volte et de g\u00e9n\u00e9ralisation du mouvement social, en le divisant, le morcelant et l\u2019\u00e9parpillant.La seconde tient au contexte sanitaire. Ou pour dire plus vrai, aux cons\u00e9quences de l\u2019\u00e9pisode de \u00ab dictature sanitaire \u00bb que nous subissons et dont nous ne sommes pas encore sortis nonobstant quelques signaux trompeurs d\u00e9livr\u00e9s \u00e0 des fins \u00e9lectoralistes. En distillant la peur le pouvoir politique a habitu\u00e9 une large majorit\u00e9 de fran\u00e7ais \u00e0 l\u2019ob\u00e9issance passive aux injonctions les plus ubuesques et contradictoires, sans esprit critique. Les partis politiques dits de gauche ou d\u2019opposition, la totalit\u00e9 des organisation syndicales ont valid\u00e9, fait accepter, collabor\u00e9 m\u00eame activement \u00e0 l\u2019ex\u00e9cution de toute ces mesures apportant ainsi leur contribution \u00e0 la mise au pas du peuple. C\u2019est cet \u00e9tat d\u2019esprit d\u2019ob\u00e9issance passive qui verrouille les capacit\u00e9s de mobilisation populaires.Si bien que la prochaine vaste mobilisation, qui surgira, cela arrivera t\u00f4t ou tard, devra, pr\u00e9alablement ou simultan\u00e9ment faire sauter ce verrou.Revendiquer c\u2019est contester. On ne peut apprendre au peuple \u00e0 ob\u00e9ir et du m\u00eame mouvement s\u2019\u00e9tonner qu\u2019il ait perdu le r\u00e9flexe contestataire.Il est souhaitable en effet que la contestation monte d\u2019un cran, et m\u00eame \u00ab d\u2019un grand ou deux \u00bb. Il faut que les Fran\u00e7ais en grand nombre se l\u00e8vent et r\u00e9agissent, il faut que la col\u00e8re populaire enfle, il faut que la violence r\u00e9volutionnaire du peuple s\u2019exprime. J\u2019ai dit \u00ab LA VIOLENCE R\u00c9VOLUTIONNAIRE \u00bb, celle qui pour en inventer d\u2019autres, renverse les R\u00e9publiques, non pas celle d\u00e9sesp\u00e9r\u00e9e qui renverse des poubelles et des barri\u00e8res de chantier.Il ne s\u2019agit pas de se d\u00e9fouler, de passer sa col\u00e8re en cassant quelques mobiliers urbains ; Il s\u2019agit de gagner \u00e0 la cause (r\u00e9volutionnaire) le plus grand nombre possible de nos concitoyens, de se pr\u00e9parer, de s\u2019organiser, de s\u2019\u00e9quiper, pour subvertir un r\u00e9gime honni, qui, un pass\u00e9 r\u00e9cent l\u2019a montr\u00e9, n\u2019h\u00e9sitera pas \u00e0 recourir aux pires violences et pires exactions pour r\u00e9primer la r\u00e9volte.Pour parvenir \u00e0 ces fins, il faut certes que chaque classe, groupe social, cat\u00e9gorie professionnelle, formule et d\u00e9fendent ses revendications propres. Mais il faut surtout que tout se mouvement du peuple converge sous le signe de revendications unifiantes qui posent la question centrale du pouvoir.La question \u00ab des libert\u00e9s \u00bb est de cette nature. C\u2019est elle actuellement qui constitue le point de convergence de la totalit\u00e9 de la contestation sociale. C\u2019est elle qui promet la victoire.\u00catre d\u00e9termin\u00e9, ce n\u2019est donc pas s\u2019\u00e9nerver, c\u2019est savoir choisir le chemin de la victoire et s\u2019y tenir r\u00e9solument. \u00ab VOS \u00bb revendications, gilets-jaunes \u00ab d\u00e9ters \u00bb ? seront satisfaites, non si vous vous isolez mais au contraire, si, sous le drapeau de la libert\u00e9 vous contribuez \u00e0 faire enfler le fleuve de la contestation. Patrick Seignon. \u00ab lavoiedessansvoix.fr \u00bb. Mardi 22 mars 2022.PS: J&rsquo;ai diff\u00e9r\u00e9 la plublication de cet article de plusieurs jours pour attendre de connaitre le r\u00e9sultat de la monilisation sp\u00e9cifique \u00ab\u00a0G.J.\u00a0\u00bb de ce samedi Matin.<\/p>\n","protected":false},"excerpt":{"rendered":"<p>SOUS LE DRAPEAU DE LA LIBERT\u00c9.LETTRE AUX GILETS-JAUNES \u00ab\u00a0DETERS.\u00a0\u00bbBien que je l\u2019ai nomm\u00e9 ainsi, cette lettre en v\u00e9rit\u00e9 s\u2019adresse \u00e0 [&hellip;]<\/p>\n","protected":false},"author":1,"featured_media":4103,"comment_status":"open","ping_status":"open","sticky":false,"template":"","format":"standard","meta":{"sfsi_plus_gutenberg_text_before_share":"","sfsi_plus_gutenberg_show_text_before_share":"","sfsi_plus_gutenberg_icon_type":"","sfsi_plus_gutenberg_icon_alignemt":"","sfsi_plus_gutenburg_max_per_row":"","site-sidebar-layout":"default","site-content-layout":"","ast-site-content-layout":"default","site-content-style":"default","site-sidebar-style":"default","ast-global-header-display":"","ast-banner-title-visibility":"","ast-main-header-display":"","ast-hfb-above-header-display":"","ast-hfb-below-header-display":"","ast-hfb-mobile-header-display":"","site-post-title":"","ast-breadcrumbs-content":"","ast-featured-img":"","footer-sml-layout":"","ast-disable-related-posts":"","theme-transparent-header-meta":"","adv-header-id-meta":"","stick-header-meta":"","header-above-stick-meta":"","header-main-stick-meta":"","header-below-stick-meta":"","astra-migrate-meta-layouts":"default","ast-page-background-enabled":"default","ast-page-background-meta":{"desktop":{"background-color":"var(--ast-global-color-4)","background-image":"","background-repeat":"repeat","background-position":"center center","background-size":"auto","background-attachment":"scroll","background-type":"","background-media":"","overlay-type":"","overlay-color":"","overlay-opacity":"","overlay-gradient":""},"tablet":{"background-color":"","background-image":"","background-repeat":"repeat","background-position":"center center","background-size":"auto","background-attachment":"scroll","background-type":"","background-media":"","overlay-type":"","overlay-color":"","overlay-opacity":"","overlay-gradient":""},"mobile":{"background-color":"","background-image":"","background-repeat":"repeat","background-position":"center center","background-size":"auto","background-attachment":"scroll","background-type":"","background-media":"","overlay-type":"","overlay-color":"","overlay-opacity":"","overlay-gradient":""}},"ast-content-background-meta":{"desktop":{"background-color":"var(--ast-global-color-5)","background-image":"","background-repeat":"repeat","background-position":"center center","background-size":"auto","background-attachment":"scroll","background-type":"","background-media":"","overlay-type":"","overlay-color":"","overlay-opacity":"","overlay-gradient":""},"tablet":{"background-color":"var(--ast-global-color-5)","background-image":"","background-repeat":"repeat","background-position":"center center","background-size":"auto","background-attachment":"scroll","background-type":"","background-media":"","overlay-type":"","overlay-color":"","overlay-opacity":"","overlay-gradient":""},"mobile":{"background-color":"var(--ast-global-color-5)","background-image":"","background-repeat":"repeat","background-position":"center center","background-size":"auto","background-attachment":"scroll","background-type":"","background-media":"","overlay-type":"","overlay-color":"","overlay-opacity":"","overlay-gradient":""}},"footnotes":""},"categories":[16],"tags":[],"class_list":["post-521","post","type-post","status-publish","format-standard","has-post-thumbnail","hentry","category-archives-cms"],"_links":{"self":[{"href":"https:\/\/lavoiedessansvoix.fr\/lavoie\/wp-json\/wp\/v2\/posts\/521","targetHints":{"allow":["GET"]}}],"collection":[{"href":"https:\/\/lavoiedessansvoix.fr\/lavoie\/wp-json\/wp\/v2\/posts"}],"about":[{"href":"https:\/\/lavoiedessansvoix.fr\/lavoie\/wp-json\/wp\/v2\/types\/post"}],"author":[{"embeddable":true,"href":"https:\/\/lavoiedessansvoix.fr\/lavoie\/wp-json\/wp\/v2\/users\/1"}],"replies":[{"embeddable":true,"href":"https:\/\/lavoiedessansvoix.fr\/lavoie\/wp-json\/wp\/v2\/comments?post=521"}],"version-history":[{"count":1,"href":"https:\/\/lavoiedessansvoix.fr\/lavoie\/wp-json\/wp\/v2\/posts\/521\/revisions"}],"predecessor-version":[{"id":3061,"href":"https:\/\/lavoiedessansvoix.fr\/lavoie\/wp-json\/wp\/v2\/posts\/521\/revisions\/3061"}],"wp:featuredmedia":[{"embeddable":true,"href":"https:\/\/lavoiedessansvoix.fr\/lavoie\/wp-json\/wp\/v2\/media\/4103"}],"wp:attachment":[{"href":"https:\/\/lavoiedessansvoix.fr\/lavoie\/wp-json\/wp\/v2\/media?parent=521"}],"wp:term":[{"taxonomy":"category","embeddable":true,"href":"https:\/\/lavoiedessansvoix.fr\/lavoie\/wp-json\/wp\/v2\/categories?post=521"},{"taxonomy":"post_tag","embeddable":true,"href":"https:\/\/lavoiedessansvoix.fr\/lavoie\/wp-json\/wp\/v2\/tags?post=521"}],"curies":[{"name":"wp","href":"https:\/\/api.w.org\/{rel}","templated":true}]}}